{"id":38533,"date":"2026-03-19T08:08:29","date_gmt":"2026-03-19T07:08:29","guid":{"rendered":"https:\/\/veritasinfo.org\/?p=38533"},"modified":"2026-03-19T08:08:29","modified_gmt":"2026-03-19T07:08:29","slug":"heqja-e-masave-205-milione-euro-asistence-financiare-per-kosoven","status":"publish","type":"post","link":"https:\/\/veritasinfo.org\/?p=38533","title":{"rendered":"Heqja e masave, 205 milion\u00eb euro asistenc\u00eb financiare p\u00ebr Kosov\u00ebn"},"content":{"rendered":"<p>Prishtin\u00eb 19 Mars 2026 8:07<\/p>\n<p>Komisioni Evropian dit\u00eb m\u00eb par\u00eb ka konfirmuar se jan\u00eb hequr t\u00eb gjitha masat financiare ndaj Kosov\u00ebs. Nj\u00eb konfirmim i till\u00eb u b\u00eb t\u00eb mart\u00ebn gjat\u00eb debatit p\u00ebr raportin p\u00ebr Kosov\u00ebn q\u00eb u zhvillua n\u00eb Parlamentin Evropian.<\/p>\n<p>P\u00ebrfaq\u00ebsues i Komisionit Evropian, Jiri Plecity gjat\u00eb debatit n\u00eb PE theksoi se KE-ja ka liruar t\u00eb gjith\u00eb ndihm\u00ebn financiare q\u00eb m\u00eb par\u00eb ishte n\u00ebn masa.<\/p>\n<p>\u201cMund t\u00eb konfirmoj se Komisioni Evropian ka liruar t\u00eb gjith\u00eb ndihm\u00ebn financiare q\u00eb m\u00eb par\u00eb ishte n\u00ebn masa dhe gjithashtu po planifikojm\u00eb t\u00eb riangazhohemi plot\u00ebsisht me homolog\u00ebt tan\u00eb n\u00eb Kosov\u00eb n\u00eb m\u00ebnyr\u00eb q\u00eb ta rikthejm\u00eb Kosov\u00ebn n\u00eb rrug\u00ebn e duhur n\u00eb agjend\u00ebn e saj t\u00eb BE-s\u00eb\u201d, ishte shprehur Plecity.<\/p>\n<p>E n\u00eb nj\u00eb deklarat\u00eb p\u00ebr Telegrafin, nj\u00eb z\u00ebdh\u00ebn\u00ebs i KE-s\u00eb ka dh\u00ebn\u00eb detaje.<\/p>\n<p>\u201cN\u00eb dhjetor 2025, Presidentja von der Leyen njoftoi synimin p\u00ebr t\u00eb hequr t\u00eb gjitha masat e mbetura. Pas p\u00ebrfundimit t\u00eb procedurave t\u00eb brendshme, konfirmojm\u00eb se Komisioni tani mund t\u00eb vazhdoj\u00eb me lirimin e 205 milion\u00eb eurove t\u00eb mbetura t\u00eb asistenc\u00ebs financiare\u201d, tha ai.<\/p>\n<p>Tutje, b\u00ebhet e ditur se lirimi p\u00ebrfundimtar i radh\u00ebs i fondeve do t\u00eb p\u00ebrfshij\u00eb: 74 milion\u00eb euro p\u00ebr projekte n\u00eb kuad\u00ebr t\u00eb programeve vjetore IPA 2021 dhe 2022, si dhe 131 milion\u00eb euro p\u00ebr projekte n\u00eb kuad\u00ebr t\u00eb Korniz\u00ebs s\u00eb Investimeve p\u00ebr Ballkanin Per\u00ebndimor (WBIF).<\/p>\n<p>Ky zyrtar i tha Telegrafit se Komisioni dhe EEAS do t\u00eb forcojn\u00eb angazhimin e tyre me autoritetet e Kosov\u00ebs.<\/p>\n<p>\u201cKosova tani pritet gjithashtu t\u00eb intensifikoj\u00eb zbatimin e reformave t\u00eb nevojshme q\u00eb lidhen me BE-n\u00eb dhe t\u00eb avancoj\u00eb n\u00eb p\u00ebrmbushjen e obligimeve t\u00eb marra n\u00eb Dialogun e leht\u00ebsuar nga BE-ja. BE-ja do t\u00eb vazhdoj\u00eb ta ndjek\u00eb dhe vler\u00ebsoj\u00eb situat\u00ebn nga af\u00ebr\u201d, thuhet tutje.<\/p>\n","protected":false},"excerpt":{"rendered":"<p>Prishtin\u00eb 19 Mars 2026 8:07 Komisioni Evropian dit\u00eb m\u00eb par\u00eb ka konfirmuar se jan\u00eb hequr t\u00eb gjitha masat financiare ndaj Kosov\u00ebs. Nj\u00eb konfirmim i till\u00eb<\/p>\n","protected":false},"author":6,"featured_media":38534,"comment_status":"open","ping_status":"open","sticky":false,"template":"","format":"standard","meta":{"footnotes":""},"categories":[60],"tags":[],"class_list":["post-38533","post","type-post","status-publish","format-standard","has-post-thumbnail","hentry","category-shoqerore-sq"],"yoast_head":"<!-- This site is optimized with the Yoast SEO plugin v25.3.1 - https:\/\/yoast.com\/wordpress\/plugins\/seo\/ -->\n<title>Heqja e masave, 205 milion\u00eb euro asistenc\u00eb financiare p\u00ebr Kosov\u00ebn -<\/title>\n<meta name=\"robots\" content=\"index, follow, max-snippet:-1, max-image-preview:large, max-video-preview:-1\" \/>\n<link rel=\"canonical\" href=\"https:\/\/veritasinfo.org\/?p=38533\" \/>\n<meta property=\"og:locale\" content=\"en_US\" \/>\n<meta property=\"og:type\" content=\"article\" \/>\n<meta property=\"og:title\" content=\"Heqja e masave, 205 milion\u00eb euro asistenc\u00eb financiare p\u00ebr Kosov\u00ebn -\" \/>\n<meta property=\"og:description\" content=\"Prishtin\u00eb 19 Mars 2026 8:07 Komisioni Evropian dit\u00eb m\u00eb par\u00eb ka konfirmuar se jan\u00eb hequr t\u00eb gjitha masat financiare ndaj Kosov\u00ebs. Nj\u00eb konfirmim i till\u00eb\" \/>\n<meta property=\"og:url\" content=\"https:\/\/veritasinfo.org\/?p=38533\" \/>\n<meta property=\"article:published_time\" content=\"2026-03-19T07:08:29+00:00\" \/>\n<meta property=\"og:image\" content=\"https:\/\/veritasinfo.org\/wp-content\/uploads\/2026\/03\/images-1-7.jpeg\" \/>\n\t<meta property=\"og:image:width\" content=\"302\" \/>\n\t<meta property=\"og:image:height\" content=\"166\" \/>\n\t<meta property=\"og:image:type\" content=\"image\/jpeg\" \/>\n<meta name=\"author\" content=\"US5\" \/>\n<meta name=\"twitter:card\" content=\"summary_large_image\" \/>\n<meta name=\"twitter:label1\" content=\"Written by\" \/>\n\t<meta name=\"twitter:data1\" content=\"US5\" \/>\n\t<meta name=\"twitter:label2\" content=\"Est. reading time\" \/>\n\t<meta name=\"twitter:data2\" content=\"2 minutes\" \/>\n<script type=\"application\/ld+json\" class=\"yoast-schema-graph\">{\"@context\":\"https:\/\/schema.org\",\"@graph\":[{\"@type\":\"WebPage\",\"@id\":\"https:\/\/veritasinfo.org\/?p=38533\",\"url\":\"https:\/\/veritasinfo.org\/?p=38533\",\"name\":\"Heqja e masave, 205 milion\u00eb euro asistenc\u00eb financiare p\u00ebr Kosov\u00ebn -\",\"isPartOf\":{\"@id\":\"https:\/\/veritasinfo.org\/#website\"},\"primaryImageOfPage\":{\"@id\":\"https:\/\/veritasinfo.org\/?p=38533#primaryimage\"},\"image\":{\"@id\":\"https:\/\/veritasinfo.org\/?p=38533#primaryimage\"},\"thumbnailUrl\":\"https:\/\/veritasinfo.org\/wp-content\/uploads\/2026\/03\/images-1-7.jpeg\",\"datePublished\":\"2026-03-19T07:08:29+00:00\",\"author\":{\"@id\":\"https:\/\/veritasinfo.org\/#\/schema\/person\/bc442336e35414d04494ab8fb45db4c6\"},\"breadcrumb\":{\"@id\":\"https:\/\/veritasinfo.org\/?p=38533#breadcrumb\"},\"inLanguage\":\"en-US\",\"potentialAction\":[{\"@type\":\"ReadAction\",\"target\":[\"https:\/\/veritasinfo.org\/?p=38533\"]}]},{\"@type\":\"ImageObject\",\"inLanguage\":\"en-US\",\"@id\":\"https:\/\/veritasinfo.org\/?p=38533#primaryimage\",\"url\":\"https:\/\/veritasinfo.org\/wp-content\/uploads\/2026\/03\/images-1-7.jpeg\",\"contentUrl\":\"https:\/\/veritasinfo.org\/wp-content\/uploads\/2026\/03\/images-1-7.jpeg\",\"width\":302,\"height\":166},{\"@type\":\"BreadcrumbList\",\"@id\":\"https:\/\/veritasinfo.org\/?p=38533#breadcrumb\",\"itemListElement\":[{\"@type\":\"ListItem\",\"position\":1,\"name\":\"Home\",\"item\":\"https:\/\/veritasinfo.org\/\"},{\"@type\":\"ListItem\",\"position\":2,\"name\":\"Heqja e masave, 205 milion\u00eb euro asistenc\u00eb financiare p\u00ebr Kosov\u00ebn\"}]},{\"@type\":\"WebSite\",\"@id\":\"https:\/\/veritasinfo.org\/#website\",\"url\":\"https:\/\/veritasinfo.org\/\",\"name\":\"\",\"description\":\"\",\"potentialAction\":[{\"@type\":\"SearchAction\",\"target\":{\"@type\":\"EntryPoint\",\"urlTemplate\":\"https:\/\/veritasinfo.org\/?s={search_term_string}\"},\"query-input\":{\"@type\":\"PropertyValueSpecification\",\"valueRequired\":true,\"valueName\":\"search_term_string\"}}],\"inLanguage\":\"en-US\"},{\"@type\":\"Person\",\"@id\":\"https:\/\/veritasinfo.org\/#\/schema\/person\/bc442336e35414d04494ab8fb45db4c6\",\"name\":\"US5\",\"image\":{\"@type\":\"ImageObject\",\"inLanguage\":\"en-US\",\"@id\":\"https:\/\/veritasinfo.org\/#\/schema\/person\/image\/\",\"url\":\"https:\/\/secure.gravatar.com\/avatar\/16a61e7272a0c5d001121ebb9e60e925d5816e4ac1e443ed3e640d9a6ae55d0c?s=96&d=mm&r=g\",\"contentUrl\":\"https:\/\/secure.gravatar.com\/avatar\/16a61e7272a0c5d001121ebb9e60e925d5816e4ac1e443ed3e640d9a6ae55d0c?s=96&d=mm&r=g\",\"caption\":\"US5\"},\"url\":\"https:\/\/veritasinfo.org\/?author=6\"}]}<\/script>\n<!-- \/ Yoast SEO plugin. -->","yoast_head_json":{"title":"Heqja e masave, 205 milion\u00eb euro asistenc\u00eb financiare p\u00ebr Kosov\u00ebn -","robots":{"index":"index","follow":"follow","max-snippet":"max-snippet:-1","max-image-preview":"max-image-preview:large","max-video-preview":"max-video-preview:-1"},"canonical":"https:\/\/veritasinfo.org\/?p=38533","og_locale":"en_US","og_type":"article","og_title":"Heqja e masave, 205 milion\u00eb euro asistenc\u00eb financiare p\u00ebr Kosov\u00ebn -","og_description":"Prishtin\u00eb 19 Mars 2026 8:07 Komisioni Evropian dit\u00eb m\u00eb par\u00eb ka konfirmuar se jan\u00eb hequr t\u00eb gjitha masat financiare ndaj Kosov\u00ebs. Nj\u00eb konfirmim i till\u00eb","og_url":"https:\/\/veritasinfo.org\/?p=38533","article_published_time":"2026-03-19T07:08:29+00:00","og_image":[{"width":302,"height":166,"url":"https:\/\/veritasinfo.org\/wp-content\/uploads\/2026\/03\/images-1-7.jpeg","type":"image\/jpeg"}],"author":"US5","twitter_card":"summary_large_image","twitter_misc":{"Written by":"US5","Est. reading time":"2 minutes"},"schema":{"@context":"https:\/\/schema.org","@graph":[{"@type":"WebPage","@id":"https:\/\/veritasinfo.org\/?p=38533","url":"https:\/\/veritasinfo.org\/?p=38533","name":"Heqja e masave, 205 milion\u00eb euro asistenc\u00eb financiare p\u00ebr Kosov\u00ebn -","isPartOf":{"@id":"https:\/\/veritasinfo.org\/#website"},"primaryImageOfPage":{"@id":"https:\/\/veritasinfo.org\/?p=38533#primaryimage"},"image":{"@id":"https:\/\/veritasinfo.org\/?p=38533#primaryimage"},"thumbnailUrl":"https:\/\/veritasinfo.org\/wp-content\/uploads\/2026\/03\/images-1-7.jpeg","datePublished":"2026-03-19T07:08:29+00:00","author":{"@id":"https:\/\/veritasinfo.org\/#\/schema\/person\/bc442336e35414d04494ab8fb45db4c6"},"breadcrumb":{"@id":"https:\/\/veritasinfo.org\/?p=38533#breadcrumb"},"inLanguage":"en-US","potentialAction":[{"@type":"ReadAction","target":["https:\/\/veritasinfo.org\/?p=38533"]}]},{"@type":"ImageObject","inLanguage":"en-US","@id":"https:\/\/veritasinfo.org\/?p=38533#primaryimage","url":"https:\/\/veritasinfo.org\/wp-content\/uploads\/2026\/03\/images-1-7.jpeg","contentUrl":"https:\/\/veritasinfo.org\/wp-content\/uploads\/2026\/03\/images-1-7.jpeg","width":302,"height":166},{"@type":"BreadcrumbList","@id":"https:\/\/veritasinfo.org\/?p=38533#breadcrumb","itemListElement":[{"@type":"ListItem","position":1,"name":"Home","item":"https:\/\/veritasinfo.org\/"},{"@type":"ListItem","position":2,"name":"Heqja e masave, 205 milion\u00eb euro asistenc\u00eb financiare p\u00ebr Kosov\u00ebn"}]},{"@type":"WebSite","@id":"https:\/\/veritasinfo.org\/#website","url":"https:\/\/veritasinfo.org\/","name":"","description":"","potentialAction":[{"@type":"SearchAction","target":{"@type":"EntryPoint","urlTemplate":"https:\/\/veritasinfo.org\/?s={search_term_string}"},"query-input":{"@type":"PropertyValueSpecification","valueRequired":true,"valueName":"search_term_string"}}],"inLanguage":"en-US"},{"@type":"Person","@id":"https:\/\/veritasinfo.org\/#\/schema\/person\/bc442336e35414d04494ab8fb45db4c6","name":"US5","image":{"@type":"ImageObject","inLanguage":"en-US","@id":"https:\/\/veritasinfo.org\/#\/schema\/person\/image\/","url":"https:\/\/secure.gravatar.com\/avatar\/16a61e7272a0c5d001121ebb9e60e925d5816e4ac1e443ed3e640d9a6ae55d0c?s=96&d=mm&r=g","contentUrl":"https:\/\/secure.gravatar.com\/avatar\/16a61e7272a0c5d001121ebb9e60e925d5816e4ac1e443ed3e640d9a6ae55d0c?s=96&d=mm&r=g","caption":"US5"},"url":"https:\/\/veritasinfo.org\/?author=6"}]}},"featured_image_urls":{"full":["https:\/\/veritasinfo.org\/wp-content\/uploads\/2026\/03\/images-1-7.jpeg",302,166,false],"thumbnail":["https:\/\/veritasinfo.org\/wp-content\/uploads\/2026\/03\/images-1-7-150x150.jpeg",150,150,true],"medium":["https:\/\/veritasinfo.org\/wp-content\/uploads\/2026\/03\/images-1-7-300x165.jpeg",300,165,true],"medium_large":["https:\/\/veritasinfo.org\/wp-content\/uploads\/2026\/03\/images-1-7.jpeg",302,166,false],"large":["https:\/\/veritasinfo.org\/wp-content\/uploads\/2026\/03\/images-1-7.jpeg",302,166,false],"1536x1536":["https:\/\/veritasinfo.org\/wp-content\/uploads\/2026\/03\/images-1-7.jpeg",302,166,false],"2048x2048":["https:\/\/veritasinfo.org\/wp-content\/uploads\/2026\/03\/images-1-7.jpeg",302,166,false],"kreeti-slider-full":["https:\/\/veritasinfo.org\/wp-content\/uploads\/2026\/03\/images-1-7.jpeg",302,166,false],"kreeti-featured":["https:\/\/veritasinfo.org\/wp-content\/uploads\/2026\/03\/images-1-7.jpeg",302,166,false],"kreeti-medium":["https:\/\/veritasinfo.org\/wp-content\/uploads\/2026\/03\/images-1-7.jpeg",302,166,false],"kreeti-medium-square":["https:\/\/veritasinfo.org\/wp-content\/uploads\/2026\/03\/images-1-7.jpeg",302,166,false]},"author_info":{"info":["US5"]},"category_info":"<a href=\"https:\/\/veritasinfo.org\/?cat=60\" rel=\"category\">Shoq\u00ebrore<\/a>","tag_info":"Shoq\u00ebrore","comment_count":"0","_links":{"self":[{"href":"https:\/\/veritasinfo.org\/index.php?rest_route=\/wp\/v2\/posts\/38533","targetHints":{"allow":["GET"]}}],"collection":[{"href":"https:\/\/veritasinfo.org\/index.php?rest_route=\/wp\/v2\/posts"}],"about":[{"href":"https:\/\/veritasinfo.org\/index.php?rest_route=\/wp\/v2\/types\/post"}],"author":[{"embeddable":true,"href":"https:\/\/veritasinfo.org\/index.php?rest_route=\/wp\/v2\/users\/6"}],"replies":[{"embeddable":true,"href":"https:\/\/veritasinfo.org\/index.php?rest_route=%2Fwp%2Fv2%2Fcomments&post=38533"}],"version-history":[{"count":2,"href":"https:\/\/veritasinfo.org\/index.php?rest_route=\/wp\/v2\/posts\/38533\/revisions"}],"predecessor-version":[{"id":38536,"href":"https:\/\/veritasinfo.org\/index.php?rest_route=\/wp\/v2\/posts\/38533\/revisions\/38536"}],"wp:featuredmedia":[{"embeddable":true,"href":"https:\/\/veritasinfo.org\/index.php?rest_route=\/wp\/v2\/media\/38534"}],"wp:attachment":[{"href":"https:\/\/veritasinfo.org\/index.php?rest_route=%2Fwp%2Fv2%2Fmedia&parent=38533"}],"wp:term":[{"taxonomy":"category","embeddable":true,"href":"https:\/\/veritasinfo.org\/index.php?rest_route=%2Fwp%2Fv2%2Fcategories&post=38533"},{"taxonomy":"post_tag","embeddable":true,"href":"https:\/\/veritasinfo.org\/index.php?rest_route=%2Fwp%2Fv2%2Ftags&post=38533"}],"curies":[{"name":"wp","href":"https:\/\/api.w.org\/{rel}","templated":true}]}}