{"id":3853,"date":"2025-07-15T08:53:13","date_gmt":"2025-07-15T06:53:13","guid":{"rendered":"https:\/\/veritasinfo.org\/?p=3853"},"modified":"2025-07-15T08:53:13","modified_gmt":"2025-07-15T06:53:13","slug":"kurti-u-takua-me-pierce-flasin-per-marredheniet-mes-kosoves-dhe-mbreterise-se-bashkuar","status":"publish","type":"post","link":"https:\/\/veritasinfo.org\/?p=3853","title":{"rendered":"Kurti u  takua me Pierce &#8211; flasin p\u00ebr marr\u00ebdh\u00ebniet mes Kosov\u00ebs dhe Mbret\u00ebris\u00eb s\u00eb Bashkuar"},"content":{"rendered":"<p><strong>Prishtin\u00eb, 15 korrik 2025<\/strong><\/p>\n<p>Kryeministri i Kosov\u00ebs, Albin Kurti, pati nj\u00eb dark\u00eb pune me t\u00eb D\u00ebrguar\u00ebn e Posa\u00e7me t\u00eb Mbret\u00ebris\u00eb s\u00eb Bashkuar p\u00ebr Ballkanin Per\u00ebndimor, Karen Pierce, n\u00eb rezidenc\u00ebn e ambasad\u00ebs s\u00eb Mbret\u00ebris\u00eb s\u00eb Bashkuar.<\/p>\n<p>N\u00eb k\u00ebt\u00eb takim u diskua lidhur me marr\u00ebdh\u00ebniet midis Kosov\u00ebs dhe Mbret\u00ebris\u00eb s\u00eb Bashkuar.<\/p>\n<p>\u201dKryeministri Kurti dhe emisarja Pierce diskutuan s\u00eb bashku mbi marr\u00ebdh\u00ebniet mes Kosov\u00ebs dhe Mbret\u00ebris\u00eb s\u00eb Bashkuar dhe mund\u00ebsit\u00eb p\u00ebr zgjerim t\u00eb bashk\u00ebpunimit duke p\u00ebrfshir\u00eb fusha t\u00eb ndryshme, nga industria kreative dhe diplomacia deri te mbrojtja e siguria\u201d, thuhet n\u00eb njoftim.<\/p>\n<p>Kurti theksoi domosdoshm\u00ebrin\u00eb e zbatimit t\u00eb marr\u00ebveshjeve t\u00eb arritura dhe r\u00ebnd\u00ebsin\u00eb e njohjes reciproke t\u00eb diplomave dhe l\u00ebvizjes s\u00eb lir\u00eb, si jetike p\u00ebr suksesin e Tregut t\u00eb P\u00ebrbashk\u00ebt Rajonal dhe Planin e Rritjes.<\/p>\n","protected":false},"excerpt":{"rendered":"<p>Prishtin\u00eb, 15 korrik 2025 Kryeministri i Kosov\u00ebs, Albin Kurti, pati nj\u00eb dark\u00eb pune me t\u00eb D\u00ebrguar\u00ebn e Posa\u00e7me t\u00eb Mbret\u00ebris\u00eb s\u00eb Bashkuar p\u00ebr Ballkanin Per\u00ebndimor,<\/p>\n","protected":false},"author":2,"featured_media":3854,"comment_status":"open","ping_status":"open","sticky":false,"template":"","format":"standard","meta":{"footnotes":""},"categories":[58],"tags":[],"class_list":["post-3853","post","type-post","status-publish","format-standard","has-post-thumbnail","hentry","category-politike-sq"],"yoast_head":"<!-- This site is optimized with the Yoast SEO plugin v25.3.1 - https:\/\/yoast.com\/wordpress\/plugins\/seo\/ -->\n<title>Kurti u takua me Pierce - flasin p\u00ebr marr\u00ebdh\u00ebniet mes Kosov\u00ebs dhe Mbret\u00ebris\u00eb s\u00eb Bashkuar -<\/title>\n<meta name=\"robots\" content=\"index, follow, max-snippet:-1, max-image-preview:large, max-video-preview:-1\" \/>\n<link rel=\"canonical\" href=\"https:\/\/veritasinfo.org\/?p=3853\" \/>\n<meta property=\"og:locale\" content=\"en_US\" \/>\n<meta property=\"og:type\" content=\"article\" \/>\n<meta property=\"og:title\" content=\"Kurti u takua me Pierce - flasin p\u00ebr marr\u00ebdh\u00ebniet mes Kosov\u00ebs dhe Mbret\u00ebris\u00eb s\u00eb Bashkuar -\" \/>\n<meta property=\"og:description\" content=\"Prishtin\u00eb, 15 korrik 2025 Kryeministri i Kosov\u00ebs, Albin Kurti, pati nj\u00eb dark\u00eb pune me t\u00eb D\u00ebrguar\u00ebn e Posa\u00e7me t\u00eb Mbret\u00ebris\u00eb s\u00eb Bashkuar p\u00ebr Ballkanin Per\u00ebndimor,\" \/>\n<meta property=\"og:url\" content=\"https:\/\/veritasinfo.org\/?p=3853\" \/>\n<meta property=\"article:published_time\" content=\"2025-07-15T06:53:13+00:00\" \/>\n<meta property=\"og:image\" content=\"https:\/\/veritasinfo.org\/wp-content\/uploads\/2025\/07\/Kurti.jpg\" \/>\n\t<meta property=\"og:image:width\" content=\"900\" \/>\n\t<meta property=\"og:image:height\" content=\"600\" \/>\n\t<meta property=\"og:image:type\" content=\"image\/jpeg\" \/>\n<meta name=\"author\" content=\"US1\" \/>\n<meta name=\"twitter:card\" content=\"summary_large_image\" \/>\n<meta name=\"twitter:label1\" content=\"Written by\" \/>\n\t<meta name=\"twitter:data1\" content=\"US1\" \/>\n\t<meta name=\"twitter:label2\" content=\"Est. reading time\" \/>\n\t<meta name=\"twitter:data2\" content=\"1 minute\" \/>\n<script type=\"application\/ld+json\" class=\"yoast-schema-graph\">{\"@context\":\"https:\/\/schema.org\",\"@graph\":[{\"@type\":\"WebPage\",\"@id\":\"https:\/\/veritasinfo.org\/?p=3853\",\"url\":\"https:\/\/veritasinfo.org\/?p=3853\",\"name\":\"Kurti u takua me Pierce - flasin p\u00ebr marr\u00ebdh\u00ebniet mes Kosov\u00ebs dhe Mbret\u00ebris\u00eb s\u00eb Bashkuar -\",\"isPartOf\":{\"@id\":\"https:\/\/veritasinfo.org\/#website\"},\"primaryImageOfPage\":{\"@id\":\"https:\/\/veritasinfo.org\/?p=3853#primaryimage\"},\"image\":{\"@id\":\"https:\/\/veritasinfo.org\/?p=3853#primaryimage\"},\"thumbnailUrl\":\"https:\/\/veritasinfo.org\/wp-content\/uploads\/2025\/07\/Kurti.jpg\",\"datePublished\":\"2025-07-15T06:53:13+00:00\",\"author\":{\"@id\":\"https:\/\/veritasinfo.org\/#\/schema\/person\/c2b8be262ea994d0995addca692c5e98\"},\"breadcrumb\":{\"@id\":\"https:\/\/veritasinfo.org\/?p=3853#breadcrumb\"},\"inLanguage\":\"en-US\",\"potentialAction\":[{\"@type\":\"ReadAction\",\"target\":[\"https:\/\/veritasinfo.org\/?p=3853\"]}]},{\"@type\":\"ImageObject\",\"inLanguage\":\"en-US\",\"@id\":\"https:\/\/veritasinfo.org\/?p=3853#primaryimage\",\"url\":\"https:\/\/veritasinfo.org\/wp-content\/uploads\/2025\/07\/Kurti.jpg\",\"contentUrl\":\"https:\/\/veritasinfo.org\/wp-content\/uploads\/2025\/07\/Kurti.jpg\",\"width\":900,\"height\":600},{\"@type\":\"BreadcrumbList\",\"@id\":\"https:\/\/veritasinfo.org\/?p=3853#breadcrumb\",\"itemListElement\":[{\"@type\":\"ListItem\",\"position\":1,\"name\":\"Home\",\"item\":\"https:\/\/veritasinfo.org\/\"},{\"@type\":\"ListItem\",\"position\":2,\"name\":\"Kurti u takua me Pierce &#8211; flasin p\u00ebr marr\u00ebdh\u00ebniet mes Kosov\u00ebs dhe Mbret\u00ebris\u00eb s\u00eb Bashkuar\"}]},{\"@type\":\"WebSite\",\"@id\":\"https:\/\/veritasinfo.org\/#website\",\"url\":\"https:\/\/veritasinfo.org\/\",\"name\":\"\",\"description\":\"\",\"potentialAction\":[{\"@type\":\"SearchAction\",\"target\":{\"@type\":\"EntryPoint\",\"urlTemplate\":\"https:\/\/veritasinfo.org\/?s={search_term_string}\"},\"query-input\":{\"@type\":\"PropertyValueSpecification\",\"valueRequired\":true,\"valueName\":\"search_term_string\"}}],\"inLanguage\":\"en-US\"},{\"@type\":\"Person\",\"@id\":\"https:\/\/veritasinfo.org\/#\/schema\/person\/c2b8be262ea994d0995addca692c5e98\",\"name\":\"US1\",\"image\":{\"@type\":\"ImageObject\",\"inLanguage\":\"en-US\",\"@id\":\"https:\/\/veritasinfo.org\/#\/schema\/person\/image\/\",\"url\":\"https:\/\/secure.gravatar.com\/avatar\/4e96a59bd256abf9956eb9963ac891a47461ffb364d47b0e9aab113328fdb75b?s=96&d=mm&r=g\",\"contentUrl\":\"https:\/\/secure.gravatar.com\/avatar\/4e96a59bd256abf9956eb9963ac891a47461ffb364d47b0e9aab113328fdb75b?s=96&d=mm&r=g\",\"caption\":\"US1\"},\"url\":\"https:\/\/veritasinfo.org\/?author=2\"}]}<\/script>\n<!-- \/ Yoast SEO plugin. -->","yoast_head_json":{"title":"Kurti u takua me Pierce - flasin p\u00ebr marr\u00ebdh\u00ebniet mes Kosov\u00ebs dhe Mbret\u00ebris\u00eb s\u00eb Bashkuar -","robots":{"index":"index","follow":"follow","max-snippet":"max-snippet:-1","max-image-preview":"max-image-preview:large","max-video-preview":"max-video-preview:-1"},"canonical":"https:\/\/veritasinfo.org\/?p=3853","og_locale":"en_US","og_type":"article","og_title":"Kurti u takua me Pierce - flasin p\u00ebr marr\u00ebdh\u00ebniet mes Kosov\u00ebs dhe Mbret\u00ebris\u00eb s\u00eb Bashkuar -","og_description":"Prishtin\u00eb, 15 korrik 2025 Kryeministri i Kosov\u00ebs, Albin Kurti, pati nj\u00eb dark\u00eb pune me t\u00eb D\u00ebrguar\u00ebn e Posa\u00e7me t\u00eb Mbret\u00ebris\u00eb s\u00eb Bashkuar p\u00ebr Ballkanin Per\u00ebndimor,","og_url":"https:\/\/veritasinfo.org\/?p=3853","article_published_time":"2025-07-15T06:53:13+00:00","og_image":[{"width":900,"height":600,"url":"https:\/\/veritasinfo.org\/wp-content\/uploads\/2025\/07\/Kurti.jpg","type":"image\/jpeg"}],"author":"US1","twitter_card":"summary_large_image","twitter_misc":{"Written by":"US1","Est. reading time":"1 minute"},"schema":{"@context":"https:\/\/schema.org","@graph":[{"@type":"WebPage","@id":"https:\/\/veritasinfo.org\/?p=3853","url":"https:\/\/veritasinfo.org\/?p=3853","name":"Kurti u takua me Pierce - flasin p\u00ebr marr\u00ebdh\u00ebniet mes Kosov\u00ebs dhe Mbret\u00ebris\u00eb s\u00eb Bashkuar -","isPartOf":{"@id":"https:\/\/veritasinfo.org\/#website"},"primaryImageOfPage":{"@id":"https:\/\/veritasinfo.org\/?p=3853#primaryimage"},"image":{"@id":"https:\/\/veritasinfo.org\/?p=3853#primaryimage"},"thumbnailUrl":"https:\/\/veritasinfo.org\/wp-content\/uploads\/2025\/07\/Kurti.jpg","datePublished":"2025-07-15T06:53:13+00:00","author":{"@id":"https:\/\/veritasinfo.org\/#\/schema\/person\/c2b8be262ea994d0995addca692c5e98"},"breadcrumb":{"@id":"https:\/\/veritasinfo.org\/?p=3853#breadcrumb"},"inLanguage":"en-US","potentialAction":[{"@type":"ReadAction","target":["https:\/\/veritasinfo.org\/?p=3853"]}]},{"@type":"ImageObject","inLanguage":"en-US","@id":"https:\/\/veritasinfo.org\/?p=3853#primaryimage","url":"https:\/\/veritasinfo.org\/wp-content\/uploads\/2025\/07\/Kurti.jpg","contentUrl":"https:\/\/veritasinfo.org\/wp-content\/uploads\/2025\/07\/Kurti.jpg","width":900,"height":600},{"@type":"BreadcrumbList","@id":"https:\/\/veritasinfo.org\/?p=3853#breadcrumb","itemListElement":[{"@type":"ListItem","position":1,"name":"Home","item":"https:\/\/veritasinfo.org\/"},{"@type":"ListItem","position":2,"name":"Kurti u takua me Pierce &#8211; flasin p\u00ebr marr\u00ebdh\u00ebniet mes Kosov\u00ebs dhe Mbret\u00ebris\u00eb s\u00eb Bashkuar"}]},{"@type":"WebSite","@id":"https:\/\/veritasinfo.org\/#website","url":"https:\/\/veritasinfo.org\/","name":"","description":"","potentialAction":[{"@type":"SearchAction","target":{"@type":"EntryPoint","urlTemplate":"https:\/\/veritasinfo.org\/?s={search_term_string}"},"query-input":{"@type":"PropertyValueSpecification","valueRequired":true,"valueName":"search_term_string"}}],"inLanguage":"en-US"},{"@type":"Person","@id":"https:\/\/veritasinfo.org\/#\/schema\/person\/c2b8be262ea994d0995addca692c5e98","name":"US1","image":{"@type":"ImageObject","inLanguage":"en-US","@id":"https:\/\/veritasinfo.org\/#\/schema\/person\/image\/","url":"https:\/\/secure.gravatar.com\/avatar\/4e96a59bd256abf9956eb9963ac891a47461ffb364d47b0e9aab113328fdb75b?s=96&d=mm&r=g","contentUrl":"https:\/\/secure.gravatar.com\/avatar\/4e96a59bd256abf9956eb9963ac891a47461ffb364d47b0e9aab113328fdb75b?s=96&d=mm&r=g","caption":"US1"},"url":"https:\/\/veritasinfo.org\/?author=2"}]}},"featured_image_urls":{"full":["https:\/\/veritasinfo.org\/wp-content\/uploads\/2025\/07\/Kurti.jpg",900,600,false],"thumbnail":["https:\/\/veritasinfo.org\/wp-content\/uploads\/2025\/07\/Kurti-150x150.jpg",150,150,true],"medium":["https:\/\/veritasinfo.org\/wp-content\/uploads\/2025\/07\/Kurti-300x200.jpg",300,200,true],"medium_large":["https:\/\/veritasinfo.org\/wp-content\/uploads\/2025\/07\/Kurti-768x512.jpg",640,427,true],"large":["https:\/\/veritasinfo.org\/wp-content\/uploads\/2025\/07\/Kurti.jpg",640,427,false],"1536x1536":["https:\/\/veritasinfo.org\/wp-content\/uploads\/2025\/07\/Kurti.jpg",900,600,false],"2048x2048":["https:\/\/veritasinfo.org\/wp-content\/uploads\/2025\/07\/Kurti.jpg",900,600,false],"kreeti-slider-full":["https:\/\/veritasinfo.org\/wp-content\/uploads\/2025\/07\/Kurti.jpg",900,600,false],"kreeti-featured":["https:\/\/veritasinfo.org\/wp-content\/uploads\/2025\/07\/Kurti.jpg",900,600,false],"kreeti-medium":["https:\/\/veritasinfo.org\/wp-content\/uploads\/2025\/07\/Kurti.jpg",720,480,false],"kreeti-medium-square":["https:\/\/veritasinfo.org\/wp-content\/uploads\/2025\/07\/Kurti.jpg",350,233,false]},"author_info":{"info":["US1"]},"category_info":"<a href=\"https:\/\/veritasinfo.org\/?cat=58\" rel=\"category\">Politik\u00eb<\/a>","tag_info":"Politik\u00eb","comment_count":"0","_links":{"self":[{"href":"https:\/\/veritasinfo.org\/index.php?rest_route=\/wp\/v2\/posts\/3853","targetHints":{"allow":["GET"]}}],"collection":[{"href":"https:\/\/veritasinfo.org\/index.php?rest_route=\/wp\/v2\/posts"}],"about":[{"href":"https:\/\/veritasinfo.org\/index.php?rest_route=\/wp\/v2\/types\/post"}],"author":[{"embeddable":true,"href":"https:\/\/veritasinfo.org\/index.php?rest_route=\/wp\/v2\/users\/2"}],"replies":[{"embeddable":true,"href":"https:\/\/veritasinfo.org\/index.php?rest_route=%2Fwp%2Fv2%2Fcomments&post=3853"}],"version-history":[{"count":1,"href":"https:\/\/veritasinfo.org\/index.php?rest_route=\/wp\/v2\/posts\/3853\/revisions"}],"predecessor-version":[{"id":3855,"href":"https:\/\/veritasinfo.org\/index.php?rest_route=\/wp\/v2\/posts\/3853\/revisions\/3855"}],"wp:featuredmedia":[{"embeddable":true,"href":"https:\/\/veritasinfo.org\/index.php?rest_route=\/wp\/v2\/media\/3854"}],"wp:attachment":[{"href":"https:\/\/veritasinfo.org\/index.php?rest_route=%2Fwp%2Fv2%2Fmedia&parent=3853"}],"wp:term":[{"taxonomy":"category","embeddable":true,"href":"https:\/\/veritasinfo.org\/index.php?rest_route=%2Fwp%2Fv2%2Fcategories&post=3853"},{"taxonomy":"post_tag","embeddable":true,"href":"https:\/\/veritasinfo.org\/index.php?rest_route=%2Fwp%2Fv2%2Ftags&post=3853"}],"curies":[{"name":"wp","href":"https:\/\/api.w.org\/{rel}","templated":true}]}}