{"id":38481,"date":"2026-03-18T19:54:35","date_gmt":"2026-03-18T18:54:35","guid":{"rendered":"https:\/\/veritasinfo.org\/?p=38481"},"modified":"2026-03-18T19:54:35","modified_gmt":"2026-03-18T18:54:35","slug":"i-akuzuari-per-sulmin-ne-banjske-mohon-se-ka-pasur-kontakt-me-radojciqin","status":"publish","type":"post","link":"https:\/\/veritasinfo.org\/?p=38481","title":{"rendered":"I akuzuari p\u00ebr sulmin n\u00eb Banjsk\u00eb mohon se ka pasur kontakt me Radoj\u00e7iqin"},"content":{"rendered":"<p><strong>Prishtin\u00eb, 18 mars 2026 19:54<\/strong><\/p>\n<p>Dushan Maksimoviq, i akuzuar p\u00ebr sulmin terrorist n\u00eb Banjsk\u00eb t\u00eb Zve\u00e7anit, pranoi se numri i telefonit t\u00eb Milan Radoi\u00e7iqit i ishte gjetur n\u00eb telefonin e tiji, por q\u00eb nuk ka pasur asnj\u00ebher\u00eb kontakt me t\u00eb.<\/p>\n<p>I pyetur nga an\u00ebtarja e trupit gjykues, Donik\u00eb Shala-Abdyli, Maksimoviq tha se p\u00ebr fotografit\u00eb q\u00eb pretendon Prokuroria, ka prej tyre q\u00eb nuk i ka par\u00eb kurr\u00eb dhe nuk e ka iden\u00eb se nga jan\u00eb nxjerr\u00eb, raporton \u201cBetimi p\u00ebr Drejt\u00ebsi\u201c.<\/p>\n<p>Ai deklaroi se telefoni i tij \u00ebsht\u00eb shfryt\u00ebzuar edhe pas marrjes s\u00eb tij nga Policia.<\/p>\n<p>An\u00ebtari i trupit gjykues, Rrahman Beqiri e pyeti t\u00eb akuzuarin n\u00ebse e ka njohur Milan Radoi\u00e7iqin, ku Maksimoviq tha se personalisht nuk e njeh por pohoi se e kishte numrin e tij.<\/p>\n<p>I akuzuari tha se numri i telefonit t\u00eb Radoi\u00e7iqit ishte gjetur n\u00eb telefon t\u00eb tij, p\u00ebr shkak se kishte planifikuar ta kontaktonte p\u00ebr ndihma familjare, por q\u00eb nuk ka pasur kontakte me t\u00eb. \u201cKurr\u00eb s\u2019kam pas kontakt me t\u00eb\u201d, tha ai.<\/p>\n","protected":false},"excerpt":{"rendered":"<p>Prishtin\u00eb, 18 mars 2026 19:54 Dushan Maksimoviq, i akuzuar p\u00ebr sulmin terrorist n\u00eb Banjsk\u00eb t\u00eb Zve\u00e7anit, pranoi se numri i telefonit t\u00eb Milan Radoi\u00e7iqit i<\/p>\n","protected":false},"author":2,"featured_media":38482,"comment_status":"open","ping_status":"open","sticky":false,"template":"","format":"standard","meta":{"footnotes":""},"categories":[60],"tags":[],"class_list":["post-38481","post","type-post","status-publish","format-standard","has-post-thumbnail","hentry","category-shoqerore-sq"],"yoast_head":"<!-- This site is optimized with the Yoast SEO plugin v25.3.1 - https:\/\/yoast.com\/wordpress\/plugins\/seo\/ -->\n<title>I akuzuari p\u00ebr sulmin n\u00eb Banjsk\u00eb mohon se ka pasur kontakt me Radoj\u00e7iqin -<\/title>\n<meta name=\"robots\" content=\"index, follow, max-snippet:-1, max-image-preview:large, max-video-preview:-1\" \/>\n<link rel=\"canonical\" href=\"https:\/\/veritasinfo.org\/?p=38481\" \/>\n<meta property=\"og:locale\" content=\"en_US\" \/>\n<meta property=\"og:type\" content=\"article\" \/>\n<meta property=\"og:title\" content=\"I akuzuari p\u00ebr sulmin n\u00eb Banjsk\u00eb mohon se ka pasur kontakt me Radoj\u00e7iqin -\" \/>\n<meta property=\"og:description\" content=\"Prishtin\u00eb, 18 mars 2026 19:54 Dushan Maksimoviq, i akuzuar p\u00ebr sulmin terrorist n\u00eb Banjsk\u00eb t\u00eb Zve\u00e7anit, pranoi se numri i telefonit t\u00eb Milan Radoi\u00e7iqit i\" \/>\n<meta property=\"og:url\" content=\"https:\/\/veritasinfo.org\/?p=38481\" \/>\n<meta property=\"article:published_time\" content=\"2026-03-18T18:54:35+00:00\" \/>\n<meta property=\"og:image\" content=\"https:\/\/veritasinfo.org\/wp-content\/uploads\/2026\/03\/Dushan-Maksimoviq-640x480-1.jpg\" \/>\n\t<meta property=\"og:image:width\" content=\"640\" \/>\n\t<meta property=\"og:image:height\" content=\"480\" \/>\n\t<meta property=\"og:image:type\" content=\"image\/jpeg\" \/>\n<meta name=\"author\" content=\"US1\" \/>\n<meta name=\"twitter:card\" content=\"summary_large_image\" \/>\n<meta name=\"twitter:label1\" content=\"Written by\" \/>\n\t<meta name=\"twitter:data1\" content=\"US1\" \/>\n\t<meta name=\"twitter:label2\" content=\"Est. reading time\" \/>\n\t<meta name=\"twitter:data2\" content=\"1 minute\" \/>\n<script type=\"application\/ld+json\" class=\"yoast-schema-graph\">{\"@context\":\"https:\/\/schema.org\",\"@graph\":[{\"@type\":\"WebPage\",\"@id\":\"https:\/\/veritasinfo.org\/?p=38481\",\"url\":\"https:\/\/veritasinfo.org\/?p=38481\",\"name\":\"I akuzuari p\u00ebr sulmin n\u00eb Banjsk\u00eb mohon se ka pasur kontakt me Radoj\u00e7iqin -\",\"isPartOf\":{\"@id\":\"https:\/\/veritasinfo.org\/#website\"},\"primaryImageOfPage\":{\"@id\":\"https:\/\/veritasinfo.org\/?p=38481#primaryimage\"},\"image\":{\"@id\":\"https:\/\/veritasinfo.org\/?p=38481#primaryimage\"},\"thumbnailUrl\":\"https:\/\/veritasinfo.org\/wp-content\/uploads\/2026\/03\/Dushan-Maksimoviq-640x480-1.jpg\",\"datePublished\":\"2026-03-18T18:54:35+00:00\",\"author\":{\"@id\":\"https:\/\/veritasinfo.org\/#\/schema\/person\/c2b8be262ea994d0995addca692c5e98\"},\"breadcrumb\":{\"@id\":\"https:\/\/veritasinfo.org\/?p=38481#breadcrumb\"},\"inLanguage\":\"en-US\",\"potentialAction\":[{\"@type\":\"ReadAction\",\"target\":[\"https:\/\/veritasinfo.org\/?p=38481\"]}]},{\"@type\":\"ImageObject\",\"inLanguage\":\"en-US\",\"@id\":\"https:\/\/veritasinfo.org\/?p=38481#primaryimage\",\"url\":\"https:\/\/veritasinfo.org\/wp-content\/uploads\/2026\/03\/Dushan-Maksimoviq-640x480-1.jpg\",\"contentUrl\":\"https:\/\/veritasinfo.org\/wp-content\/uploads\/2026\/03\/Dushan-Maksimoviq-640x480-1.jpg\",\"width\":640,\"height\":480},{\"@type\":\"BreadcrumbList\",\"@id\":\"https:\/\/veritasinfo.org\/?p=38481#breadcrumb\",\"itemListElement\":[{\"@type\":\"ListItem\",\"position\":1,\"name\":\"Home\",\"item\":\"https:\/\/veritasinfo.org\/\"},{\"@type\":\"ListItem\",\"position\":2,\"name\":\"I akuzuari p\u00ebr sulmin n\u00eb Banjsk\u00eb mohon se ka pasur kontakt me Radoj\u00e7iqin\"}]},{\"@type\":\"WebSite\",\"@id\":\"https:\/\/veritasinfo.org\/#website\",\"url\":\"https:\/\/veritasinfo.org\/\",\"name\":\"\",\"description\":\"\",\"potentialAction\":[{\"@type\":\"SearchAction\",\"target\":{\"@type\":\"EntryPoint\",\"urlTemplate\":\"https:\/\/veritasinfo.org\/?s={search_term_string}\"},\"query-input\":{\"@type\":\"PropertyValueSpecification\",\"valueRequired\":true,\"valueName\":\"search_term_string\"}}],\"inLanguage\":\"en-US\"},{\"@type\":\"Person\",\"@id\":\"https:\/\/veritasinfo.org\/#\/schema\/person\/c2b8be262ea994d0995addca692c5e98\",\"name\":\"US1\",\"image\":{\"@type\":\"ImageObject\",\"inLanguage\":\"en-US\",\"@id\":\"https:\/\/veritasinfo.org\/#\/schema\/person\/image\/\",\"url\":\"https:\/\/secure.gravatar.com\/avatar\/4e96a59bd256abf9956eb9963ac891a47461ffb364d47b0e9aab113328fdb75b?s=96&d=mm&r=g\",\"contentUrl\":\"https:\/\/secure.gravatar.com\/avatar\/4e96a59bd256abf9956eb9963ac891a47461ffb364d47b0e9aab113328fdb75b?s=96&d=mm&r=g\",\"caption\":\"US1\"},\"url\":\"https:\/\/veritasinfo.org\/?author=2\"}]}<\/script>\n<!-- \/ Yoast SEO plugin. -->","yoast_head_json":{"title":"I akuzuari p\u00ebr sulmin n\u00eb Banjsk\u00eb mohon se ka pasur kontakt me Radoj\u00e7iqin -","robots":{"index":"index","follow":"follow","max-snippet":"max-snippet:-1","max-image-preview":"max-image-preview:large","max-video-preview":"max-video-preview:-1"},"canonical":"https:\/\/veritasinfo.org\/?p=38481","og_locale":"en_US","og_type":"article","og_title":"I akuzuari p\u00ebr sulmin n\u00eb Banjsk\u00eb mohon se ka pasur kontakt me Radoj\u00e7iqin -","og_description":"Prishtin\u00eb, 18 mars 2026 19:54 Dushan Maksimoviq, i akuzuar p\u00ebr sulmin terrorist n\u00eb Banjsk\u00eb t\u00eb Zve\u00e7anit, pranoi se numri i telefonit t\u00eb Milan Radoi\u00e7iqit i","og_url":"https:\/\/veritasinfo.org\/?p=38481","article_published_time":"2026-03-18T18:54:35+00:00","og_image":[{"width":640,"height":480,"url":"https:\/\/veritasinfo.org\/wp-content\/uploads\/2026\/03\/Dushan-Maksimoviq-640x480-1.jpg","type":"image\/jpeg"}],"author":"US1","twitter_card":"summary_large_image","twitter_misc":{"Written by":"US1","Est. reading time":"1 minute"},"schema":{"@context":"https:\/\/schema.org","@graph":[{"@type":"WebPage","@id":"https:\/\/veritasinfo.org\/?p=38481","url":"https:\/\/veritasinfo.org\/?p=38481","name":"I akuzuari p\u00ebr sulmin n\u00eb Banjsk\u00eb mohon se ka pasur kontakt me Radoj\u00e7iqin -","isPartOf":{"@id":"https:\/\/veritasinfo.org\/#website"},"primaryImageOfPage":{"@id":"https:\/\/veritasinfo.org\/?p=38481#primaryimage"},"image":{"@id":"https:\/\/veritasinfo.org\/?p=38481#primaryimage"},"thumbnailUrl":"https:\/\/veritasinfo.org\/wp-content\/uploads\/2026\/03\/Dushan-Maksimoviq-640x480-1.jpg","datePublished":"2026-03-18T18:54:35+00:00","author":{"@id":"https:\/\/veritasinfo.org\/#\/schema\/person\/c2b8be262ea994d0995addca692c5e98"},"breadcrumb":{"@id":"https:\/\/veritasinfo.org\/?p=38481#breadcrumb"},"inLanguage":"en-US","potentialAction":[{"@type":"ReadAction","target":["https:\/\/veritasinfo.org\/?p=38481"]}]},{"@type":"ImageObject","inLanguage":"en-US","@id":"https:\/\/veritasinfo.org\/?p=38481#primaryimage","url":"https:\/\/veritasinfo.org\/wp-content\/uploads\/2026\/03\/Dushan-Maksimoviq-640x480-1.jpg","contentUrl":"https:\/\/veritasinfo.org\/wp-content\/uploads\/2026\/03\/Dushan-Maksimoviq-640x480-1.jpg","width":640,"height":480},{"@type":"BreadcrumbList","@id":"https:\/\/veritasinfo.org\/?p=38481#breadcrumb","itemListElement":[{"@type":"ListItem","position":1,"name":"Home","item":"https:\/\/veritasinfo.org\/"},{"@type":"ListItem","position":2,"name":"I akuzuari p\u00ebr sulmin n\u00eb Banjsk\u00eb mohon se ka pasur kontakt me Radoj\u00e7iqin"}]},{"@type":"WebSite","@id":"https:\/\/veritasinfo.org\/#website","url":"https:\/\/veritasinfo.org\/","name":"","description":"","potentialAction":[{"@type":"SearchAction","target":{"@type":"EntryPoint","urlTemplate":"https:\/\/veritasinfo.org\/?s={search_term_string}"},"query-input":{"@type":"PropertyValueSpecification","valueRequired":true,"valueName":"search_term_string"}}],"inLanguage":"en-US"},{"@type":"Person","@id":"https:\/\/veritasinfo.org\/#\/schema\/person\/c2b8be262ea994d0995addca692c5e98","name":"US1","image":{"@type":"ImageObject","inLanguage":"en-US","@id":"https:\/\/veritasinfo.org\/#\/schema\/person\/image\/","url":"https:\/\/secure.gravatar.com\/avatar\/4e96a59bd256abf9956eb9963ac891a47461ffb364d47b0e9aab113328fdb75b?s=96&d=mm&r=g","contentUrl":"https:\/\/secure.gravatar.com\/avatar\/4e96a59bd256abf9956eb9963ac891a47461ffb364d47b0e9aab113328fdb75b?s=96&d=mm&r=g","caption":"US1"},"url":"https:\/\/veritasinfo.org\/?author=2"}]}},"featured_image_urls":{"full":["https:\/\/veritasinfo.org\/wp-content\/uploads\/2026\/03\/Dushan-Maksimoviq-640x480-1.jpg",640,480,false],"thumbnail":["https:\/\/veritasinfo.org\/wp-content\/uploads\/2026\/03\/Dushan-Maksimoviq-640x480-1-150x150.jpg",150,150,true],"medium":["https:\/\/veritasinfo.org\/wp-content\/uploads\/2026\/03\/Dushan-Maksimoviq-640x480-1-300x225.jpg",300,225,true],"medium_large":["https:\/\/veritasinfo.org\/wp-content\/uploads\/2026\/03\/Dushan-Maksimoviq-640x480-1.jpg",640,480,false],"large":["https:\/\/veritasinfo.org\/wp-content\/uploads\/2026\/03\/Dushan-Maksimoviq-640x480-1.jpg",640,480,false],"1536x1536":["https:\/\/veritasinfo.org\/wp-content\/uploads\/2026\/03\/Dushan-Maksimoviq-640x480-1.jpg",640,480,false],"2048x2048":["https:\/\/veritasinfo.org\/wp-content\/uploads\/2026\/03\/Dushan-Maksimoviq-640x480-1.jpg",640,480,false],"kreeti-slider-full":["https:\/\/veritasinfo.org\/wp-content\/uploads\/2026\/03\/Dushan-Maksimoviq-640x480-1.jpg",640,480,false],"kreeti-featured":["https:\/\/veritasinfo.org\/wp-content\/uploads\/2026\/03\/Dushan-Maksimoviq-640x480-1.jpg",640,480,false],"kreeti-medium":["https:\/\/veritasinfo.org\/wp-content\/uploads\/2026\/03\/Dushan-Maksimoviq-640x480-1.jpg",640,480,false],"kreeti-medium-square":["https:\/\/veritasinfo.org\/wp-content\/uploads\/2026\/03\/Dushan-Maksimoviq-640x480-1.jpg",350,263,false]},"author_info":{"info":["US1"]},"category_info":"<a href=\"https:\/\/veritasinfo.org\/?cat=60\" rel=\"category\">Shoq\u00ebrore<\/a>","tag_info":"Shoq\u00ebrore","comment_count":"0","_links":{"self":[{"href":"https:\/\/veritasinfo.org\/index.php?rest_route=\/wp\/v2\/posts\/38481","targetHints":{"allow":["GET"]}}],"collection":[{"href":"https:\/\/veritasinfo.org\/index.php?rest_route=\/wp\/v2\/posts"}],"about":[{"href":"https:\/\/veritasinfo.org\/index.php?rest_route=\/wp\/v2\/types\/post"}],"author":[{"embeddable":true,"href":"https:\/\/veritasinfo.org\/index.php?rest_route=\/wp\/v2\/users\/2"}],"replies":[{"embeddable":true,"href":"https:\/\/veritasinfo.org\/index.php?rest_route=%2Fwp%2Fv2%2Fcomments&post=38481"}],"version-history":[{"count":1,"href":"https:\/\/veritasinfo.org\/index.php?rest_route=\/wp\/v2\/posts\/38481\/revisions"}],"predecessor-version":[{"id":38483,"href":"https:\/\/veritasinfo.org\/index.php?rest_route=\/wp\/v2\/posts\/38481\/revisions\/38483"}],"wp:featuredmedia":[{"embeddable":true,"href":"https:\/\/veritasinfo.org\/index.php?rest_route=\/wp\/v2\/media\/38482"}],"wp:attachment":[{"href":"https:\/\/veritasinfo.org\/index.php?rest_route=%2Fwp%2Fv2%2Fmedia&parent=38481"}],"wp:term":[{"taxonomy":"category","embeddable":true,"href":"https:\/\/veritasinfo.org\/index.php?rest_route=%2Fwp%2Fv2%2Fcategories&post=38481"},{"taxonomy":"post_tag","embeddable":true,"href":"https:\/\/veritasinfo.org\/index.php?rest_route=%2Fwp%2Fv2%2Ftags&post=38481"}],"curies":[{"name":"wp","href":"https:\/\/api.w.org\/{rel}","templated":true}]}}