{"id":3848,"date":"2025-07-15T08:15:46","date_gmt":"2025-07-15T06:15:46","guid":{"rendered":"https:\/\/veritasinfo.org\/?p=3848"},"modified":"2025-07-15T08:15:46","modified_gmt":"2025-07-15T06:15:46","slug":"dita-e-frances-u-manifestua-edhe-ne-kosove","status":"publish","type":"post","link":"https:\/\/veritasinfo.org\/?p=3848","title":{"rendered":"Dita e Franc\u00ebs u manifestua edhe n\u00eb Kosov\u00eb"},"content":{"rendered":"<p><strong>Prishtin\u00eb, 15 Korrik 2025<\/strong><\/p>\n<p>Festa komb\u00ebtare franceze, 14 korriku, u sh\u00ebnua edhe n\u00eb Kosov\u00eb. Ambasada e Franc\u00ebs organizoi nj\u00eb pritje ku u theksua forcimi i marr\u00ebdh\u00ebnieve t\u00eb nd\u00ebrsjella, si dhe mb\u00ebshtetja q\u00eb Franca i ofron Kosov\u00ebs n\u00eb rrug\u00ebn e saj drejt integrimit evropian.<\/p>\n<p>Ambasadori i Franc\u00ebs n\u00eb Kosov\u00eb, Olivier Gueraud, n\u00eb fjal\u00ebn e tij, theksoi se viti i kaluar ishte vendimtar p\u00ebr p\u00ebrmir\u00ebsimin e bashk\u00ebpunimit me shoq\u00ebrin\u00eb civile n\u00eb Kosov\u00eb.<\/p>\n<p>Ambasadori Gero iu referua edhe situat\u00ebs politike n\u00eb Kosov\u00eb, duke theksuar se p\u00ebr t\u00eb arritur progres dhe p\u00ebr t\u00eb n\u00ebnshkruar marr\u00ebveshje t\u00eb r\u00ebnd\u00ebsishme, Kosova ka nevoj\u00eb p\u00ebr nj\u00eb qeveri t\u00eb q\u00ebndrueshme q\u00eb do t\u00eb ket\u00eb mb\u00ebshtetjen e kuvendit.<\/p>\n<p>Festa komb\u00ebtare franceze shoq\u00ebrohet me dy ngjarje simbolike n\u00eb historin\u00eb e Franc\u00ebs: kryengritja popullore dhe r\u00ebnia e Bastij\u00ebs m\u00eb 14 korrik 1789, si fillimi i Revolucionit Francez, dhe Dita e Federat\u00ebs m\u00eb 14 korrik 1790, e cila sh\u00ebnon unitetin komb\u00ebtar n\u00eb Paris dhe p\u00ebrvjetorin e par\u00eb t\u00eb r\u00ebnies s\u00eb Bastij\u00ebs.<\/p>\n","protected":false},"excerpt":{"rendered":"<p>Prishtin\u00eb, 15 Korrik 2025 Festa komb\u00ebtare franceze, 14 korriku, u sh\u00ebnua edhe n\u00eb Kosov\u00eb. Ambasada e Franc\u00ebs organizoi nj\u00eb pritje ku u theksua forcimi i<\/p>\n","protected":false},"author":2,"featured_media":3849,"comment_status":"open","ping_status":"open","sticky":false,"template":"","format":"standard","meta":{"footnotes":""},"categories":[60],"tags":[],"class_list":["post-3848","post","type-post","status-publish","format-standard","has-post-thumbnail","hentry","category-shoqerore-sq"],"yoast_head":"<!-- This site is optimized with the Yoast SEO plugin v25.3.1 - https:\/\/yoast.com\/wordpress\/plugins\/seo\/ -->\n<title>Dita e Franc\u00ebs u manifestua edhe n\u00eb Kosov\u00eb -<\/title>\n<meta name=\"robots\" content=\"index, follow, max-snippet:-1, max-image-preview:large, max-video-preview:-1\" \/>\n<link rel=\"canonical\" href=\"https:\/\/veritasinfo.org\/?p=3848\" \/>\n<meta property=\"og:locale\" content=\"en_US\" \/>\n<meta property=\"og:type\" content=\"article\" \/>\n<meta property=\"og:title\" content=\"Dita e Franc\u00ebs u manifestua edhe n\u00eb Kosov\u00eb -\" \/>\n<meta property=\"og:description\" content=\"Prishtin\u00eb, 15 Korrik 2025 Festa komb\u00ebtare franceze, 14 korriku, u sh\u00ebnua edhe n\u00eb Kosov\u00eb. Ambasada e Franc\u00ebs organizoi nj\u00eb pritje ku u theksua forcimi i\" \/>\n<meta property=\"og:url\" content=\"https:\/\/veritasinfo.org\/?p=3848\" \/>\n<meta property=\"article:published_time\" content=\"2025-07-15T06:15:46+00:00\" \/>\n<meta property=\"og:image\" content=\"https:\/\/veritasinfo.org\/wp-content\/uploads\/2025\/07\/flamuri.jpg\" \/>\n\t<meta property=\"og:image:width\" content=\"767\" \/>\n\t<meta property=\"og:image:height\" content=\"414\" \/>\n\t<meta property=\"og:image:type\" content=\"image\/jpeg\" \/>\n<meta name=\"author\" content=\"US1\" \/>\n<meta name=\"twitter:card\" content=\"summary_large_image\" \/>\n<meta name=\"twitter:label1\" content=\"Written by\" \/>\n\t<meta name=\"twitter:data1\" content=\"US1\" \/>\n\t<meta name=\"twitter:label2\" content=\"Est. reading time\" \/>\n\t<meta name=\"twitter:data2\" content=\"1 minute\" \/>\n<script type=\"application\/ld+json\" class=\"yoast-schema-graph\">{\"@context\":\"https:\/\/schema.org\",\"@graph\":[{\"@type\":\"WebPage\",\"@id\":\"https:\/\/veritasinfo.org\/?p=3848\",\"url\":\"https:\/\/veritasinfo.org\/?p=3848\",\"name\":\"Dita e Franc\u00ebs u manifestua edhe n\u00eb Kosov\u00eb -\",\"isPartOf\":{\"@id\":\"https:\/\/veritasinfo.org\/#website\"},\"primaryImageOfPage\":{\"@id\":\"https:\/\/veritasinfo.org\/?p=3848#primaryimage\"},\"image\":{\"@id\":\"https:\/\/veritasinfo.org\/?p=3848#primaryimage\"},\"thumbnailUrl\":\"https:\/\/veritasinfo.org\/wp-content\/uploads\/2025\/07\/flamuri.jpg\",\"datePublished\":\"2025-07-15T06:15:46+00:00\",\"author\":{\"@id\":\"https:\/\/veritasinfo.org\/#\/schema\/person\/c2b8be262ea994d0995addca692c5e98\"},\"breadcrumb\":{\"@id\":\"https:\/\/veritasinfo.org\/?p=3848#breadcrumb\"},\"inLanguage\":\"en-US\",\"potentialAction\":[{\"@type\":\"ReadAction\",\"target\":[\"https:\/\/veritasinfo.org\/?p=3848\"]}]},{\"@type\":\"ImageObject\",\"inLanguage\":\"en-US\",\"@id\":\"https:\/\/veritasinfo.org\/?p=3848#primaryimage\",\"url\":\"https:\/\/veritasinfo.org\/wp-content\/uploads\/2025\/07\/flamuri.jpg\",\"contentUrl\":\"https:\/\/veritasinfo.org\/wp-content\/uploads\/2025\/07\/flamuri.jpg\",\"width\":767,\"height\":414},{\"@type\":\"BreadcrumbList\",\"@id\":\"https:\/\/veritasinfo.org\/?p=3848#breadcrumb\",\"itemListElement\":[{\"@type\":\"ListItem\",\"position\":1,\"name\":\"Home\",\"item\":\"https:\/\/veritasinfo.org\/\"},{\"@type\":\"ListItem\",\"position\":2,\"name\":\"Dita e Franc\u00ebs u manifestua edhe n\u00eb Kosov\u00eb\"}]},{\"@type\":\"WebSite\",\"@id\":\"https:\/\/veritasinfo.org\/#website\",\"url\":\"https:\/\/veritasinfo.org\/\",\"name\":\"\",\"description\":\"\",\"potentialAction\":[{\"@type\":\"SearchAction\",\"target\":{\"@type\":\"EntryPoint\",\"urlTemplate\":\"https:\/\/veritasinfo.org\/?s={search_term_string}\"},\"query-input\":{\"@type\":\"PropertyValueSpecification\",\"valueRequired\":true,\"valueName\":\"search_term_string\"}}],\"inLanguage\":\"en-US\"},{\"@type\":\"Person\",\"@id\":\"https:\/\/veritasinfo.org\/#\/schema\/person\/c2b8be262ea994d0995addca692c5e98\",\"name\":\"US1\",\"image\":{\"@type\":\"ImageObject\",\"inLanguage\":\"en-US\",\"@id\":\"https:\/\/veritasinfo.org\/#\/schema\/person\/image\/\",\"url\":\"https:\/\/secure.gravatar.com\/avatar\/4e96a59bd256abf9956eb9963ac891a47461ffb364d47b0e9aab113328fdb75b?s=96&d=mm&r=g\",\"contentUrl\":\"https:\/\/secure.gravatar.com\/avatar\/4e96a59bd256abf9956eb9963ac891a47461ffb364d47b0e9aab113328fdb75b?s=96&d=mm&r=g\",\"caption\":\"US1\"},\"url\":\"https:\/\/veritasinfo.org\/?author=2\"}]}<\/script>\n<!-- \/ Yoast SEO plugin. -->","yoast_head_json":{"title":"Dita e Franc\u00ebs u manifestua edhe n\u00eb Kosov\u00eb -","robots":{"index":"index","follow":"follow","max-snippet":"max-snippet:-1","max-image-preview":"max-image-preview:large","max-video-preview":"max-video-preview:-1"},"canonical":"https:\/\/veritasinfo.org\/?p=3848","og_locale":"en_US","og_type":"article","og_title":"Dita e Franc\u00ebs u manifestua edhe n\u00eb Kosov\u00eb -","og_description":"Prishtin\u00eb, 15 Korrik 2025 Festa komb\u00ebtare franceze, 14 korriku, u sh\u00ebnua edhe n\u00eb Kosov\u00eb. Ambasada e Franc\u00ebs organizoi nj\u00eb pritje ku u theksua forcimi i","og_url":"https:\/\/veritasinfo.org\/?p=3848","article_published_time":"2025-07-15T06:15:46+00:00","og_image":[{"width":767,"height":414,"url":"https:\/\/veritasinfo.org\/wp-content\/uploads\/2025\/07\/flamuri.jpg","type":"image\/jpeg"}],"author":"US1","twitter_card":"summary_large_image","twitter_misc":{"Written by":"US1","Est. reading time":"1 minute"},"schema":{"@context":"https:\/\/schema.org","@graph":[{"@type":"WebPage","@id":"https:\/\/veritasinfo.org\/?p=3848","url":"https:\/\/veritasinfo.org\/?p=3848","name":"Dita e Franc\u00ebs u manifestua edhe n\u00eb Kosov\u00eb -","isPartOf":{"@id":"https:\/\/veritasinfo.org\/#website"},"primaryImageOfPage":{"@id":"https:\/\/veritasinfo.org\/?p=3848#primaryimage"},"image":{"@id":"https:\/\/veritasinfo.org\/?p=3848#primaryimage"},"thumbnailUrl":"https:\/\/veritasinfo.org\/wp-content\/uploads\/2025\/07\/flamuri.jpg","datePublished":"2025-07-15T06:15:46+00:00","author":{"@id":"https:\/\/veritasinfo.org\/#\/schema\/person\/c2b8be262ea994d0995addca692c5e98"},"breadcrumb":{"@id":"https:\/\/veritasinfo.org\/?p=3848#breadcrumb"},"inLanguage":"en-US","potentialAction":[{"@type":"ReadAction","target":["https:\/\/veritasinfo.org\/?p=3848"]}]},{"@type":"ImageObject","inLanguage":"en-US","@id":"https:\/\/veritasinfo.org\/?p=3848#primaryimage","url":"https:\/\/veritasinfo.org\/wp-content\/uploads\/2025\/07\/flamuri.jpg","contentUrl":"https:\/\/veritasinfo.org\/wp-content\/uploads\/2025\/07\/flamuri.jpg","width":767,"height":414},{"@type":"BreadcrumbList","@id":"https:\/\/veritasinfo.org\/?p=3848#breadcrumb","itemListElement":[{"@type":"ListItem","position":1,"name":"Home","item":"https:\/\/veritasinfo.org\/"},{"@type":"ListItem","position":2,"name":"Dita e Franc\u00ebs u manifestua edhe n\u00eb Kosov\u00eb"}]},{"@type":"WebSite","@id":"https:\/\/veritasinfo.org\/#website","url":"https:\/\/veritasinfo.org\/","name":"","description":"","potentialAction":[{"@type":"SearchAction","target":{"@type":"EntryPoint","urlTemplate":"https:\/\/veritasinfo.org\/?s={search_term_string}"},"query-input":{"@type":"PropertyValueSpecification","valueRequired":true,"valueName":"search_term_string"}}],"inLanguage":"en-US"},{"@type":"Person","@id":"https:\/\/veritasinfo.org\/#\/schema\/person\/c2b8be262ea994d0995addca692c5e98","name":"US1","image":{"@type":"ImageObject","inLanguage":"en-US","@id":"https:\/\/veritasinfo.org\/#\/schema\/person\/image\/","url":"https:\/\/secure.gravatar.com\/avatar\/4e96a59bd256abf9956eb9963ac891a47461ffb364d47b0e9aab113328fdb75b?s=96&d=mm&r=g","contentUrl":"https:\/\/secure.gravatar.com\/avatar\/4e96a59bd256abf9956eb9963ac891a47461ffb364d47b0e9aab113328fdb75b?s=96&d=mm&r=g","caption":"US1"},"url":"https:\/\/veritasinfo.org\/?author=2"}]}},"featured_image_urls":{"full":["https:\/\/veritasinfo.org\/wp-content\/uploads\/2025\/07\/flamuri.jpg",767,414,false],"thumbnail":["https:\/\/veritasinfo.org\/wp-content\/uploads\/2025\/07\/flamuri-150x150.jpg",150,150,true],"medium":["https:\/\/veritasinfo.org\/wp-content\/uploads\/2025\/07\/flamuri-300x162.jpg",300,162,true],"medium_large":["https:\/\/veritasinfo.org\/wp-content\/uploads\/2025\/07\/flamuri.jpg",640,345,false],"large":["https:\/\/veritasinfo.org\/wp-content\/uploads\/2025\/07\/flamuri.jpg",640,345,false],"1536x1536":["https:\/\/veritasinfo.org\/wp-content\/uploads\/2025\/07\/flamuri.jpg",767,414,false],"2048x2048":["https:\/\/veritasinfo.org\/wp-content\/uploads\/2025\/07\/flamuri.jpg",767,414,false],"kreeti-slider-full":["https:\/\/veritasinfo.org\/wp-content\/uploads\/2025\/07\/flamuri.jpg",767,414,false],"kreeti-featured":["https:\/\/veritasinfo.org\/wp-content\/uploads\/2025\/07\/flamuri.jpg",767,414,false],"kreeti-medium":["https:\/\/veritasinfo.org\/wp-content\/uploads\/2025\/07\/flamuri.jpg",720,389,false],"kreeti-medium-square":["https:\/\/veritasinfo.org\/wp-content\/uploads\/2025\/07\/flamuri.jpg",350,189,false]},"author_info":{"info":["US1"]},"category_info":"<a href=\"https:\/\/veritasinfo.org\/?cat=60\" rel=\"category\">Shoq\u00ebrore<\/a>","tag_info":"Shoq\u00ebrore","comment_count":"0","_links":{"self":[{"href":"https:\/\/veritasinfo.org\/index.php?rest_route=\/wp\/v2\/posts\/3848","targetHints":{"allow":["GET"]}}],"collection":[{"href":"https:\/\/veritasinfo.org\/index.php?rest_route=\/wp\/v2\/posts"}],"about":[{"href":"https:\/\/veritasinfo.org\/index.php?rest_route=\/wp\/v2\/types\/post"}],"author":[{"embeddable":true,"href":"https:\/\/veritasinfo.org\/index.php?rest_route=\/wp\/v2\/users\/2"}],"replies":[{"embeddable":true,"href":"https:\/\/veritasinfo.org\/index.php?rest_route=%2Fwp%2Fv2%2Fcomments&post=3848"}],"version-history":[{"count":1,"href":"https:\/\/veritasinfo.org\/index.php?rest_route=\/wp\/v2\/posts\/3848\/revisions"}],"predecessor-version":[{"id":3850,"href":"https:\/\/veritasinfo.org\/index.php?rest_route=\/wp\/v2\/posts\/3848\/revisions\/3850"}],"wp:featuredmedia":[{"embeddable":true,"href":"https:\/\/veritasinfo.org\/index.php?rest_route=\/wp\/v2\/media\/3849"}],"wp:attachment":[{"href":"https:\/\/veritasinfo.org\/index.php?rest_route=%2Fwp%2Fv2%2Fmedia&parent=3848"}],"wp:term":[{"taxonomy":"category","embeddable":true,"href":"https:\/\/veritasinfo.org\/index.php?rest_route=%2Fwp%2Fv2%2Fcategories&post=3848"},{"taxonomy":"post_tag","embeddable":true,"href":"https:\/\/veritasinfo.org\/index.php?rest_route=%2Fwp%2Fv2%2Ftags&post=3848"}],"curies":[{"name":"wp","href":"https:\/\/api.w.org\/{rel}","templated":true}]}}