{"id":38470,"date":"2026-03-18T19:06:14","date_gmt":"2026-03-18T18:06:14","guid":{"rendered":"https:\/\/veritasinfo.org\/?p=38470"},"modified":"2026-03-18T19:06:14","modified_gmt":"2026-03-18T18:06:14","slug":"themelohen-ekipe-te-vecanta-per-mbeshtetjen-e-zbatimit-te-ligjit-per-te-huajt-dhe-te-automjeteve","status":"publish","type":"post","link":"https:\/\/veritasinfo.org\/?p=38470","title":{"rendered":"Themelohen ekipe t\u00eb ve\u00e7anta p\u00ebr mb\u00ebshtetjen e zbatimit t\u00eb Ligjit p\u00ebr t\u00eb Huajt dhe t\u00eb Automjeteve"},"content":{"rendered":"<p>Prishtin\u00eb, 18 mars 2026 19:05<\/p>\n<p>Ministri i Pun\u00ebve t\u00eb Brendshme Xhelal Sve\u00e7la ka takuar sot zyrtar\u00ebt e gjendjes civile t\u00eb komunave t\u00eb rajonit t\u00eb Mitrovic\u00ebs si dhe zyrtar\u00ebt e MPB-s\u00eb t\u00eb cil\u00ebt jan\u00eb t\u00eb angazhuar n\u00eb zbatimin e Ligjit p\u00ebr Automjetet dhe Ligjit p\u00ebr t\u00eb Huajt.<\/p>\n<p>N\u00eb njoftimin e MPB-s\u00eb b\u00ebhet e ditur se jan\u00eb themeluar edhe ekipe t\u00eb ve\u00e7anta mb\u00ebshtet\u00ebse p\u00ebr t\u00eb ofruar asistenc\u00eb rreth ndonj\u00eb paqart\u00ebsie gjat\u00eb zbatimit t\u00eb k\u00ebtyre ligjeve.<\/p>\n<p>Zbatimi i k\u00ebtyre dy ligjeve ka hyr\u00eb n\u00eb fuqi q\u00eb nga 15 marsi.<\/p>\n<p>\u201cGjithashtu, \u00ebsht\u00eb b\u00ebr\u00eb e ditur se, me q\u00ebllim t\u00eb leht\u00ebsimit t\u00eb zbatimit t\u00eb k\u00ebtij procesi, MPB ka themeluar ekipe t\u00eb ve\u00e7anta mb\u00ebshtet\u00ebse, t\u00eb cilat do t\u00eb ofrojn\u00eb asistenc\u00eb dhe sqarime p\u00ebr \u00e7do paqart\u00ebsi q\u00eb mund t\u00eb paraqitet gjat\u00eb trajtimit t\u00eb k\u00ebrkesave, duke kontribuar n\u00eb rritjen e efikasitetit n\u00eb procedurat administrative\u201d, thuhet n\u00eb njoftimin e MPB-s\u00eb.<\/p>\n<p>Me nd\u00ebrmjet\u00ebsimin e BE-s\u00eb, Qeveria \u00ebsht\u00eb pajtuar q\u00eb zbatimi i Ligjit p\u00ebr t\u00eb huaj t\u00eb b\u00ebhet me leht\u00ebsira p\u00ebr komunitetin serb. Bazuar n\u00eb to, student\u00ebve dhe pun\u00ebtor\u00ebve do t\u2019u ofrohet leje e p\u00ebrkohshme e q\u00ebndrimit me afat 12 mujor. Krahas k\u00ebsaj, edhe p\u00ebrgjat\u00eb tre muajve, Qeveria t\u2019i njoh\u00eb dokumentet e identifikimit t\u00eb l\u00ebshuara nga strukturat paralele serbe.<\/p>\n<p>Ligji ka hyr\u00eb n\u00eb fuqi q\u00eb nga e diela, nj\u00eb dit\u00eb pasi Qeveria, me k\u00ebrkes\u00eb nga Bashkimi Evropian, \u00ebsht\u00eb pajtuar q\u00eb t\u2019u ofroj\u00eb leht\u00ebsira qytetar\u00ebve serb\u00eb.<\/p>\n<p>Nd\u00ebrkoh\u00eb burime t\u00eb KOH\u00cbS kan\u00eb b\u00ebr\u00eb t\u00eb ditur se m\u00eb shum\u00eb e 100 shtetas t\u00eb huaj, shumica e t\u00eb cil\u00ebve t\u00eb Serbis\u00eb, i kan\u00eb regjistruar adresat e tyre t\u00eb q\u00ebndrimit n\u00eb Kosov\u00eb, n\u00eb p\u00ebrputhje me Ligjin p\u00ebr t\u00eb huajt deri t\u00eb mart\u00ebn pasdite.<\/p>\n<p>&nbsp;<\/p>\n","protected":false},"excerpt":{"rendered":"<p>Prishtin\u00eb, 18 mars 2026 19:05 Ministri i Pun\u00ebve t\u00eb Brendshme Xhelal Sve\u00e7la ka takuar sot zyrtar\u00ebt e gjendjes civile t\u00eb komunave t\u00eb rajonit t\u00eb Mitrovic\u00ebs<\/p>\n","protected":false},"author":7,"featured_media":38471,"comment_status":"open","ping_status":"open","sticky":false,"template":"","format":"standard","meta":{"footnotes":""},"categories":[60],"tags":[],"class_list":["post-38470","post","type-post","status-publish","format-standard","has-post-thumbnail","hentry","category-shoqerore-sq"],"yoast_head":"<!-- This site is optimized with the Yoast SEO plugin v25.3.1 - https:\/\/yoast.com\/wordpress\/plugins\/seo\/ -->\n<title>Themelohen ekipe t\u00eb ve\u00e7anta p\u00ebr mb\u00ebshtetjen e zbatimit t\u00eb Ligjit p\u00ebr t\u00eb Huajt dhe t\u00eb Automjeteve -<\/title>\n<meta name=\"robots\" content=\"index, follow, max-snippet:-1, max-image-preview:large, max-video-preview:-1\" \/>\n<link rel=\"canonical\" href=\"https:\/\/veritasinfo.org\/?p=38470\" \/>\n<meta property=\"og:locale\" content=\"en_US\" \/>\n<meta property=\"og:type\" content=\"article\" \/>\n<meta property=\"og:title\" content=\"Themelohen ekipe t\u00eb ve\u00e7anta p\u00ebr mb\u00ebshtetjen e zbatimit t\u00eb Ligjit p\u00ebr t\u00eb Huajt dhe t\u00eb Automjeteve -\" \/>\n<meta property=\"og:description\" content=\"Prishtin\u00eb, 18 mars 2026 19:05 Ministri i Pun\u00ebve t\u00eb Brendshme Xhelal Sve\u00e7la ka takuar sot zyrtar\u00ebt e gjendjes civile t\u00eb komunave t\u00eb rajonit t\u00eb Mitrovic\u00ebs\" \/>\n<meta property=\"og:url\" content=\"https:\/\/veritasinfo.org\/?p=38470\" \/>\n<meta property=\"article:published_time\" content=\"2026-03-18T18:06:14+00:00\" \/>\n<meta property=\"og:image\" content=\"https:\/\/veritasinfo.org\/wp-content\/uploads\/2026\/03\/484818e5-a004-44c9-9e59-b9cd77374011.webp\" \/>\n\t<meta property=\"og:image:width\" content=\"570\" \/>\n\t<meta property=\"og:image:height\" content=\"514\" \/>\n\t<meta property=\"og:image:type\" content=\"image\/webp\" \/>\n<meta name=\"author\" content=\"US6\" \/>\n<meta name=\"twitter:card\" content=\"summary_large_image\" \/>\n<meta name=\"twitter:label1\" content=\"Written by\" \/>\n\t<meta name=\"twitter:data1\" content=\"US6\" \/>\n\t<meta name=\"twitter:label2\" content=\"Est. reading time\" \/>\n\t<meta name=\"twitter:data2\" content=\"2 minutes\" \/>\n<script type=\"application\/ld+json\" class=\"yoast-schema-graph\">{\"@context\":\"https:\/\/schema.org\",\"@graph\":[{\"@type\":\"WebPage\",\"@id\":\"https:\/\/veritasinfo.org\/?p=38470\",\"url\":\"https:\/\/veritasinfo.org\/?p=38470\",\"name\":\"Themelohen ekipe t\u00eb ve\u00e7anta p\u00ebr mb\u00ebshtetjen e zbatimit t\u00eb Ligjit p\u00ebr t\u00eb Huajt dhe t\u00eb Automjeteve -\",\"isPartOf\":{\"@id\":\"https:\/\/veritasinfo.org\/#website\"},\"primaryImageOfPage\":{\"@id\":\"https:\/\/veritasinfo.org\/?p=38470#primaryimage\"},\"image\":{\"@id\":\"https:\/\/veritasinfo.org\/?p=38470#primaryimage\"},\"thumbnailUrl\":\"https:\/\/veritasinfo.org\/wp-content\/uploads\/2026\/03\/484818e5-a004-44c9-9e59-b9cd77374011.webp\",\"datePublished\":\"2026-03-18T18:06:14+00:00\",\"author\":{\"@id\":\"https:\/\/veritasinfo.org\/#\/schema\/person\/fe199eede04c3937362892b7444747cc\"},\"breadcrumb\":{\"@id\":\"https:\/\/veritasinfo.org\/?p=38470#breadcrumb\"},\"inLanguage\":\"en-US\",\"potentialAction\":[{\"@type\":\"ReadAction\",\"target\":[\"https:\/\/veritasinfo.org\/?p=38470\"]}]},{\"@type\":\"ImageObject\",\"inLanguage\":\"en-US\",\"@id\":\"https:\/\/veritasinfo.org\/?p=38470#primaryimage\",\"url\":\"https:\/\/veritasinfo.org\/wp-content\/uploads\/2026\/03\/484818e5-a004-44c9-9e59-b9cd77374011.webp\",\"contentUrl\":\"https:\/\/veritasinfo.org\/wp-content\/uploads\/2026\/03\/484818e5-a004-44c9-9e59-b9cd77374011.webp\",\"width\":570,\"height\":514},{\"@type\":\"BreadcrumbList\",\"@id\":\"https:\/\/veritasinfo.org\/?p=38470#breadcrumb\",\"itemListElement\":[{\"@type\":\"ListItem\",\"position\":1,\"name\":\"Home\",\"item\":\"https:\/\/veritasinfo.org\/\"},{\"@type\":\"ListItem\",\"position\":2,\"name\":\"Themelohen ekipe t\u00eb ve\u00e7anta p\u00ebr mb\u00ebshtetjen e zbatimit t\u00eb Ligjit p\u00ebr t\u00eb Huajt dhe t\u00eb Automjeteve\"}]},{\"@type\":\"WebSite\",\"@id\":\"https:\/\/veritasinfo.org\/#website\",\"url\":\"https:\/\/veritasinfo.org\/\",\"name\":\"\",\"description\":\"\",\"potentialAction\":[{\"@type\":\"SearchAction\",\"target\":{\"@type\":\"EntryPoint\",\"urlTemplate\":\"https:\/\/veritasinfo.org\/?s={search_term_string}\"},\"query-input\":{\"@type\":\"PropertyValueSpecification\",\"valueRequired\":true,\"valueName\":\"search_term_string\"}}],\"inLanguage\":\"en-US\"},{\"@type\":\"Person\",\"@id\":\"https:\/\/veritasinfo.org\/#\/schema\/person\/fe199eede04c3937362892b7444747cc\",\"name\":\"US6\",\"image\":{\"@type\":\"ImageObject\",\"inLanguage\":\"en-US\",\"@id\":\"https:\/\/veritasinfo.org\/#\/schema\/person\/image\/\",\"url\":\"https:\/\/secure.gravatar.com\/avatar\/cb16c3c31c9d23b9b8c705964598220b3014e42ff51eb540ff23cefa3ae8c15f?s=96&d=mm&r=g\",\"contentUrl\":\"https:\/\/secure.gravatar.com\/avatar\/cb16c3c31c9d23b9b8c705964598220b3014e42ff51eb540ff23cefa3ae8c15f?s=96&d=mm&r=g\",\"caption\":\"US6\"},\"url\":\"https:\/\/veritasinfo.org\/?author=7\"}]}<\/script>\n<!-- \/ Yoast SEO plugin. -->","yoast_head_json":{"title":"Themelohen ekipe t\u00eb ve\u00e7anta p\u00ebr mb\u00ebshtetjen e zbatimit t\u00eb Ligjit p\u00ebr t\u00eb Huajt dhe t\u00eb Automjeteve -","robots":{"index":"index","follow":"follow","max-snippet":"max-snippet:-1","max-image-preview":"max-image-preview:large","max-video-preview":"max-video-preview:-1"},"canonical":"https:\/\/veritasinfo.org\/?p=38470","og_locale":"en_US","og_type":"article","og_title":"Themelohen ekipe t\u00eb ve\u00e7anta p\u00ebr mb\u00ebshtetjen e zbatimit t\u00eb Ligjit p\u00ebr t\u00eb Huajt dhe t\u00eb Automjeteve -","og_description":"Prishtin\u00eb, 18 mars 2026 19:05 Ministri i Pun\u00ebve t\u00eb Brendshme Xhelal Sve\u00e7la ka takuar sot zyrtar\u00ebt e gjendjes civile t\u00eb komunave t\u00eb rajonit t\u00eb Mitrovic\u00ebs","og_url":"https:\/\/veritasinfo.org\/?p=38470","article_published_time":"2026-03-18T18:06:14+00:00","og_image":[{"width":570,"height":514,"url":"https:\/\/veritasinfo.org\/wp-content\/uploads\/2026\/03\/484818e5-a004-44c9-9e59-b9cd77374011.webp","type":"image\/webp"}],"author":"US6","twitter_card":"summary_large_image","twitter_misc":{"Written by":"US6","Est. reading time":"2 minutes"},"schema":{"@context":"https:\/\/schema.org","@graph":[{"@type":"WebPage","@id":"https:\/\/veritasinfo.org\/?p=38470","url":"https:\/\/veritasinfo.org\/?p=38470","name":"Themelohen ekipe t\u00eb ve\u00e7anta p\u00ebr mb\u00ebshtetjen e zbatimit t\u00eb Ligjit p\u00ebr t\u00eb Huajt dhe t\u00eb Automjeteve -","isPartOf":{"@id":"https:\/\/veritasinfo.org\/#website"},"primaryImageOfPage":{"@id":"https:\/\/veritasinfo.org\/?p=38470#primaryimage"},"image":{"@id":"https:\/\/veritasinfo.org\/?p=38470#primaryimage"},"thumbnailUrl":"https:\/\/veritasinfo.org\/wp-content\/uploads\/2026\/03\/484818e5-a004-44c9-9e59-b9cd77374011.webp","datePublished":"2026-03-18T18:06:14+00:00","author":{"@id":"https:\/\/veritasinfo.org\/#\/schema\/person\/fe199eede04c3937362892b7444747cc"},"breadcrumb":{"@id":"https:\/\/veritasinfo.org\/?p=38470#breadcrumb"},"inLanguage":"en-US","potentialAction":[{"@type":"ReadAction","target":["https:\/\/veritasinfo.org\/?p=38470"]}]},{"@type":"ImageObject","inLanguage":"en-US","@id":"https:\/\/veritasinfo.org\/?p=38470#primaryimage","url":"https:\/\/veritasinfo.org\/wp-content\/uploads\/2026\/03\/484818e5-a004-44c9-9e59-b9cd77374011.webp","contentUrl":"https:\/\/veritasinfo.org\/wp-content\/uploads\/2026\/03\/484818e5-a004-44c9-9e59-b9cd77374011.webp","width":570,"height":514},{"@type":"BreadcrumbList","@id":"https:\/\/veritasinfo.org\/?p=38470#breadcrumb","itemListElement":[{"@type":"ListItem","position":1,"name":"Home","item":"https:\/\/veritasinfo.org\/"},{"@type":"ListItem","position":2,"name":"Themelohen ekipe t\u00eb ve\u00e7anta p\u00ebr mb\u00ebshtetjen e zbatimit t\u00eb Ligjit p\u00ebr t\u00eb Huajt dhe t\u00eb Automjeteve"}]},{"@type":"WebSite","@id":"https:\/\/veritasinfo.org\/#website","url":"https:\/\/veritasinfo.org\/","name":"","description":"","potentialAction":[{"@type":"SearchAction","target":{"@type":"EntryPoint","urlTemplate":"https:\/\/veritasinfo.org\/?s={search_term_string}"},"query-input":{"@type":"PropertyValueSpecification","valueRequired":true,"valueName":"search_term_string"}}],"inLanguage":"en-US"},{"@type":"Person","@id":"https:\/\/veritasinfo.org\/#\/schema\/person\/fe199eede04c3937362892b7444747cc","name":"US6","image":{"@type":"ImageObject","inLanguage":"en-US","@id":"https:\/\/veritasinfo.org\/#\/schema\/person\/image\/","url":"https:\/\/secure.gravatar.com\/avatar\/cb16c3c31c9d23b9b8c705964598220b3014e42ff51eb540ff23cefa3ae8c15f?s=96&d=mm&r=g","contentUrl":"https:\/\/secure.gravatar.com\/avatar\/cb16c3c31c9d23b9b8c705964598220b3014e42ff51eb540ff23cefa3ae8c15f?s=96&d=mm&r=g","caption":"US6"},"url":"https:\/\/veritasinfo.org\/?author=7"}]}},"featured_image_urls":{"full":["https:\/\/veritasinfo.org\/wp-content\/uploads\/2026\/03\/484818e5-a004-44c9-9e59-b9cd77374011.webp",570,514,false],"thumbnail":["https:\/\/veritasinfo.org\/wp-content\/uploads\/2026\/03\/484818e5-a004-44c9-9e59-b9cd77374011-150x150.webp",150,150,true],"medium":["https:\/\/veritasinfo.org\/wp-content\/uploads\/2026\/03\/484818e5-a004-44c9-9e59-b9cd77374011-300x271.webp",300,271,true],"medium_large":["https:\/\/veritasinfo.org\/wp-content\/uploads\/2026\/03\/484818e5-a004-44c9-9e59-b9cd77374011.webp",570,514,false],"large":["https:\/\/veritasinfo.org\/wp-content\/uploads\/2026\/03\/484818e5-a004-44c9-9e59-b9cd77374011.webp",570,514,false],"1536x1536":["https:\/\/veritasinfo.org\/wp-content\/uploads\/2026\/03\/484818e5-a004-44c9-9e59-b9cd77374011.webp",570,514,false],"2048x2048":["https:\/\/veritasinfo.org\/wp-content\/uploads\/2026\/03\/484818e5-a004-44c9-9e59-b9cd77374011.webp",570,514,false],"kreeti-slider-full":["https:\/\/veritasinfo.org\/wp-content\/uploads\/2026\/03\/484818e5-a004-44c9-9e59-b9cd77374011.webp",570,514,false],"kreeti-featured":["https:\/\/veritasinfo.org\/wp-content\/uploads\/2026\/03\/484818e5-a004-44c9-9e59-b9cd77374011.webp",570,514,false],"kreeti-medium":["https:\/\/veritasinfo.org\/wp-content\/uploads\/2026\/03\/484818e5-a004-44c9-9e59-b9cd77374011.webp",570,514,false],"kreeti-medium-square":["https:\/\/veritasinfo.org\/wp-content\/uploads\/2026\/03\/484818e5-a004-44c9-9e59-b9cd77374011.webp",350,316,false]},"author_info":{"info":["US6"]},"category_info":"<a href=\"https:\/\/veritasinfo.org\/?cat=60\" rel=\"category\">Shoq\u00ebrore<\/a>","tag_info":"Shoq\u00ebrore","comment_count":"0","_links":{"self":[{"href":"https:\/\/veritasinfo.org\/index.php?rest_route=\/wp\/v2\/posts\/38470","targetHints":{"allow":["GET"]}}],"collection":[{"href":"https:\/\/veritasinfo.org\/index.php?rest_route=\/wp\/v2\/posts"}],"about":[{"href":"https:\/\/veritasinfo.org\/index.php?rest_route=\/wp\/v2\/types\/post"}],"author":[{"embeddable":true,"href":"https:\/\/veritasinfo.org\/index.php?rest_route=\/wp\/v2\/users\/7"}],"replies":[{"embeddable":true,"href":"https:\/\/veritasinfo.org\/index.php?rest_route=%2Fwp%2Fv2%2Fcomments&post=38470"}],"version-history":[{"count":1,"href":"https:\/\/veritasinfo.org\/index.php?rest_route=\/wp\/v2\/posts\/38470\/revisions"}],"predecessor-version":[{"id":38472,"href":"https:\/\/veritasinfo.org\/index.php?rest_route=\/wp\/v2\/posts\/38470\/revisions\/38472"}],"wp:featuredmedia":[{"embeddable":true,"href":"https:\/\/veritasinfo.org\/index.php?rest_route=\/wp\/v2\/media\/38471"}],"wp:attachment":[{"href":"https:\/\/veritasinfo.org\/index.php?rest_route=%2Fwp%2Fv2%2Fmedia&parent=38470"}],"wp:term":[{"taxonomy":"category","embeddable":true,"href":"https:\/\/veritasinfo.org\/index.php?rest_route=%2Fwp%2Fv2%2Fcategories&post=38470"},{"taxonomy":"post_tag","embeddable":true,"href":"https:\/\/veritasinfo.org\/index.php?rest_route=%2Fwp%2Fv2%2Ftags&post=38470"}],"curies":[{"name":"wp","href":"https:\/\/api.w.org\/{rel}","templated":true}]}}