{"id":38464,"date":"2026-03-18T18:48:33","date_gmt":"2026-03-18T17:48:33","guid":{"rendered":"https:\/\/veritasinfo.org\/?p=38464"},"modified":"2026-03-18T18:48:33","modified_gmt":"2026-03-18T17:48:33","slug":"specialja-ia-vazhdon-paraburgimin-kadri-veselit","status":"publish","type":"post","link":"https:\/\/veritasinfo.org\/?p=38464","title":{"rendered":"Specialja ia vazhdon paraburgimin Kadri Veselit"},"content":{"rendered":"<p>Prishtin\u00eb, 18 mars 2026 18:47<\/p>\n<p>Gjykata Speciale me seli n\u00eb Hag\u00eb ia ka vazhduar paraburgimin ish-kryekuvendarit, Kadri Veseli.<\/p>\n<p>Kjo mas\u00eb u mor p\u00ebrkund\u00ebr q\u00eb procesi gjyq\u00ebsor ndaj kat\u00ebrshes s\u00eb U\u00c7K-s\u00eb ka p\u00ebrfunduar.<\/p>\n<p>Gjyqtar\u00ebt s\u00ebrish theksuan se Prokuroria po i p\u00ebrmend t\u00eb nj\u00ebjtat argumente.<\/p>\n<p>\u201cPaneli v\u00ebren se ZPS-ja po paraqet n\u00eb thelb t\u00eb nj\u00ebjtat argumente q\u00eb Paneli i ka shqyrtuar dhe hedhur posht\u00eb tashm\u00eb n\u00eb lidhje me \u00e7\u00ebshtjet e m\u00ebposhtme: (i) nd\u00ebrgjegj\u00ebsimi i Z. Veseli p\u00ebr seriozitetin e akuzave t\u00eb konfirmuara kund\u00ebr tij; (ii) potenciali i nj\u00eb d\u00ebnimi t\u00eb gjat\u00eb; (iii) provat e paraqitura kund\u00ebr tij; dhe (iv) nd\u00ebrgjegj\u00ebsimi i Z. Veseli p\u00ebr ndryshimin e kushteve t\u00eb paraburgimit t\u00eb tij. N\u00eb k\u00ebt\u00eb drejtim, Paneli kujton konstatimin e Panelit t\u00eb Gjykat\u00ebs s\u00eb Apelit se nuk duhet t\u00eb pritet q\u00eb Gjyqtari i Procedur\u00ebs Paraprake t\u00eb shqyrtoj\u00eb parashtresa q\u00eb thjesht p\u00ebrs\u00ebrisin argumente q\u00eb jan\u00eb trajtuar tashm\u00eb n\u00eb vendimet e m\u00ebparshme t\u00eb shqyrtimit\u201d, thuhet n\u00eb vendim.<\/p>\n","protected":false},"excerpt":{"rendered":"<p>Prishtin\u00eb, 18 mars 2026 18:47 Gjykata Speciale me seli n\u00eb Hag\u00eb ia ka vazhduar paraburgimin ish-kryekuvendarit, Kadri Veseli. Kjo mas\u00eb u mor p\u00ebrkund\u00ebr q\u00eb procesi<\/p>\n","protected":false},"author":7,"featured_media":38466,"comment_status":"open","ping_status":"open","sticky":false,"template":"","format":"standard","meta":{"footnotes":""},"categories":[60],"tags":[],"class_list":["post-38464","post","type-post","status-publish","format-standard","has-post-thumbnail","hentry","category-shoqerore-sq"],"yoast_head":"<!-- This site is optimized with the Yoast SEO plugin v25.3.1 - https:\/\/yoast.com\/wordpress\/plugins\/seo\/ -->\n<title>Specialja ia vazhdon paraburgimin Kadri Veselit -<\/title>\n<meta name=\"robots\" content=\"index, follow, max-snippet:-1, max-image-preview:large, max-video-preview:-1\" \/>\n<link rel=\"canonical\" href=\"https:\/\/veritasinfo.org\/?p=38464\" \/>\n<meta property=\"og:locale\" content=\"en_US\" \/>\n<meta property=\"og:type\" content=\"article\" \/>\n<meta property=\"og:title\" content=\"Specialja ia vazhdon paraburgimin Kadri Veselit -\" \/>\n<meta property=\"og:description\" content=\"Prishtin\u00eb, 18 mars 2026 18:47 Gjykata Speciale me seli n\u00eb Hag\u00eb ia ka vazhduar paraburgimin ish-kryekuvendarit, Kadri Veseli. Kjo mas\u00eb u mor p\u00ebrkund\u00ebr q\u00eb procesi\" \/>\n<meta property=\"og:url\" content=\"https:\/\/veritasinfo.org\/?p=38464\" \/>\n<meta property=\"article:published_time\" content=\"2026-03-18T17:48:33+00:00\" \/>\n<meta property=\"og:image\" content=\"https:\/\/veritasinfo.org\/wp-content\/uploads\/2026\/03\/Kadri-Veseli-2-e1624623900618.png\" \/>\n\t<meta property=\"og:image:width\" content=\"1743\" \/>\n\t<meta property=\"og:image:height\" content=\"867\" \/>\n\t<meta property=\"og:image:type\" content=\"image\/png\" \/>\n<meta name=\"author\" content=\"US6\" \/>\n<meta name=\"twitter:card\" content=\"summary_large_image\" \/>\n<meta name=\"twitter:label1\" content=\"Written by\" \/>\n\t<meta name=\"twitter:data1\" content=\"US6\" \/>\n\t<meta name=\"twitter:label2\" content=\"Est. reading time\" \/>\n\t<meta name=\"twitter:data2\" content=\"1 minute\" \/>\n<script type=\"application\/ld+json\" class=\"yoast-schema-graph\">{\"@context\":\"https:\/\/schema.org\",\"@graph\":[{\"@type\":\"WebPage\",\"@id\":\"https:\/\/veritasinfo.org\/?p=38464\",\"url\":\"https:\/\/veritasinfo.org\/?p=38464\",\"name\":\"Specialja ia vazhdon paraburgimin Kadri Veselit -\",\"isPartOf\":{\"@id\":\"https:\/\/veritasinfo.org\/#website\"},\"primaryImageOfPage\":{\"@id\":\"https:\/\/veritasinfo.org\/?p=38464#primaryimage\"},\"image\":{\"@id\":\"https:\/\/veritasinfo.org\/?p=38464#primaryimage\"},\"thumbnailUrl\":\"https:\/\/veritasinfo.org\/wp-content\/uploads\/2026\/03\/Kadri-Veseli-2-e1624623900618.png\",\"datePublished\":\"2026-03-18T17:48:33+00:00\",\"author\":{\"@id\":\"https:\/\/veritasinfo.org\/#\/schema\/person\/fe199eede04c3937362892b7444747cc\"},\"breadcrumb\":{\"@id\":\"https:\/\/veritasinfo.org\/?p=38464#breadcrumb\"},\"inLanguage\":\"en-US\",\"potentialAction\":[{\"@type\":\"ReadAction\",\"target\":[\"https:\/\/veritasinfo.org\/?p=38464\"]}]},{\"@type\":\"ImageObject\",\"inLanguage\":\"en-US\",\"@id\":\"https:\/\/veritasinfo.org\/?p=38464#primaryimage\",\"url\":\"https:\/\/veritasinfo.org\/wp-content\/uploads\/2026\/03\/Kadri-Veseli-2-e1624623900618.png\",\"contentUrl\":\"https:\/\/veritasinfo.org\/wp-content\/uploads\/2026\/03\/Kadri-Veseli-2-e1624623900618.png\",\"width\":1743,\"height\":867},{\"@type\":\"BreadcrumbList\",\"@id\":\"https:\/\/veritasinfo.org\/?p=38464#breadcrumb\",\"itemListElement\":[{\"@type\":\"ListItem\",\"position\":1,\"name\":\"Home\",\"item\":\"https:\/\/veritasinfo.org\/\"},{\"@type\":\"ListItem\",\"position\":2,\"name\":\"Specialja ia vazhdon paraburgimin Kadri Veselit\"}]},{\"@type\":\"WebSite\",\"@id\":\"https:\/\/veritasinfo.org\/#website\",\"url\":\"https:\/\/veritasinfo.org\/\",\"name\":\"\",\"description\":\"\",\"potentialAction\":[{\"@type\":\"SearchAction\",\"target\":{\"@type\":\"EntryPoint\",\"urlTemplate\":\"https:\/\/veritasinfo.org\/?s={search_term_string}\"},\"query-input\":{\"@type\":\"PropertyValueSpecification\",\"valueRequired\":true,\"valueName\":\"search_term_string\"}}],\"inLanguage\":\"en-US\"},{\"@type\":\"Person\",\"@id\":\"https:\/\/veritasinfo.org\/#\/schema\/person\/fe199eede04c3937362892b7444747cc\",\"name\":\"US6\",\"image\":{\"@type\":\"ImageObject\",\"inLanguage\":\"en-US\",\"@id\":\"https:\/\/veritasinfo.org\/#\/schema\/person\/image\/\",\"url\":\"https:\/\/secure.gravatar.com\/avatar\/cb16c3c31c9d23b9b8c705964598220b3014e42ff51eb540ff23cefa3ae8c15f?s=96&d=mm&r=g\",\"contentUrl\":\"https:\/\/secure.gravatar.com\/avatar\/cb16c3c31c9d23b9b8c705964598220b3014e42ff51eb540ff23cefa3ae8c15f?s=96&d=mm&r=g\",\"caption\":\"US6\"},\"url\":\"https:\/\/veritasinfo.org\/?author=7\"}]}<\/script>\n<!-- \/ Yoast SEO plugin. -->","yoast_head_json":{"title":"Specialja ia vazhdon paraburgimin Kadri Veselit -","robots":{"index":"index","follow":"follow","max-snippet":"max-snippet:-1","max-image-preview":"max-image-preview:large","max-video-preview":"max-video-preview:-1"},"canonical":"https:\/\/veritasinfo.org\/?p=38464","og_locale":"en_US","og_type":"article","og_title":"Specialja ia vazhdon paraburgimin Kadri Veselit -","og_description":"Prishtin\u00eb, 18 mars 2026 18:47 Gjykata Speciale me seli n\u00eb Hag\u00eb ia ka vazhduar paraburgimin ish-kryekuvendarit, Kadri Veseli. Kjo mas\u00eb u mor p\u00ebrkund\u00ebr q\u00eb procesi","og_url":"https:\/\/veritasinfo.org\/?p=38464","article_published_time":"2026-03-18T17:48:33+00:00","og_image":[{"width":1743,"height":867,"url":"https:\/\/veritasinfo.org\/wp-content\/uploads\/2026\/03\/Kadri-Veseli-2-e1624623900618.png","type":"image\/png"}],"author":"US6","twitter_card":"summary_large_image","twitter_misc":{"Written by":"US6","Est. reading time":"1 minute"},"schema":{"@context":"https:\/\/schema.org","@graph":[{"@type":"WebPage","@id":"https:\/\/veritasinfo.org\/?p=38464","url":"https:\/\/veritasinfo.org\/?p=38464","name":"Specialja ia vazhdon paraburgimin Kadri Veselit -","isPartOf":{"@id":"https:\/\/veritasinfo.org\/#website"},"primaryImageOfPage":{"@id":"https:\/\/veritasinfo.org\/?p=38464#primaryimage"},"image":{"@id":"https:\/\/veritasinfo.org\/?p=38464#primaryimage"},"thumbnailUrl":"https:\/\/veritasinfo.org\/wp-content\/uploads\/2026\/03\/Kadri-Veseli-2-e1624623900618.png","datePublished":"2026-03-18T17:48:33+00:00","author":{"@id":"https:\/\/veritasinfo.org\/#\/schema\/person\/fe199eede04c3937362892b7444747cc"},"breadcrumb":{"@id":"https:\/\/veritasinfo.org\/?p=38464#breadcrumb"},"inLanguage":"en-US","potentialAction":[{"@type":"ReadAction","target":["https:\/\/veritasinfo.org\/?p=38464"]}]},{"@type":"ImageObject","inLanguage":"en-US","@id":"https:\/\/veritasinfo.org\/?p=38464#primaryimage","url":"https:\/\/veritasinfo.org\/wp-content\/uploads\/2026\/03\/Kadri-Veseli-2-e1624623900618.png","contentUrl":"https:\/\/veritasinfo.org\/wp-content\/uploads\/2026\/03\/Kadri-Veseli-2-e1624623900618.png","width":1743,"height":867},{"@type":"BreadcrumbList","@id":"https:\/\/veritasinfo.org\/?p=38464#breadcrumb","itemListElement":[{"@type":"ListItem","position":1,"name":"Home","item":"https:\/\/veritasinfo.org\/"},{"@type":"ListItem","position":2,"name":"Specialja ia vazhdon paraburgimin Kadri Veselit"}]},{"@type":"WebSite","@id":"https:\/\/veritasinfo.org\/#website","url":"https:\/\/veritasinfo.org\/","name":"","description":"","potentialAction":[{"@type":"SearchAction","target":{"@type":"EntryPoint","urlTemplate":"https:\/\/veritasinfo.org\/?s={search_term_string}"},"query-input":{"@type":"PropertyValueSpecification","valueRequired":true,"valueName":"search_term_string"}}],"inLanguage":"en-US"},{"@type":"Person","@id":"https:\/\/veritasinfo.org\/#\/schema\/person\/fe199eede04c3937362892b7444747cc","name":"US6","image":{"@type":"ImageObject","inLanguage":"en-US","@id":"https:\/\/veritasinfo.org\/#\/schema\/person\/image\/","url":"https:\/\/secure.gravatar.com\/avatar\/cb16c3c31c9d23b9b8c705964598220b3014e42ff51eb540ff23cefa3ae8c15f?s=96&d=mm&r=g","contentUrl":"https:\/\/secure.gravatar.com\/avatar\/cb16c3c31c9d23b9b8c705964598220b3014e42ff51eb540ff23cefa3ae8c15f?s=96&d=mm&r=g","caption":"US6"},"url":"https:\/\/veritasinfo.org\/?author=7"}]}},"featured_image_urls":{"full":["https:\/\/veritasinfo.org\/wp-content\/uploads\/2026\/03\/Kadri-Veseli-2-e1624623900618.png",1743,867,false],"thumbnail":["https:\/\/veritasinfo.org\/wp-content\/uploads\/2026\/03\/Kadri-Veseli-2-e1624623900618-150x150.png",150,150,true],"medium":["https:\/\/veritasinfo.org\/wp-content\/uploads\/2026\/03\/Kadri-Veseli-2-e1624623900618-300x149.png",300,149,true],"medium_large":["https:\/\/veritasinfo.org\/wp-content\/uploads\/2026\/03\/Kadri-Veseli-2-e1624623900618-768x382.png",640,318,true],"large":["https:\/\/veritasinfo.org\/wp-content\/uploads\/2026\/03\/Kadri-Veseli-2-e1624623900618-1024x509.png",640,318,true],"1536x1536":["https:\/\/veritasinfo.org\/wp-content\/uploads\/2026\/03\/Kadri-Veseli-2-e1624623900618-1536x764.png",1536,764,true],"2048x2048":["https:\/\/veritasinfo.org\/wp-content\/uploads\/2026\/03\/Kadri-Veseli-2-e1624623900618.png",1743,867,false],"kreeti-slider-full":["https:\/\/veritasinfo.org\/wp-content\/uploads\/2026\/03\/Kadri-Veseli-2-e1624623900618.png",1280,637,false],"kreeti-featured":["https:\/\/veritasinfo.org\/wp-content\/uploads\/2026\/03\/Kadri-Veseli-2-e1624623900618.png",1024,509,false],"kreeti-medium":["https:\/\/veritasinfo.org\/wp-content\/uploads\/2026\/03\/Kadri-Veseli-2-e1624623900618.png",720,358,false],"kreeti-medium-square":["https:\/\/veritasinfo.org\/wp-content\/uploads\/2026\/03\/Kadri-Veseli-2-e1624623900618.png",350,174,false]},"author_info":{"info":["US6"]},"category_info":"<a href=\"https:\/\/veritasinfo.org\/?cat=60\" rel=\"category\">Shoq\u00ebrore<\/a>","tag_info":"Shoq\u00ebrore","comment_count":"0","_links":{"self":[{"href":"https:\/\/veritasinfo.org\/index.php?rest_route=\/wp\/v2\/posts\/38464","targetHints":{"allow":["GET"]}}],"collection":[{"href":"https:\/\/veritasinfo.org\/index.php?rest_route=\/wp\/v2\/posts"}],"about":[{"href":"https:\/\/veritasinfo.org\/index.php?rest_route=\/wp\/v2\/types\/post"}],"author":[{"embeddable":true,"href":"https:\/\/veritasinfo.org\/index.php?rest_route=\/wp\/v2\/users\/7"}],"replies":[{"embeddable":true,"href":"https:\/\/veritasinfo.org\/index.php?rest_route=%2Fwp%2Fv2%2Fcomments&post=38464"}],"version-history":[{"count":1,"href":"https:\/\/veritasinfo.org\/index.php?rest_route=\/wp\/v2\/posts\/38464\/revisions"}],"predecessor-version":[{"id":38467,"href":"https:\/\/veritasinfo.org\/index.php?rest_route=\/wp\/v2\/posts\/38464\/revisions\/38467"}],"wp:featuredmedia":[{"embeddable":true,"href":"https:\/\/veritasinfo.org\/index.php?rest_route=\/wp\/v2\/media\/38466"}],"wp:attachment":[{"href":"https:\/\/veritasinfo.org\/index.php?rest_route=%2Fwp%2Fv2%2Fmedia&parent=38464"}],"wp:term":[{"taxonomy":"category","embeddable":true,"href":"https:\/\/veritasinfo.org\/index.php?rest_route=%2Fwp%2Fv2%2Fcategories&post=38464"},{"taxonomy":"post_tag","embeddable":true,"href":"https:\/\/veritasinfo.org\/index.php?rest_route=%2Fwp%2Fv2%2Ftags&post=38464"}],"curies":[{"name":"wp","href":"https:\/\/api.w.org\/{rel}","templated":true}]}}