{"id":38427,"date":"2026-03-18T14:53:46","date_gmt":"2026-03-18T13:53:46","guid":{"rendered":"https:\/\/veritasinfo.org\/?p=38427"},"modified":"2026-03-18T14:53:46","modified_gmt":"2026-03-18T13:53:46","slug":"apeli-i-ul-denimin-te-akuzuarit-per-krime-lufte","status":"publish","type":"post","link":"https:\/\/veritasinfo.org\/?p=38427","title":{"rendered":"Apeli i ul d\u00ebnimin t\u00eb akuzuarit p\u00ebr krime lufte"},"content":{"rendered":"<p>Prishtin\u00eb 18 Mars 2026 14:53<\/p>\n<p>Gjykata e Apelit e Kosov\u00ebs e ka aprovuar pjes\u00ebrisht si t\u00eb bazuar ankes\u00ebn e mbrojt\u00ebsit t\u00eb akuzuarit Zhivojin Neshiq dhe ka ndryshuar aktgjykimin e gjykat\u00ebs t\u00eb dat\u00ebs 17.06.2025, p\u00ebrkitazi me vendimin mbi d\u00ebnimin, ashtu q\u00eb Gjykata e Apelit t\u00eb akuzuarin Zhivojin Neshiq, p\u00ebr vepr\u00ebn penale \u201cKrimet e luft\u00ebs kund\u00ebr popullsis\u00eb civile\u201d i ka shqiptuar d\u00ebnim me burgim n\u00eb koh\u00ebzgjatje prej 13 vjet\u00ebsh, n\u00eb t\u00eb cilin d\u00ebnim i llogaritet edhe koha e kaluar n\u00eb paraburgim prej dat\u00ebs 04.03.2024 e tutje.<\/p>\n<p>Gjykata Themelore n\u00eb Prishtin\u00eb \u2013 Departamenti Special, me aktgjykimin PS.nr.71\/2024 t\u00eb dat\u00ebs 17.06.2025, e kishte shpallur fajtor t\u00eb pandehurin Zhivojin Neshiq, p\u00ebr vepr\u00ebn penale Krimet e luft\u00ebs kund\u00ebr popullsis\u00eb civile nga neni 142 lidhur me nenin 22 t\u00eb Ligjit penal t\u00eb Republik\u00ebs Socialiste Federative t\u00eb Jugosllavis\u00eb, dhe e ka gjykuar me d\u00ebnim me burgim n\u00eb koh\u00ebzgjatje prej 15 vjet\u00ebsh.<\/p>\n<p>N\u00eb arsyetim t\u00eb aktgjykimit gjykata e shkall\u00ebs s\u00eb dyt\u00eb, ka vler\u00ebsuar se aktgjykimi i gjykat\u00ebs s\u00eb shkall\u00ebs s\u00eb par\u00eb nuk p\u00ebrmban shkelje esenciale t\u00eb dispozitave t\u00eb procedur\u00ebs penale p\u00ebr shkak se dispozitivi i aktgjykimi \u00ebsht\u00eb i qart\u00eb, i kuptuesh\u00ebm dhe konkret, po ashtu i nj\u00ebjti \u00ebsht\u00eb n\u00eb p\u00ebrputhshm\u00ebri t\u00eb plot\u00eb me arsyetimin dhe p\u00ebrpilimi i dispozitivit \u00ebsht\u00eb b\u00ebr\u00eb konform dispozitave ligjore, ku jan\u00eb p\u00ebrfshir\u00eb t\u00eb gjitha faktet dhe rrethanat nga t\u00eb cilat plot\u00ebsohen t\u00eb gjitha elementet e vepr\u00ebs penale p\u00ebr t\u00eb cil\u00ebn i pandehuri \u00ebsht\u00eb shpallur fajtor. N\u00eb arsyetimin e aktgjykimit t\u00eb ankimuar jan\u00eb dh\u00ebn\u00eb arsyet e duhura mbi t\u00eb gjitha faktet vendimtare t\u00eb k\u00ebsaj \u00e7\u00ebshtje penale-juridike, ku gjykata e shkall\u00ebs s\u00eb par\u00eb ka paraqitur arsyet p\u00ebr \u00e7do pik\u00eb t\u00eb aktgjykimit dhe at\u00eb si ato faktike dhe ato juridike, t\u00eb cilat kjo gjykat\u00eb i aprovon si t\u00eb drejta dhe t\u00eb ligjshme.<\/p>\n<p>Kolegji i k\u00ebsaj gjykate ka vler\u00ebsuar se gjykata e shkall\u00ebs s\u00eb par\u00eb nuk ka b\u00ebr\u00eb v\u00ebrtetim t\u00eb gabuar apo jo t\u00eb plot\u00eb t\u00eb gjendjes faktike, ngase nga shkresat e \u00e7\u00ebshtjes rezulton se e nj\u00ebjta ka administruar provat n\u00eb m\u00ebnyr\u00eb t\u00eb rregullt, i ka vler\u00ebsuar ato ve\u00e7 e ve\u00e7 dhe n\u00eb nd\u00ebrlidhje reciproke, po ashtu ka arritur n\u00eb p\u00ebrfundime t\u00eb arsyetuara, t\u00eb cilat kjo kolegji gjykues i vler\u00ebson si ligj\u00ebrisht t\u00eb bazuara, pra gjendja faktike \u00ebsht\u00eb v\u00ebrtetuar drejt dhe plot\u00ebsisht mbi baz\u00ebn e provave t\u00eb pranueshme.<\/p>\n<p>Kolegji gjykues, po ashtu konstatoi se gjykata e shkall\u00ebs s\u00eb par\u00eb ka zbatuar drejt ligjin penal dhe se n\u00eb rastin konkret jan\u00eb v\u00ebrtetuar t\u00eb gjitha elementet p\u00ebrb\u00ebr\u00ebse t\u00eb vepr\u00ebs penale Krime lufte kund\u00ebr popullat\u00ebs civile nga neni 142 i Ligjit penal t\u00eb Republik\u00ebs Socialiste Federative t\u00eb Jugosllavis\u00eb, n\u00eb lidhje me nenin 22 t\u00eb k\u00ebtij ligji.<\/p>\n<p>Kolegji i k\u00ebsaj gjykate, ka ndryshuar vendimin sa i p\u00ebrket vendimit mbi d\u00ebnimin, ashtu q\u00eb kolegji  vler\u00ebson se nj\u00eb d\u00ebnim me burgim n\u00eb koh\u00ebzgjatje prej 13 vjet\u00ebsh \u00ebsht\u00eb proporcional me shkall\u00ebn e faj\u00ebsis\u00eb s\u00eb t\u00eb pandehurit, me rrethanat konkrete t\u00eb kryerjes s\u00eb vepr\u00ebs penale dhe me nevoj\u00ebn p\u00ebr t\u00eb shprehur d\u00ebnimin shoq\u00ebror ndaj veprimeve q\u00eb p\u00ebrb\u00ebjn\u00eb shkelje t\u00eb r\u00ebnda t\u00eb s\u00eb drejt\u00ebs nd\u00ebrkomb\u00ebtare humanitare.<\/p>\n","protected":false},"excerpt":{"rendered":"<p>Prishtin\u00eb 18 Mars 2026 14:53 Gjykata e Apelit e Kosov\u00ebs e ka aprovuar pjes\u00ebrisht si t\u00eb bazuar ankes\u00ebn e mbrojt\u00ebsit t\u00eb akuzuarit Zhivojin Neshiq dhe<\/p>\n","protected":false},"author":6,"featured_media":38428,"comment_status":"open","ping_status":"open","sticky":false,"template":"","format":"standard","meta":{"footnotes":""},"categories":[60],"tags":[],"class_list":["post-38427","post","type-post","status-publish","format-standard","has-post-thumbnail","hentry","category-shoqerore-sq"],"yoast_head":"<!-- This site is optimized with the Yoast SEO plugin v25.3.1 - https:\/\/yoast.com\/wordpress\/plugins\/seo\/ -->\n<title>Apeli i ul d\u00ebnimin t\u00eb akuzuarit p\u00ebr krime lufte -<\/title>\n<meta name=\"robots\" content=\"index, follow, max-snippet:-1, max-image-preview:large, max-video-preview:-1\" \/>\n<link rel=\"canonical\" href=\"https:\/\/veritasinfo.org\/?p=38427\" \/>\n<meta property=\"og:locale\" content=\"en_US\" \/>\n<meta property=\"og:type\" content=\"article\" \/>\n<meta property=\"og:title\" content=\"Apeli i ul d\u00ebnimin t\u00eb akuzuarit p\u00ebr krime lufte -\" \/>\n<meta property=\"og:description\" content=\"Prishtin\u00eb 18 Mars 2026 14:53 Gjykata e Apelit e Kosov\u00ebs e ka aprovuar pjes\u00ebrisht si t\u00eb bazuar ankes\u00ebn e mbrojt\u00ebsit t\u00eb akuzuarit Zhivojin Neshiq dhe\" \/>\n<meta property=\"og:url\" content=\"https:\/\/veritasinfo.org\/?p=38427\" \/>\n<meta property=\"article:published_time\" content=\"2026-03-18T13:53:46+00:00\" \/>\n<meta property=\"og:image\" content=\"https:\/\/veritasinfo.org\/wp-content\/uploads\/2026\/03\/gjykata.jpg\" \/>\n\t<meta property=\"og:image:width\" content=\"800\" \/>\n\t<meta property=\"og:image:height\" content=\"484\" \/>\n\t<meta property=\"og:image:type\" content=\"image\/jpeg\" \/>\n<meta name=\"author\" content=\"US5\" \/>\n<meta name=\"twitter:card\" content=\"summary_large_image\" \/>\n<meta name=\"twitter:label1\" content=\"Written by\" \/>\n\t<meta name=\"twitter:data1\" content=\"US5\" \/>\n<script type=\"application\/ld+json\" class=\"yoast-schema-graph\">{\"@context\":\"https:\/\/schema.org\",\"@graph\":[{\"@type\":\"WebPage\",\"@id\":\"https:\/\/veritasinfo.org\/?p=38427\",\"url\":\"https:\/\/veritasinfo.org\/?p=38427\",\"name\":\"Apeli i ul d\u00ebnimin t\u00eb akuzuarit p\u00ebr krime lufte -\",\"isPartOf\":{\"@id\":\"https:\/\/veritasinfo.org\/#website\"},\"primaryImageOfPage\":{\"@id\":\"https:\/\/veritasinfo.org\/?p=38427#primaryimage\"},\"image\":{\"@id\":\"https:\/\/veritasinfo.org\/?p=38427#primaryimage\"},\"thumbnailUrl\":\"https:\/\/veritasinfo.org\/wp-content\/uploads\/2026\/03\/gjykata.jpg\",\"datePublished\":\"2026-03-18T13:53:46+00:00\",\"author\":{\"@id\":\"https:\/\/veritasinfo.org\/#\/schema\/person\/bc442336e35414d04494ab8fb45db4c6\"},\"breadcrumb\":{\"@id\":\"https:\/\/veritasinfo.org\/?p=38427#breadcrumb\"},\"inLanguage\":\"en-US\",\"potentialAction\":[{\"@type\":\"ReadAction\",\"target\":[\"https:\/\/veritasinfo.org\/?p=38427\"]}]},{\"@type\":\"ImageObject\",\"inLanguage\":\"en-US\",\"@id\":\"https:\/\/veritasinfo.org\/?p=38427#primaryimage\",\"url\":\"https:\/\/veritasinfo.org\/wp-content\/uploads\/2026\/03\/gjykata.jpg\",\"contentUrl\":\"https:\/\/veritasinfo.org\/wp-content\/uploads\/2026\/03\/gjykata.jpg\",\"width\":800,\"height\":484},{\"@type\":\"BreadcrumbList\",\"@id\":\"https:\/\/veritasinfo.org\/?p=38427#breadcrumb\",\"itemListElement\":[{\"@type\":\"ListItem\",\"position\":1,\"name\":\"Home\",\"item\":\"https:\/\/veritasinfo.org\/\"},{\"@type\":\"ListItem\",\"position\":2,\"name\":\"Apeli i ul d\u00ebnimin t\u00eb akuzuarit p\u00ebr krime lufte\"}]},{\"@type\":\"WebSite\",\"@id\":\"https:\/\/veritasinfo.org\/#website\",\"url\":\"https:\/\/veritasinfo.org\/\",\"name\":\"\",\"description\":\"\",\"potentialAction\":[{\"@type\":\"SearchAction\",\"target\":{\"@type\":\"EntryPoint\",\"urlTemplate\":\"https:\/\/veritasinfo.org\/?s={search_term_string}\"},\"query-input\":{\"@type\":\"PropertyValueSpecification\",\"valueRequired\":true,\"valueName\":\"search_term_string\"}}],\"inLanguage\":\"en-US\"},{\"@type\":\"Person\",\"@id\":\"https:\/\/veritasinfo.org\/#\/schema\/person\/bc442336e35414d04494ab8fb45db4c6\",\"name\":\"US5\",\"image\":{\"@type\":\"ImageObject\",\"inLanguage\":\"en-US\",\"@id\":\"https:\/\/veritasinfo.org\/#\/schema\/person\/image\/\",\"url\":\"https:\/\/secure.gravatar.com\/avatar\/16a61e7272a0c5d001121ebb9e60e925d5816e4ac1e443ed3e640d9a6ae55d0c?s=96&d=mm&r=g\",\"contentUrl\":\"https:\/\/secure.gravatar.com\/avatar\/16a61e7272a0c5d001121ebb9e60e925d5816e4ac1e443ed3e640d9a6ae55d0c?s=96&d=mm&r=g\",\"caption\":\"US5\"},\"url\":\"https:\/\/veritasinfo.org\/?author=6\"}]}<\/script>\n<!-- \/ Yoast SEO plugin. -->","yoast_head_json":{"title":"Apeli i ul d\u00ebnimin t\u00eb akuzuarit p\u00ebr krime lufte -","robots":{"index":"index","follow":"follow","max-snippet":"max-snippet:-1","max-image-preview":"max-image-preview:large","max-video-preview":"max-video-preview:-1"},"canonical":"https:\/\/veritasinfo.org\/?p=38427","og_locale":"en_US","og_type":"article","og_title":"Apeli i ul d\u00ebnimin t\u00eb akuzuarit p\u00ebr krime lufte -","og_description":"Prishtin\u00eb 18 Mars 2026 14:53 Gjykata e Apelit e Kosov\u00ebs e ka aprovuar pjes\u00ebrisht si t\u00eb bazuar ankes\u00ebn e mbrojt\u00ebsit t\u00eb akuzuarit Zhivojin Neshiq dhe","og_url":"https:\/\/veritasinfo.org\/?p=38427","article_published_time":"2026-03-18T13:53:46+00:00","og_image":[{"width":800,"height":484,"url":"https:\/\/veritasinfo.org\/wp-content\/uploads\/2026\/03\/gjykata.jpg","type":"image\/jpeg"}],"author":"US5","twitter_card":"summary_large_image","twitter_misc":{"Written by":"US5"},"schema":{"@context":"https:\/\/schema.org","@graph":[{"@type":"WebPage","@id":"https:\/\/veritasinfo.org\/?p=38427","url":"https:\/\/veritasinfo.org\/?p=38427","name":"Apeli i ul d\u00ebnimin t\u00eb akuzuarit p\u00ebr krime lufte -","isPartOf":{"@id":"https:\/\/veritasinfo.org\/#website"},"primaryImageOfPage":{"@id":"https:\/\/veritasinfo.org\/?p=38427#primaryimage"},"image":{"@id":"https:\/\/veritasinfo.org\/?p=38427#primaryimage"},"thumbnailUrl":"https:\/\/veritasinfo.org\/wp-content\/uploads\/2026\/03\/gjykata.jpg","datePublished":"2026-03-18T13:53:46+00:00","author":{"@id":"https:\/\/veritasinfo.org\/#\/schema\/person\/bc442336e35414d04494ab8fb45db4c6"},"breadcrumb":{"@id":"https:\/\/veritasinfo.org\/?p=38427#breadcrumb"},"inLanguage":"en-US","potentialAction":[{"@type":"ReadAction","target":["https:\/\/veritasinfo.org\/?p=38427"]}]},{"@type":"ImageObject","inLanguage":"en-US","@id":"https:\/\/veritasinfo.org\/?p=38427#primaryimage","url":"https:\/\/veritasinfo.org\/wp-content\/uploads\/2026\/03\/gjykata.jpg","contentUrl":"https:\/\/veritasinfo.org\/wp-content\/uploads\/2026\/03\/gjykata.jpg","width":800,"height":484},{"@type":"BreadcrumbList","@id":"https:\/\/veritasinfo.org\/?p=38427#breadcrumb","itemListElement":[{"@type":"ListItem","position":1,"name":"Home","item":"https:\/\/veritasinfo.org\/"},{"@type":"ListItem","position":2,"name":"Apeli i ul d\u00ebnimin t\u00eb akuzuarit p\u00ebr krime lufte"}]},{"@type":"WebSite","@id":"https:\/\/veritasinfo.org\/#website","url":"https:\/\/veritasinfo.org\/","name":"","description":"","potentialAction":[{"@type":"SearchAction","target":{"@type":"EntryPoint","urlTemplate":"https:\/\/veritasinfo.org\/?s={search_term_string}"},"query-input":{"@type":"PropertyValueSpecification","valueRequired":true,"valueName":"search_term_string"}}],"inLanguage":"en-US"},{"@type":"Person","@id":"https:\/\/veritasinfo.org\/#\/schema\/person\/bc442336e35414d04494ab8fb45db4c6","name":"US5","image":{"@type":"ImageObject","inLanguage":"en-US","@id":"https:\/\/veritasinfo.org\/#\/schema\/person\/image\/","url":"https:\/\/secure.gravatar.com\/avatar\/16a61e7272a0c5d001121ebb9e60e925d5816e4ac1e443ed3e640d9a6ae55d0c?s=96&d=mm&r=g","contentUrl":"https:\/\/secure.gravatar.com\/avatar\/16a61e7272a0c5d001121ebb9e60e925d5816e4ac1e443ed3e640d9a6ae55d0c?s=96&d=mm&r=g","caption":"US5"},"url":"https:\/\/veritasinfo.org\/?author=6"}]}},"featured_image_urls":{"full":["https:\/\/veritasinfo.org\/wp-content\/uploads\/2026\/03\/gjykata.jpg",800,484,false],"thumbnail":["https:\/\/veritasinfo.org\/wp-content\/uploads\/2026\/03\/gjykata-150x150.jpg",150,150,true],"medium":["https:\/\/veritasinfo.org\/wp-content\/uploads\/2026\/03\/gjykata-300x182.jpg",300,182,true],"medium_large":["https:\/\/veritasinfo.org\/wp-content\/uploads\/2026\/03\/gjykata-768x465.jpg",640,388,true],"large":["https:\/\/veritasinfo.org\/wp-content\/uploads\/2026\/03\/gjykata.jpg",640,387,false],"1536x1536":["https:\/\/veritasinfo.org\/wp-content\/uploads\/2026\/03\/gjykata.jpg",800,484,false],"2048x2048":["https:\/\/veritasinfo.org\/wp-content\/uploads\/2026\/03\/gjykata.jpg",800,484,false],"kreeti-slider-full":["https:\/\/veritasinfo.org\/wp-content\/uploads\/2026\/03\/gjykata.jpg",800,484,false],"kreeti-featured":["https:\/\/veritasinfo.org\/wp-content\/uploads\/2026\/03\/gjykata.jpg",800,484,false],"kreeti-medium":["https:\/\/veritasinfo.org\/wp-content\/uploads\/2026\/03\/gjykata.jpg",720,436,false],"kreeti-medium-square":["https:\/\/veritasinfo.org\/wp-content\/uploads\/2026\/03\/gjykata.jpg",350,212,false]},"author_info":{"info":["US5"]},"category_info":"<a href=\"https:\/\/veritasinfo.org\/?cat=60\" rel=\"category\">Shoq\u00ebrore<\/a>","tag_info":"Shoq\u00ebrore","comment_count":"0","_links":{"self":[{"href":"https:\/\/veritasinfo.org\/index.php?rest_route=\/wp\/v2\/posts\/38427","targetHints":{"allow":["GET"]}}],"collection":[{"href":"https:\/\/veritasinfo.org\/index.php?rest_route=\/wp\/v2\/posts"}],"about":[{"href":"https:\/\/veritasinfo.org\/index.php?rest_route=\/wp\/v2\/types\/post"}],"author":[{"embeddable":true,"href":"https:\/\/veritasinfo.org\/index.php?rest_route=\/wp\/v2\/users\/6"}],"replies":[{"embeddable":true,"href":"https:\/\/veritasinfo.org\/index.php?rest_route=%2Fwp%2Fv2%2Fcomments&post=38427"}],"version-history":[{"count":1,"href":"https:\/\/veritasinfo.org\/index.php?rest_route=\/wp\/v2\/posts\/38427\/revisions"}],"predecessor-version":[{"id":38429,"href":"https:\/\/veritasinfo.org\/index.php?rest_route=\/wp\/v2\/posts\/38427\/revisions\/38429"}],"wp:featuredmedia":[{"embeddable":true,"href":"https:\/\/veritasinfo.org\/index.php?rest_route=\/wp\/v2\/media\/38428"}],"wp:attachment":[{"href":"https:\/\/veritasinfo.org\/index.php?rest_route=%2Fwp%2Fv2%2Fmedia&parent=38427"}],"wp:term":[{"taxonomy":"category","embeddable":true,"href":"https:\/\/veritasinfo.org\/index.php?rest_route=%2Fwp%2Fv2%2Fcategories&post=38427"},{"taxonomy":"post_tag","embeddable":true,"href":"https:\/\/veritasinfo.org\/index.php?rest_route=%2Fwp%2Fv2%2Ftags&post=38427"}],"curies":[{"name":"wp","href":"https:\/\/api.w.org\/{rel}","templated":true}]}}