{"id":38413,"date":"2026-03-18T14:41:01","date_gmt":"2026-03-18T13:41:01","guid":{"rendered":"https:\/\/veritasinfo.org\/?p=38413"},"modified":"2026-03-18T14:41:01","modified_gmt":"2026-03-18T13:41:01","slug":"krime-lufte-ne-vushtrri-burgim-me-15-vjet-per-kostiqin-dhe-7-per-miloviqin","status":"publish","type":"post","link":"https:\/\/veritasinfo.org\/?p=38413","title":{"rendered":"Krime lufte n\u00eb Vushtrri: Burgim me 15 vjet p\u00ebr Kostiqin dhe 7 p\u00ebr Miloviqin"},"content":{"rendered":"<p>Prishtin\u00eb 18 Mars 2026 14:40<\/p>\n<p>Zoran Kostiq \u00ebsht\u00eb d\u00ebnuar me 15 vjet burgim p\u00ebr krime lufte n\u00eb Vushtrri nd\u00ebrsa Dragan Miloviq me 7 vjet p\u00ebr t\u00eb nj\u00ebjt\u00ebn vep\u00ebr.<\/p>\n<p>Sipas aktakuz\u00ebs s\u00eb ngritur m\u00eb 16 maj 2024, i akuzuari Zoran Kostiq gjat\u00eb koh\u00ebs s\u00eb luft\u00ebs n\u00eb Kosov\u00eb, si pjes\u00ebtar i forcave policore serbe, n\u00eb bashk\u00ebkryerje me pjes\u00ebtar\u00eb tjer\u00eb t\u00eb policis\u00eb, ushtris\u00eb dhe paramilitar\u00eb serb\u00eb, i veshur me uniform\u00eb t\u00eb policis\u00eb dhe i armatosur, me vet\u00ebdije dhe q\u00ebllim, duke vepruar sipas planit dhe urdhrave t\u00eb epror\u00ebve t\u00eb tij, ka marr\u00eb pjes\u00eb direkt n\u00eb sulmin kund\u00ebr popullsis\u00eb civile t\u00eb nacionalitetit shqiptar, konkretisht familjes Ujkani gjat\u00eb nj\u00eb aksioni t\u00eb mir\u00eb-organizuar, pasi q\u00eb forcat serbe ishin vendosur n\u00eb sht\u00ebpin\u00eb e Sh.Z, t\u00eb cil\u00ebn policia dhe ushtria serbe e ka shfryt\u00ebzuar si shtab, dit\u00ebn kritike n\u00eb ofensiv\u00ebn e ushtris\u00eb serbe kund\u00ebr popullat\u00ebs civile.<\/p>\n<p>Mb\u00ebshtete KOH\u00cbN. Ruaje t\u00eb v\u00ebrtet\u00ebn.<br \/>\nGazetaria profesionale \u00ebsht\u00eb interes publik. Mb\u00ebshtetja juaj ndihmon q\u00eb ajo t\u00eb mbetet e pavarur dhe e besueshme. Kontribuoni edhe ju. 1 euro e b\u00ebn dallimin.<\/p>\n<p>I akuzuari Dragan Miloviq gjat\u00eb koh\u00ebs s\u00eb luft\u00ebs n\u00eb Kosov\u00eb, si pjes\u00ebtar i forcave policore serbe, n\u00eb periudh\u00ebn e luft\u00ebs n\u00eb Kosov\u00eb, bashk\u00eb me t\u00eb tjer\u00eb me forc\u00eb i kan\u00eb d\u00ebrguar diku 20 mij\u00eb banor\u00eb civil\u00eb t\u00eb Vushtrris\u00eb te varrezat e qytetit dhe aty t\u00eb akuzuarit kan\u00eb maltretuar, rrahur e torturuar civil\u00eb, t\u00eb cil\u00ebt gjendeshin t\u00eb grumbulluar te varrezat e qytetit, ku n\u00eb mesin e tyre ishte edhe K.Sh., i cili e  njihte tani t\u00eb akuzuarin Miloviq dhe e lut t\u00eb akuzuarin q\u00eb ta shp\u00ebtoj\u00eb, por i nj\u00ebjti i thot\u00eb \u201cs\u2019kam ca me t\u00eb ba\u201d.<\/p>\n","protected":false},"excerpt":{"rendered":"<p>Prishtin\u00eb 18 Mars 2026 14:40 Zoran Kostiq \u00ebsht\u00eb d\u00ebnuar me 15 vjet burgim p\u00ebr krime lufte n\u00eb Vushtrri nd\u00ebrsa Dragan Miloviq me 7 vjet p\u00ebr<\/p>\n","protected":false},"author":6,"featured_media":38414,"comment_status":"open","ping_status":"open","sticky":false,"template":"","format":"standard","meta":{"footnotes":""},"categories":[60],"tags":[],"class_list":["post-38413","post","type-post","status-publish","format-standard","has-post-thumbnail","hentry","category-shoqerore-sq"],"yoast_head":"<!-- This site is optimized with the Yoast SEO plugin v25.3.1 - https:\/\/yoast.com\/wordpress\/plugins\/seo\/ -->\n<title>Krime lufte n\u00eb Vushtrri: Burgim me 15 vjet p\u00ebr Kostiqin dhe 7 p\u00ebr Miloviqin -<\/title>\n<meta name=\"robots\" content=\"index, follow, max-snippet:-1, max-image-preview:large, max-video-preview:-1\" \/>\n<link rel=\"canonical\" href=\"https:\/\/veritasinfo.org\/?p=38413\" \/>\n<meta property=\"og:locale\" content=\"en_US\" \/>\n<meta property=\"og:type\" content=\"article\" \/>\n<meta property=\"og:title\" content=\"Krime lufte n\u00eb Vushtrri: Burgim me 15 vjet p\u00ebr Kostiqin dhe 7 p\u00ebr Miloviqin -\" \/>\n<meta property=\"og:description\" content=\"Prishtin\u00eb 18 Mars 2026 14:40 Zoran Kostiq \u00ebsht\u00eb d\u00ebnuar me 15 vjet burgim p\u00ebr krime lufte n\u00eb Vushtrri nd\u00ebrsa Dragan Miloviq me 7 vjet p\u00ebr\" \/>\n<meta property=\"og:url\" content=\"https:\/\/veritasinfo.org\/?p=38413\" \/>\n<meta property=\"article:published_time\" content=\"2026-03-18T13:41:01+00:00\" \/>\n<meta property=\"og:image\" content=\"https:\/\/veritasinfo.org\/wp-content\/uploads\/2026\/03\/93186515-dca4-4b62-8042-0683e5a24dc2.webp\" \/>\n\t<meta property=\"og:image:width\" content=\"486\" \/>\n\t<meta property=\"og:image:height\" content=\"399\" \/>\n\t<meta property=\"og:image:type\" content=\"image\/webp\" \/>\n<meta name=\"author\" content=\"US5\" \/>\n<meta name=\"twitter:card\" content=\"summary_large_image\" \/>\n<meta name=\"twitter:label1\" content=\"Written by\" \/>\n\t<meta name=\"twitter:data1\" content=\"US5\" \/>\n\t<meta name=\"twitter:label2\" content=\"Est. reading time\" \/>\n\t<meta name=\"twitter:data2\" content=\"1 minute\" \/>\n<script type=\"application\/ld+json\" class=\"yoast-schema-graph\">{\"@context\":\"https:\/\/schema.org\",\"@graph\":[{\"@type\":\"WebPage\",\"@id\":\"https:\/\/veritasinfo.org\/?p=38413\",\"url\":\"https:\/\/veritasinfo.org\/?p=38413\",\"name\":\"Krime lufte n\u00eb Vushtrri: Burgim me 15 vjet p\u00ebr Kostiqin dhe 7 p\u00ebr Miloviqin -\",\"isPartOf\":{\"@id\":\"https:\/\/veritasinfo.org\/#website\"},\"primaryImageOfPage\":{\"@id\":\"https:\/\/veritasinfo.org\/?p=38413#primaryimage\"},\"image\":{\"@id\":\"https:\/\/veritasinfo.org\/?p=38413#primaryimage\"},\"thumbnailUrl\":\"https:\/\/veritasinfo.org\/wp-content\/uploads\/2026\/03\/93186515-dca4-4b62-8042-0683e5a24dc2.webp\",\"datePublished\":\"2026-03-18T13:41:01+00:00\",\"author\":{\"@id\":\"https:\/\/veritasinfo.org\/#\/schema\/person\/bc442336e35414d04494ab8fb45db4c6\"},\"breadcrumb\":{\"@id\":\"https:\/\/veritasinfo.org\/?p=38413#breadcrumb\"},\"inLanguage\":\"en-US\",\"potentialAction\":[{\"@type\":\"ReadAction\",\"target\":[\"https:\/\/veritasinfo.org\/?p=38413\"]}]},{\"@type\":\"ImageObject\",\"inLanguage\":\"en-US\",\"@id\":\"https:\/\/veritasinfo.org\/?p=38413#primaryimage\",\"url\":\"https:\/\/veritasinfo.org\/wp-content\/uploads\/2026\/03\/93186515-dca4-4b62-8042-0683e5a24dc2.webp\",\"contentUrl\":\"https:\/\/veritasinfo.org\/wp-content\/uploads\/2026\/03\/93186515-dca4-4b62-8042-0683e5a24dc2.webp\",\"width\":486,\"height\":399},{\"@type\":\"BreadcrumbList\",\"@id\":\"https:\/\/veritasinfo.org\/?p=38413#breadcrumb\",\"itemListElement\":[{\"@type\":\"ListItem\",\"position\":1,\"name\":\"Home\",\"item\":\"https:\/\/veritasinfo.org\/\"},{\"@type\":\"ListItem\",\"position\":2,\"name\":\"Krime lufte n\u00eb Vushtrri: Burgim me 15 vjet p\u00ebr Kostiqin dhe 7 p\u00ebr Miloviqin\"}]},{\"@type\":\"WebSite\",\"@id\":\"https:\/\/veritasinfo.org\/#website\",\"url\":\"https:\/\/veritasinfo.org\/\",\"name\":\"\",\"description\":\"\",\"potentialAction\":[{\"@type\":\"SearchAction\",\"target\":{\"@type\":\"EntryPoint\",\"urlTemplate\":\"https:\/\/veritasinfo.org\/?s={search_term_string}\"},\"query-input\":{\"@type\":\"PropertyValueSpecification\",\"valueRequired\":true,\"valueName\":\"search_term_string\"}}],\"inLanguage\":\"en-US\"},{\"@type\":\"Person\",\"@id\":\"https:\/\/veritasinfo.org\/#\/schema\/person\/bc442336e35414d04494ab8fb45db4c6\",\"name\":\"US5\",\"image\":{\"@type\":\"ImageObject\",\"inLanguage\":\"en-US\",\"@id\":\"https:\/\/veritasinfo.org\/#\/schema\/person\/image\/\",\"url\":\"https:\/\/secure.gravatar.com\/avatar\/16a61e7272a0c5d001121ebb9e60e925d5816e4ac1e443ed3e640d9a6ae55d0c?s=96&d=mm&r=g\",\"contentUrl\":\"https:\/\/secure.gravatar.com\/avatar\/16a61e7272a0c5d001121ebb9e60e925d5816e4ac1e443ed3e640d9a6ae55d0c?s=96&d=mm&r=g\",\"caption\":\"US5\"},\"url\":\"https:\/\/veritasinfo.org\/?author=6\"}]}<\/script>\n<!-- \/ Yoast SEO plugin. -->","yoast_head_json":{"title":"Krime lufte n\u00eb Vushtrri: Burgim me 15 vjet p\u00ebr Kostiqin dhe 7 p\u00ebr Miloviqin -","robots":{"index":"index","follow":"follow","max-snippet":"max-snippet:-1","max-image-preview":"max-image-preview:large","max-video-preview":"max-video-preview:-1"},"canonical":"https:\/\/veritasinfo.org\/?p=38413","og_locale":"en_US","og_type":"article","og_title":"Krime lufte n\u00eb Vushtrri: Burgim me 15 vjet p\u00ebr Kostiqin dhe 7 p\u00ebr Miloviqin -","og_description":"Prishtin\u00eb 18 Mars 2026 14:40 Zoran Kostiq \u00ebsht\u00eb d\u00ebnuar me 15 vjet burgim p\u00ebr krime lufte n\u00eb Vushtrri nd\u00ebrsa Dragan Miloviq me 7 vjet p\u00ebr","og_url":"https:\/\/veritasinfo.org\/?p=38413","article_published_time":"2026-03-18T13:41:01+00:00","og_image":[{"width":486,"height":399,"url":"https:\/\/veritasinfo.org\/wp-content\/uploads\/2026\/03\/93186515-dca4-4b62-8042-0683e5a24dc2.webp","type":"image\/webp"}],"author":"US5","twitter_card":"summary_large_image","twitter_misc":{"Written by":"US5","Est. reading time":"1 minute"},"schema":{"@context":"https:\/\/schema.org","@graph":[{"@type":"WebPage","@id":"https:\/\/veritasinfo.org\/?p=38413","url":"https:\/\/veritasinfo.org\/?p=38413","name":"Krime lufte n\u00eb Vushtrri: Burgim me 15 vjet p\u00ebr Kostiqin dhe 7 p\u00ebr Miloviqin -","isPartOf":{"@id":"https:\/\/veritasinfo.org\/#website"},"primaryImageOfPage":{"@id":"https:\/\/veritasinfo.org\/?p=38413#primaryimage"},"image":{"@id":"https:\/\/veritasinfo.org\/?p=38413#primaryimage"},"thumbnailUrl":"https:\/\/veritasinfo.org\/wp-content\/uploads\/2026\/03\/93186515-dca4-4b62-8042-0683e5a24dc2.webp","datePublished":"2026-03-18T13:41:01+00:00","author":{"@id":"https:\/\/veritasinfo.org\/#\/schema\/person\/bc442336e35414d04494ab8fb45db4c6"},"breadcrumb":{"@id":"https:\/\/veritasinfo.org\/?p=38413#breadcrumb"},"inLanguage":"en-US","potentialAction":[{"@type":"ReadAction","target":["https:\/\/veritasinfo.org\/?p=38413"]}]},{"@type":"ImageObject","inLanguage":"en-US","@id":"https:\/\/veritasinfo.org\/?p=38413#primaryimage","url":"https:\/\/veritasinfo.org\/wp-content\/uploads\/2026\/03\/93186515-dca4-4b62-8042-0683e5a24dc2.webp","contentUrl":"https:\/\/veritasinfo.org\/wp-content\/uploads\/2026\/03\/93186515-dca4-4b62-8042-0683e5a24dc2.webp","width":486,"height":399},{"@type":"BreadcrumbList","@id":"https:\/\/veritasinfo.org\/?p=38413#breadcrumb","itemListElement":[{"@type":"ListItem","position":1,"name":"Home","item":"https:\/\/veritasinfo.org\/"},{"@type":"ListItem","position":2,"name":"Krime lufte n\u00eb Vushtrri: Burgim me 15 vjet p\u00ebr Kostiqin dhe 7 p\u00ebr Miloviqin"}]},{"@type":"WebSite","@id":"https:\/\/veritasinfo.org\/#website","url":"https:\/\/veritasinfo.org\/","name":"","description":"","potentialAction":[{"@type":"SearchAction","target":{"@type":"EntryPoint","urlTemplate":"https:\/\/veritasinfo.org\/?s={search_term_string}"},"query-input":{"@type":"PropertyValueSpecification","valueRequired":true,"valueName":"search_term_string"}}],"inLanguage":"en-US"},{"@type":"Person","@id":"https:\/\/veritasinfo.org\/#\/schema\/person\/bc442336e35414d04494ab8fb45db4c6","name":"US5","image":{"@type":"ImageObject","inLanguage":"en-US","@id":"https:\/\/veritasinfo.org\/#\/schema\/person\/image\/","url":"https:\/\/secure.gravatar.com\/avatar\/16a61e7272a0c5d001121ebb9e60e925d5816e4ac1e443ed3e640d9a6ae55d0c?s=96&d=mm&r=g","contentUrl":"https:\/\/secure.gravatar.com\/avatar\/16a61e7272a0c5d001121ebb9e60e925d5816e4ac1e443ed3e640d9a6ae55d0c?s=96&d=mm&r=g","caption":"US5"},"url":"https:\/\/veritasinfo.org\/?author=6"}]}},"featured_image_urls":{"full":["https:\/\/veritasinfo.org\/wp-content\/uploads\/2026\/03\/93186515-dca4-4b62-8042-0683e5a24dc2.webp",486,399,false],"thumbnail":["https:\/\/veritasinfo.org\/wp-content\/uploads\/2026\/03\/93186515-dca4-4b62-8042-0683e5a24dc2-150x150.webp",150,150,true],"medium":["https:\/\/veritasinfo.org\/wp-content\/uploads\/2026\/03\/93186515-dca4-4b62-8042-0683e5a24dc2-300x246.webp",300,246,true],"medium_large":["https:\/\/veritasinfo.org\/wp-content\/uploads\/2026\/03\/93186515-dca4-4b62-8042-0683e5a24dc2.webp",486,399,false],"large":["https:\/\/veritasinfo.org\/wp-content\/uploads\/2026\/03\/93186515-dca4-4b62-8042-0683e5a24dc2.webp",486,399,false],"1536x1536":["https:\/\/veritasinfo.org\/wp-content\/uploads\/2026\/03\/93186515-dca4-4b62-8042-0683e5a24dc2.webp",486,399,false],"2048x2048":["https:\/\/veritasinfo.org\/wp-content\/uploads\/2026\/03\/93186515-dca4-4b62-8042-0683e5a24dc2.webp",486,399,false],"kreeti-slider-full":["https:\/\/veritasinfo.org\/wp-content\/uploads\/2026\/03\/93186515-dca4-4b62-8042-0683e5a24dc2.webp",486,399,false],"kreeti-featured":["https:\/\/veritasinfo.org\/wp-content\/uploads\/2026\/03\/93186515-dca4-4b62-8042-0683e5a24dc2.webp",486,399,false],"kreeti-medium":["https:\/\/veritasinfo.org\/wp-content\/uploads\/2026\/03\/93186515-dca4-4b62-8042-0683e5a24dc2.webp",486,399,false],"kreeti-medium-square":["https:\/\/veritasinfo.org\/wp-content\/uploads\/2026\/03\/93186515-dca4-4b62-8042-0683e5a24dc2.webp",350,287,false]},"author_info":{"info":["US5"]},"category_info":"<a href=\"https:\/\/veritasinfo.org\/?cat=60\" rel=\"category\">Shoq\u00ebrore<\/a>","tag_info":"Shoq\u00ebrore","comment_count":"0","_links":{"self":[{"href":"https:\/\/veritasinfo.org\/index.php?rest_route=\/wp\/v2\/posts\/38413","targetHints":{"allow":["GET"]}}],"collection":[{"href":"https:\/\/veritasinfo.org\/index.php?rest_route=\/wp\/v2\/posts"}],"about":[{"href":"https:\/\/veritasinfo.org\/index.php?rest_route=\/wp\/v2\/types\/post"}],"author":[{"embeddable":true,"href":"https:\/\/veritasinfo.org\/index.php?rest_route=\/wp\/v2\/users\/6"}],"replies":[{"embeddable":true,"href":"https:\/\/veritasinfo.org\/index.php?rest_route=%2Fwp%2Fv2%2Fcomments&post=38413"}],"version-history":[{"count":2,"href":"https:\/\/veritasinfo.org\/index.php?rest_route=\/wp\/v2\/posts\/38413\/revisions"}],"predecessor-version":[{"id":38416,"href":"https:\/\/veritasinfo.org\/index.php?rest_route=\/wp\/v2\/posts\/38413\/revisions\/38416"}],"wp:featuredmedia":[{"embeddable":true,"href":"https:\/\/veritasinfo.org\/index.php?rest_route=\/wp\/v2\/media\/38414"}],"wp:attachment":[{"href":"https:\/\/veritasinfo.org\/index.php?rest_route=%2Fwp%2Fv2%2Fmedia&parent=38413"}],"wp:term":[{"taxonomy":"category","embeddable":true,"href":"https:\/\/veritasinfo.org\/index.php?rest_route=%2Fwp%2Fv2%2Fcategories&post=38413"},{"taxonomy":"post_tag","embeddable":true,"href":"https:\/\/veritasinfo.org\/index.php?rest_route=%2Fwp%2Fv2%2Ftags&post=38413"}],"curies":[{"name":"wp","href":"https:\/\/api.w.org\/{rel}","templated":true}]}}