{"id":38406,"date":"2026-03-18T14:15:08","date_gmt":"2026-03-18T13:15:08","guid":{"rendered":"https:\/\/veritasinfo.org\/?p=38406"},"modified":"2026-03-18T14:15:08","modified_gmt":"2026-03-18T13:15:08","slug":"dragan-ristiq-i-akuzuar-per-krime-lufte-ne-kosove-lirohet-nga-akuza","status":"publish","type":"post","link":"https:\/\/veritasinfo.org\/?p=38406","title":{"rendered":"Dragan Ristiq i akuzuar p\u00ebr krime lufte n\u00eb Kosov\u00eb lirohet nga akuza"},"content":{"rendered":"<p>Prishtin\u00eb 18 Mars 2026 14:14<\/p>\n<p>Gjykata Themelore n\u00eb Prishtin\u00eb e ka shpallur aktgjykimin ndaj Dragan Ristiq, i akuzuar p\u00ebr krime lufte n\u00eb Kosov\u00eb, duke e liruar nga akuza.<\/p>\n<p>Ristiq, i cili ndodhet n\u00eb paraburgim, me vendim t\u00eb gjykat\u00ebs, kjo mas\u00eb nd\u00ebrprehet dhe i nj\u00ebjti lirohet.<\/p>\n<p>N\u00eb sall\u00ebn e gjykimit ishte edhe nj\u00eb familjar i tij, i cili iu g\u00ebzua aktgjykimit t\u00eb gjykat\u00ebs.<\/p>\n<p>Prokurori special, Ilir Morina, n\u00eb fjal\u00ebn p\u00ebrfundimtare kishte deklaruar se nga t\u00eb gjitha provat e administruara n\u00eb shqyrtimin gjyq\u00ebsor del qart\u00eb dhe bindsh\u00ebm se Ristiq n\u00eb cil\u00ebsin\u00eb e personit civil edhe pse nuk ishte pjes\u00eb e strukturave policore-ushtarake serbe, vullnetarisht u \u00ebsht\u00eb bashkuar k\u00ebtyre strukturave.<\/p>\n<p>Prokuroria Speciale e Kosov\u00ebs m\u00eb 27 qershor 2025 e kishte ngritur aktakuz\u00ebn p\u00ebr vepr\u00ebn penale \u201ckrim i luft\u00ebs kund\u00ebr popullsis\u00eb civile\u201d.<\/p>\n","protected":false},"excerpt":{"rendered":"<p>Prishtin\u00eb 18 Mars 2026 14:14 Gjykata Themelore n\u00eb Prishtin\u00eb e ka shpallur aktgjykimin ndaj Dragan Ristiq, i akuzuar p\u00ebr krime lufte n\u00eb Kosov\u00eb, duke e<\/p>\n","protected":false},"author":6,"featured_media":38407,"comment_status":"open","ping_status":"open","sticky":false,"template":"","format":"standard","meta":{"footnotes":""},"categories":[60],"tags":[],"class_list":["post-38406","post","type-post","status-publish","format-standard","has-post-thumbnail","hentry","category-shoqerore-sq"],"yoast_head":"<!-- This site is optimized with the Yoast SEO plugin v25.3.1 - https:\/\/yoast.com\/wordpress\/plugins\/seo\/ -->\n<title>Dragan Ristiq i akuzuar p\u00ebr krime lufte n\u00eb Kosov\u00eb lirohet nga akuza -<\/title>\n<meta name=\"robots\" content=\"index, follow, max-snippet:-1, max-image-preview:large, max-video-preview:-1\" \/>\n<link rel=\"canonical\" href=\"https:\/\/veritasinfo.org\/?p=38406\" \/>\n<meta property=\"og:locale\" content=\"en_US\" \/>\n<meta property=\"og:type\" content=\"article\" \/>\n<meta property=\"og:title\" content=\"Dragan Ristiq i akuzuar p\u00ebr krime lufte n\u00eb Kosov\u00eb lirohet nga akuza -\" \/>\n<meta property=\"og:description\" content=\"Prishtin\u00eb 18 Mars 2026 14:14 Gjykata Themelore n\u00eb Prishtin\u00eb e ka shpallur aktgjykimin ndaj Dragan Ristiq, i akuzuar p\u00ebr krime lufte n\u00eb Kosov\u00eb, duke e\" \/>\n<meta property=\"og:url\" content=\"https:\/\/veritasinfo.org\/?p=38406\" \/>\n<meta property=\"article:published_time\" content=\"2026-03-18T13:15:08+00:00\" \/>\n<meta property=\"og:image\" content=\"https:\/\/veritasinfo.org\/wp-content\/uploads\/2026\/03\/ooooo-3.jpg\" \/>\n\t<meta property=\"og:image:width\" content=\"640\" \/>\n\t<meta property=\"og:image:height\" content=\"480\" \/>\n\t<meta property=\"og:image:type\" content=\"image\/jpeg\" \/>\n<meta name=\"author\" content=\"US5\" \/>\n<meta name=\"twitter:card\" content=\"summary_large_image\" \/>\n<meta name=\"twitter:label1\" content=\"Written by\" \/>\n\t<meta name=\"twitter:data1\" content=\"US5\" \/>\n\t<meta name=\"twitter:label2\" content=\"Est. reading time\" \/>\n\t<meta name=\"twitter:data2\" content=\"1 minute\" \/>\n<script type=\"application\/ld+json\" class=\"yoast-schema-graph\">{\"@context\":\"https:\/\/schema.org\",\"@graph\":[{\"@type\":\"WebPage\",\"@id\":\"https:\/\/veritasinfo.org\/?p=38406\",\"url\":\"https:\/\/veritasinfo.org\/?p=38406\",\"name\":\"Dragan Ristiq i akuzuar p\u00ebr krime lufte n\u00eb Kosov\u00eb lirohet nga akuza -\",\"isPartOf\":{\"@id\":\"https:\/\/veritasinfo.org\/#website\"},\"primaryImageOfPage\":{\"@id\":\"https:\/\/veritasinfo.org\/?p=38406#primaryimage\"},\"image\":{\"@id\":\"https:\/\/veritasinfo.org\/?p=38406#primaryimage\"},\"thumbnailUrl\":\"https:\/\/veritasinfo.org\/wp-content\/uploads\/2026\/03\/ooooo-3.jpg\",\"datePublished\":\"2026-03-18T13:15:08+00:00\",\"author\":{\"@id\":\"https:\/\/veritasinfo.org\/#\/schema\/person\/bc442336e35414d04494ab8fb45db4c6\"},\"breadcrumb\":{\"@id\":\"https:\/\/veritasinfo.org\/?p=38406#breadcrumb\"},\"inLanguage\":\"en-US\",\"potentialAction\":[{\"@type\":\"ReadAction\",\"target\":[\"https:\/\/veritasinfo.org\/?p=38406\"]}]},{\"@type\":\"ImageObject\",\"inLanguage\":\"en-US\",\"@id\":\"https:\/\/veritasinfo.org\/?p=38406#primaryimage\",\"url\":\"https:\/\/veritasinfo.org\/wp-content\/uploads\/2026\/03\/ooooo-3.jpg\",\"contentUrl\":\"https:\/\/veritasinfo.org\/wp-content\/uploads\/2026\/03\/ooooo-3.jpg\",\"width\":640,\"height\":480},{\"@type\":\"BreadcrumbList\",\"@id\":\"https:\/\/veritasinfo.org\/?p=38406#breadcrumb\",\"itemListElement\":[{\"@type\":\"ListItem\",\"position\":1,\"name\":\"Home\",\"item\":\"https:\/\/veritasinfo.org\/\"},{\"@type\":\"ListItem\",\"position\":2,\"name\":\"Dragan Ristiq i akuzuar p\u00ebr krime lufte n\u00eb Kosov\u00eb lirohet nga akuza\"}]},{\"@type\":\"WebSite\",\"@id\":\"https:\/\/veritasinfo.org\/#website\",\"url\":\"https:\/\/veritasinfo.org\/\",\"name\":\"\",\"description\":\"\",\"potentialAction\":[{\"@type\":\"SearchAction\",\"target\":{\"@type\":\"EntryPoint\",\"urlTemplate\":\"https:\/\/veritasinfo.org\/?s={search_term_string}\"},\"query-input\":{\"@type\":\"PropertyValueSpecification\",\"valueRequired\":true,\"valueName\":\"search_term_string\"}}],\"inLanguage\":\"en-US\"},{\"@type\":\"Person\",\"@id\":\"https:\/\/veritasinfo.org\/#\/schema\/person\/bc442336e35414d04494ab8fb45db4c6\",\"name\":\"US5\",\"image\":{\"@type\":\"ImageObject\",\"inLanguage\":\"en-US\",\"@id\":\"https:\/\/veritasinfo.org\/#\/schema\/person\/image\/\",\"url\":\"https:\/\/secure.gravatar.com\/avatar\/16a61e7272a0c5d001121ebb9e60e925d5816e4ac1e443ed3e640d9a6ae55d0c?s=96&d=mm&r=g\",\"contentUrl\":\"https:\/\/secure.gravatar.com\/avatar\/16a61e7272a0c5d001121ebb9e60e925d5816e4ac1e443ed3e640d9a6ae55d0c?s=96&d=mm&r=g\",\"caption\":\"US5\"},\"url\":\"https:\/\/veritasinfo.org\/?author=6\"}]}<\/script>\n<!-- \/ Yoast SEO plugin. -->","yoast_head_json":{"title":"Dragan Ristiq i akuzuar p\u00ebr krime lufte n\u00eb Kosov\u00eb lirohet nga akuza -","robots":{"index":"index","follow":"follow","max-snippet":"max-snippet:-1","max-image-preview":"max-image-preview:large","max-video-preview":"max-video-preview:-1"},"canonical":"https:\/\/veritasinfo.org\/?p=38406","og_locale":"en_US","og_type":"article","og_title":"Dragan Ristiq i akuzuar p\u00ebr krime lufte n\u00eb Kosov\u00eb lirohet nga akuza -","og_description":"Prishtin\u00eb 18 Mars 2026 14:14 Gjykata Themelore n\u00eb Prishtin\u00eb e ka shpallur aktgjykimin ndaj Dragan Ristiq, i akuzuar p\u00ebr krime lufte n\u00eb Kosov\u00eb, duke e","og_url":"https:\/\/veritasinfo.org\/?p=38406","article_published_time":"2026-03-18T13:15:08+00:00","og_image":[{"width":640,"height":480,"url":"https:\/\/veritasinfo.org\/wp-content\/uploads\/2026\/03\/ooooo-3.jpg","type":"image\/jpeg"}],"author":"US5","twitter_card":"summary_large_image","twitter_misc":{"Written by":"US5","Est. reading time":"1 minute"},"schema":{"@context":"https:\/\/schema.org","@graph":[{"@type":"WebPage","@id":"https:\/\/veritasinfo.org\/?p=38406","url":"https:\/\/veritasinfo.org\/?p=38406","name":"Dragan Ristiq i akuzuar p\u00ebr krime lufte n\u00eb Kosov\u00eb lirohet nga akuza -","isPartOf":{"@id":"https:\/\/veritasinfo.org\/#website"},"primaryImageOfPage":{"@id":"https:\/\/veritasinfo.org\/?p=38406#primaryimage"},"image":{"@id":"https:\/\/veritasinfo.org\/?p=38406#primaryimage"},"thumbnailUrl":"https:\/\/veritasinfo.org\/wp-content\/uploads\/2026\/03\/ooooo-3.jpg","datePublished":"2026-03-18T13:15:08+00:00","author":{"@id":"https:\/\/veritasinfo.org\/#\/schema\/person\/bc442336e35414d04494ab8fb45db4c6"},"breadcrumb":{"@id":"https:\/\/veritasinfo.org\/?p=38406#breadcrumb"},"inLanguage":"en-US","potentialAction":[{"@type":"ReadAction","target":["https:\/\/veritasinfo.org\/?p=38406"]}]},{"@type":"ImageObject","inLanguage":"en-US","@id":"https:\/\/veritasinfo.org\/?p=38406#primaryimage","url":"https:\/\/veritasinfo.org\/wp-content\/uploads\/2026\/03\/ooooo-3.jpg","contentUrl":"https:\/\/veritasinfo.org\/wp-content\/uploads\/2026\/03\/ooooo-3.jpg","width":640,"height":480},{"@type":"BreadcrumbList","@id":"https:\/\/veritasinfo.org\/?p=38406#breadcrumb","itemListElement":[{"@type":"ListItem","position":1,"name":"Home","item":"https:\/\/veritasinfo.org\/"},{"@type":"ListItem","position":2,"name":"Dragan Ristiq i akuzuar p\u00ebr krime lufte n\u00eb Kosov\u00eb lirohet nga akuza"}]},{"@type":"WebSite","@id":"https:\/\/veritasinfo.org\/#website","url":"https:\/\/veritasinfo.org\/","name":"","description":"","potentialAction":[{"@type":"SearchAction","target":{"@type":"EntryPoint","urlTemplate":"https:\/\/veritasinfo.org\/?s={search_term_string}"},"query-input":{"@type":"PropertyValueSpecification","valueRequired":true,"valueName":"search_term_string"}}],"inLanguage":"en-US"},{"@type":"Person","@id":"https:\/\/veritasinfo.org\/#\/schema\/person\/bc442336e35414d04494ab8fb45db4c6","name":"US5","image":{"@type":"ImageObject","inLanguage":"en-US","@id":"https:\/\/veritasinfo.org\/#\/schema\/person\/image\/","url":"https:\/\/secure.gravatar.com\/avatar\/16a61e7272a0c5d001121ebb9e60e925d5816e4ac1e443ed3e640d9a6ae55d0c?s=96&d=mm&r=g","contentUrl":"https:\/\/secure.gravatar.com\/avatar\/16a61e7272a0c5d001121ebb9e60e925d5816e4ac1e443ed3e640d9a6ae55d0c?s=96&d=mm&r=g","caption":"US5"},"url":"https:\/\/veritasinfo.org\/?author=6"}]}},"featured_image_urls":{"full":["https:\/\/veritasinfo.org\/wp-content\/uploads\/2026\/03\/ooooo-3.jpg",640,480,false],"thumbnail":["https:\/\/veritasinfo.org\/wp-content\/uploads\/2026\/03\/ooooo-3-150x150.jpg",150,150,true],"medium":["https:\/\/veritasinfo.org\/wp-content\/uploads\/2026\/03\/ooooo-3-300x225.jpg",300,225,true],"medium_large":["https:\/\/veritasinfo.org\/wp-content\/uploads\/2026\/03\/ooooo-3.jpg",640,480,false],"large":["https:\/\/veritasinfo.org\/wp-content\/uploads\/2026\/03\/ooooo-3.jpg",640,480,false],"1536x1536":["https:\/\/veritasinfo.org\/wp-content\/uploads\/2026\/03\/ooooo-3.jpg",640,480,false],"2048x2048":["https:\/\/veritasinfo.org\/wp-content\/uploads\/2026\/03\/ooooo-3.jpg",640,480,false],"kreeti-slider-full":["https:\/\/veritasinfo.org\/wp-content\/uploads\/2026\/03\/ooooo-3.jpg",640,480,false],"kreeti-featured":["https:\/\/veritasinfo.org\/wp-content\/uploads\/2026\/03\/ooooo-3.jpg",640,480,false],"kreeti-medium":["https:\/\/veritasinfo.org\/wp-content\/uploads\/2026\/03\/ooooo-3.jpg",640,480,false],"kreeti-medium-square":["https:\/\/veritasinfo.org\/wp-content\/uploads\/2026\/03\/ooooo-3.jpg",350,263,false]},"author_info":{"info":["US5"]},"category_info":"<a href=\"https:\/\/veritasinfo.org\/?cat=60\" rel=\"category\">Shoq\u00ebrore<\/a>","tag_info":"Shoq\u00ebrore","comment_count":"0","_links":{"self":[{"href":"https:\/\/veritasinfo.org\/index.php?rest_route=\/wp\/v2\/posts\/38406","targetHints":{"allow":["GET"]}}],"collection":[{"href":"https:\/\/veritasinfo.org\/index.php?rest_route=\/wp\/v2\/posts"}],"about":[{"href":"https:\/\/veritasinfo.org\/index.php?rest_route=\/wp\/v2\/types\/post"}],"author":[{"embeddable":true,"href":"https:\/\/veritasinfo.org\/index.php?rest_route=\/wp\/v2\/users\/6"}],"replies":[{"embeddable":true,"href":"https:\/\/veritasinfo.org\/index.php?rest_route=%2Fwp%2Fv2%2Fcomments&post=38406"}],"version-history":[{"count":2,"href":"https:\/\/veritasinfo.org\/index.php?rest_route=\/wp\/v2\/posts\/38406\/revisions"}],"predecessor-version":[{"id":38409,"href":"https:\/\/veritasinfo.org\/index.php?rest_route=\/wp\/v2\/posts\/38406\/revisions\/38409"}],"wp:featuredmedia":[{"embeddable":true,"href":"https:\/\/veritasinfo.org\/index.php?rest_route=\/wp\/v2\/media\/38407"}],"wp:attachment":[{"href":"https:\/\/veritasinfo.org\/index.php?rest_route=%2Fwp%2Fv2%2Fmedia&parent=38406"}],"wp:term":[{"taxonomy":"category","embeddable":true,"href":"https:\/\/veritasinfo.org\/index.php?rest_route=%2Fwp%2Fv2%2Fcategories&post=38406"},{"taxonomy":"post_tag","embeddable":true,"href":"https:\/\/veritasinfo.org\/index.php?rest_route=%2Fwp%2Fv2%2Ftags&post=38406"}],"curies":[{"name":"wp","href":"https:\/\/api.w.org\/{rel}","templated":true}]}}