{"id":38301,"date":"2026-03-18T08:14:58","date_gmt":"2026-03-18T07:14:58","guid":{"rendered":"https:\/\/veritasinfo.org\/?p=38301"},"modified":"2026-03-18T08:14:58","modified_gmt":"2026-03-18T07:14:58","slug":"vazhdon-gjykimi-per-sulmin-terrorist-ne-banjske-3","status":"publish","type":"post","link":"https:\/\/veritasinfo.org\/?p=38301","title":{"rendered":"Vazhdon gjykimi p\u00ebr sulmin terrorist n\u00eb Banjsk\u00eb"},"content":{"rendered":"<p>Prishtin\u00eb 18 Mars 2026 8:14<\/p>\n<p>N\u00eb Gjykat\u00ebn Themelore t\u00eb Prishtin\u00ebs do t\u00eb mbahet sot seanc\u00eb gjyq\u00ebsore lidhur me sulmin e armatosur n\u00eb Banjsk\u00eb t\u00eb Zve\u00e7anit.<\/p>\n<p>Para trupit gjykues do t\u00eb paraqiten Blagoje Spasojeviq, Vladimir Toliq dhe Dushan Maksimoviq, t\u00eb cil\u00ebt p\u00ebrballen me akuza t\u00eb r\u00ebnda p\u00ebr p\u00ebrfshirje n\u00eb ngjarjet e 24 shtatorit 2023, n\u00eb fshatin Banjsk\u00eb t\u00eb komun\u00ebs s\u00eb Zve\u00e7anit.<\/p>\n<p>Gjat\u00eb k\u00ebtij sulmi, mbeti i vrar\u00eb rreshteri hero Afrim Bunjaku, nd\u00ebrsa disa zyrtar\u00eb t\u00eb tjer\u00eb policor\u00eb u plagos\u00ebn.<\/p>\n<p>Seanca gjyq\u00ebsore \u00ebsht\u00eb parapar\u00eb t\u00eb nis\u00eb me fillim nga ora 09:30.<\/p>\n","protected":false},"excerpt":{"rendered":"<p>Prishtin\u00eb 18 Mars 2026 8:14 N\u00eb Gjykat\u00ebn Themelore t\u00eb Prishtin\u00ebs do t\u00eb mbahet sot seanc\u00eb gjyq\u00ebsore lidhur me sulmin e armatosur n\u00eb Banjsk\u00eb t\u00eb Zve\u00e7anit.<\/p>\n","protected":false},"author":6,"featured_media":38302,"comment_status":"open","ping_status":"open","sticky":false,"template":"","format":"standard","meta":{"footnotes":""},"categories":[60],"tags":[],"class_list":["post-38301","post","type-post","status-publish","format-standard","has-post-thumbnail","hentry","category-shoqerore-sq"],"yoast_head":"<!-- This site is optimized with the Yoast SEO plugin v25.3.1 - https:\/\/yoast.com\/wordpress\/plugins\/seo\/ -->\n<title>Vazhdon gjykimi p\u00ebr sulmin terrorist n\u00eb Banjsk\u00eb -<\/title>\n<meta name=\"robots\" content=\"index, follow, max-snippet:-1, max-image-preview:large, max-video-preview:-1\" \/>\n<link rel=\"canonical\" href=\"https:\/\/veritasinfo.org\/?p=38301\" \/>\n<meta property=\"og:locale\" content=\"en_US\" \/>\n<meta property=\"og:type\" content=\"article\" \/>\n<meta property=\"og:title\" content=\"Vazhdon gjykimi p\u00ebr sulmin terrorist n\u00eb Banjsk\u00eb -\" \/>\n<meta property=\"og:description\" content=\"Prishtin\u00eb 18 Mars 2026 8:14 N\u00eb Gjykat\u00ebn Themelore t\u00eb Prishtin\u00ebs do t\u00eb mbahet sot seanc\u00eb gjyq\u00ebsore lidhur me sulmin e armatosur n\u00eb Banjsk\u00eb t\u00eb Zve\u00e7anit.\" \/>\n<meta property=\"og:url\" content=\"https:\/\/veritasinfo.org\/?p=38301\" \/>\n<meta property=\"article:published_time\" content=\"2026-03-18T07:14:58+00:00\" \/>\n<meta property=\"og:image\" content=\"https:\/\/veritasinfo.org\/wp-content\/uploads\/2026\/03\/B-2.jpg\" \/>\n\t<meta property=\"og:image:width\" content=\"450\" \/>\n\t<meta property=\"og:image:height\" content=\"300\" \/>\n\t<meta property=\"og:image:type\" content=\"image\/jpeg\" \/>\n<meta name=\"author\" content=\"US5\" \/>\n<meta name=\"twitter:card\" content=\"summary_large_image\" \/>\n<meta name=\"twitter:label1\" content=\"Written by\" \/>\n\t<meta name=\"twitter:data1\" content=\"US5\" \/>\n\t<meta name=\"twitter:label2\" content=\"Est. reading time\" \/>\n\t<meta name=\"twitter:data2\" content=\"1 minute\" \/>\n<script type=\"application\/ld+json\" class=\"yoast-schema-graph\">{\"@context\":\"https:\/\/schema.org\",\"@graph\":[{\"@type\":\"WebPage\",\"@id\":\"https:\/\/veritasinfo.org\/?p=38301\",\"url\":\"https:\/\/veritasinfo.org\/?p=38301\",\"name\":\"Vazhdon gjykimi p\u00ebr sulmin terrorist n\u00eb Banjsk\u00eb -\",\"isPartOf\":{\"@id\":\"https:\/\/veritasinfo.org\/#website\"},\"primaryImageOfPage\":{\"@id\":\"https:\/\/veritasinfo.org\/?p=38301#primaryimage\"},\"image\":{\"@id\":\"https:\/\/veritasinfo.org\/?p=38301#primaryimage\"},\"thumbnailUrl\":\"https:\/\/veritasinfo.org\/wp-content\/uploads\/2026\/03\/B-2.jpg\",\"datePublished\":\"2026-03-18T07:14:58+00:00\",\"author\":{\"@id\":\"https:\/\/veritasinfo.org\/#\/schema\/person\/bc442336e35414d04494ab8fb45db4c6\"},\"breadcrumb\":{\"@id\":\"https:\/\/veritasinfo.org\/?p=38301#breadcrumb\"},\"inLanguage\":\"en-US\",\"potentialAction\":[{\"@type\":\"ReadAction\",\"target\":[\"https:\/\/veritasinfo.org\/?p=38301\"]}]},{\"@type\":\"ImageObject\",\"inLanguage\":\"en-US\",\"@id\":\"https:\/\/veritasinfo.org\/?p=38301#primaryimage\",\"url\":\"https:\/\/veritasinfo.org\/wp-content\/uploads\/2026\/03\/B-2.jpg\",\"contentUrl\":\"https:\/\/veritasinfo.org\/wp-content\/uploads\/2026\/03\/B-2.jpg\",\"width\":450,\"height\":300,\"caption\":\"In this photo provided by the Kosovo Police, a group of armed, masked men stand in front of the Banjska Monastery in the same village in North Kosovo, on Sunday, Sept. 24, 2023. Kosovo's prime minister on Sunday said one police officer was killed and another wounded in an attack he blamed on support from neighboring Serbia, increasing tensions between the two former war foes at a delicate moment in their European Union-facilitated dialogue to normalize ties. Prime Minister Albin Kurti said \\\"masked professionals armed with heavy weapons\\\" opened fire on a police patrol in the village of Banjska, in Leposavic municipality, 55 kilometers (35 miles) north of the capital Pristina. (Kosovo Police via AP)\"},{\"@type\":\"BreadcrumbList\",\"@id\":\"https:\/\/veritasinfo.org\/?p=38301#breadcrumb\",\"itemListElement\":[{\"@type\":\"ListItem\",\"position\":1,\"name\":\"Home\",\"item\":\"https:\/\/veritasinfo.org\/\"},{\"@type\":\"ListItem\",\"position\":2,\"name\":\"Vazhdon gjykimi p\u00ebr sulmin terrorist n\u00eb Banjsk\u00eb\"}]},{\"@type\":\"WebSite\",\"@id\":\"https:\/\/veritasinfo.org\/#website\",\"url\":\"https:\/\/veritasinfo.org\/\",\"name\":\"\",\"description\":\"\",\"potentialAction\":[{\"@type\":\"SearchAction\",\"target\":{\"@type\":\"EntryPoint\",\"urlTemplate\":\"https:\/\/veritasinfo.org\/?s={search_term_string}\"},\"query-input\":{\"@type\":\"PropertyValueSpecification\",\"valueRequired\":true,\"valueName\":\"search_term_string\"}}],\"inLanguage\":\"en-US\"},{\"@type\":\"Person\",\"@id\":\"https:\/\/veritasinfo.org\/#\/schema\/person\/bc442336e35414d04494ab8fb45db4c6\",\"name\":\"US5\",\"image\":{\"@type\":\"ImageObject\",\"inLanguage\":\"en-US\",\"@id\":\"https:\/\/veritasinfo.org\/#\/schema\/person\/image\/\",\"url\":\"https:\/\/secure.gravatar.com\/avatar\/16a61e7272a0c5d001121ebb9e60e925d5816e4ac1e443ed3e640d9a6ae55d0c?s=96&d=mm&r=g\",\"contentUrl\":\"https:\/\/secure.gravatar.com\/avatar\/16a61e7272a0c5d001121ebb9e60e925d5816e4ac1e443ed3e640d9a6ae55d0c?s=96&d=mm&r=g\",\"caption\":\"US5\"},\"url\":\"https:\/\/veritasinfo.org\/?author=6\"}]}<\/script>\n<!-- \/ Yoast SEO plugin. -->","yoast_head_json":{"title":"Vazhdon gjykimi p\u00ebr sulmin terrorist n\u00eb Banjsk\u00eb -","robots":{"index":"index","follow":"follow","max-snippet":"max-snippet:-1","max-image-preview":"max-image-preview:large","max-video-preview":"max-video-preview:-1"},"canonical":"https:\/\/veritasinfo.org\/?p=38301","og_locale":"en_US","og_type":"article","og_title":"Vazhdon gjykimi p\u00ebr sulmin terrorist n\u00eb Banjsk\u00eb -","og_description":"Prishtin\u00eb 18 Mars 2026 8:14 N\u00eb Gjykat\u00ebn Themelore t\u00eb Prishtin\u00ebs do t\u00eb mbahet sot seanc\u00eb gjyq\u00ebsore lidhur me sulmin e armatosur n\u00eb Banjsk\u00eb t\u00eb Zve\u00e7anit.","og_url":"https:\/\/veritasinfo.org\/?p=38301","article_published_time":"2026-03-18T07:14:58+00:00","og_image":[{"width":450,"height":300,"url":"https:\/\/veritasinfo.org\/wp-content\/uploads\/2026\/03\/B-2.jpg","type":"image\/jpeg"}],"author":"US5","twitter_card":"summary_large_image","twitter_misc":{"Written by":"US5","Est. reading time":"1 minute"},"schema":{"@context":"https:\/\/schema.org","@graph":[{"@type":"WebPage","@id":"https:\/\/veritasinfo.org\/?p=38301","url":"https:\/\/veritasinfo.org\/?p=38301","name":"Vazhdon gjykimi p\u00ebr sulmin terrorist n\u00eb Banjsk\u00eb -","isPartOf":{"@id":"https:\/\/veritasinfo.org\/#website"},"primaryImageOfPage":{"@id":"https:\/\/veritasinfo.org\/?p=38301#primaryimage"},"image":{"@id":"https:\/\/veritasinfo.org\/?p=38301#primaryimage"},"thumbnailUrl":"https:\/\/veritasinfo.org\/wp-content\/uploads\/2026\/03\/B-2.jpg","datePublished":"2026-03-18T07:14:58+00:00","author":{"@id":"https:\/\/veritasinfo.org\/#\/schema\/person\/bc442336e35414d04494ab8fb45db4c6"},"breadcrumb":{"@id":"https:\/\/veritasinfo.org\/?p=38301#breadcrumb"},"inLanguage":"en-US","potentialAction":[{"@type":"ReadAction","target":["https:\/\/veritasinfo.org\/?p=38301"]}]},{"@type":"ImageObject","inLanguage":"en-US","@id":"https:\/\/veritasinfo.org\/?p=38301#primaryimage","url":"https:\/\/veritasinfo.org\/wp-content\/uploads\/2026\/03\/B-2.jpg","contentUrl":"https:\/\/veritasinfo.org\/wp-content\/uploads\/2026\/03\/B-2.jpg","width":450,"height":300,"caption":"In this photo provided by the Kosovo Police, a group of armed, masked men stand in front of the Banjska Monastery in the same village in North Kosovo, on Sunday, Sept. 24, 2023. Kosovo's prime minister on Sunday said one police officer was killed and another wounded in an attack he blamed on support from neighboring Serbia, increasing tensions between the two former war foes at a delicate moment in their European Union-facilitated dialogue to normalize ties. Prime Minister Albin Kurti said \"masked professionals armed with heavy weapons\" opened fire on a police patrol in the village of Banjska, in Leposavic municipality, 55 kilometers (35 miles) north of the capital Pristina. (Kosovo Police via AP)"},{"@type":"BreadcrumbList","@id":"https:\/\/veritasinfo.org\/?p=38301#breadcrumb","itemListElement":[{"@type":"ListItem","position":1,"name":"Home","item":"https:\/\/veritasinfo.org\/"},{"@type":"ListItem","position":2,"name":"Vazhdon gjykimi p\u00ebr sulmin terrorist n\u00eb Banjsk\u00eb"}]},{"@type":"WebSite","@id":"https:\/\/veritasinfo.org\/#website","url":"https:\/\/veritasinfo.org\/","name":"","description":"","potentialAction":[{"@type":"SearchAction","target":{"@type":"EntryPoint","urlTemplate":"https:\/\/veritasinfo.org\/?s={search_term_string}"},"query-input":{"@type":"PropertyValueSpecification","valueRequired":true,"valueName":"search_term_string"}}],"inLanguage":"en-US"},{"@type":"Person","@id":"https:\/\/veritasinfo.org\/#\/schema\/person\/bc442336e35414d04494ab8fb45db4c6","name":"US5","image":{"@type":"ImageObject","inLanguage":"en-US","@id":"https:\/\/veritasinfo.org\/#\/schema\/person\/image\/","url":"https:\/\/secure.gravatar.com\/avatar\/16a61e7272a0c5d001121ebb9e60e925d5816e4ac1e443ed3e640d9a6ae55d0c?s=96&d=mm&r=g","contentUrl":"https:\/\/secure.gravatar.com\/avatar\/16a61e7272a0c5d001121ebb9e60e925d5816e4ac1e443ed3e640d9a6ae55d0c?s=96&d=mm&r=g","caption":"US5"},"url":"https:\/\/veritasinfo.org\/?author=6"}]}},"featured_image_urls":{"full":["https:\/\/veritasinfo.org\/wp-content\/uploads\/2026\/03\/B-2.jpg",450,300,false],"thumbnail":["https:\/\/veritasinfo.org\/wp-content\/uploads\/2026\/03\/B-2-150x150.jpg",150,150,true],"medium":["https:\/\/veritasinfo.org\/wp-content\/uploads\/2026\/03\/B-2-300x200.jpg",300,200,true],"medium_large":["https:\/\/veritasinfo.org\/wp-content\/uploads\/2026\/03\/B-2.jpg",450,300,false],"large":["https:\/\/veritasinfo.org\/wp-content\/uploads\/2026\/03\/B-2.jpg",450,300,false],"1536x1536":["https:\/\/veritasinfo.org\/wp-content\/uploads\/2026\/03\/B-2.jpg",450,300,false],"2048x2048":["https:\/\/veritasinfo.org\/wp-content\/uploads\/2026\/03\/B-2.jpg",450,300,false],"kreeti-slider-full":["https:\/\/veritasinfo.org\/wp-content\/uploads\/2026\/03\/B-2.jpg",450,300,false],"kreeti-featured":["https:\/\/veritasinfo.org\/wp-content\/uploads\/2026\/03\/B-2.jpg",450,300,false],"kreeti-medium":["https:\/\/veritasinfo.org\/wp-content\/uploads\/2026\/03\/B-2.jpg",450,300,false],"kreeti-medium-square":["https:\/\/veritasinfo.org\/wp-content\/uploads\/2026\/03\/B-2.jpg",350,233,false]},"author_info":{"info":["US5"]},"category_info":"<a href=\"https:\/\/veritasinfo.org\/?cat=60\" rel=\"category\">Shoq\u00ebrore<\/a>","tag_info":"Shoq\u00ebrore","comment_count":"0","_links":{"self":[{"href":"https:\/\/veritasinfo.org\/index.php?rest_route=\/wp\/v2\/posts\/38301","targetHints":{"allow":["GET"]}}],"collection":[{"href":"https:\/\/veritasinfo.org\/index.php?rest_route=\/wp\/v2\/posts"}],"about":[{"href":"https:\/\/veritasinfo.org\/index.php?rest_route=\/wp\/v2\/types\/post"}],"author":[{"embeddable":true,"href":"https:\/\/veritasinfo.org\/index.php?rest_route=\/wp\/v2\/users\/6"}],"replies":[{"embeddable":true,"href":"https:\/\/veritasinfo.org\/index.php?rest_route=%2Fwp%2Fv2%2Fcomments&post=38301"}],"version-history":[{"count":2,"href":"https:\/\/veritasinfo.org\/index.php?rest_route=\/wp\/v2\/posts\/38301\/revisions"}],"predecessor-version":[{"id":38304,"href":"https:\/\/veritasinfo.org\/index.php?rest_route=\/wp\/v2\/posts\/38301\/revisions\/38304"}],"wp:featuredmedia":[{"embeddable":true,"href":"https:\/\/veritasinfo.org\/index.php?rest_route=\/wp\/v2\/media\/38302"}],"wp:attachment":[{"href":"https:\/\/veritasinfo.org\/index.php?rest_route=%2Fwp%2Fv2%2Fmedia&parent=38301"}],"wp:term":[{"taxonomy":"category","embeddable":true,"href":"https:\/\/veritasinfo.org\/index.php?rest_route=%2Fwp%2Fv2%2Fcategories&post=38301"},{"taxonomy":"post_tag","embeddable":true,"href":"https:\/\/veritasinfo.org\/index.php?rest_route=%2Fwp%2Fv2%2Ftags&post=38301"}],"curies":[{"name":"wp","href":"https:\/\/api.w.org\/{rel}","templated":true}]}}