{"id":38292,"date":"2026-03-18T08:05:47","date_gmt":"2026-03-18T07:05:47","guid":{"rendered":"https:\/\/veritasinfo.org\/?p=38292"},"modified":"2026-03-18T08:05:47","modified_gmt":"2026-03-18T07:05:47","slug":"der-spiegel-trondit-me-hulumtimin-per-safari-ne-sarajeve-dyshime-per-snajperiste-perendimore-dhe-lidhje-me-zyrtare-serbe","status":"publish","type":"post","link":"https:\/\/veritasinfo.org\/?p=38292","title":{"rendered":"Der Spiegel\u201d trondit me hulumtimin p\u00ebr \u201cSafari n\u00eb Sarajev\u00eb\u201d: Dyshime p\u00ebr snajperist\u00eb per\u00ebndimor\u00eb dhe lidhje me zyrtar\u00eb serb\u00eb"},"content":{"rendered":"<p>Prishtin\u00eb 18 Mars 2026 8:04<\/p>\n<p>Gazetari Enver Robelli ka ngritur alarmin p\u00ebr nj\u00eb hulumtim t\u00eb fundit t\u00eb publikuar nga revista gjermane Der Spiegel, i cili hedh drit\u00eb mbi t\u00eb ashtuquajturin \u201cSafari n\u00eb Sarajev\u00eb\u201d \u2013 nj\u00eb praktik\u00eb e dyshuar gjat\u00eb luft\u00ebs n\u00eb Bosnje, ku civil\u00ebt sh\u00ebnjestroheshin nga snajperist\u00eb p\u00ebr arg\u00ebtim.<\/p>\n<p>Duke iu referuar shkrimit t\u00eb \u201cDer Spiegel\u201d dhe librit t\u00eb publikuar sot nga gazetari italian Ezio Gavazzeni, \u201cSnajperist\u00ebt e fundjav\u00ebs\u201d, Robelli shkruan se ekzistojn\u00eb dyshime serioze q\u00eb persona t\u00eb pasur nga Evropa Per\u00ebndimore udh\u00ebtonin drejt Sarajev\u00ebs p\u00ebr t\u00eb marr\u00eb pjes\u00eb n\u00eb \u201cgjueti njer\u00ebzish\u201d, duke paguar shuma t\u00eb m\u00ebdha p\u00ebr t\u00eb q\u00eblluar mbi civil\u00eb.<\/p>\n<p>Sipas tij, hetimet jan\u00eb duke u zhvilluar nga Prokuroria e Milanos, ku prokuror\u00ebt Alessandro Gobbis dhe Marcello Viola po trajtojn\u00eb rastin si vrasje t\u00eb shum\u00ebfisht\u00eb me motive t\u00eb ul\u00ebta. Gjyqtari Guido Salvini citohet t\u00eb ket\u00eb deklaruar se nuk ka m\u00eb dyshime p\u00ebr ekzistenc\u00ebn e k\u00ebtij fenomeni.<\/p>\n<p>Robelli thekson se sipas hulumtimit, organizimi i k\u00ebtij aktiviteti dyshohet t\u00eb ket\u00eb qen\u00eb n\u00ebn drejtimin e ish-shefit t\u00eb sh\u00ebrbimit sekret serb, Jovica Stanisiq, nd\u00ebrsa p\u00ebr aspektin logjistik p\u00ebrmendet edhe emri i Dragoslav Bokan.<\/p>\n<p>N\u00eb statusin e tij, ai p\u00ebrmend edhe pretendimet e gazetarit kroat Domagoj Margetiq, i cili akuzon presidentin e Serbis\u00eb Aleksandar Vu\u00e7iq p\u00ebr kontakte me pjes\u00ebmarr\u00ebsit n\u00eb k\u00ebt\u00eb aktivitet gjat\u00eb rinis\u00eb s\u00eb tij. K\u00ebto akuza jan\u00eb mohuar nga Vu\u00e7iq, i cili i ka cil\u00ebsuar si dezinformata.<\/p>\n<p>Robelli sjell n\u00eb v\u00ebmendje edhe nj\u00eb nga rastet m\u00eb t\u00eb r\u00ebnda t\u00eb viktimave civile, at\u00eb t\u00eb nj\u00eb foshnjeje t\u00eb vrar\u00eb gjat\u00eb rrethimit t\u00eb Sarajev\u00ebs, duke theksuar dimensionin tragjik t\u00eb k\u00ebsaj periudhe, ku mbi 1,600 f\u00ebmij\u00eb humb\u00ebn jet\u00ebn.<\/p>\n<p>Sipas tij, nj\u00eb element q\u00eb shton dyshimet \u00ebsht\u00eb edhe vdekja n\u00eb rrethana misterioze e tre d\u00ebshmitar\u00ebve ky\u00e7 gjat\u00eb vitit 2025, t\u00eb cil\u00ebt mund t\u00eb kishin ndihmuar n\u00eb zbardhjen e plot\u00eb t\u00eb rastit.<\/p>\n<p>Duke cituar d\u00ebshmi nga terreni, Robelli p\u00ebrshkruan se ardhja e \u201csnajperist\u00ebve t\u00eb fundjav\u00ebs\u201d paralajm\u00ebrohej paraprakisht, nd\u00ebrsa civil\u00ebt k\u00ebshilloheshin t\u00eb largonin grat\u00eb dhe f\u00ebmij\u00ebt nga zonat e rrezikuara.<\/p>\n<p>N\u00eb fund, ai ngre pyetjen n\u00ebse me vdekjen e d\u00ebshmitar\u00ebve po fshihen gjurm\u00ebt e fundit t\u00eb k\u00ebtij krimi, nd\u00ebrsa hulumtimi i Der Spiegel pritet t\u00eb nxis\u00eb zhvillime t\u00eb reja n\u00eb hetimet nd\u00ebrkomb\u00ebtare.<\/p>\n","protected":false},"excerpt":{"rendered":"<p>Prishtin\u00eb 18 Mars 2026 8:04 Gazetari Enver Robelli ka ngritur alarmin p\u00ebr nj\u00eb hulumtim t\u00eb fundit t\u00eb publikuar nga revista gjermane Der Spiegel, i cili<\/p>\n","protected":false},"author":6,"featured_media":38294,"comment_status":"open","ping_status":"open","sticky":false,"template":"","format":"standard","meta":{"footnotes":""},"categories":[60],"tags":[],"class_list":["post-38292","post","type-post","status-publish","format-standard","has-post-thumbnail","hentry","category-shoqerore-sq"],"yoast_head":"<!-- This site is optimized with the Yoast SEO plugin v25.3.1 - https:\/\/yoast.com\/wordpress\/plugins\/seo\/ -->\n<title>Der Spiegel\u201d trondit me hulumtimin p\u00ebr \u201cSafari n\u00eb Sarajev\u00eb\u201d: Dyshime p\u00ebr snajperist\u00eb per\u00ebndimor\u00eb dhe lidhje me zyrtar\u00eb serb\u00eb -<\/title>\n<meta name=\"robots\" content=\"index, follow, max-snippet:-1, max-image-preview:large, max-video-preview:-1\" \/>\n<link rel=\"canonical\" href=\"https:\/\/veritasinfo.org\/?p=38292\" \/>\n<meta property=\"og:locale\" content=\"en_US\" \/>\n<meta property=\"og:type\" content=\"article\" \/>\n<meta property=\"og:title\" content=\"Der Spiegel\u201d trondit me hulumtimin p\u00ebr \u201cSafari n\u00eb Sarajev\u00eb\u201d: Dyshime p\u00ebr snajperist\u00eb per\u00ebndimor\u00eb dhe lidhje me zyrtar\u00eb serb\u00eb -\" \/>\n<meta property=\"og:description\" content=\"Prishtin\u00eb 18 Mars 2026 8:04 Gazetari Enver Robelli ka ngritur alarmin p\u00ebr nj\u00eb hulumtim t\u00eb fundit t\u00eb publikuar nga revista gjermane Der Spiegel, i cili\" \/>\n<meta property=\"og:url\" content=\"https:\/\/veritasinfo.org\/?p=38292\" \/>\n<meta property=\"article:published_time\" content=\"2026-03-18T07:05:47+00:00\" \/>\n<meta property=\"og:image\" content=\"https:\/\/veritasinfo.org\/wp-content\/uploads\/2026\/03\/auto_38d32e93-1f71-48ae-a35f-57bbfb50726b_w1366_r1.778_fpx60_fpy481773767679.webp\" \/>\n\t<meta property=\"og:image:width\" content=\"1366\" \/>\n\t<meta property=\"og:image:height\" content=\"768\" \/>\n\t<meta property=\"og:image:type\" content=\"image\/webp\" \/>\n<meta name=\"author\" content=\"US5\" \/>\n<meta name=\"twitter:card\" content=\"summary_large_image\" \/>\n<meta name=\"twitter:label1\" content=\"Written by\" \/>\n\t<meta name=\"twitter:data1\" content=\"US5\" \/>\n\t<meta name=\"twitter:label2\" content=\"Est. reading time\" \/>\n\t<meta name=\"twitter:data2\" content=\"1 minute\" \/>\n<script type=\"application\/ld+json\" class=\"yoast-schema-graph\">{\"@context\":\"https:\/\/schema.org\",\"@graph\":[{\"@type\":\"WebPage\",\"@id\":\"https:\/\/veritasinfo.org\/?p=38292\",\"url\":\"https:\/\/veritasinfo.org\/?p=38292\",\"name\":\"Der Spiegel\u201d trondit me hulumtimin p\u00ebr \u201cSafari n\u00eb Sarajev\u00eb\u201d: Dyshime p\u00ebr snajperist\u00eb per\u00ebndimor\u00eb dhe lidhje me zyrtar\u00eb serb\u00eb -\",\"isPartOf\":{\"@id\":\"https:\/\/veritasinfo.org\/#website\"},\"primaryImageOfPage\":{\"@id\":\"https:\/\/veritasinfo.org\/?p=38292#primaryimage\"},\"image\":{\"@id\":\"https:\/\/veritasinfo.org\/?p=38292#primaryimage\"},\"thumbnailUrl\":\"https:\/\/veritasinfo.org\/wp-content\/uploads\/2026\/03\/auto_38d32e93-1f71-48ae-a35f-57bbfb50726b_w1366_r1.778_fpx60_fpy481773767679.webp\",\"datePublished\":\"2026-03-18T07:05:47+00:00\",\"author\":{\"@id\":\"https:\/\/veritasinfo.org\/#\/schema\/person\/bc442336e35414d04494ab8fb45db4c6\"},\"breadcrumb\":{\"@id\":\"https:\/\/veritasinfo.org\/?p=38292#breadcrumb\"},\"inLanguage\":\"en-US\",\"potentialAction\":[{\"@type\":\"ReadAction\",\"target\":[\"https:\/\/veritasinfo.org\/?p=38292\"]}]},{\"@type\":\"ImageObject\",\"inLanguage\":\"en-US\",\"@id\":\"https:\/\/veritasinfo.org\/?p=38292#primaryimage\",\"url\":\"https:\/\/veritasinfo.org\/wp-content\/uploads\/2026\/03\/auto_38d32e93-1f71-48ae-a35f-57bbfb50726b_w1366_r1.778_fpx60_fpy481773767679.webp\",\"contentUrl\":\"https:\/\/veritasinfo.org\/wp-content\/uploads\/2026\/03\/auto_38d32e93-1f71-48ae-a35f-57bbfb50726b_w1366_r1.778_fpx60_fpy481773767679.webp\",\"width\":1366,\"height\":768},{\"@type\":\"BreadcrumbList\",\"@id\":\"https:\/\/veritasinfo.org\/?p=38292#breadcrumb\",\"itemListElement\":[{\"@type\":\"ListItem\",\"position\":1,\"name\":\"Home\",\"item\":\"https:\/\/veritasinfo.org\/\"},{\"@type\":\"ListItem\",\"position\":2,\"name\":\"Der Spiegel\u201d trondit me hulumtimin p\u00ebr \u201cSafari n\u00eb Sarajev\u00eb\u201d: Dyshime p\u00ebr snajperist\u00eb per\u00ebndimor\u00eb dhe lidhje me zyrtar\u00eb serb\u00eb\"}]},{\"@type\":\"WebSite\",\"@id\":\"https:\/\/veritasinfo.org\/#website\",\"url\":\"https:\/\/veritasinfo.org\/\",\"name\":\"\",\"description\":\"\",\"potentialAction\":[{\"@type\":\"SearchAction\",\"target\":{\"@type\":\"EntryPoint\",\"urlTemplate\":\"https:\/\/veritasinfo.org\/?s={search_term_string}\"},\"query-input\":{\"@type\":\"PropertyValueSpecification\",\"valueRequired\":true,\"valueName\":\"search_term_string\"}}],\"inLanguage\":\"en-US\"},{\"@type\":\"Person\",\"@id\":\"https:\/\/veritasinfo.org\/#\/schema\/person\/bc442336e35414d04494ab8fb45db4c6\",\"name\":\"US5\",\"image\":{\"@type\":\"ImageObject\",\"inLanguage\":\"en-US\",\"@id\":\"https:\/\/veritasinfo.org\/#\/schema\/person\/image\/\",\"url\":\"https:\/\/secure.gravatar.com\/avatar\/16a61e7272a0c5d001121ebb9e60e925d5816e4ac1e443ed3e640d9a6ae55d0c?s=96&d=mm&r=g\",\"contentUrl\":\"https:\/\/secure.gravatar.com\/avatar\/16a61e7272a0c5d001121ebb9e60e925d5816e4ac1e443ed3e640d9a6ae55d0c?s=96&d=mm&r=g\",\"caption\":\"US5\"},\"url\":\"https:\/\/veritasinfo.org\/?author=6\"}]}<\/script>\n<!-- \/ Yoast SEO plugin. -->","yoast_head_json":{"title":"Der Spiegel\u201d trondit me hulumtimin p\u00ebr \u201cSafari n\u00eb Sarajev\u00eb\u201d: Dyshime p\u00ebr snajperist\u00eb per\u00ebndimor\u00eb dhe lidhje me zyrtar\u00eb serb\u00eb -","robots":{"index":"index","follow":"follow","max-snippet":"max-snippet:-1","max-image-preview":"max-image-preview:large","max-video-preview":"max-video-preview:-1"},"canonical":"https:\/\/veritasinfo.org\/?p=38292","og_locale":"en_US","og_type":"article","og_title":"Der Spiegel\u201d trondit me hulumtimin p\u00ebr \u201cSafari n\u00eb Sarajev\u00eb\u201d: Dyshime p\u00ebr snajperist\u00eb per\u00ebndimor\u00eb dhe lidhje me zyrtar\u00eb serb\u00eb -","og_description":"Prishtin\u00eb 18 Mars 2026 8:04 Gazetari Enver Robelli ka ngritur alarmin p\u00ebr nj\u00eb hulumtim t\u00eb fundit t\u00eb publikuar nga revista gjermane Der Spiegel, i cili","og_url":"https:\/\/veritasinfo.org\/?p=38292","article_published_time":"2026-03-18T07:05:47+00:00","og_image":[{"width":1366,"height":768,"url":"https:\/\/veritasinfo.org\/wp-content\/uploads\/2026\/03\/auto_38d32e93-1f71-48ae-a35f-57bbfb50726b_w1366_r1.778_fpx60_fpy481773767679.webp","type":"image\/webp"}],"author":"US5","twitter_card":"summary_large_image","twitter_misc":{"Written by":"US5","Est. reading time":"1 minute"},"schema":{"@context":"https:\/\/schema.org","@graph":[{"@type":"WebPage","@id":"https:\/\/veritasinfo.org\/?p=38292","url":"https:\/\/veritasinfo.org\/?p=38292","name":"Der Spiegel\u201d trondit me hulumtimin p\u00ebr \u201cSafari n\u00eb Sarajev\u00eb\u201d: Dyshime p\u00ebr snajperist\u00eb per\u00ebndimor\u00eb dhe lidhje me zyrtar\u00eb serb\u00eb -","isPartOf":{"@id":"https:\/\/veritasinfo.org\/#website"},"primaryImageOfPage":{"@id":"https:\/\/veritasinfo.org\/?p=38292#primaryimage"},"image":{"@id":"https:\/\/veritasinfo.org\/?p=38292#primaryimage"},"thumbnailUrl":"https:\/\/veritasinfo.org\/wp-content\/uploads\/2026\/03\/auto_38d32e93-1f71-48ae-a35f-57bbfb50726b_w1366_r1.778_fpx60_fpy481773767679.webp","datePublished":"2026-03-18T07:05:47+00:00","author":{"@id":"https:\/\/veritasinfo.org\/#\/schema\/person\/bc442336e35414d04494ab8fb45db4c6"},"breadcrumb":{"@id":"https:\/\/veritasinfo.org\/?p=38292#breadcrumb"},"inLanguage":"en-US","potentialAction":[{"@type":"ReadAction","target":["https:\/\/veritasinfo.org\/?p=38292"]}]},{"@type":"ImageObject","inLanguage":"en-US","@id":"https:\/\/veritasinfo.org\/?p=38292#primaryimage","url":"https:\/\/veritasinfo.org\/wp-content\/uploads\/2026\/03\/auto_38d32e93-1f71-48ae-a35f-57bbfb50726b_w1366_r1.778_fpx60_fpy481773767679.webp","contentUrl":"https:\/\/veritasinfo.org\/wp-content\/uploads\/2026\/03\/auto_38d32e93-1f71-48ae-a35f-57bbfb50726b_w1366_r1.778_fpx60_fpy481773767679.webp","width":1366,"height":768},{"@type":"BreadcrumbList","@id":"https:\/\/veritasinfo.org\/?p=38292#breadcrumb","itemListElement":[{"@type":"ListItem","position":1,"name":"Home","item":"https:\/\/veritasinfo.org\/"},{"@type":"ListItem","position":2,"name":"Der Spiegel\u201d trondit me hulumtimin p\u00ebr \u201cSafari n\u00eb Sarajev\u00eb\u201d: Dyshime p\u00ebr snajperist\u00eb per\u00ebndimor\u00eb dhe lidhje me zyrtar\u00eb serb\u00eb"}]},{"@type":"WebSite","@id":"https:\/\/veritasinfo.org\/#website","url":"https:\/\/veritasinfo.org\/","name":"","description":"","potentialAction":[{"@type":"SearchAction","target":{"@type":"EntryPoint","urlTemplate":"https:\/\/veritasinfo.org\/?s={search_term_string}"},"query-input":{"@type":"PropertyValueSpecification","valueRequired":true,"valueName":"search_term_string"}}],"inLanguage":"en-US"},{"@type":"Person","@id":"https:\/\/veritasinfo.org\/#\/schema\/person\/bc442336e35414d04494ab8fb45db4c6","name":"US5","image":{"@type":"ImageObject","inLanguage":"en-US","@id":"https:\/\/veritasinfo.org\/#\/schema\/person\/image\/","url":"https:\/\/secure.gravatar.com\/avatar\/16a61e7272a0c5d001121ebb9e60e925d5816e4ac1e443ed3e640d9a6ae55d0c?s=96&d=mm&r=g","contentUrl":"https:\/\/secure.gravatar.com\/avatar\/16a61e7272a0c5d001121ebb9e60e925d5816e4ac1e443ed3e640d9a6ae55d0c?s=96&d=mm&r=g","caption":"US5"},"url":"https:\/\/veritasinfo.org\/?author=6"}]}},"featured_image_urls":{"full":["https:\/\/veritasinfo.org\/wp-content\/uploads\/2026\/03\/auto_38d32e93-1f71-48ae-a35f-57bbfb50726b_w1366_r1.778_fpx60_fpy481773767679.webp",1366,768,false],"thumbnail":["https:\/\/veritasinfo.org\/wp-content\/uploads\/2026\/03\/auto_38d32e93-1f71-48ae-a35f-57bbfb50726b_w1366_r1.778_fpx60_fpy481773767679-150x150.webp",150,150,true],"medium":["https:\/\/veritasinfo.org\/wp-content\/uploads\/2026\/03\/auto_38d32e93-1f71-48ae-a35f-57bbfb50726b_w1366_r1.778_fpx60_fpy481773767679-300x169.webp",300,169,true],"medium_large":["https:\/\/veritasinfo.org\/wp-content\/uploads\/2026\/03\/auto_38d32e93-1f71-48ae-a35f-57bbfb50726b_w1366_r1.778_fpx60_fpy481773767679-768x432.webp",640,360,true],"large":["https:\/\/veritasinfo.org\/wp-content\/uploads\/2026\/03\/auto_38d32e93-1f71-48ae-a35f-57bbfb50726b_w1366_r1.778_fpx60_fpy481773767679-1024x576.webp",640,360,true],"1536x1536":["https:\/\/veritasinfo.org\/wp-content\/uploads\/2026\/03\/auto_38d32e93-1f71-48ae-a35f-57bbfb50726b_w1366_r1.778_fpx60_fpy481773767679.webp",1366,768,false],"2048x2048":["https:\/\/veritasinfo.org\/wp-content\/uploads\/2026\/03\/auto_38d32e93-1f71-48ae-a35f-57bbfb50726b_w1366_r1.778_fpx60_fpy481773767679.webp",1366,768,false],"kreeti-slider-full":["https:\/\/veritasinfo.org\/wp-content\/uploads\/2026\/03\/auto_38d32e93-1f71-48ae-a35f-57bbfb50726b_w1366_r1.778_fpx60_fpy481773767679.webp",1280,720,false],"kreeti-featured":["https:\/\/veritasinfo.org\/wp-content\/uploads\/2026\/03\/auto_38d32e93-1f71-48ae-a35f-57bbfb50726b_w1366_r1.778_fpx60_fpy481773767679.webp",1024,576,false],"kreeti-medium":["https:\/\/veritasinfo.org\/wp-content\/uploads\/2026\/03\/auto_38d32e93-1f71-48ae-a35f-57bbfb50726b_w1366_r1.778_fpx60_fpy481773767679.webp",720,405,false],"kreeti-medium-square":["https:\/\/veritasinfo.org\/wp-content\/uploads\/2026\/03\/auto_38d32e93-1f71-48ae-a35f-57bbfb50726b_w1366_r1.778_fpx60_fpy481773767679.webp",350,197,false]},"author_info":{"info":["US5"]},"category_info":"<a href=\"https:\/\/veritasinfo.org\/?cat=60\" rel=\"category\">Shoq\u00ebrore<\/a>","tag_info":"Shoq\u00ebrore","comment_count":"0","_links":{"self":[{"href":"https:\/\/veritasinfo.org\/index.php?rest_route=\/wp\/v2\/posts\/38292","targetHints":{"allow":["GET"]}}],"collection":[{"href":"https:\/\/veritasinfo.org\/index.php?rest_route=\/wp\/v2\/posts"}],"about":[{"href":"https:\/\/veritasinfo.org\/index.php?rest_route=\/wp\/v2\/types\/post"}],"author":[{"embeddable":true,"href":"https:\/\/veritasinfo.org\/index.php?rest_route=\/wp\/v2\/users\/6"}],"replies":[{"embeddable":true,"href":"https:\/\/veritasinfo.org\/index.php?rest_route=%2Fwp%2Fv2%2Fcomments&post=38292"}],"version-history":[{"count":2,"href":"https:\/\/veritasinfo.org\/index.php?rest_route=\/wp\/v2\/posts\/38292\/revisions"}],"predecessor-version":[{"id":38295,"href":"https:\/\/veritasinfo.org\/index.php?rest_route=\/wp\/v2\/posts\/38292\/revisions\/38295"}],"wp:featuredmedia":[{"embeddable":true,"href":"https:\/\/veritasinfo.org\/index.php?rest_route=\/wp\/v2\/media\/38294"}],"wp:attachment":[{"href":"https:\/\/veritasinfo.org\/index.php?rest_route=%2Fwp%2Fv2%2Fmedia&parent=38292"}],"wp:term":[{"taxonomy":"category","embeddable":true,"href":"https:\/\/veritasinfo.org\/index.php?rest_route=%2Fwp%2Fv2%2Fcategories&post=38292"},{"taxonomy":"post_tag","embeddable":true,"href":"https:\/\/veritasinfo.org\/index.php?rest_route=%2Fwp%2Fv2%2Ftags&post=38292"}],"curies":[{"name":"wp","href":"https:\/\/api.w.org\/{rel}","templated":true}]}}