{"id":38282,"date":"2026-03-18T07:33:30","date_gmt":"2026-03-18T06:33:30","guid":{"rendered":"https:\/\/veritasinfo.org\/?p=38282"},"modified":"2026-03-18T07:33:30","modified_gmt":"2026-03-18T06:33:30","slug":"ambasada-kosova-do-sada-je-potvrdjeno-da-su-dve-zrtve-u-becu-drzavljani-kosova","status":"publish","type":"post","link":"https:\/\/veritasinfo.org\/?p=38282&lang=sr","title":{"rendered":"Ambasada Kosova: Do sada je potvr\u0111eno da su dve \u017ertve u Be\u010du dr\u017eavljani Kosova"},"content":{"rendered":"<p>Pri\u0161tina, 18. mart 2026. 07:31<\/p>\n<p>Ambasada Kosova u Austriji saop\u0161tila je da je zvani\u010dno potvrdila da su dve \u017ertve u nesrec\u0301i na gradili\u0161tu u Be\u010du dr\u017eavljani Kosova.<\/p>\n<p>Ambasada je u objavi na Fejsbuku saop\u0161tila da je u stalnoj komunikaciji sa austrijskim vlastima.<\/p>\n<p>\u201eAmbasada Republike Kosovo u Austriji obave\u0161tava javnost da se danas u Be\u010du dogodila te\u0161ka nesrec\u0301a na gradili\u0161tu, u kojoj je poginulo nekoliko ljudi. Prema zvani\u010dnim podacima austrijskih vlasti, incident se dogodio u okrugu Alzergrund tokom gra\u0111evinskih radova, kada se deo konstrukcije sru\u0161io, a radnici ostali zarobljeni ispod ru\u0161evina. Do sada je zvani\u010dno potvr\u0111eno da su dve \u017ertve dr\u017eavljani Republike Kosovo: Pajtim Bajrami (1990), Aslan Musljiju (1977). Ambasada Republike Kosovo u Austriji izra\u017eava duboku bol i iskreno sau\u010de\u0161c\u0301e porodicama \u017ertava, kao i svima pogo\u0111enima ovom tragedijom\u201c, navodi se u objavi Ambasade na Fejsbuku.<\/p>\n<p>\u010cetiri osobe su izgubile \u017eivot u nesrec\u0301i koja se dogodila u utorak posle 14:00 \u010dasova u Be\u010du, dok je jedna osoba te\u0161ko povre\u0111ena, kada se betonska konstrukcija sru\u0161ila i oborila skelu.<\/p>\n<p>Gradona\u010delnik Skenderaja, Sami Lju\u0161taku, u utorak je na Fejsbuku izrazio sau\u010de\u0161c\u0301e porodici Bajrami iz Donje Kline i tako\u0111e je izrazio sau\u010de\u0161c\u0301e \u201eporodicama jo\u0161 troje sunarodnika koji su izgubili \u017eivote u ovoj tragediji\u201c. \u010clan porodice jedne od \u017ertava tako\u0111e je na Fejsbuku rekao da su u nesrec\u0301i \u017eivot izgubila \u010detiri dr\u017eavljanina Kosova.<\/p>\n","protected":false},"excerpt":{"rendered":"<p>Pri\u0161tina, 18. mart 2026. 07:31 Ambasada Kosova u Austriji saop\u0161tila je da je zvani\u010dno potvrdila da su dve \u017ertve u nesrec\u0301i na gradili\u0161tu u Be\u010du<\/p>\n","protected":false},"author":7,"featured_media":38280,"comment_status":"open","ping_status":"open","sticky":false,"template":"","format":"standard","meta":{"footnotes":""},"categories":[103],"tags":[],"class_list":["post-38282","post","type-post","status-publish","format-standard","has-post-thumbnail","hentry","category-hronika"],"yoast_head":"<!-- This site is optimized with the Yoast SEO plugin v25.3.1 - https:\/\/yoast.com\/wordpress\/plugins\/seo\/ -->\n<title>Ambasada Kosova: Do sada je potvr\u0111eno da su dve \u017ertve u Be\u010du dr\u017eavljani Kosova -<\/title>\n<meta name=\"robots\" content=\"index, follow, max-snippet:-1, max-image-preview:large, max-video-preview:-1\" \/>\n<link rel=\"canonical\" href=\"https:\/\/veritasinfo.org\/?p=38282&lang=sr\" \/>\n<meta property=\"og:locale\" content=\"en_US\" \/>\n<meta property=\"og:type\" content=\"article\" \/>\n<meta property=\"og:title\" content=\"Ambasada Kosova: Do sada je potvr\u0111eno da su dve \u017ertve u Be\u010du dr\u017eavljani Kosova -\" \/>\n<meta property=\"og:description\" content=\"Pri\u0161tina, 18. mart 2026. 07:31 Ambasada Kosova u Austriji saop\u0161tila je da je zvani\u010dno potvrdila da su dve \u017ertve u nesrec\u0301i na gradili\u0161tu u Be\u010du\" \/>\n<meta property=\"og:url\" content=\"https:\/\/veritasinfo.org\/?p=38282&amp;lang=sr\" \/>\n<meta property=\"article:published_time\" content=\"2026-03-18T06:33:30+00:00\" \/>\n<meta property=\"og:image\" content=\"https:\/\/veritasinfo.org\/wp-content\/uploads\/2026\/03\/1c489058-8e64-4f93-b190-303f3e860761.webp\" \/>\n\t<meta property=\"og:image:width\" content=\"1008\" \/>\n\t<meta property=\"og:image:height\" content=\"604\" \/>\n\t<meta property=\"og:image:type\" content=\"image\/webp\" \/>\n<meta name=\"author\" content=\"US6\" \/>\n<meta name=\"twitter:card\" content=\"summary_large_image\" \/>\n<meta name=\"twitter:label1\" content=\"Written by\" \/>\n\t<meta name=\"twitter:data1\" content=\"US6\" \/>\n\t<meta name=\"twitter:label2\" content=\"Est. reading time\" \/>\n\t<meta name=\"twitter:data2\" content=\"2 minutes\" \/>\n<script type=\"application\/ld+json\" class=\"yoast-schema-graph\">{\"@context\":\"https:\/\/schema.org\",\"@graph\":[{\"@type\":\"WebPage\",\"@id\":\"https:\/\/veritasinfo.org\/?p=38282&lang=sr\",\"url\":\"https:\/\/veritasinfo.org\/?p=38282&lang=sr\",\"name\":\"Ambasada Kosova: Do sada je potvr\u0111eno da su dve \u017ertve u Be\u010du dr\u017eavljani Kosova -\",\"isPartOf\":{\"@id\":\"https:\/\/veritasinfo.org\/#website\"},\"primaryImageOfPage\":{\"@id\":\"https:\/\/veritasinfo.org\/?p=38282&lang=sr#primaryimage\"},\"image\":{\"@id\":\"https:\/\/veritasinfo.org\/?p=38282&lang=sr#primaryimage\"},\"thumbnailUrl\":\"https:\/\/veritasinfo.org\/wp-content\/uploads\/2026\/03\/1c489058-8e64-4f93-b190-303f3e860761.webp\",\"datePublished\":\"2026-03-18T06:33:30+00:00\",\"author\":{\"@id\":\"https:\/\/veritasinfo.org\/#\/schema\/person\/fe199eede04c3937362892b7444747cc\"},\"breadcrumb\":{\"@id\":\"https:\/\/veritasinfo.org\/?p=38282&lang=sr#breadcrumb\"},\"inLanguage\":\"en-US\",\"potentialAction\":[{\"@type\":\"ReadAction\",\"target\":[\"https:\/\/veritasinfo.org\/?p=38282&lang=sr\"]}]},{\"@type\":\"ImageObject\",\"inLanguage\":\"en-US\",\"@id\":\"https:\/\/veritasinfo.org\/?p=38282&lang=sr#primaryimage\",\"url\":\"https:\/\/veritasinfo.org\/wp-content\/uploads\/2026\/03\/1c489058-8e64-4f93-b190-303f3e860761.webp\",\"contentUrl\":\"https:\/\/veritasinfo.org\/wp-content\/uploads\/2026\/03\/1c489058-8e64-4f93-b190-303f3e860761.webp\",\"width\":1008,\"height\":604},{\"@type\":\"BreadcrumbList\",\"@id\":\"https:\/\/veritasinfo.org\/?p=38282&lang=sr#breadcrumb\",\"itemListElement\":[{\"@type\":\"ListItem\",\"position\":1,\"name\":\"Home\",\"item\":\"https:\/\/veritasinfo.org\/\"},{\"@type\":\"ListItem\",\"position\":2,\"name\":\"Ambasada Kosova: Do sada je potvr\u0111eno da su dve \u017ertve u Be\u010du dr\u017eavljani Kosova\"}]},{\"@type\":\"WebSite\",\"@id\":\"https:\/\/veritasinfo.org\/#website\",\"url\":\"https:\/\/veritasinfo.org\/\",\"name\":\"\",\"description\":\"\",\"potentialAction\":[{\"@type\":\"SearchAction\",\"target\":{\"@type\":\"EntryPoint\",\"urlTemplate\":\"https:\/\/veritasinfo.org\/?s={search_term_string}\"},\"query-input\":{\"@type\":\"PropertyValueSpecification\",\"valueRequired\":true,\"valueName\":\"search_term_string\"}}],\"inLanguage\":\"en-US\"},{\"@type\":\"Person\",\"@id\":\"https:\/\/veritasinfo.org\/#\/schema\/person\/fe199eede04c3937362892b7444747cc\",\"name\":\"US6\",\"image\":{\"@type\":\"ImageObject\",\"inLanguage\":\"en-US\",\"@id\":\"https:\/\/veritasinfo.org\/#\/schema\/person\/image\/\",\"url\":\"https:\/\/secure.gravatar.com\/avatar\/cb16c3c31c9d23b9b8c705964598220b3014e42ff51eb540ff23cefa3ae8c15f?s=96&d=mm&r=g\",\"contentUrl\":\"https:\/\/secure.gravatar.com\/avatar\/cb16c3c31c9d23b9b8c705964598220b3014e42ff51eb540ff23cefa3ae8c15f?s=96&d=mm&r=g\",\"caption\":\"US6\"},\"url\":\"https:\/\/veritasinfo.org\/?author=7\"}]}<\/script>\n<!-- \/ Yoast SEO plugin. -->","yoast_head_json":{"title":"Ambasada Kosova: Do sada je potvr\u0111eno da su dve \u017ertve u Be\u010du dr\u017eavljani Kosova -","robots":{"index":"index","follow":"follow","max-snippet":"max-snippet:-1","max-image-preview":"max-image-preview:large","max-video-preview":"max-video-preview:-1"},"canonical":"https:\/\/veritasinfo.org\/?p=38282&lang=sr","og_locale":"en_US","og_type":"article","og_title":"Ambasada Kosova: Do sada je potvr\u0111eno da su dve \u017ertve u Be\u010du dr\u017eavljani Kosova -","og_description":"Pri\u0161tina, 18. mart 2026. 07:31 Ambasada Kosova u Austriji saop\u0161tila je da je zvani\u010dno potvrdila da su dve \u017ertve u nesrec\u0301i na gradili\u0161tu u Be\u010du","og_url":"https:\/\/veritasinfo.org\/?p=38282&lang=sr","article_published_time":"2026-03-18T06:33:30+00:00","og_image":[{"width":1008,"height":604,"url":"https:\/\/veritasinfo.org\/wp-content\/uploads\/2026\/03\/1c489058-8e64-4f93-b190-303f3e860761.webp","type":"image\/webp"}],"author":"US6","twitter_card":"summary_large_image","twitter_misc":{"Written by":"US6","Est. reading time":"2 minutes"},"schema":{"@context":"https:\/\/schema.org","@graph":[{"@type":"WebPage","@id":"https:\/\/veritasinfo.org\/?p=38282&lang=sr","url":"https:\/\/veritasinfo.org\/?p=38282&lang=sr","name":"Ambasada Kosova: Do sada je potvr\u0111eno da su dve \u017ertve u Be\u010du dr\u017eavljani Kosova -","isPartOf":{"@id":"https:\/\/veritasinfo.org\/#website"},"primaryImageOfPage":{"@id":"https:\/\/veritasinfo.org\/?p=38282&lang=sr#primaryimage"},"image":{"@id":"https:\/\/veritasinfo.org\/?p=38282&lang=sr#primaryimage"},"thumbnailUrl":"https:\/\/veritasinfo.org\/wp-content\/uploads\/2026\/03\/1c489058-8e64-4f93-b190-303f3e860761.webp","datePublished":"2026-03-18T06:33:30+00:00","author":{"@id":"https:\/\/veritasinfo.org\/#\/schema\/person\/fe199eede04c3937362892b7444747cc"},"breadcrumb":{"@id":"https:\/\/veritasinfo.org\/?p=38282&lang=sr#breadcrumb"},"inLanguage":"en-US","potentialAction":[{"@type":"ReadAction","target":["https:\/\/veritasinfo.org\/?p=38282&lang=sr"]}]},{"@type":"ImageObject","inLanguage":"en-US","@id":"https:\/\/veritasinfo.org\/?p=38282&lang=sr#primaryimage","url":"https:\/\/veritasinfo.org\/wp-content\/uploads\/2026\/03\/1c489058-8e64-4f93-b190-303f3e860761.webp","contentUrl":"https:\/\/veritasinfo.org\/wp-content\/uploads\/2026\/03\/1c489058-8e64-4f93-b190-303f3e860761.webp","width":1008,"height":604},{"@type":"BreadcrumbList","@id":"https:\/\/veritasinfo.org\/?p=38282&lang=sr#breadcrumb","itemListElement":[{"@type":"ListItem","position":1,"name":"Home","item":"https:\/\/veritasinfo.org\/"},{"@type":"ListItem","position":2,"name":"Ambasada Kosova: Do sada je potvr\u0111eno da su dve \u017ertve u Be\u010du dr\u017eavljani Kosova"}]},{"@type":"WebSite","@id":"https:\/\/veritasinfo.org\/#website","url":"https:\/\/veritasinfo.org\/","name":"","description":"","potentialAction":[{"@type":"SearchAction","target":{"@type":"EntryPoint","urlTemplate":"https:\/\/veritasinfo.org\/?s={search_term_string}"},"query-input":{"@type":"PropertyValueSpecification","valueRequired":true,"valueName":"search_term_string"}}],"inLanguage":"en-US"},{"@type":"Person","@id":"https:\/\/veritasinfo.org\/#\/schema\/person\/fe199eede04c3937362892b7444747cc","name":"US6","image":{"@type":"ImageObject","inLanguage":"en-US","@id":"https:\/\/veritasinfo.org\/#\/schema\/person\/image\/","url":"https:\/\/secure.gravatar.com\/avatar\/cb16c3c31c9d23b9b8c705964598220b3014e42ff51eb540ff23cefa3ae8c15f?s=96&d=mm&r=g","contentUrl":"https:\/\/secure.gravatar.com\/avatar\/cb16c3c31c9d23b9b8c705964598220b3014e42ff51eb540ff23cefa3ae8c15f?s=96&d=mm&r=g","caption":"US6"},"url":"https:\/\/veritasinfo.org\/?author=7"}]}},"featured_image_urls":{"full":["https:\/\/veritasinfo.org\/wp-content\/uploads\/2026\/03\/1c489058-8e64-4f93-b190-303f3e860761.webp",1008,604,false],"thumbnail":["https:\/\/veritasinfo.org\/wp-content\/uploads\/2026\/03\/1c489058-8e64-4f93-b190-303f3e860761-150x150.webp",150,150,true],"medium":["https:\/\/veritasinfo.org\/wp-content\/uploads\/2026\/03\/1c489058-8e64-4f93-b190-303f3e860761-300x180.webp",300,180,true],"medium_large":["https:\/\/veritasinfo.org\/wp-content\/uploads\/2026\/03\/1c489058-8e64-4f93-b190-303f3e860761-768x460.webp",640,383,true],"large":["https:\/\/veritasinfo.org\/wp-content\/uploads\/2026\/03\/1c489058-8e64-4f93-b190-303f3e860761.webp",640,383,false],"1536x1536":["https:\/\/veritasinfo.org\/wp-content\/uploads\/2026\/03\/1c489058-8e64-4f93-b190-303f3e860761.webp",1008,604,false],"2048x2048":["https:\/\/veritasinfo.org\/wp-content\/uploads\/2026\/03\/1c489058-8e64-4f93-b190-303f3e860761.webp",1008,604,false],"kreeti-slider-full":["https:\/\/veritasinfo.org\/wp-content\/uploads\/2026\/03\/1c489058-8e64-4f93-b190-303f3e860761.webp",1008,604,false],"kreeti-featured":["https:\/\/veritasinfo.org\/wp-content\/uploads\/2026\/03\/1c489058-8e64-4f93-b190-303f3e860761.webp",1008,604,false],"kreeti-medium":["https:\/\/veritasinfo.org\/wp-content\/uploads\/2026\/03\/1c489058-8e64-4f93-b190-303f3e860761.webp",720,431,false],"kreeti-medium-square":["https:\/\/veritasinfo.org\/wp-content\/uploads\/2026\/03\/1c489058-8e64-4f93-b190-303f3e860761.webp",350,210,false]},"author_info":{"info":["US6"]},"category_info":"<a href=\"https:\/\/veritasinfo.org\/?cat=103&#038;lang=sr\" rel=\"category\">Hronika<\/a>","tag_info":"Hronika","comment_count":"0","_links":{"self":[{"href":"https:\/\/veritasinfo.org\/index.php?rest_route=\/wp\/v2\/posts\/38282","targetHints":{"allow":["GET"]}}],"collection":[{"href":"https:\/\/veritasinfo.org\/index.php?rest_route=\/wp\/v2\/posts"}],"about":[{"href":"https:\/\/veritasinfo.org\/index.php?rest_route=\/wp\/v2\/types\/post"}],"author":[{"embeddable":true,"href":"https:\/\/veritasinfo.org\/index.php?rest_route=\/wp\/v2\/users\/7"}],"replies":[{"embeddable":true,"href":"https:\/\/veritasinfo.org\/index.php?rest_route=%2Fwp%2Fv2%2Fcomments&post=38282"}],"version-history":[{"count":1,"href":"https:\/\/veritasinfo.org\/index.php?rest_route=\/wp\/v2\/posts\/38282\/revisions"}],"predecessor-version":[{"id":38283,"href":"https:\/\/veritasinfo.org\/index.php?rest_route=\/wp\/v2\/posts\/38282\/revisions\/38283"}],"wp:featuredmedia":[{"embeddable":true,"href":"https:\/\/veritasinfo.org\/index.php?rest_route=\/wp\/v2\/media\/38280"}],"wp:attachment":[{"href":"https:\/\/veritasinfo.org\/index.php?rest_route=%2Fwp%2Fv2%2Fmedia&parent=38282"}],"wp:term":[{"taxonomy":"category","embeddable":true,"href":"https:\/\/veritasinfo.org\/index.php?rest_route=%2Fwp%2Fv2%2Fcategories&post=38282"},{"taxonomy":"post_tag","embeddable":true,"href":"https:\/\/veritasinfo.org\/index.php?rest_route=%2Fwp%2Fv2%2Ftags&post=38282"}],"curies":[{"name":"wp","href":"https:\/\/api.w.org\/{rel}","templated":true}]}}