{"id":38279,"date":"2026-03-18T07:31:38","date_gmt":"2026-03-18T06:31:38","guid":{"rendered":"https:\/\/veritasinfo.org\/?p=38279"},"modified":"2026-03-18T07:31:38","modified_gmt":"2026-03-18T06:31:38","slug":"ambasada-e-kosoves-deri-me-tani-eshte-konfirmuar-se-dy-nga-viktimat-ne-vjene-jane-shtetas-te-kosoves","status":"publish","type":"post","link":"https:\/\/veritasinfo.org\/?p=38279","title":{"rendered":"Ambasada e Kosov\u00ebs: Deri m\u00eb tani \u00ebsht\u00eb konfirmuar se dy nga viktimat n\u00eb Vjen\u00eb jan\u00eb shtetas t\u00eb Kosov\u00ebs"},"content":{"rendered":"<p>Prishtin\u00eb, 18 mars 2026 07:31<\/p>\n<p>Amabsada e Kosov\u00ebs n\u00eb Austri ka njoftuar se deri m\u00eb tash ka konfirmuar zyrtarisht se dy nga viktimat n\u00eb aksidentin n\u00eb kantierin e nd\u00ebrtimit n\u00eb Vjen\u00eb jan\u00eb me shtet\u00ebsi nga Kosova.<\/p>\n<p>Ambasada n\u00eb postim n\u00eb Facebook ka th\u00ebn\u00eb se \u00ebsht\u00eb n\u00eb komunikim t\u00eb vazhduesh\u00ebm me autoritetet austriake.<\/p>\n<p>\u201cAmbasada e Republik\u00ebs s\u00eb Kosov\u00ebs n\u00eb Austri informon opinionin publik se sot, n\u00eb Vjen\u00eb, ka ndodhur nj\u00eb aksident i r\u00ebnd\u00eb n\u00eb nj\u00eb kantier nd\u00ebrtimi, ku p\u00ebr pasoj\u00eb kan\u00eb humbur jet\u00ebn disa persona. Sipas t\u00eb dh\u00ebnave zyrtare nga autoritetet austriake, ngjarja ka ndodhur n\u00eb distriktin Alsergrund gjat\u00eb punimeve nd\u00ebrtimore, kur nj\u00eb pjes\u00eb e konstruksionit \u00ebsht\u00eb shembur, duke l\u00ebn\u00eb pun\u00ebtor\u00eb t\u00eb bllokuar n\u00ebn rr\u00ebnoja. Deri m\u00eb tani, \u00ebsht\u00eb konfirmuar zyrtarisht se dy nga viktimat jan\u00eb shtetas t\u00eb Republik\u00ebs s\u00eb Kosov\u00ebs: Pajtim Bajrami (1990), Asllan Musliu (1977) Ambasada e Republik\u00ebs s\u00eb Kosov\u00ebs n\u00eb Austri shpreh dhimbjen e thell\u00eb dhe ngush\u00ebllimet m\u00eb t\u00eb sinqerta p\u00ebr familjet e viktimave, si dhe p\u00ebr t\u00eb gjith\u00eb ata q\u00eb jan\u00eb prekur nga kjo tragjedi\u201d, \u00ebsht\u00eb shkruar n\u00eb postimin e Ambasad\u00ebs n\u00eb Facebook.<\/p>\n<p>N\u00eb aksidentin e ndodhur pas or\u00ebs 14:00 n\u00eb Vjen\u00eb t\u00eb mart\u00ebn humb\u00ebn jet\u00ebn kat\u00ebr persona, nd\u00ebrsa nj\u00eb tjet\u00ebr u l\u00ebndua r\u00ebnd\u00eb, kur nj\u00eb struktur\u00eb betoni u shemb dhe rr\u00ebzoi skelet.<\/p>\n<p>Kryetari i Skenderajt, Sami Lushtaku, n\u00eb nj\u00eb postim n\u00eb Facebook t\u00eb mart\u00ebn ngush\u00eblloi familjen Bajrami nga Klina e Poshtme si dhe shprehu ngush\u00ebllime edhe \u201cp\u00ebr familjet e tre bashk\u00ebkombasve tjer\u00eb q\u00eb humb\u00ebn jet\u00ebn n\u00eb k\u00ebt\u00eb tragjedi\u201d. Po ashtu edhe nga nj\u00eb familjar\u00eb i nj\u00ebrit prej viktimave u tha n\u00eb nj\u00eb postim n\u00eb Facebook se n\u00eb aksident humb\u00ebn jet\u00ebn kat\u00ebr shtetas t\u00eb Kosov\u00ebs.<\/p>\n<p>&nbsp;<\/p>\n","protected":false},"excerpt":{"rendered":"<p>Prishtin\u00eb, 18 mars 2026 07:31 Amabsada e Kosov\u00ebs n\u00eb Austri ka njoftuar se deri m\u00eb tash ka konfirmuar zyrtarisht se dy nga viktimat n\u00eb aksidentin<\/p>\n","protected":false},"author":7,"featured_media":38280,"comment_status":"open","ping_status":"open","sticky":false,"template":"","format":"standard","meta":{"footnotes":""},"categories":[101],"tags":[],"class_list":["post-38279","post","type-post","status-publish","format-standard","has-post-thumbnail","hentry","category-kronika"],"yoast_head":"<!-- This site is optimized with the Yoast SEO plugin v25.3.1 - https:\/\/yoast.com\/wordpress\/plugins\/seo\/ -->\n<title>Ambasada e Kosov\u00ebs: Deri m\u00eb tani \u00ebsht\u00eb konfirmuar se dy nga viktimat n\u00eb Vjen\u00eb jan\u00eb shtetas t\u00eb Kosov\u00ebs -<\/title>\n<meta name=\"robots\" content=\"index, follow, max-snippet:-1, max-image-preview:large, max-video-preview:-1\" \/>\n<link rel=\"canonical\" href=\"https:\/\/veritasinfo.org\/?p=38279\" \/>\n<meta property=\"og:locale\" content=\"en_US\" \/>\n<meta property=\"og:type\" content=\"article\" \/>\n<meta property=\"og:title\" content=\"Ambasada e Kosov\u00ebs: Deri m\u00eb tani \u00ebsht\u00eb konfirmuar se dy nga viktimat n\u00eb Vjen\u00eb jan\u00eb shtetas t\u00eb Kosov\u00ebs -\" \/>\n<meta property=\"og:description\" content=\"Prishtin\u00eb, 18 mars 2026 07:31 Amabsada e Kosov\u00ebs n\u00eb Austri ka njoftuar se deri m\u00eb tash ka konfirmuar zyrtarisht se dy nga viktimat n\u00eb aksidentin\" \/>\n<meta property=\"og:url\" content=\"https:\/\/veritasinfo.org\/?p=38279\" \/>\n<meta property=\"article:published_time\" content=\"2026-03-18T06:31:38+00:00\" \/>\n<meta property=\"og:image\" content=\"https:\/\/veritasinfo.org\/wp-content\/uploads\/2026\/03\/1c489058-8e64-4f93-b190-303f3e860761.webp\" \/>\n\t<meta property=\"og:image:width\" content=\"1008\" \/>\n\t<meta property=\"og:image:height\" content=\"604\" \/>\n\t<meta property=\"og:image:type\" content=\"image\/webp\" \/>\n<meta name=\"author\" content=\"US6\" \/>\n<meta name=\"twitter:card\" content=\"summary_large_image\" \/>\n<meta name=\"twitter:label1\" content=\"Written by\" \/>\n\t<meta name=\"twitter:data1\" content=\"US6\" \/>\n\t<meta name=\"twitter:label2\" content=\"Est. reading time\" \/>\n\t<meta name=\"twitter:data2\" content=\"2 minutes\" \/>\n<script type=\"application\/ld+json\" class=\"yoast-schema-graph\">{\"@context\":\"https:\/\/schema.org\",\"@graph\":[{\"@type\":\"WebPage\",\"@id\":\"https:\/\/veritasinfo.org\/?p=38279\",\"url\":\"https:\/\/veritasinfo.org\/?p=38279\",\"name\":\"Ambasada e Kosov\u00ebs: Deri m\u00eb tani \u00ebsht\u00eb konfirmuar se dy nga viktimat n\u00eb Vjen\u00eb jan\u00eb shtetas t\u00eb Kosov\u00ebs -\",\"isPartOf\":{\"@id\":\"https:\/\/veritasinfo.org\/#website\"},\"primaryImageOfPage\":{\"@id\":\"https:\/\/veritasinfo.org\/?p=38279#primaryimage\"},\"image\":{\"@id\":\"https:\/\/veritasinfo.org\/?p=38279#primaryimage\"},\"thumbnailUrl\":\"https:\/\/veritasinfo.org\/wp-content\/uploads\/2026\/03\/1c489058-8e64-4f93-b190-303f3e860761.webp\",\"datePublished\":\"2026-03-18T06:31:38+00:00\",\"author\":{\"@id\":\"https:\/\/veritasinfo.org\/#\/schema\/person\/fe199eede04c3937362892b7444747cc\"},\"breadcrumb\":{\"@id\":\"https:\/\/veritasinfo.org\/?p=38279#breadcrumb\"},\"inLanguage\":\"en-US\",\"potentialAction\":[{\"@type\":\"ReadAction\",\"target\":[\"https:\/\/veritasinfo.org\/?p=38279\"]}]},{\"@type\":\"ImageObject\",\"inLanguage\":\"en-US\",\"@id\":\"https:\/\/veritasinfo.org\/?p=38279#primaryimage\",\"url\":\"https:\/\/veritasinfo.org\/wp-content\/uploads\/2026\/03\/1c489058-8e64-4f93-b190-303f3e860761.webp\",\"contentUrl\":\"https:\/\/veritasinfo.org\/wp-content\/uploads\/2026\/03\/1c489058-8e64-4f93-b190-303f3e860761.webp\",\"width\":1008,\"height\":604},{\"@type\":\"BreadcrumbList\",\"@id\":\"https:\/\/veritasinfo.org\/?p=38279#breadcrumb\",\"itemListElement\":[{\"@type\":\"ListItem\",\"position\":1,\"name\":\"Home\",\"item\":\"https:\/\/veritasinfo.org\/\"},{\"@type\":\"ListItem\",\"position\":2,\"name\":\"Ambasada e Kosov\u00ebs: Deri m\u00eb tani \u00ebsht\u00eb konfirmuar se dy nga viktimat n\u00eb Vjen\u00eb jan\u00eb shtetas t\u00eb Kosov\u00ebs\"}]},{\"@type\":\"WebSite\",\"@id\":\"https:\/\/veritasinfo.org\/#website\",\"url\":\"https:\/\/veritasinfo.org\/\",\"name\":\"\",\"description\":\"\",\"potentialAction\":[{\"@type\":\"SearchAction\",\"target\":{\"@type\":\"EntryPoint\",\"urlTemplate\":\"https:\/\/veritasinfo.org\/?s={search_term_string}\"},\"query-input\":{\"@type\":\"PropertyValueSpecification\",\"valueRequired\":true,\"valueName\":\"search_term_string\"}}],\"inLanguage\":\"en-US\"},{\"@type\":\"Person\",\"@id\":\"https:\/\/veritasinfo.org\/#\/schema\/person\/fe199eede04c3937362892b7444747cc\",\"name\":\"US6\",\"image\":{\"@type\":\"ImageObject\",\"inLanguage\":\"en-US\",\"@id\":\"https:\/\/veritasinfo.org\/#\/schema\/person\/image\/\",\"url\":\"https:\/\/secure.gravatar.com\/avatar\/cb16c3c31c9d23b9b8c705964598220b3014e42ff51eb540ff23cefa3ae8c15f?s=96&d=mm&r=g\",\"contentUrl\":\"https:\/\/secure.gravatar.com\/avatar\/cb16c3c31c9d23b9b8c705964598220b3014e42ff51eb540ff23cefa3ae8c15f?s=96&d=mm&r=g\",\"caption\":\"US6\"},\"url\":\"https:\/\/veritasinfo.org\/?author=7\"}]}<\/script>\n<!-- \/ Yoast SEO plugin. -->","yoast_head_json":{"title":"Ambasada e Kosov\u00ebs: Deri m\u00eb tani \u00ebsht\u00eb konfirmuar se dy nga viktimat n\u00eb Vjen\u00eb jan\u00eb shtetas t\u00eb Kosov\u00ebs -","robots":{"index":"index","follow":"follow","max-snippet":"max-snippet:-1","max-image-preview":"max-image-preview:large","max-video-preview":"max-video-preview:-1"},"canonical":"https:\/\/veritasinfo.org\/?p=38279","og_locale":"en_US","og_type":"article","og_title":"Ambasada e Kosov\u00ebs: Deri m\u00eb tani \u00ebsht\u00eb konfirmuar se dy nga viktimat n\u00eb Vjen\u00eb jan\u00eb shtetas t\u00eb Kosov\u00ebs -","og_description":"Prishtin\u00eb, 18 mars 2026 07:31 Amabsada e Kosov\u00ebs n\u00eb Austri ka njoftuar se deri m\u00eb tash ka konfirmuar zyrtarisht se dy nga viktimat n\u00eb aksidentin","og_url":"https:\/\/veritasinfo.org\/?p=38279","article_published_time":"2026-03-18T06:31:38+00:00","og_image":[{"width":1008,"height":604,"url":"https:\/\/veritasinfo.org\/wp-content\/uploads\/2026\/03\/1c489058-8e64-4f93-b190-303f3e860761.webp","type":"image\/webp"}],"author":"US6","twitter_card":"summary_large_image","twitter_misc":{"Written by":"US6","Est. reading time":"2 minutes"},"schema":{"@context":"https:\/\/schema.org","@graph":[{"@type":"WebPage","@id":"https:\/\/veritasinfo.org\/?p=38279","url":"https:\/\/veritasinfo.org\/?p=38279","name":"Ambasada e Kosov\u00ebs: Deri m\u00eb tani \u00ebsht\u00eb konfirmuar se dy nga viktimat n\u00eb Vjen\u00eb jan\u00eb shtetas t\u00eb Kosov\u00ebs -","isPartOf":{"@id":"https:\/\/veritasinfo.org\/#website"},"primaryImageOfPage":{"@id":"https:\/\/veritasinfo.org\/?p=38279#primaryimage"},"image":{"@id":"https:\/\/veritasinfo.org\/?p=38279#primaryimage"},"thumbnailUrl":"https:\/\/veritasinfo.org\/wp-content\/uploads\/2026\/03\/1c489058-8e64-4f93-b190-303f3e860761.webp","datePublished":"2026-03-18T06:31:38+00:00","author":{"@id":"https:\/\/veritasinfo.org\/#\/schema\/person\/fe199eede04c3937362892b7444747cc"},"breadcrumb":{"@id":"https:\/\/veritasinfo.org\/?p=38279#breadcrumb"},"inLanguage":"en-US","potentialAction":[{"@type":"ReadAction","target":["https:\/\/veritasinfo.org\/?p=38279"]}]},{"@type":"ImageObject","inLanguage":"en-US","@id":"https:\/\/veritasinfo.org\/?p=38279#primaryimage","url":"https:\/\/veritasinfo.org\/wp-content\/uploads\/2026\/03\/1c489058-8e64-4f93-b190-303f3e860761.webp","contentUrl":"https:\/\/veritasinfo.org\/wp-content\/uploads\/2026\/03\/1c489058-8e64-4f93-b190-303f3e860761.webp","width":1008,"height":604},{"@type":"BreadcrumbList","@id":"https:\/\/veritasinfo.org\/?p=38279#breadcrumb","itemListElement":[{"@type":"ListItem","position":1,"name":"Home","item":"https:\/\/veritasinfo.org\/"},{"@type":"ListItem","position":2,"name":"Ambasada e Kosov\u00ebs: Deri m\u00eb tani \u00ebsht\u00eb konfirmuar se dy nga viktimat n\u00eb Vjen\u00eb jan\u00eb shtetas t\u00eb Kosov\u00ebs"}]},{"@type":"WebSite","@id":"https:\/\/veritasinfo.org\/#website","url":"https:\/\/veritasinfo.org\/","name":"","description":"","potentialAction":[{"@type":"SearchAction","target":{"@type":"EntryPoint","urlTemplate":"https:\/\/veritasinfo.org\/?s={search_term_string}"},"query-input":{"@type":"PropertyValueSpecification","valueRequired":true,"valueName":"search_term_string"}}],"inLanguage":"en-US"},{"@type":"Person","@id":"https:\/\/veritasinfo.org\/#\/schema\/person\/fe199eede04c3937362892b7444747cc","name":"US6","image":{"@type":"ImageObject","inLanguage":"en-US","@id":"https:\/\/veritasinfo.org\/#\/schema\/person\/image\/","url":"https:\/\/secure.gravatar.com\/avatar\/cb16c3c31c9d23b9b8c705964598220b3014e42ff51eb540ff23cefa3ae8c15f?s=96&d=mm&r=g","contentUrl":"https:\/\/secure.gravatar.com\/avatar\/cb16c3c31c9d23b9b8c705964598220b3014e42ff51eb540ff23cefa3ae8c15f?s=96&d=mm&r=g","caption":"US6"},"url":"https:\/\/veritasinfo.org\/?author=7"}]}},"featured_image_urls":{"full":["https:\/\/veritasinfo.org\/wp-content\/uploads\/2026\/03\/1c489058-8e64-4f93-b190-303f3e860761.webp",1008,604,false],"thumbnail":["https:\/\/veritasinfo.org\/wp-content\/uploads\/2026\/03\/1c489058-8e64-4f93-b190-303f3e860761-150x150.webp",150,150,true],"medium":["https:\/\/veritasinfo.org\/wp-content\/uploads\/2026\/03\/1c489058-8e64-4f93-b190-303f3e860761-300x180.webp",300,180,true],"medium_large":["https:\/\/veritasinfo.org\/wp-content\/uploads\/2026\/03\/1c489058-8e64-4f93-b190-303f3e860761-768x460.webp",640,383,true],"large":["https:\/\/veritasinfo.org\/wp-content\/uploads\/2026\/03\/1c489058-8e64-4f93-b190-303f3e860761.webp",640,383,false],"1536x1536":["https:\/\/veritasinfo.org\/wp-content\/uploads\/2026\/03\/1c489058-8e64-4f93-b190-303f3e860761.webp",1008,604,false],"2048x2048":["https:\/\/veritasinfo.org\/wp-content\/uploads\/2026\/03\/1c489058-8e64-4f93-b190-303f3e860761.webp",1008,604,false],"kreeti-slider-full":["https:\/\/veritasinfo.org\/wp-content\/uploads\/2026\/03\/1c489058-8e64-4f93-b190-303f3e860761.webp",1008,604,false],"kreeti-featured":["https:\/\/veritasinfo.org\/wp-content\/uploads\/2026\/03\/1c489058-8e64-4f93-b190-303f3e860761.webp",1008,604,false],"kreeti-medium":["https:\/\/veritasinfo.org\/wp-content\/uploads\/2026\/03\/1c489058-8e64-4f93-b190-303f3e860761.webp",720,431,false],"kreeti-medium-square":["https:\/\/veritasinfo.org\/wp-content\/uploads\/2026\/03\/1c489058-8e64-4f93-b190-303f3e860761.webp",350,210,false]},"author_info":{"info":["US6"]},"category_info":"<a href=\"https:\/\/veritasinfo.org\/?cat=101\" rel=\"category\">Kronika<\/a>","tag_info":"Kronika","comment_count":"0","_links":{"self":[{"href":"https:\/\/veritasinfo.org\/index.php?rest_route=\/wp\/v2\/posts\/38279","targetHints":{"allow":["GET"]}}],"collection":[{"href":"https:\/\/veritasinfo.org\/index.php?rest_route=\/wp\/v2\/posts"}],"about":[{"href":"https:\/\/veritasinfo.org\/index.php?rest_route=\/wp\/v2\/types\/post"}],"author":[{"embeddable":true,"href":"https:\/\/veritasinfo.org\/index.php?rest_route=\/wp\/v2\/users\/7"}],"replies":[{"embeddable":true,"href":"https:\/\/veritasinfo.org\/index.php?rest_route=%2Fwp%2Fv2%2Fcomments&post=38279"}],"version-history":[{"count":1,"href":"https:\/\/veritasinfo.org\/index.php?rest_route=\/wp\/v2\/posts\/38279\/revisions"}],"predecessor-version":[{"id":38281,"href":"https:\/\/veritasinfo.org\/index.php?rest_route=\/wp\/v2\/posts\/38279\/revisions\/38281"}],"wp:featuredmedia":[{"embeddable":true,"href":"https:\/\/veritasinfo.org\/index.php?rest_route=\/wp\/v2\/media\/38280"}],"wp:attachment":[{"href":"https:\/\/veritasinfo.org\/index.php?rest_route=%2Fwp%2Fv2%2Fmedia&parent=38279"}],"wp:term":[{"taxonomy":"category","embeddable":true,"href":"https:\/\/veritasinfo.org\/index.php?rest_route=%2Fwp%2Fv2%2Fcategories&post=38279"},{"taxonomy":"post_tag","embeddable":true,"href":"https:\/\/veritasinfo.org\/index.php?rest_route=%2Fwp%2Fv2%2Ftags&post=38279"}],"curies":[{"name":"wp","href":"https:\/\/api.w.org\/{rel}","templated":true}]}}