{"id":38274,"date":"2026-03-18T07:26:36","date_gmt":"2026-03-18T06:26:36","guid":{"rendered":"https:\/\/veritasinfo.org\/?p=38274"},"modified":"2026-03-18T07:26:36","modified_gmt":"2026-03-18T06:26:36","slug":"senegalit-i-hiqet-titulli-i-kupes-se-afrikes-i-jepet-marokut-pas-vendimit-te-caf","status":"publish","type":"post","link":"https:\/\/veritasinfo.org\/?p=38274","title":{"rendered":"Senegalit i hiqet titulli i Kup\u00ebs s\u00eb Afrik\u00ebs, i jepet Marokut pas vendimit t\u00eb CAF"},"content":{"rendered":"<p>Prishtin\u00eb, 18 mars 2026 07:25<\/p>\n<p>Nj\u00eb vendim trondit\u00ebs ka ardhur nga Konfederata Afrikane e Futbollit (CAF), e cila dy muaj pas finales s\u00eb Kup\u00ebs s\u00eb Afrik\u00ebs 2025 ka vendosur t\u2019ia heq\u00eb titullin Senegalit dhe t\u2019ia jap\u00eb Marokut.<\/p>\n<p>Sipas njoftimit zyrtar, Bordi i Apelit i CAF ka vendosur q\u00eb Senegali e ka humbur finalen n\u00eb tavolin\u00eb me rezultat 3-0, p\u00ebr shkak t\u00eb t\u00ebrheqjes nga ndeshja.<\/p>\n<p>\u201cBordi i Apelit vendosi q\u00eb, n\u00eb baz\u00eb t\u00eb nenit 84 t\u00eb rregullores s\u00eb Kup\u00ebs s\u00eb Afrik\u00ebs, Senegali e ka humbur finalen me mosparaqitje, nd\u00ebrsa rezultati regjistrohet 3-0 n\u00eb favor t\u00eb Federat\u00ebs Mbret\u00ebrore Marokene t\u00eb Futbollit\u201d, thuhet n\u00eb vendim.<\/p>\n<p>\u00c7far\u00eb ndodhi n\u00eb finale?<\/p>\n<p>Ngjarja q\u00eb \u00e7oi n\u00eb k\u00ebt\u00eb vendim ndodhi gjat\u00eb finales, kur Senegali u t\u00ebrhoq nga fusha disa minuta pas nj\u00eb penalltie t\u00eb akorduar p\u00ebr Marokun. Penalltia u godit nga Brahim D\u00edaz, por ai e humbi at\u00eb. Megjithat\u00eb, protesta e lojtar\u00ebve senegalez\u00eb dhe braktisja e ndeshjes rezultuan fatale p\u00ebr ta.<\/p>\n<p>CAF thekson se veprimet e Senegalit bien ndesh me nenet 82 dhe 84 t\u00eb rregullores disiplinore, duke e cil\u00ebsuar sjelljen si t\u00eb papranueshme dhe duke e konsideruar ndeshjen t\u00eb humbur automatikisht.<\/p>\n<p>Vendime shtes\u00eb dhe d\u00ebnime<\/p>\n<p>Bordi i Apelit mori edhe disa vendime t\u00eb tjera disiplinore:<\/p>\n<p>Lojtari i Marokut, Isma\u00ebl Saibari, u d\u00ebnua me dy ndeshje pezullim (nj\u00ebra me kusht), nd\u00ebrsa gjoba prej 100,000 dollar\u00ebsh iu anulua.<\/p>\n<p>F\u00e9d\u00e9ration Royale Marocaine de Football u shpall p\u00ebrgjegj\u00ebse p\u00ebr sjelljen e mbledh\u00ebsve t\u00eb topave, me gjob\u00eb t\u00eb reduktuar n\u00eb 50,000 dollar\u00eb.<\/p>\n<p>U konfirmua gjoba prej 100,000 dollar\u00ebsh p\u00ebr nd\u00ebrhyrje n\u00eb zon\u00ebn VAR.<\/p>\n<p>Gjoba p\u00ebr incidentin me lazer u ul n\u00eb 10,000 dollar\u00eb.<\/p>\n<p>T\u00eb gjitha k\u00ebrkesat e tjera u refuzuan nga organi i apelit.<\/p>\n<p>Ky vendim pritet t\u00eb shkaktoj\u00eb reagime t\u00eb m\u00ebdha n\u00eb futbollin afrikan dhe m\u00eb gjer\u00eb, pasi \u00ebsht\u00eb nj\u00eb rast i rrall\u00eb ku nj\u00eb titull kontinental ndryshon fitues pas p\u00ebrfundimit t\u00eb turneut.<\/p>\n<p>Maroku tashm\u00eb konsiderohet kampion zyrtar i Afrik\u00ebs p\u00ebr vitin 2025, nd\u00ebrsa Senegali p\u00ebrballet me pasoja t\u00eb r\u00ebnda sportive dhe reputacionale.<\/p>\n","protected":false},"excerpt":{"rendered":"<p>Prishtin\u00eb, 18 mars 2026 07:25 Nj\u00eb vendim trondit\u00ebs ka ardhur nga Konfederata Afrikane e Futbollit (CAF), e cila dy muaj pas finales s\u00eb Kup\u00ebs s\u00eb<\/p>\n","protected":false},"author":7,"featured_media":38275,"comment_status":"open","ping_status":"open","sticky":false,"template":"","format":"standard","meta":{"footnotes":""},"categories":[5],"tags":[],"class_list":["post-38274","post","type-post","status-publish","format-standard","has-post-thumbnail","hentry","category-sport-sq"],"yoast_head":"<!-- This site is optimized with the Yoast SEO plugin v25.3.1 - https:\/\/yoast.com\/wordpress\/plugins\/seo\/ -->\n<title>Senegalit i hiqet titulli i Kup\u00ebs s\u00eb Afrik\u00ebs, i jepet Marokut pas vendimit t\u00eb CAF -<\/title>\n<meta name=\"robots\" content=\"index, follow, max-snippet:-1, max-image-preview:large, max-video-preview:-1\" \/>\n<link rel=\"canonical\" href=\"https:\/\/veritasinfo.org\/?p=38274\" \/>\n<meta property=\"og:locale\" content=\"en_US\" \/>\n<meta property=\"og:type\" content=\"article\" \/>\n<meta property=\"og:title\" content=\"Senegalit i hiqet titulli i Kup\u00ebs s\u00eb Afrik\u00ebs, i jepet Marokut pas vendimit t\u00eb CAF -\" \/>\n<meta property=\"og:description\" content=\"Prishtin\u00eb, 18 mars 2026 07:25 Nj\u00eb vendim trondit\u00ebs ka ardhur nga Konfederata Afrikane e Futbollit (CAF), e cila dy muaj pas finales s\u00eb Kup\u00ebs s\u00eb\" \/>\n<meta property=\"og:url\" content=\"https:\/\/veritasinfo.org\/?p=38274\" \/>\n<meta property=\"article:published_time\" content=\"2026-03-18T06:26:36+00:00\" \/>\n<meta property=\"og:image\" content=\"https:\/\/veritasinfo.org\/wp-content\/uploads\/2026\/03\/caf.jpg\" \/>\n\t<meta property=\"og:image:width\" content=\"753\" \/>\n\t<meta property=\"og:image:height\" content=\"417\" \/>\n\t<meta property=\"og:image:type\" content=\"image\/jpeg\" \/>\n<meta name=\"author\" content=\"US6\" \/>\n<meta name=\"twitter:card\" content=\"summary_large_image\" \/>\n<meta name=\"twitter:label1\" content=\"Written by\" \/>\n\t<meta name=\"twitter:data1\" content=\"US6\" \/>\n\t<meta name=\"twitter:label2\" content=\"Est. reading time\" \/>\n\t<meta name=\"twitter:data2\" content=\"2 minutes\" \/>\n<script type=\"application\/ld+json\" class=\"yoast-schema-graph\">{\"@context\":\"https:\/\/schema.org\",\"@graph\":[{\"@type\":\"WebPage\",\"@id\":\"https:\/\/veritasinfo.org\/?p=38274\",\"url\":\"https:\/\/veritasinfo.org\/?p=38274\",\"name\":\"Senegalit i hiqet titulli i Kup\u00ebs s\u00eb Afrik\u00ebs, i jepet Marokut pas vendimit t\u00eb CAF -\",\"isPartOf\":{\"@id\":\"https:\/\/veritasinfo.org\/#website\"},\"primaryImageOfPage\":{\"@id\":\"https:\/\/veritasinfo.org\/?p=38274#primaryimage\"},\"image\":{\"@id\":\"https:\/\/veritasinfo.org\/?p=38274#primaryimage\"},\"thumbnailUrl\":\"https:\/\/veritasinfo.org\/wp-content\/uploads\/2026\/03\/caf.jpg\",\"datePublished\":\"2026-03-18T06:26:36+00:00\",\"author\":{\"@id\":\"https:\/\/veritasinfo.org\/#\/schema\/person\/fe199eede04c3937362892b7444747cc\"},\"breadcrumb\":{\"@id\":\"https:\/\/veritasinfo.org\/?p=38274#breadcrumb\"},\"inLanguage\":\"en-US\",\"potentialAction\":[{\"@type\":\"ReadAction\",\"target\":[\"https:\/\/veritasinfo.org\/?p=38274\"]}]},{\"@type\":\"ImageObject\",\"inLanguage\":\"en-US\",\"@id\":\"https:\/\/veritasinfo.org\/?p=38274#primaryimage\",\"url\":\"https:\/\/veritasinfo.org\/wp-content\/uploads\/2026\/03\/caf.jpg\",\"contentUrl\":\"https:\/\/veritasinfo.org\/wp-content\/uploads\/2026\/03\/caf.jpg\",\"width\":753,\"height\":417},{\"@type\":\"BreadcrumbList\",\"@id\":\"https:\/\/veritasinfo.org\/?p=38274#breadcrumb\",\"itemListElement\":[{\"@type\":\"ListItem\",\"position\":1,\"name\":\"Home\",\"item\":\"https:\/\/veritasinfo.org\/\"},{\"@type\":\"ListItem\",\"position\":2,\"name\":\"Senegalit i hiqet titulli i Kup\u00ebs s\u00eb Afrik\u00ebs, i jepet Marokut pas vendimit t\u00eb CAF\"}]},{\"@type\":\"WebSite\",\"@id\":\"https:\/\/veritasinfo.org\/#website\",\"url\":\"https:\/\/veritasinfo.org\/\",\"name\":\"\",\"description\":\"\",\"potentialAction\":[{\"@type\":\"SearchAction\",\"target\":{\"@type\":\"EntryPoint\",\"urlTemplate\":\"https:\/\/veritasinfo.org\/?s={search_term_string}\"},\"query-input\":{\"@type\":\"PropertyValueSpecification\",\"valueRequired\":true,\"valueName\":\"search_term_string\"}}],\"inLanguage\":\"en-US\"},{\"@type\":\"Person\",\"@id\":\"https:\/\/veritasinfo.org\/#\/schema\/person\/fe199eede04c3937362892b7444747cc\",\"name\":\"US6\",\"image\":{\"@type\":\"ImageObject\",\"inLanguage\":\"en-US\",\"@id\":\"https:\/\/veritasinfo.org\/#\/schema\/person\/image\/\",\"url\":\"https:\/\/secure.gravatar.com\/avatar\/cb16c3c31c9d23b9b8c705964598220b3014e42ff51eb540ff23cefa3ae8c15f?s=96&d=mm&r=g\",\"contentUrl\":\"https:\/\/secure.gravatar.com\/avatar\/cb16c3c31c9d23b9b8c705964598220b3014e42ff51eb540ff23cefa3ae8c15f?s=96&d=mm&r=g\",\"caption\":\"US6\"},\"url\":\"https:\/\/veritasinfo.org\/?author=7\"}]}<\/script>\n<!-- \/ Yoast SEO plugin. -->","yoast_head_json":{"title":"Senegalit i hiqet titulli i Kup\u00ebs s\u00eb Afrik\u00ebs, i jepet Marokut pas vendimit t\u00eb CAF -","robots":{"index":"index","follow":"follow","max-snippet":"max-snippet:-1","max-image-preview":"max-image-preview:large","max-video-preview":"max-video-preview:-1"},"canonical":"https:\/\/veritasinfo.org\/?p=38274","og_locale":"en_US","og_type":"article","og_title":"Senegalit i hiqet titulli i Kup\u00ebs s\u00eb Afrik\u00ebs, i jepet Marokut pas vendimit t\u00eb CAF -","og_description":"Prishtin\u00eb, 18 mars 2026 07:25 Nj\u00eb vendim trondit\u00ebs ka ardhur nga Konfederata Afrikane e Futbollit (CAF), e cila dy muaj pas finales s\u00eb Kup\u00ebs s\u00eb","og_url":"https:\/\/veritasinfo.org\/?p=38274","article_published_time":"2026-03-18T06:26:36+00:00","og_image":[{"width":753,"height":417,"url":"https:\/\/veritasinfo.org\/wp-content\/uploads\/2026\/03\/caf.jpg","type":"image\/jpeg"}],"author":"US6","twitter_card":"summary_large_image","twitter_misc":{"Written by":"US6","Est. reading time":"2 minutes"},"schema":{"@context":"https:\/\/schema.org","@graph":[{"@type":"WebPage","@id":"https:\/\/veritasinfo.org\/?p=38274","url":"https:\/\/veritasinfo.org\/?p=38274","name":"Senegalit i hiqet titulli i Kup\u00ebs s\u00eb Afrik\u00ebs, i jepet Marokut pas vendimit t\u00eb CAF -","isPartOf":{"@id":"https:\/\/veritasinfo.org\/#website"},"primaryImageOfPage":{"@id":"https:\/\/veritasinfo.org\/?p=38274#primaryimage"},"image":{"@id":"https:\/\/veritasinfo.org\/?p=38274#primaryimage"},"thumbnailUrl":"https:\/\/veritasinfo.org\/wp-content\/uploads\/2026\/03\/caf.jpg","datePublished":"2026-03-18T06:26:36+00:00","author":{"@id":"https:\/\/veritasinfo.org\/#\/schema\/person\/fe199eede04c3937362892b7444747cc"},"breadcrumb":{"@id":"https:\/\/veritasinfo.org\/?p=38274#breadcrumb"},"inLanguage":"en-US","potentialAction":[{"@type":"ReadAction","target":["https:\/\/veritasinfo.org\/?p=38274"]}]},{"@type":"ImageObject","inLanguage":"en-US","@id":"https:\/\/veritasinfo.org\/?p=38274#primaryimage","url":"https:\/\/veritasinfo.org\/wp-content\/uploads\/2026\/03\/caf.jpg","contentUrl":"https:\/\/veritasinfo.org\/wp-content\/uploads\/2026\/03\/caf.jpg","width":753,"height":417},{"@type":"BreadcrumbList","@id":"https:\/\/veritasinfo.org\/?p=38274#breadcrumb","itemListElement":[{"@type":"ListItem","position":1,"name":"Home","item":"https:\/\/veritasinfo.org\/"},{"@type":"ListItem","position":2,"name":"Senegalit i hiqet titulli i Kup\u00ebs s\u00eb Afrik\u00ebs, i jepet Marokut pas vendimit t\u00eb CAF"}]},{"@type":"WebSite","@id":"https:\/\/veritasinfo.org\/#website","url":"https:\/\/veritasinfo.org\/","name":"","description":"","potentialAction":[{"@type":"SearchAction","target":{"@type":"EntryPoint","urlTemplate":"https:\/\/veritasinfo.org\/?s={search_term_string}"},"query-input":{"@type":"PropertyValueSpecification","valueRequired":true,"valueName":"search_term_string"}}],"inLanguage":"en-US"},{"@type":"Person","@id":"https:\/\/veritasinfo.org\/#\/schema\/person\/fe199eede04c3937362892b7444747cc","name":"US6","image":{"@type":"ImageObject","inLanguage":"en-US","@id":"https:\/\/veritasinfo.org\/#\/schema\/person\/image\/","url":"https:\/\/secure.gravatar.com\/avatar\/cb16c3c31c9d23b9b8c705964598220b3014e42ff51eb540ff23cefa3ae8c15f?s=96&d=mm&r=g","contentUrl":"https:\/\/secure.gravatar.com\/avatar\/cb16c3c31c9d23b9b8c705964598220b3014e42ff51eb540ff23cefa3ae8c15f?s=96&d=mm&r=g","caption":"US6"},"url":"https:\/\/veritasinfo.org\/?author=7"}]}},"featured_image_urls":{"full":["https:\/\/veritasinfo.org\/wp-content\/uploads\/2026\/03\/caf.jpg",753,417,false],"thumbnail":["https:\/\/veritasinfo.org\/wp-content\/uploads\/2026\/03\/caf-150x150.jpg",150,150,true],"medium":["https:\/\/veritasinfo.org\/wp-content\/uploads\/2026\/03\/caf-300x166.jpg",300,166,true],"medium_large":["https:\/\/veritasinfo.org\/wp-content\/uploads\/2026\/03\/caf.jpg",640,354,false],"large":["https:\/\/veritasinfo.org\/wp-content\/uploads\/2026\/03\/caf.jpg",640,354,false],"1536x1536":["https:\/\/veritasinfo.org\/wp-content\/uploads\/2026\/03\/caf.jpg",753,417,false],"2048x2048":["https:\/\/veritasinfo.org\/wp-content\/uploads\/2026\/03\/caf.jpg",753,417,false],"kreeti-slider-full":["https:\/\/veritasinfo.org\/wp-content\/uploads\/2026\/03\/caf.jpg",753,417,false],"kreeti-featured":["https:\/\/veritasinfo.org\/wp-content\/uploads\/2026\/03\/caf.jpg",753,417,false],"kreeti-medium":["https:\/\/veritasinfo.org\/wp-content\/uploads\/2026\/03\/caf.jpg",720,399,false],"kreeti-medium-square":["https:\/\/veritasinfo.org\/wp-content\/uploads\/2026\/03\/caf.jpg",350,194,false]},"author_info":{"info":["US6"]},"category_info":"<a href=\"https:\/\/veritasinfo.org\/?cat=5\" rel=\"category\">Sport<\/a>","tag_info":"Sport","comment_count":"0","_links":{"self":[{"href":"https:\/\/veritasinfo.org\/index.php?rest_route=\/wp\/v2\/posts\/38274","targetHints":{"allow":["GET"]}}],"collection":[{"href":"https:\/\/veritasinfo.org\/index.php?rest_route=\/wp\/v2\/posts"}],"about":[{"href":"https:\/\/veritasinfo.org\/index.php?rest_route=\/wp\/v2\/types\/post"}],"author":[{"embeddable":true,"href":"https:\/\/veritasinfo.org\/index.php?rest_route=\/wp\/v2\/users\/7"}],"replies":[{"embeddable":true,"href":"https:\/\/veritasinfo.org\/index.php?rest_route=%2Fwp%2Fv2%2Fcomments&post=38274"}],"version-history":[{"count":1,"href":"https:\/\/veritasinfo.org\/index.php?rest_route=\/wp\/v2\/posts\/38274\/revisions"}],"predecessor-version":[{"id":38276,"href":"https:\/\/veritasinfo.org\/index.php?rest_route=\/wp\/v2\/posts\/38274\/revisions\/38276"}],"wp:featuredmedia":[{"embeddable":true,"href":"https:\/\/veritasinfo.org\/index.php?rest_route=\/wp\/v2\/media\/38275"}],"wp:attachment":[{"href":"https:\/\/veritasinfo.org\/index.php?rest_route=%2Fwp%2Fv2%2Fmedia&parent=38274"}],"wp:term":[{"taxonomy":"category","embeddable":true,"href":"https:\/\/veritasinfo.org\/index.php?rest_route=%2Fwp%2Fv2%2Fcategories&post=38274"},{"taxonomy":"post_tag","embeddable":true,"href":"https:\/\/veritasinfo.org\/index.php?rest_route=%2Fwp%2Fv2%2Ftags&post=38274"}],"curies":[{"name":"wp","href":"https:\/\/api.w.org\/{rel}","templated":true}]}}