{"id":38252,"date":"2026-03-17T20:50:26","date_gmt":"2026-03-17T19:50:26","guid":{"rendered":"https:\/\/veritasinfo.org\/?p=38252"},"modified":"2026-03-17T20:50:26","modified_gmt":"2026-03-17T19:50:26","slug":"heqja-e-masave-osmani-kosova-e-perkushtuar-te-vazhdoje-perparimin-ne-rrugen-drejt-statusit-te-vendit-kandidat","status":"publish","type":"post","link":"https:\/\/veritasinfo.org\/?p=38252","title":{"rendered":"Heqja e masave, Osmani: Kosova e p\u00ebrkushtuar t\u00eb vazhdoj\u00eb p\u00ebrparimin n\u00eb rrug\u00ebn drejt statusit t\u00eb vendit kandidat"},"content":{"rendered":"<p>Prishtin\u00eb, 17 mars 2026 20:49<\/p>\n<p>Presidentja Vjosa Osmani ka mir\u00ebpritur heqjen e plot\u00eb t\u00eb masave nd\u00ebshkuese t\u00eb Bashkimit Evropian ndaj Kosov\u00ebs, q\u00eb ishin vendosur qysh n\u00eb vitin 2023.<\/p>\n<p>Osmani ka th\u00ebn\u00eb se k\u00ebto masa ishin vendosur padrejt\u00ebsisht, teksa ka falenderuar shtetet partnere p\u00ebr mb\u00ebshtetjen.<\/p>\n<p>Ajo ka th\u00ebn\u00eb se Kosova mbetet e p\u00ebrkushtuar t\u00eb vazhdoj\u00eb p\u00ebrparimin n\u00eb rrug\u00ebn drejt statusit t\u00eb kandidatit p\u00ebr an\u00ebtar\u00ebsim n\u00eb BE.<\/p>\n<p>\u201cBazuar n\u00eb vendimin e shpallur n\u00eb dhjetor nga Presidentja e Komisioni Evropian, Ursula von der Leyen, p\u00ebr t\u00eb hequr t\u00eb gjitha masat e BE-s\u00eb ndaj Kosov\u00ebs, pas Samitit BE\u2013Ballkani Per\u00ebndimor, ne mir\u00ebpresim sot konfirmimin nga Komisioni se ky vendim tani \u00ebsht\u00eb zbatuar plot\u00ebsisht. Faleminderit Komisionit dhe t\u00eb gjith\u00eb partner\u00ebve tan\u00eb nga shtetet an\u00ebtare p\u00ebr mb\u00ebshtetjen n\u00eb mbylljen e k\u00ebsaj \u00e7\u00ebshtjeje, q\u00eb rezultoi n\u00eb heqjen e masave t\u00eb padrejta q\u00eb ndikuan negativisht n\u00eb jet\u00ebn e popullit t\u00eb Kosov\u00ebs. Kosova mbetet e p\u00ebrkushtuar t\u00eb punoj\u00eb ngusht\u00eb me BE-n\u00eb dhe t\u00eb vazhdoj\u00eb p\u00ebrparimin n\u00eb rrug\u00ebn drejt statusit t\u00eb kandidatit p\u00ebr an\u00ebtar\u00ebsim n\u00eb BE\u201d, ka shkruar Osmani n\u00eb X.<\/p>\n<p>Komisioni Evropian ka konfirmuar sot se jan\u00eb hequr t\u00eb gjitha masat financiare ndaj Kosov\u00ebs.<\/p>\n<p>\u201cMund t\u00eb konfirmoj se Komisioni Evropian ka liruar t\u00eb gjith\u00eb ndihm\u00ebn financiare q\u00eb m\u00eb par\u00eb ishte n\u00ebn masa dhe gjithashtu po planifikojm\u00eb t\u00eb riangazhohemi plot\u00ebsisht me homolog\u00ebt tan\u00eb n\u00eb Kosov\u00eb n\u00eb m\u00ebnyr\u00eb q\u00eb ta rikthejm\u00eb Kosov\u00ebn n\u00eb rrug\u00ebn e duhur n\u00eb agjend\u00ebn e saj t\u00eb BE-s\u00eb\u201d, tha Jiri Plecity, p\u00ebrfaq\u00ebsues i Komisionit Evropian.<\/p>\n<p>Masat ndaj Kosov\u00ebs u vendos\u00ebn m\u00eb 2023 dhe kishin t\u00eb b\u00ebnin me pezullim t\u00eb financimit dhe t\u00eb takimeve dypal\u00ebshe midis zyrtar\u00ebve evropian\u00eb dhe p\u00ebrfaq\u00ebsuesve t\u00eb Qeveris\u00eb s\u00eb Kosov\u00ebs.<\/p>\n<p>Masat u vendos\u00ebn si p\u00ebrgjigje p\u00ebr shkak t\u00eb tensioneve n\u00eb veriun e Kosov\u00ebs, pasi kryetar\u00ebt shqiptar\u00eb t\u00eb kat\u00ebr komunave n\u00eb veri mor\u00ebn mandatin.<\/p>\n","protected":false},"excerpt":{"rendered":"<p>Prishtin\u00eb, 17 mars 2026 20:49 Presidentja Vjosa Osmani ka mir\u00ebpritur heqjen e plot\u00eb t\u00eb masave nd\u00ebshkuese t\u00eb Bashkimit Evropian ndaj Kosov\u00ebs, q\u00eb ishin vendosur qysh<\/p>\n","protected":false},"author":7,"featured_media":38253,"comment_status":"open","ping_status":"open","sticky":false,"template":"","format":"standard","meta":{"footnotes":""},"categories":[58],"tags":[],"class_list":["post-38252","post","type-post","status-publish","format-standard","has-post-thumbnail","hentry","category-politike-sq"],"yoast_head":"<!-- This site is optimized with the Yoast SEO plugin v25.3.1 - https:\/\/yoast.com\/wordpress\/plugins\/seo\/ -->\n<title>Heqja e masave, Osmani: Kosova e p\u00ebrkushtuar t\u00eb vazhdoj\u00eb p\u00ebrparimin n\u00eb rrug\u00ebn drejt statusit t\u00eb vendit kandidat -<\/title>\n<meta name=\"robots\" content=\"index, follow, max-snippet:-1, max-image-preview:large, max-video-preview:-1\" \/>\n<link rel=\"canonical\" href=\"https:\/\/veritasinfo.org\/?p=38252\" \/>\n<meta property=\"og:locale\" content=\"en_US\" \/>\n<meta property=\"og:type\" content=\"article\" \/>\n<meta property=\"og:title\" content=\"Heqja e masave, Osmani: Kosova e p\u00ebrkushtuar t\u00eb vazhdoj\u00eb p\u00ebrparimin n\u00eb rrug\u00ebn drejt statusit t\u00eb vendit kandidat -\" \/>\n<meta property=\"og:description\" content=\"Prishtin\u00eb, 17 mars 2026 20:49 Presidentja Vjosa Osmani ka mir\u00ebpritur heqjen e plot\u00eb t\u00eb masave nd\u00ebshkuese t\u00eb Bashkimit Evropian ndaj Kosov\u00ebs, q\u00eb ishin vendosur qysh\" \/>\n<meta property=\"og:url\" content=\"https:\/\/veritasinfo.org\/?p=38252\" \/>\n<meta property=\"article:published_time\" content=\"2026-03-17T19:50:26+00:00\" \/>\n<meta property=\"og:image\" content=\"https:\/\/veritasinfo.org\/wp-content\/uploads\/2026\/03\/ce27fa6f-015b-41e9-a702-641dc7983640-704x450-1.webp\" \/>\n\t<meta property=\"og:image:width\" content=\"704\" \/>\n\t<meta property=\"og:image:height\" content=\"450\" \/>\n\t<meta property=\"og:image:type\" content=\"image\/webp\" \/>\n<meta name=\"author\" content=\"US6\" \/>\n<meta name=\"twitter:card\" content=\"summary_large_image\" \/>\n<meta name=\"twitter:label1\" content=\"Written by\" \/>\n\t<meta name=\"twitter:data1\" content=\"US6\" \/>\n\t<meta name=\"twitter:label2\" content=\"Est. reading time\" \/>\n\t<meta name=\"twitter:data2\" content=\"2 minutes\" \/>\n<script type=\"application\/ld+json\" class=\"yoast-schema-graph\">{\"@context\":\"https:\/\/schema.org\",\"@graph\":[{\"@type\":\"WebPage\",\"@id\":\"https:\/\/veritasinfo.org\/?p=38252\",\"url\":\"https:\/\/veritasinfo.org\/?p=38252\",\"name\":\"Heqja e masave, Osmani: Kosova e p\u00ebrkushtuar t\u00eb vazhdoj\u00eb p\u00ebrparimin n\u00eb rrug\u00ebn drejt statusit t\u00eb vendit kandidat -\",\"isPartOf\":{\"@id\":\"https:\/\/veritasinfo.org\/#website\"},\"primaryImageOfPage\":{\"@id\":\"https:\/\/veritasinfo.org\/?p=38252#primaryimage\"},\"image\":{\"@id\":\"https:\/\/veritasinfo.org\/?p=38252#primaryimage\"},\"thumbnailUrl\":\"https:\/\/veritasinfo.org\/wp-content\/uploads\/2026\/03\/ce27fa6f-015b-41e9-a702-641dc7983640-704x450-1.webp\",\"datePublished\":\"2026-03-17T19:50:26+00:00\",\"author\":{\"@id\":\"https:\/\/veritasinfo.org\/#\/schema\/person\/fe199eede04c3937362892b7444747cc\"},\"breadcrumb\":{\"@id\":\"https:\/\/veritasinfo.org\/?p=38252#breadcrumb\"},\"inLanguage\":\"en-US\",\"potentialAction\":[{\"@type\":\"ReadAction\",\"target\":[\"https:\/\/veritasinfo.org\/?p=38252\"]}]},{\"@type\":\"ImageObject\",\"inLanguage\":\"en-US\",\"@id\":\"https:\/\/veritasinfo.org\/?p=38252#primaryimage\",\"url\":\"https:\/\/veritasinfo.org\/wp-content\/uploads\/2026\/03\/ce27fa6f-015b-41e9-a702-641dc7983640-704x450-1.webp\",\"contentUrl\":\"https:\/\/veritasinfo.org\/wp-content\/uploads\/2026\/03\/ce27fa6f-015b-41e9-a702-641dc7983640-704x450-1.webp\",\"width\":704,\"height\":450},{\"@type\":\"BreadcrumbList\",\"@id\":\"https:\/\/veritasinfo.org\/?p=38252#breadcrumb\",\"itemListElement\":[{\"@type\":\"ListItem\",\"position\":1,\"name\":\"Home\",\"item\":\"https:\/\/veritasinfo.org\/\"},{\"@type\":\"ListItem\",\"position\":2,\"name\":\"Heqja e masave, Osmani: Kosova e p\u00ebrkushtuar t\u00eb vazhdoj\u00eb p\u00ebrparimin n\u00eb rrug\u00ebn drejt statusit t\u00eb vendit kandidat\"}]},{\"@type\":\"WebSite\",\"@id\":\"https:\/\/veritasinfo.org\/#website\",\"url\":\"https:\/\/veritasinfo.org\/\",\"name\":\"\",\"description\":\"\",\"potentialAction\":[{\"@type\":\"SearchAction\",\"target\":{\"@type\":\"EntryPoint\",\"urlTemplate\":\"https:\/\/veritasinfo.org\/?s={search_term_string}\"},\"query-input\":{\"@type\":\"PropertyValueSpecification\",\"valueRequired\":true,\"valueName\":\"search_term_string\"}}],\"inLanguage\":\"en-US\"},{\"@type\":\"Person\",\"@id\":\"https:\/\/veritasinfo.org\/#\/schema\/person\/fe199eede04c3937362892b7444747cc\",\"name\":\"US6\",\"image\":{\"@type\":\"ImageObject\",\"inLanguage\":\"en-US\",\"@id\":\"https:\/\/veritasinfo.org\/#\/schema\/person\/image\/\",\"url\":\"https:\/\/secure.gravatar.com\/avatar\/cb16c3c31c9d23b9b8c705964598220b3014e42ff51eb540ff23cefa3ae8c15f?s=96&d=mm&r=g\",\"contentUrl\":\"https:\/\/secure.gravatar.com\/avatar\/cb16c3c31c9d23b9b8c705964598220b3014e42ff51eb540ff23cefa3ae8c15f?s=96&d=mm&r=g\",\"caption\":\"US6\"},\"url\":\"https:\/\/veritasinfo.org\/?author=7\"}]}<\/script>\n<!-- \/ Yoast SEO plugin. -->","yoast_head_json":{"title":"Heqja e masave, Osmani: Kosova e p\u00ebrkushtuar t\u00eb vazhdoj\u00eb p\u00ebrparimin n\u00eb rrug\u00ebn drejt statusit t\u00eb vendit kandidat -","robots":{"index":"index","follow":"follow","max-snippet":"max-snippet:-1","max-image-preview":"max-image-preview:large","max-video-preview":"max-video-preview:-1"},"canonical":"https:\/\/veritasinfo.org\/?p=38252","og_locale":"en_US","og_type":"article","og_title":"Heqja e masave, Osmani: Kosova e p\u00ebrkushtuar t\u00eb vazhdoj\u00eb p\u00ebrparimin n\u00eb rrug\u00ebn drejt statusit t\u00eb vendit kandidat -","og_description":"Prishtin\u00eb, 17 mars 2026 20:49 Presidentja Vjosa Osmani ka mir\u00ebpritur heqjen e plot\u00eb t\u00eb masave nd\u00ebshkuese t\u00eb Bashkimit Evropian ndaj Kosov\u00ebs, q\u00eb ishin vendosur qysh","og_url":"https:\/\/veritasinfo.org\/?p=38252","article_published_time":"2026-03-17T19:50:26+00:00","og_image":[{"width":704,"height":450,"url":"https:\/\/veritasinfo.org\/wp-content\/uploads\/2026\/03\/ce27fa6f-015b-41e9-a702-641dc7983640-704x450-1.webp","type":"image\/webp"}],"author":"US6","twitter_card":"summary_large_image","twitter_misc":{"Written by":"US6","Est. reading time":"2 minutes"},"schema":{"@context":"https:\/\/schema.org","@graph":[{"@type":"WebPage","@id":"https:\/\/veritasinfo.org\/?p=38252","url":"https:\/\/veritasinfo.org\/?p=38252","name":"Heqja e masave, Osmani: Kosova e p\u00ebrkushtuar t\u00eb vazhdoj\u00eb p\u00ebrparimin n\u00eb rrug\u00ebn drejt statusit t\u00eb vendit kandidat -","isPartOf":{"@id":"https:\/\/veritasinfo.org\/#website"},"primaryImageOfPage":{"@id":"https:\/\/veritasinfo.org\/?p=38252#primaryimage"},"image":{"@id":"https:\/\/veritasinfo.org\/?p=38252#primaryimage"},"thumbnailUrl":"https:\/\/veritasinfo.org\/wp-content\/uploads\/2026\/03\/ce27fa6f-015b-41e9-a702-641dc7983640-704x450-1.webp","datePublished":"2026-03-17T19:50:26+00:00","author":{"@id":"https:\/\/veritasinfo.org\/#\/schema\/person\/fe199eede04c3937362892b7444747cc"},"breadcrumb":{"@id":"https:\/\/veritasinfo.org\/?p=38252#breadcrumb"},"inLanguage":"en-US","potentialAction":[{"@type":"ReadAction","target":["https:\/\/veritasinfo.org\/?p=38252"]}]},{"@type":"ImageObject","inLanguage":"en-US","@id":"https:\/\/veritasinfo.org\/?p=38252#primaryimage","url":"https:\/\/veritasinfo.org\/wp-content\/uploads\/2026\/03\/ce27fa6f-015b-41e9-a702-641dc7983640-704x450-1.webp","contentUrl":"https:\/\/veritasinfo.org\/wp-content\/uploads\/2026\/03\/ce27fa6f-015b-41e9-a702-641dc7983640-704x450-1.webp","width":704,"height":450},{"@type":"BreadcrumbList","@id":"https:\/\/veritasinfo.org\/?p=38252#breadcrumb","itemListElement":[{"@type":"ListItem","position":1,"name":"Home","item":"https:\/\/veritasinfo.org\/"},{"@type":"ListItem","position":2,"name":"Heqja e masave, Osmani: Kosova e p\u00ebrkushtuar t\u00eb vazhdoj\u00eb p\u00ebrparimin n\u00eb rrug\u00ebn drejt statusit t\u00eb vendit kandidat"}]},{"@type":"WebSite","@id":"https:\/\/veritasinfo.org\/#website","url":"https:\/\/veritasinfo.org\/","name":"","description":"","potentialAction":[{"@type":"SearchAction","target":{"@type":"EntryPoint","urlTemplate":"https:\/\/veritasinfo.org\/?s={search_term_string}"},"query-input":{"@type":"PropertyValueSpecification","valueRequired":true,"valueName":"search_term_string"}}],"inLanguage":"en-US"},{"@type":"Person","@id":"https:\/\/veritasinfo.org\/#\/schema\/person\/fe199eede04c3937362892b7444747cc","name":"US6","image":{"@type":"ImageObject","inLanguage":"en-US","@id":"https:\/\/veritasinfo.org\/#\/schema\/person\/image\/","url":"https:\/\/secure.gravatar.com\/avatar\/cb16c3c31c9d23b9b8c705964598220b3014e42ff51eb540ff23cefa3ae8c15f?s=96&d=mm&r=g","contentUrl":"https:\/\/secure.gravatar.com\/avatar\/cb16c3c31c9d23b9b8c705964598220b3014e42ff51eb540ff23cefa3ae8c15f?s=96&d=mm&r=g","caption":"US6"},"url":"https:\/\/veritasinfo.org\/?author=7"}]}},"featured_image_urls":{"full":["https:\/\/veritasinfo.org\/wp-content\/uploads\/2026\/03\/ce27fa6f-015b-41e9-a702-641dc7983640-704x450-1.webp",704,450,false],"thumbnail":["https:\/\/veritasinfo.org\/wp-content\/uploads\/2026\/03\/ce27fa6f-015b-41e9-a702-641dc7983640-704x450-1-150x150.webp",150,150,true],"medium":["https:\/\/veritasinfo.org\/wp-content\/uploads\/2026\/03\/ce27fa6f-015b-41e9-a702-641dc7983640-704x450-1-300x192.webp",300,192,true],"medium_large":["https:\/\/veritasinfo.org\/wp-content\/uploads\/2026\/03\/ce27fa6f-015b-41e9-a702-641dc7983640-704x450-1.webp",640,409,false],"large":["https:\/\/veritasinfo.org\/wp-content\/uploads\/2026\/03\/ce27fa6f-015b-41e9-a702-641dc7983640-704x450-1.webp",640,409,false],"1536x1536":["https:\/\/veritasinfo.org\/wp-content\/uploads\/2026\/03\/ce27fa6f-015b-41e9-a702-641dc7983640-704x450-1.webp",704,450,false],"2048x2048":["https:\/\/veritasinfo.org\/wp-content\/uploads\/2026\/03\/ce27fa6f-015b-41e9-a702-641dc7983640-704x450-1.webp",704,450,false],"kreeti-slider-full":["https:\/\/veritasinfo.org\/wp-content\/uploads\/2026\/03\/ce27fa6f-015b-41e9-a702-641dc7983640-704x450-1.webp",704,450,false],"kreeti-featured":["https:\/\/veritasinfo.org\/wp-content\/uploads\/2026\/03\/ce27fa6f-015b-41e9-a702-641dc7983640-704x450-1.webp",704,450,false],"kreeti-medium":["https:\/\/veritasinfo.org\/wp-content\/uploads\/2026\/03\/ce27fa6f-015b-41e9-a702-641dc7983640-704x450-1.webp",704,450,false],"kreeti-medium-square":["https:\/\/veritasinfo.org\/wp-content\/uploads\/2026\/03\/ce27fa6f-015b-41e9-a702-641dc7983640-704x450-1.webp",350,224,false]},"author_info":{"info":["US6"]},"category_info":"<a href=\"https:\/\/veritasinfo.org\/?cat=58\" rel=\"category\">Politik\u00eb<\/a>","tag_info":"Politik\u00eb","comment_count":"0","_links":{"self":[{"href":"https:\/\/veritasinfo.org\/index.php?rest_route=\/wp\/v2\/posts\/38252","targetHints":{"allow":["GET"]}}],"collection":[{"href":"https:\/\/veritasinfo.org\/index.php?rest_route=\/wp\/v2\/posts"}],"about":[{"href":"https:\/\/veritasinfo.org\/index.php?rest_route=\/wp\/v2\/types\/post"}],"author":[{"embeddable":true,"href":"https:\/\/veritasinfo.org\/index.php?rest_route=\/wp\/v2\/users\/7"}],"replies":[{"embeddable":true,"href":"https:\/\/veritasinfo.org\/index.php?rest_route=%2Fwp%2Fv2%2Fcomments&post=38252"}],"version-history":[{"count":1,"href":"https:\/\/veritasinfo.org\/index.php?rest_route=\/wp\/v2\/posts\/38252\/revisions"}],"predecessor-version":[{"id":38254,"href":"https:\/\/veritasinfo.org\/index.php?rest_route=\/wp\/v2\/posts\/38252\/revisions\/38254"}],"wp:featuredmedia":[{"embeddable":true,"href":"https:\/\/veritasinfo.org\/index.php?rest_route=\/wp\/v2\/media\/38253"}],"wp:attachment":[{"href":"https:\/\/veritasinfo.org\/index.php?rest_route=%2Fwp%2Fv2%2Fmedia&parent=38252"}],"wp:term":[{"taxonomy":"category","embeddable":true,"href":"https:\/\/veritasinfo.org\/index.php?rest_route=%2Fwp%2Fv2%2Fcategories&post=38252"},{"taxonomy":"post_tag","embeddable":true,"href":"https:\/\/veritasinfo.org\/index.php?rest_route=%2Fwp%2Fv2%2Ftags&post=38252"}],"curies":[{"name":"wp","href":"https:\/\/api.w.org\/{rel}","templated":true}]}}