{"id":3825,"date":"2025-07-14T21:39:27","date_gmt":"2025-07-14T19:39:27","guid":{"rendered":"https:\/\/veritasinfo.org\/?p=3825"},"modified":"2025-07-14T21:39:27","modified_gmt":"2025-07-14T19:39:27","slug":"interesim-i-madh-per-tu-bere-polic-trajnimi-ne-akademi-pritet-te-kthehet-ne-6-muaj","status":"publish","type":"post","link":"https:\/\/veritasinfo.org\/?p=3825","title":{"rendered":"Interesim i madh p\u00ebr t\u2019u b\u00ebr\u00eb polic, trajnimi n\u00eb akademi pritet t\u00eb kthehet n\u00eb 6 muaj"},"content":{"rendered":"<p>Prishtin\u00eb, 14 Korrik 2025<\/p>\n<p>Shum\u00eb shpejt pritet q\u00eb Kosov\u00ebs t\u2019i shtohen edhe 350 polic\u00eb t\u00eb rinj.<\/p>\n<p>Kjo pasi q\u00eb sapo \u00ebsht\u00eb mbyllur konkursi i hapur nga Policia e Kosov\u00ebs.<\/p>\n<p>Megjithat\u00eb, p\u00ebr k\u00ebto pozita do t\u00eb zhvillohet nj\u00eb gar\u00eb e ashp\u00ebr, meqen\u00ebse numri i aplikimeve \u00ebsht\u00eb goxha i madh<\/p>\n<p>\u201cN\u00eb konkursin p\u00ebr zyrtar\u00eb policor\u00eb, q\u00eb ka qen\u00eb i hapur nga data 17 qershor deri m\u00eb 7 korrik, kan\u00eb aplikuar gjithsej 6818 veta, prej tyre 5569 meshkuj dhe 1249 femra.\u201d<\/p>\n<p>Por, si shpjegohet nj\u00eb interesim kaq i madh p\u00ebr nj\u00eb num\u00ebr t\u00eb kufizuar t\u00eb t\u00eb pranuarve?<\/p>\n<p>\u201cQytetar\u00ebt e Kosov\u00ebs e kan\u00eb nj\u00eb p\u00ebrshtypje q\u00eb domosdo duhet t\u00eb jen\u00eb t\u00eb pun\u00ebsuar n\u00eb nj\u00eb pun\u00eb t\u00eb shtetit, e cila \u00ebsht\u00eb nj\u00eb qasje e gabuar e djemve dhe vajzave t\u00eb reja, sepse nj\u00eb pun\u00eb e shtetit nuk sjell edhe nj\u00eb pun\u00eb t\u00eb sigurt, nj\u00eb pun\u00eb e shtetit nuk t\u00eb sjell t\u00eb ardhura t\u00eb mjaftueshme dhe t\u00eb sigurta p\u00ebr t\u00eb jetuar\u201d, tha Visar Rrecaj, Ish-zyrtar i Policis\u00eb s\u00eb Kosov\u00ebs.<\/p>\n<p>E pas rastit t\u00eb fundit n\u00eb Lipjan, ku nj\u00eb qytetar nd\u00ebrroi jet\u00eb, e dyshimet jan\u00eb q\u00eb kan\u00eb kaluar kompetencat e tyre zyrtar\u00ebt policor\u00eb, si pasoj\u00eb e mos profesionalizmit t\u00eb tyre dhe mos p\u00ebrgatitjes s\u00eb tyre t\u00eb mjaftueshme n\u00eb Akademin\u00eb e Policis\u00eb, e cila momentalisht zgjat\u00eb afro 3 muaj, nga 6 sa ka qen\u00eb, sipas Rrecajt, ka qen\u00eb nj\u00eb gabim.<\/p>\n<p>Trajnimet kryhen, por koha gjat\u00eb s\u00eb cil\u00ebs ata i kryejn\u00eb k\u00ebto trajnime, nuk mjafton q\u00eb k\u00ebto trajnime t\u00eb kthehen n\u00eb shprehi, sepse trajnimet fizike e psikike duhet t\u00eb p\u00ebrs\u00ebriten shum\u00eb gjat\u00eb, deri t\u00eb kthehen n\u00eb shprehi\u201d, tha Visar Rrecaj, Ish-zyrtar i Policis\u00eb s\u00eb Kosov\u00ebs<\/p>\n<p>Televizioni Dukagjini ka pyetur Policin\u00eb n\u00ebse trajnimi n\u00eb Akademin\u00eb Policore do t\u00eb kthehet n\u00eb 6 muaj prej gjenerat\u00ebs s\u00eb re e tutje, nga 3 muaj sa \u00ebsht\u00eb aktualisht, por ky institucion nuk ka kthyer p\u00ebrgjigje.<\/p>\n<p>Megjithat\u00eb, prej burimeve t\u00eb saj televizioni m\u00ebson se nj\u00eb gj\u00eb e till\u00eb do t\u00eb ndodh\u00eb.<\/p>\n<p>Pritshm\u00ebri t\u00eb tilla ka edhe ish-n\u00ebnkoloneli Refki Morina.<\/p>\n<p>\u201cTrajnimi q\u00eb ka qen\u00eb 3 muaj, shum\u00eb shpejt do t\u00eb kthehet n\u00eb 6 muaj. N\u00eb baz\u00eb t\u00eb informacioneve q\u00eb kemi, do t\u00eb ken\u00eb trajnime t\u00eb mjaftueshme si p\u00ebr arm\u00eb dhe t\u00eb tjerat, dhe duhet t\u2019i kushtohet r\u00ebnd\u00ebsi shum\u00eb edhe trajnimeve q\u00eb do t\u00eb kryhen pas Akademis\u00eb, sidomos n\u00eb pun\u00ebn e tyre fushore 19-javore\u201d, tha Refki Morina, Ish-n\u00ebnkolonel n\u00eb Policin\u00eb e Kosov\u00ebs .<\/p>\n<p>Ani pse zyrtarisht nuk \u00ebsht\u00eb th\u00ebn\u00eb, si arsye p\u00ebr shkurtimin e trajnimit \u00ebsht\u00eb p\u00ebrmendur n\u00eb opinionin publik nevoja q\u00eb polic\u00ebt e rinj t\u00eb dalin n\u00eb terren meq\u00eb, sipas diskutimeve, ka pasur munges\u00eb t\u00eb tyre.<\/p>\n<p>&nbsp;<\/p>\n<div id=\"pa_dspl_0\"><\/div>\n<p>&nbsp;<\/p>\n","protected":false},"excerpt":{"rendered":"<p>Prishtin\u00eb, 14 Korrik 2025 Shum\u00eb shpejt pritet q\u00eb Kosov\u00ebs t\u2019i shtohen edhe 350 polic\u00eb t\u00eb rinj. Kjo pasi q\u00eb sapo \u00ebsht\u00eb mbyllur konkursi i hapur<\/p>\n","protected":false},"author":1,"featured_media":3826,"comment_status":"open","ping_status":"open","sticky":false,"template":"","format":"standard","meta":{"footnotes":""},"categories":[60],"tags":[],"class_list":["post-3825","post","type-post","status-publish","format-standard","has-post-thumbnail","hentry","category-shoqerore-sq"],"yoast_head":"<!-- This site is optimized with the Yoast SEO plugin v25.3.1 - https:\/\/yoast.com\/wordpress\/plugins\/seo\/ -->\n<title>Interesim i madh p\u00ebr t\u2019u b\u00ebr\u00eb polic, trajnimi n\u00eb akademi pritet t\u00eb kthehet n\u00eb 6 muaj -<\/title>\n<meta name=\"robots\" content=\"index, follow, max-snippet:-1, max-image-preview:large, max-video-preview:-1\" \/>\n<link rel=\"canonical\" href=\"https:\/\/veritasinfo.org\/?p=3825\" \/>\n<meta property=\"og:locale\" content=\"en_US\" \/>\n<meta property=\"og:type\" content=\"article\" \/>\n<meta property=\"og:title\" content=\"Interesim i madh p\u00ebr t\u2019u b\u00ebr\u00eb polic, trajnimi n\u00eb akademi pritet t\u00eb kthehet n\u00eb 6 muaj -\" \/>\n<meta property=\"og:description\" content=\"Prishtin\u00eb, 14 Korrik 2025 Shum\u00eb shpejt pritet q\u00eb Kosov\u00ebs t\u2019i shtohen edhe 350 polic\u00eb t\u00eb rinj. Kjo pasi q\u00eb sapo \u00ebsht\u00eb mbyllur konkursi i hapur\" \/>\n<meta property=\"og:url\" content=\"https:\/\/veritasinfo.org\/?p=3825\" \/>\n<meta property=\"article:published_time\" content=\"2025-07-14T19:39:27+00:00\" \/>\n<meta property=\"og:image\" content=\"https:\/\/veritasinfo.org\/wp-content\/uploads\/2025\/07\/IMG_2072.jpeg\" \/>\n\t<meta property=\"og:image:width\" content=\"900\" \/>\n\t<meta property=\"og:image:height\" content=\"600\" \/>\n\t<meta property=\"og:image:type\" content=\"image\/jpeg\" \/>\n<meta name=\"author\" content=\"admin\" \/>\n<meta name=\"twitter:card\" content=\"summary_large_image\" \/>\n<meta name=\"twitter:label1\" content=\"Written by\" \/>\n\t<meta name=\"twitter:data1\" content=\"admin\" \/>\n\t<meta name=\"twitter:label2\" content=\"Est. reading time\" \/>\n\t<meta name=\"twitter:data2\" content=\"3 minutes\" \/>\n<script type=\"application\/ld+json\" class=\"yoast-schema-graph\">{\"@context\":\"https:\/\/schema.org\",\"@graph\":[{\"@type\":\"WebPage\",\"@id\":\"https:\/\/veritasinfo.org\/?p=3825\",\"url\":\"https:\/\/veritasinfo.org\/?p=3825\",\"name\":\"Interesim i madh p\u00ebr t\u2019u b\u00ebr\u00eb polic, trajnimi n\u00eb akademi pritet t\u00eb kthehet n\u00eb 6 muaj -\",\"isPartOf\":{\"@id\":\"https:\/\/veritasinfo.org\/#website\"},\"primaryImageOfPage\":{\"@id\":\"https:\/\/veritasinfo.org\/?p=3825#primaryimage\"},\"image\":{\"@id\":\"https:\/\/veritasinfo.org\/?p=3825#primaryimage\"},\"thumbnailUrl\":\"https:\/\/veritasinfo.org\/wp-content\/uploads\/2025\/07\/IMG_2072.jpeg\",\"datePublished\":\"2025-07-14T19:39:27+00:00\",\"author\":{\"@id\":\"https:\/\/veritasinfo.org\/#\/schema\/person\/7701f8c088bece422266b100a712374f\"},\"breadcrumb\":{\"@id\":\"https:\/\/veritasinfo.org\/?p=3825#breadcrumb\"},\"inLanguage\":\"en-US\",\"potentialAction\":[{\"@type\":\"ReadAction\",\"target\":[\"https:\/\/veritasinfo.org\/?p=3825\"]}]},{\"@type\":\"ImageObject\",\"inLanguage\":\"en-US\",\"@id\":\"https:\/\/veritasinfo.org\/?p=3825#primaryimage\",\"url\":\"https:\/\/veritasinfo.org\/wp-content\/uploads\/2025\/07\/IMG_2072.jpeg\",\"contentUrl\":\"https:\/\/veritasinfo.org\/wp-content\/uploads\/2025\/07\/IMG_2072.jpeg\",\"width\":900,\"height\":600},{\"@type\":\"BreadcrumbList\",\"@id\":\"https:\/\/veritasinfo.org\/?p=3825#breadcrumb\",\"itemListElement\":[{\"@type\":\"ListItem\",\"position\":1,\"name\":\"Home\",\"item\":\"https:\/\/veritasinfo.org\/\"},{\"@type\":\"ListItem\",\"position\":2,\"name\":\"Interesim i madh p\u00ebr t\u2019u b\u00ebr\u00eb polic, trajnimi n\u00eb akademi pritet t\u00eb kthehet n\u00eb 6 muaj\"}]},{\"@type\":\"WebSite\",\"@id\":\"https:\/\/veritasinfo.org\/#website\",\"url\":\"https:\/\/veritasinfo.org\/\",\"name\":\"\",\"description\":\"\",\"potentialAction\":[{\"@type\":\"SearchAction\",\"target\":{\"@type\":\"EntryPoint\",\"urlTemplate\":\"https:\/\/veritasinfo.org\/?s={search_term_string}\"},\"query-input\":{\"@type\":\"PropertyValueSpecification\",\"valueRequired\":true,\"valueName\":\"search_term_string\"}}],\"inLanguage\":\"en-US\"},{\"@type\":\"Person\",\"@id\":\"https:\/\/veritasinfo.org\/#\/schema\/person\/7701f8c088bece422266b100a712374f\",\"name\":\"admin\",\"image\":{\"@type\":\"ImageObject\",\"inLanguage\":\"en-US\",\"@id\":\"https:\/\/veritasinfo.org\/#\/schema\/person\/image\/\",\"url\":\"https:\/\/secure.gravatar.com\/avatar\/ea53aa3bf6c9a12d5fde8ce4deff43fef3885ae33cf60184161a50d6987cfd2f?s=96&d=mm&r=g\",\"contentUrl\":\"https:\/\/secure.gravatar.com\/avatar\/ea53aa3bf6c9a12d5fde8ce4deff43fef3885ae33cf60184161a50d6987cfd2f?s=96&d=mm&r=g\",\"caption\":\"admin\"},\"sameAs\":[\"https:\/\/veritasinfo.org\"],\"url\":\"https:\/\/veritasinfo.org\/?author=1\"}]}<\/script>\n<!-- \/ Yoast SEO plugin. -->","yoast_head_json":{"title":"Interesim i madh p\u00ebr t\u2019u b\u00ebr\u00eb polic, trajnimi n\u00eb akademi pritet t\u00eb kthehet n\u00eb 6 muaj -","robots":{"index":"index","follow":"follow","max-snippet":"max-snippet:-1","max-image-preview":"max-image-preview:large","max-video-preview":"max-video-preview:-1"},"canonical":"https:\/\/veritasinfo.org\/?p=3825","og_locale":"en_US","og_type":"article","og_title":"Interesim i madh p\u00ebr t\u2019u b\u00ebr\u00eb polic, trajnimi n\u00eb akademi pritet t\u00eb kthehet n\u00eb 6 muaj -","og_description":"Prishtin\u00eb, 14 Korrik 2025 Shum\u00eb shpejt pritet q\u00eb Kosov\u00ebs t\u2019i shtohen edhe 350 polic\u00eb t\u00eb rinj. Kjo pasi q\u00eb sapo \u00ebsht\u00eb mbyllur konkursi i hapur","og_url":"https:\/\/veritasinfo.org\/?p=3825","article_published_time":"2025-07-14T19:39:27+00:00","og_image":[{"width":900,"height":600,"url":"https:\/\/veritasinfo.org\/wp-content\/uploads\/2025\/07\/IMG_2072.jpeg","type":"image\/jpeg"}],"author":"admin","twitter_card":"summary_large_image","twitter_misc":{"Written by":"admin","Est. reading time":"3 minutes"},"schema":{"@context":"https:\/\/schema.org","@graph":[{"@type":"WebPage","@id":"https:\/\/veritasinfo.org\/?p=3825","url":"https:\/\/veritasinfo.org\/?p=3825","name":"Interesim i madh p\u00ebr t\u2019u b\u00ebr\u00eb polic, trajnimi n\u00eb akademi pritet t\u00eb kthehet n\u00eb 6 muaj -","isPartOf":{"@id":"https:\/\/veritasinfo.org\/#website"},"primaryImageOfPage":{"@id":"https:\/\/veritasinfo.org\/?p=3825#primaryimage"},"image":{"@id":"https:\/\/veritasinfo.org\/?p=3825#primaryimage"},"thumbnailUrl":"https:\/\/veritasinfo.org\/wp-content\/uploads\/2025\/07\/IMG_2072.jpeg","datePublished":"2025-07-14T19:39:27+00:00","author":{"@id":"https:\/\/veritasinfo.org\/#\/schema\/person\/7701f8c088bece422266b100a712374f"},"breadcrumb":{"@id":"https:\/\/veritasinfo.org\/?p=3825#breadcrumb"},"inLanguage":"en-US","potentialAction":[{"@type":"ReadAction","target":["https:\/\/veritasinfo.org\/?p=3825"]}]},{"@type":"ImageObject","inLanguage":"en-US","@id":"https:\/\/veritasinfo.org\/?p=3825#primaryimage","url":"https:\/\/veritasinfo.org\/wp-content\/uploads\/2025\/07\/IMG_2072.jpeg","contentUrl":"https:\/\/veritasinfo.org\/wp-content\/uploads\/2025\/07\/IMG_2072.jpeg","width":900,"height":600},{"@type":"BreadcrumbList","@id":"https:\/\/veritasinfo.org\/?p=3825#breadcrumb","itemListElement":[{"@type":"ListItem","position":1,"name":"Home","item":"https:\/\/veritasinfo.org\/"},{"@type":"ListItem","position":2,"name":"Interesim i madh p\u00ebr t\u2019u b\u00ebr\u00eb polic, trajnimi n\u00eb akademi pritet t\u00eb kthehet n\u00eb 6 muaj"}]},{"@type":"WebSite","@id":"https:\/\/veritasinfo.org\/#website","url":"https:\/\/veritasinfo.org\/","name":"","description":"","potentialAction":[{"@type":"SearchAction","target":{"@type":"EntryPoint","urlTemplate":"https:\/\/veritasinfo.org\/?s={search_term_string}"},"query-input":{"@type":"PropertyValueSpecification","valueRequired":true,"valueName":"search_term_string"}}],"inLanguage":"en-US"},{"@type":"Person","@id":"https:\/\/veritasinfo.org\/#\/schema\/person\/7701f8c088bece422266b100a712374f","name":"admin","image":{"@type":"ImageObject","inLanguage":"en-US","@id":"https:\/\/veritasinfo.org\/#\/schema\/person\/image\/","url":"https:\/\/secure.gravatar.com\/avatar\/ea53aa3bf6c9a12d5fde8ce4deff43fef3885ae33cf60184161a50d6987cfd2f?s=96&d=mm&r=g","contentUrl":"https:\/\/secure.gravatar.com\/avatar\/ea53aa3bf6c9a12d5fde8ce4deff43fef3885ae33cf60184161a50d6987cfd2f?s=96&d=mm&r=g","caption":"admin"},"sameAs":["https:\/\/veritasinfo.org"],"url":"https:\/\/veritasinfo.org\/?author=1"}]}},"featured_image_urls":{"full":["https:\/\/veritasinfo.org\/wp-content\/uploads\/2025\/07\/IMG_2072.jpeg",900,600,false],"thumbnail":["https:\/\/veritasinfo.org\/wp-content\/uploads\/2025\/07\/IMG_2072-150x150.jpeg",150,150,true],"medium":["https:\/\/veritasinfo.org\/wp-content\/uploads\/2025\/07\/IMG_2072-300x200.jpeg",300,200,true],"medium_large":["https:\/\/veritasinfo.org\/wp-content\/uploads\/2025\/07\/IMG_2072-768x512.jpeg",640,427,true],"large":["https:\/\/veritasinfo.org\/wp-content\/uploads\/2025\/07\/IMG_2072.jpeg",640,427,false],"1536x1536":["https:\/\/veritasinfo.org\/wp-content\/uploads\/2025\/07\/IMG_2072.jpeg",900,600,false],"2048x2048":["https:\/\/veritasinfo.org\/wp-content\/uploads\/2025\/07\/IMG_2072.jpeg",900,600,false],"kreeti-slider-full":["https:\/\/veritasinfo.org\/wp-content\/uploads\/2025\/07\/IMG_2072.jpeg",900,600,false],"kreeti-featured":["https:\/\/veritasinfo.org\/wp-content\/uploads\/2025\/07\/IMG_2072.jpeg",900,600,false],"kreeti-medium":["https:\/\/veritasinfo.org\/wp-content\/uploads\/2025\/07\/IMG_2072.jpeg",720,480,false],"kreeti-medium-square":["https:\/\/veritasinfo.org\/wp-content\/uploads\/2025\/07\/IMG_2072.jpeg",350,233,false]},"author_info":{"info":["admin"]},"category_info":"<a href=\"https:\/\/veritasinfo.org\/?cat=60\" rel=\"category\">Shoq\u00ebrore<\/a>","tag_info":"Shoq\u00ebrore","comment_count":"0","_links":{"self":[{"href":"https:\/\/veritasinfo.org\/index.php?rest_route=\/wp\/v2\/posts\/3825","targetHints":{"allow":["GET"]}}],"collection":[{"href":"https:\/\/veritasinfo.org\/index.php?rest_route=\/wp\/v2\/posts"}],"about":[{"href":"https:\/\/veritasinfo.org\/index.php?rest_route=\/wp\/v2\/types\/post"}],"author":[{"embeddable":true,"href":"https:\/\/veritasinfo.org\/index.php?rest_route=\/wp\/v2\/users\/1"}],"replies":[{"embeddable":true,"href":"https:\/\/veritasinfo.org\/index.php?rest_route=%2Fwp%2Fv2%2Fcomments&post=3825"}],"version-history":[{"count":1,"href":"https:\/\/veritasinfo.org\/index.php?rest_route=\/wp\/v2\/posts\/3825\/revisions"}],"predecessor-version":[{"id":3827,"href":"https:\/\/veritasinfo.org\/index.php?rest_route=\/wp\/v2\/posts\/3825\/revisions\/3827"}],"wp:featuredmedia":[{"embeddable":true,"href":"https:\/\/veritasinfo.org\/index.php?rest_route=\/wp\/v2\/media\/3826"}],"wp:attachment":[{"href":"https:\/\/veritasinfo.org\/index.php?rest_route=%2Fwp%2Fv2%2Fmedia&parent=3825"}],"wp:term":[{"taxonomy":"category","embeddable":true,"href":"https:\/\/veritasinfo.org\/index.php?rest_route=%2Fwp%2Fv2%2Fcategories&post=3825"},{"taxonomy":"post_tag","embeddable":true,"href":"https:\/\/veritasinfo.org\/index.php?rest_route=%2Fwp%2Fv2%2Ftags&post=3825"}],"curies":[{"name":"wp","href":"https:\/\/api.w.org\/{rel}","templated":true}]}}