{"id":38246,"date":"2026-03-17T19:19:46","date_gmt":"2026-03-17T18:19:46","guid":{"rendered":"https:\/\/veritasinfo.org\/?p=38246"},"modified":"2026-03-17T19:19:46","modified_gmt":"2026-03-17T18:19:46","slug":"be-po-shqyrton-sanksione-ndaj-vuciqit","status":"publish","type":"post","link":"https:\/\/veritasinfo.org\/?p=38246","title":{"rendered":"BE po shqyrton sanksione ndaj Vu\u00e7iqit"},"content":{"rendered":"<p>Prishtin\u00eb, 17 mars 2026 19:18<\/p>\n<p>Bashkimi Evropian po shqyrton mund\u00ebsin\u00eb e sanksioneve ndaj presidentit serb, Aleksandar Vu\u00e7iq, pas munges\u00ebs s\u00eb p\u00ebrparimit t\u00eb Serbis\u00eb n\u00eb reformat ky\u00e7e p\u00ebr an\u00ebtar\u00ebsim n\u00eb BE.<\/p>\n<p>Eurodeputet\u00ebt paralajm\u00ebrojn\u00eb masa q\u00eb do t\u00eb godasin ekonomin\u00eb dhe interesat politike t\u00eb Beogradit, duke e d\u00ebrguar mesazhin se durimi i BE-s\u00eb ka marr\u00eb fund.<\/p>\n<p>N\u00eb raportin m\u00eb t\u00eb fundit t\u00eb Parlamentit Evropian, Serbia u kritikua p\u00ebr munges\u00eb progresi n\u00eb sundimin e ligjit, lirin\u00eb e medias, standardet demokratike dhe bashk\u00ebpunimin me BE-n\u00eb, ve\u00e7an\u00ebrisht n\u00eb dialogun p\u00ebr normalizimin e marr\u00ebdh\u00ebnieve me Kosov\u00ebn.<\/p>\n<p>Eurodeputeti Tonino Picula tha se politika e tolerimit ka d\u00ebshtuar dhe \u00ebsht\u00eb koha p\u00ebr veprime konkrete, raportojn\u00eb mediat.<\/p>\n<p>\u201cShikimi p\u00ebrmes gishtave nuk ka sjell\u00eb ndryshim. Tani BE-ja po konsideron masa q\u00eb mund t\u00eb ndikojn\u00eb direkt n\u00eb interesat e Serbis\u00eb\u201d, theksoi ai.<\/p>\n<p>Shqyrtimi i sanksioneve mund t\u00eb p\u00ebrfshij\u00eb kufizime financiare dhe masa t\u00eb tjera q\u00eb synojn\u00eb goditjen e pikave ky\u00e7e t\u00eb ndikimit politik dhe ekonomik t\u00eb Serbis\u00eb.<\/p>\n<p>Eurodeputet\u00ebt paralajm\u00ebrojn\u00eb se kjo \u00ebsht\u00eb nj\u00eb p\u00ebrgjigje ndaj retorik\u00ebs anti-BE dhe politik\u00ebs s\u00eb jashtme t\u00eb pap\u00ebrputhshme me agjend\u00ebn evropiane.<\/p>\n<p>Analist\u00ebt thon\u00eb se vendimi p\u00ebr sanksione do t\u00eb jet\u00eb nj\u00eb prov\u00eb serioze e angazhimit t\u00eb Brukselit p\u00ebr t\u00eb mbajtur Serbin\u00eb p\u00ebrgjegj\u00ebse dhe p\u00ebr t\u00eb ruajtur kredibilitetin e procesit t\u00eb zgjerimit t\u00eb BE-s\u00eb.<\/p>\n","protected":false},"excerpt":{"rendered":"<p>Prishtin\u00eb, 17 mars 2026 19:18 Bashkimi Evropian po shqyrton mund\u00ebsin\u00eb e sanksioneve ndaj presidentit serb, Aleksandar Vu\u00e7iq, pas munges\u00ebs s\u00eb p\u00ebrparimit t\u00eb Serbis\u00eb n\u00eb reformat<\/p>\n","protected":false},"author":7,"featured_media":38247,"comment_status":"open","ping_status":"open","sticky":false,"template":"","format":"standard","meta":{"footnotes":""},"categories":[58],"tags":[],"class_list":["post-38246","post","type-post","status-publish","format-standard","has-post-thumbnail","hentry","category-politike-sq"],"yoast_head":"<!-- This site is optimized with the Yoast SEO plugin v25.3.1 - https:\/\/yoast.com\/wordpress\/plugins\/seo\/ -->\n<title>BE po shqyrton sanksione ndaj Vu\u00e7iqit -<\/title>\n<meta name=\"robots\" content=\"index, follow, max-snippet:-1, max-image-preview:large, max-video-preview:-1\" \/>\n<link rel=\"canonical\" href=\"https:\/\/veritasinfo.org\/?p=38246\" \/>\n<meta property=\"og:locale\" content=\"en_US\" \/>\n<meta property=\"og:type\" content=\"article\" \/>\n<meta property=\"og:title\" content=\"BE po shqyrton sanksione ndaj Vu\u00e7iqit -\" \/>\n<meta property=\"og:description\" content=\"Prishtin\u00eb, 17 mars 2026 19:18 Bashkimi Evropian po shqyrton mund\u00ebsin\u00eb e sanksioneve ndaj presidentit serb, Aleksandar Vu\u00e7iq, pas munges\u00ebs s\u00eb p\u00ebrparimit t\u00eb Serbis\u00eb n\u00eb reformat\" \/>\n<meta property=\"og:url\" content=\"https:\/\/veritasinfo.org\/?p=38246\" \/>\n<meta property=\"article:published_time\" content=\"2026-03-17T18:19:46+00:00\" \/>\n<meta property=\"og:image\" content=\"https:\/\/veritasinfo.org\/wp-content\/uploads\/2026\/03\/image-14.webp\" \/>\n\t<meta property=\"og:image:width\" content=\"1245\" \/>\n\t<meta property=\"og:image:height\" content=\"699\" \/>\n\t<meta property=\"og:image:type\" content=\"image\/webp\" \/>\n<meta name=\"author\" content=\"US6\" \/>\n<meta name=\"twitter:card\" content=\"summary_large_image\" \/>\n<meta name=\"twitter:label1\" content=\"Written by\" \/>\n\t<meta name=\"twitter:data1\" content=\"US6\" \/>\n\t<meta name=\"twitter:label2\" content=\"Est. reading time\" \/>\n\t<meta name=\"twitter:data2\" content=\"1 minute\" \/>\n<script type=\"application\/ld+json\" class=\"yoast-schema-graph\">{\"@context\":\"https:\/\/schema.org\",\"@graph\":[{\"@type\":\"WebPage\",\"@id\":\"https:\/\/veritasinfo.org\/?p=38246\",\"url\":\"https:\/\/veritasinfo.org\/?p=38246\",\"name\":\"BE po shqyrton sanksione ndaj Vu\u00e7iqit -\",\"isPartOf\":{\"@id\":\"https:\/\/veritasinfo.org\/#website\"},\"primaryImageOfPage\":{\"@id\":\"https:\/\/veritasinfo.org\/?p=38246#primaryimage\"},\"image\":{\"@id\":\"https:\/\/veritasinfo.org\/?p=38246#primaryimage\"},\"thumbnailUrl\":\"https:\/\/veritasinfo.org\/wp-content\/uploads\/2026\/03\/image-14.webp\",\"datePublished\":\"2026-03-17T18:19:46+00:00\",\"author\":{\"@id\":\"https:\/\/veritasinfo.org\/#\/schema\/person\/fe199eede04c3937362892b7444747cc\"},\"breadcrumb\":{\"@id\":\"https:\/\/veritasinfo.org\/?p=38246#breadcrumb\"},\"inLanguage\":\"en-US\",\"potentialAction\":[{\"@type\":\"ReadAction\",\"target\":[\"https:\/\/veritasinfo.org\/?p=38246\"]}]},{\"@type\":\"ImageObject\",\"inLanguage\":\"en-US\",\"@id\":\"https:\/\/veritasinfo.org\/?p=38246#primaryimage\",\"url\":\"https:\/\/veritasinfo.org\/wp-content\/uploads\/2026\/03\/image-14.webp\",\"contentUrl\":\"https:\/\/veritasinfo.org\/wp-content\/uploads\/2026\/03\/image-14.webp\",\"width\":1245,\"height\":699},{\"@type\":\"BreadcrumbList\",\"@id\":\"https:\/\/veritasinfo.org\/?p=38246#breadcrumb\",\"itemListElement\":[{\"@type\":\"ListItem\",\"position\":1,\"name\":\"Home\",\"item\":\"https:\/\/veritasinfo.org\/\"},{\"@type\":\"ListItem\",\"position\":2,\"name\":\"BE po shqyrton sanksione ndaj Vu\u00e7iqit\"}]},{\"@type\":\"WebSite\",\"@id\":\"https:\/\/veritasinfo.org\/#website\",\"url\":\"https:\/\/veritasinfo.org\/\",\"name\":\"\",\"description\":\"\",\"potentialAction\":[{\"@type\":\"SearchAction\",\"target\":{\"@type\":\"EntryPoint\",\"urlTemplate\":\"https:\/\/veritasinfo.org\/?s={search_term_string}\"},\"query-input\":{\"@type\":\"PropertyValueSpecification\",\"valueRequired\":true,\"valueName\":\"search_term_string\"}}],\"inLanguage\":\"en-US\"},{\"@type\":\"Person\",\"@id\":\"https:\/\/veritasinfo.org\/#\/schema\/person\/fe199eede04c3937362892b7444747cc\",\"name\":\"US6\",\"image\":{\"@type\":\"ImageObject\",\"inLanguage\":\"en-US\",\"@id\":\"https:\/\/veritasinfo.org\/#\/schema\/person\/image\/\",\"url\":\"https:\/\/secure.gravatar.com\/avatar\/cb16c3c31c9d23b9b8c705964598220b3014e42ff51eb540ff23cefa3ae8c15f?s=96&d=mm&r=g\",\"contentUrl\":\"https:\/\/secure.gravatar.com\/avatar\/cb16c3c31c9d23b9b8c705964598220b3014e42ff51eb540ff23cefa3ae8c15f?s=96&d=mm&r=g\",\"caption\":\"US6\"},\"url\":\"https:\/\/veritasinfo.org\/?author=7\"}]}<\/script>\n<!-- \/ Yoast SEO plugin. -->","yoast_head_json":{"title":"BE po shqyrton sanksione ndaj Vu\u00e7iqit -","robots":{"index":"index","follow":"follow","max-snippet":"max-snippet:-1","max-image-preview":"max-image-preview:large","max-video-preview":"max-video-preview:-1"},"canonical":"https:\/\/veritasinfo.org\/?p=38246","og_locale":"en_US","og_type":"article","og_title":"BE po shqyrton sanksione ndaj Vu\u00e7iqit -","og_description":"Prishtin\u00eb, 17 mars 2026 19:18 Bashkimi Evropian po shqyrton mund\u00ebsin\u00eb e sanksioneve ndaj presidentit serb, Aleksandar Vu\u00e7iq, pas munges\u00ebs s\u00eb p\u00ebrparimit t\u00eb Serbis\u00eb n\u00eb reformat","og_url":"https:\/\/veritasinfo.org\/?p=38246","article_published_time":"2026-03-17T18:19:46+00:00","og_image":[{"width":1245,"height":699,"url":"https:\/\/veritasinfo.org\/wp-content\/uploads\/2026\/03\/image-14.webp","type":"image\/webp"}],"author":"US6","twitter_card":"summary_large_image","twitter_misc":{"Written by":"US6","Est. reading time":"1 minute"},"schema":{"@context":"https:\/\/schema.org","@graph":[{"@type":"WebPage","@id":"https:\/\/veritasinfo.org\/?p=38246","url":"https:\/\/veritasinfo.org\/?p=38246","name":"BE po shqyrton sanksione ndaj Vu\u00e7iqit -","isPartOf":{"@id":"https:\/\/veritasinfo.org\/#website"},"primaryImageOfPage":{"@id":"https:\/\/veritasinfo.org\/?p=38246#primaryimage"},"image":{"@id":"https:\/\/veritasinfo.org\/?p=38246#primaryimage"},"thumbnailUrl":"https:\/\/veritasinfo.org\/wp-content\/uploads\/2026\/03\/image-14.webp","datePublished":"2026-03-17T18:19:46+00:00","author":{"@id":"https:\/\/veritasinfo.org\/#\/schema\/person\/fe199eede04c3937362892b7444747cc"},"breadcrumb":{"@id":"https:\/\/veritasinfo.org\/?p=38246#breadcrumb"},"inLanguage":"en-US","potentialAction":[{"@type":"ReadAction","target":["https:\/\/veritasinfo.org\/?p=38246"]}]},{"@type":"ImageObject","inLanguage":"en-US","@id":"https:\/\/veritasinfo.org\/?p=38246#primaryimage","url":"https:\/\/veritasinfo.org\/wp-content\/uploads\/2026\/03\/image-14.webp","contentUrl":"https:\/\/veritasinfo.org\/wp-content\/uploads\/2026\/03\/image-14.webp","width":1245,"height":699},{"@type":"BreadcrumbList","@id":"https:\/\/veritasinfo.org\/?p=38246#breadcrumb","itemListElement":[{"@type":"ListItem","position":1,"name":"Home","item":"https:\/\/veritasinfo.org\/"},{"@type":"ListItem","position":2,"name":"BE po shqyrton sanksione ndaj Vu\u00e7iqit"}]},{"@type":"WebSite","@id":"https:\/\/veritasinfo.org\/#website","url":"https:\/\/veritasinfo.org\/","name":"","description":"","potentialAction":[{"@type":"SearchAction","target":{"@type":"EntryPoint","urlTemplate":"https:\/\/veritasinfo.org\/?s={search_term_string}"},"query-input":{"@type":"PropertyValueSpecification","valueRequired":true,"valueName":"search_term_string"}}],"inLanguage":"en-US"},{"@type":"Person","@id":"https:\/\/veritasinfo.org\/#\/schema\/person\/fe199eede04c3937362892b7444747cc","name":"US6","image":{"@type":"ImageObject","inLanguage":"en-US","@id":"https:\/\/veritasinfo.org\/#\/schema\/person\/image\/","url":"https:\/\/secure.gravatar.com\/avatar\/cb16c3c31c9d23b9b8c705964598220b3014e42ff51eb540ff23cefa3ae8c15f?s=96&d=mm&r=g","contentUrl":"https:\/\/secure.gravatar.com\/avatar\/cb16c3c31c9d23b9b8c705964598220b3014e42ff51eb540ff23cefa3ae8c15f?s=96&d=mm&r=g","caption":"US6"},"url":"https:\/\/veritasinfo.org\/?author=7"}]}},"featured_image_urls":{"full":["https:\/\/veritasinfo.org\/wp-content\/uploads\/2026\/03\/image-14.webp",1245,699,false],"thumbnail":["https:\/\/veritasinfo.org\/wp-content\/uploads\/2026\/03\/image-14-150x150.webp",150,150,true],"medium":["https:\/\/veritasinfo.org\/wp-content\/uploads\/2026\/03\/image-14-300x168.webp",300,168,true],"medium_large":["https:\/\/veritasinfo.org\/wp-content\/uploads\/2026\/03\/image-14-768x431.webp",640,359,true],"large":["https:\/\/veritasinfo.org\/wp-content\/uploads\/2026\/03\/image-14-1024x575.webp",640,359,true],"1536x1536":["https:\/\/veritasinfo.org\/wp-content\/uploads\/2026\/03\/image-14.webp",1245,699,false],"2048x2048":["https:\/\/veritasinfo.org\/wp-content\/uploads\/2026\/03\/image-14.webp",1245,699,false],"kreeti-slider-full":["https:\/\/veritasinfo.org\/wp-content\/uploads\/2026\/03\/image-14.webp",1245,699,false],"kreeti-featured":["https:\/\/veritasinfo.org\/wp-content\/uploads\/2026\/03\/image-14.webp",1024,575,false],"kreeti-medium":["https:\/\/veritasinfo.org\/wp-content\/uploads\/2026\/03\/image-14.webp",720,404,false],"kreeti-medium-square":["https:\/\/veritasinfo.org\/wp-content\/uploads\/2026\/03\/image-14.webp",350,197,false]},"author_info":{"info":["US6"]},"category_info":"<a href=\"https:\/\/veritasinfo.org\/?cat=58\" rel=\"category\">Politik\u00eb<\/a>","tag_info":"Politik\u00eb","comment_count":"0","_links":{"self":[{"href":"https:\/\/veritasinfo.org\/index.php?rest_route=\/wp\/v2\/posts\/38246","targetHints":{"allow":["GET"]}}],"collection":[{"href":"https:\/\/veritasinfo.org\/index.php?rest_route=\/wp\/v2\/posts"}],"about":[{"href":"https:\/\/veritasinfo.org\/index.php?rest_route=\/wp\/v2\/types\/post"}],"author":[{"embeddable":true,"href":"https:\/\/veritasinfo.org\/index.php?rest_route=\/wp\/v2\/users\/7"}],"replies":[{"embeddable":true,"href":"https:\/\/veritasinfo.org\/index.php?rest_route=%2Fwp%2Fv2%2Fcomments&post=38246"}],"version-history":[{"count":1,"href":"https:\/\/veritasinfo.org\/index.php?rest_route=\/wp\/v2\/posts\/38246\/revisions"}],"predecessor-version":[{"id":38248,"href":"https:\/\/veritasinfo.org\/index.php?rest_route=\/wp\/v2\/posts\/38246\/revisions\/38248"}],"wp:featuredmedia":[{"embeddable":true,"href":"https:\/\/veritasinfo.org\/index.php?rest_route=\/wp\/v2\/media\/38247"}],"wp:attachment":[{"href":"https:\/\/veritasinfo.org\/index.php?rest_route=%2Fwp%2Fv2%2Fmedia&parent=38246"}],"wp:term":[{"taxonomy":"category","embeddable":true,"href":"https:\/\/veritasinfo.org\/index.php?rest_route=%2Fwp%2Fv2%2Fcategories&post=38246"},{"taxonomy":"post_tag","embeddable":true,"href":"https:\/\/veritasinfo.org\/index.php?rest_route=%2Fwp%2Fv2%2Ftags&post=38246"}],"curies":[{"name":"wp","href":"https:\/\/api.w.org\/{rel}","templated":true}]}}