{"id":38239,"date":"2026-03-17T18:26:06","date_gmt":"2026-03-17T17:26:06","guid":{"rendered":"https:\/\/veritasinfo.org\/?p=38239"},"modified":"2026-03-17T18:27:13","modified_gmt":"2026-03-17T17:27:13","slug":"38239","status":"publish","type":"post","link":"https:\/\/veritasinfo.org\/?p=38239","title":{"rendered":"Heqja e masave ndaj Kosov\u00ebs, Konjufca: Presim progres n\u00eb rrug\u00ebn drejt BE-s\u00eb"},"content":{"rendered":"<p>Prishtin\u00eb, 17 mars 2026 18:25<\/p>\n<p>Ministri i Pun\u00ebve t\u00eb Jashtme dhe Diaspor\u00ebs, Glauk Konjufca ka mir\u00ebpritur heqjen e t\u00eb gjitha masave financiare nga Komisioni Evropian t\u00eb vendosura ndaj Kosov\u00ebs.<\/p>\n<p>P\u00ebrmes nj\u00eb postimi n\u00eb X, Konjufca tha se nga ky zhvillim presin t\u00eb hapet nj\u00eb faz\u00eb e re e angazhimit konstruktiv dhe progresit konkret n\u00eb rrug\u00ebn e Kosov\u00ebs drejt Bashkimit Evropian.<\/p>\n<p>\u201cNe mir\u00ebpresim konfirmimin e sot\u00ebm nga KE: t\u00eb gjitha masat e BE-s\u00eb p\u00ebr Kosov\u00ebn jan\u00eb hequr dhe e gjith\u00eb ndihma financiare e pezulluar m\u00eb par\u00eb \u00ebsht\u00eb liruar. Ne presim q\u00eb kjo t\u00eb hap\u00eb nj\u00eb faz\u00eb t\u00eb re angazhimi konstruktiv dhe progresi konkret n\u00eb rrug\u00ebn ton\u00eb drejt BE-s\u00eb\u201d, ka shkruar ai.<\/p>\n","protected":false},"excerpt":{"rendered":"<p>Prishtin\u00eb, 17 mars 2026 18:25 Ministri i Pun\u00ebve t\u00eb Jashtme dhe Diaspor\u00ebs, Glauk Konjufca ka mir\u00ebpritur heqjen e t\u00eb gjitha masave financiare nga Komisioni Evropian<\/p>\n","protected":false},"author":7,"featured_media":38240,"comment_status":"open","ping_status":"open","sticky":false,"template":"","format":"standard","meta":{"footnotes":""},"categories":[58],"tags":[],"class_list":["post-38239","post","type-post","status-publish","format-standard","has-post-thumbnail","hentry","category-politike-sq"],"yoast_head":"<!-- This site is optimized with the Yoast SEO plugin v25.3.1 - https:\/\/yoast.com\/wordpress\/plugins\/seo\/ -->\n<title>Heqja e masave ndaj Kosov\u00ebs, Konjufca: Presim progres n\u00eb rrug\u00ebn drejt BE-s\u00eb -<\/title>\n<meta name=\"robots\" content=\"index, follow, max-snippet:-1, max-image-preview:large, max-video-preview:-1\" \/>\n<link rel=\"canonical\" href=\"https:\/\/veritasinfo.org\/?p=38239\" \/>\n<meta property=\"og:locale\" content=\"en_US\" \/>\n<meta property=\"og:type\" content=\"article\" \/>\n<meta property=\"og:title\" content=\"Heqja e masave ndaj Kosov\u00ebs, Konjufca: Presim progres n\u00eb rrug\u00ebn drejt BE-s\u00eb -\" \/>\n<meta property=\"og:description\" content=\"Prishtin\u00eb, 17 mars 2026 18:25 Ministri i Pun\u00ebve t\u00eb Jashtme dhe Diaspor\u00ebs, Glauk Konjufca ka mir\u00ebpritur heqjen e t\u00eb gjitha masave financiare nga Komisioni Evropian\" \/>\n<meta property=\"og:url\" content=\"https:\/\/veritasinfo.org\/?p=38239\" \/>\n<meta property=\"article:published_time\" content=\"2026-03-17T17:26:06+00:00\" \/>\n<meta property=\"article:modified_time\" content=\"2026-03-17T17:27:13+00:00\" \/>\n<meta property=\"og:image\" content=\"https:\/\/veritasinfo.org\/wp-content\/uploads\/2026\/03\/glauk-konjufca.jpg\" \/>\n\t<meta property=\"og:image:width\" content=\"2048\" \/>\n\t<meta property=\"og:image:height\" content=\"1418\" \/>\n\t<meta property=\"og:image:type\" content=\"image\/jpeg\" \/>\n<meta name=\"author\" content=\"US6\" \/>\n<meta name=\"twitter:card\" content=\"summary_large_image\" \/>\n<meta name=\"twitter:label1\" content=\"Written by\" \/>\n\t<meta name=\"twitter:data1\" content=\"US6\" \/>\n\t<meta name=\"twitter:label2\" content=\"Est. reading time\" \/>\n\t<meta name=\"twitter:data2\" content=\"1 minute\" \/>\n<script type=\"application\/ld+json\" class=\"yoast-schema-graph\">{\"@context\":\"https:\/\/schema.org\",\"@graph\":[{\"@type\":\"WebPage\",\"@id\":\"https:\/\/veritasinfo.org\/?p=38239\",\"url\":\"https:\/\/veritasinfo.org\/?p=38239\",\"name\":\"Heqja e masave ndaj Kosov\u00ebs, Konjufca: Presim progres n\u00eb rrug\u00ebn drejt BE-s\u00eb -\",\"isPartOf\":{\"@id\":\"https:\/\/veritasinfo.org\/#website\"},\"primaryImageOfPage\":{\"@id\":\"https:\/\/veritasinfo.org\/?p=38239#primaryimage\"},\"image\":{\"@id\":\"https:\/\/veritasinfo.org\/?p=38239#primaryimage\"},\"thumbnailUrl\":\"https:\/\/veritasinfo.org\/wp-content\/uploads\/2026\/03\/glauk-konjufca.jpg\",\"datePublished\":\"2026-03-17T17:26:06+00:00\",\"dateModified\":\"2026-03-17T17:27:13+00:00\",\"author\":{\"@id\":\"https:\/\/veritasinfo.org\/#\/schema\/person\/fe199eede04c3937362892b7444747cc\"},\"breadcrumb\":{\"@id\":\"https:\/\/veritasinfo.org\/?p=38239#breadcrumb\"},\"inLanguage\":\"en-US\",\"potentialAction\":[{\"@type\":\"ReadAction\",\"target\":[\"https:\/\/veritasinfo.org\/?p=38239\"]}]},{\"@type\":\"ImageObject\",\"inLanguage\":\"en-US\",\"@id\":\"https:\/\/veritasinfo.org\/?p=38239#primaryimage\",\"url\":\"https:\/\/veritasinfo.org\/wp-content\/uploads\/2026\/03\/glauk-konjufca.jpg\",\"contentUrl\":\"https:\/\/veritasinfo.org\/wp-content\/uploads\/2026\/03\/glauk-konjufca.jpg\",\"width\":2048,\"height\":1418},{\"@type\":\"BreadcrumbList\",\"@id\":\"https:\/\/veritasinfo.org\/?p=38239#breadcrumb\",\"itemListElement\":[{\"@type\":\"ListItem\",\"position\":1,\"name\":\"Home\",\"item\":\"https:\/\/veritasinfo.org\/\"},{\"@type\":\"ListItem\",\"position\":2,\"name\":\"Heqja e masave ndaj Kosov\u00ebs, Konjufca: Presim progres n\u00eb rrug\u00ebn drejt BE-s\u00eb\"}]},{\"@type\":\"WebSite\",\"@id\":\"https:\/\/veritasinfo.org\/#website\",\"url\":\"https:\/\/veritasinfo.org\/\",\"name\":\"\",\"description\":\"\",\"potentialAction\":[{\"@type\":\"SearchAction\",\"target\":{\"@type\":\"EntryPoint\",\"urlTemplate\":\"https:\/\/veritasinfo.org\/?s={search_term_string}\"},\"query-input\":{\"@type\":\"PropertyValueSpecification\",\"valueRequired\":true,\"valueName\":\"search_term_string\"}}],\"inLanguage\":\"en-US\"},{\"@type\":\"Person\",\"@id\":\"https:\/\/veritasinfo.org\/#\/schema\/person\/fe199eede04c3937362892b7444747cc\",\"name\":\"US6\",\"image\":{\"@type\":\"ImageObject\",\"inLanguage\":\"en-US\",\"@id\":\"https:\/\/veritasinfo.org\/#\/schema\/person\/image\/\",\"url\":\"https:\/\/secure.gravatar.com\/avatar\/cb16c3c31c9d23b9b8c705964598220b3014e42ff51eb540ff23cefa3ae8c15f?s=96&d=mm&r=g\",\"contentUrl\":\"https:\/\/secure.gravatar.com\/avatar\/cb16c3c31c9d23b9b8c705964598220b3014e42ff51eb540ff23cefa3ae8c15f?s=96&d=mm&r=g\",\"caption\":\"US6\"},\"url\":\"https:\/\/veritasinfo.org\/?author=7\"}]}<\/script>\n<!-- \/ Yoast SEO plugin. -->","yoast_head_json":{"title":"Heqja e masave ndaj Kosov\u00ebs, Konjufca: Presim progres n\u00eb rrug\u00ebn drejt BE-s\u00eb -","robots":{"index":"index","follow":"follow","max-snippet":"max-snippet:-1","max-image-preview":"max-image-preview:large","max-video-preview":"max-video-preview:-1"},"canonical":"https:\/\/veritasinfo.org\/?p=38239","og_locale":"en_US","og_type":"article","og_title":"Heqja e masave ndaj Kosov\u00ebs, Konjufca: Presim progres n\u00eb rrug\u00ebn drejt BE-s\u00eb -","og_description":"Prishtin\u00eb, 17 mars 2026 18:25 Ministri i Pun\u00ebve t\u00eb Jashtme dhe Diaspor\u00ebs, Glauk Konjufca ka mir\u00ebpritur heqjen e t\u00eb gjitha masave financiare nga Komisioni Evropian","og_url":"https:\/\/veritasinfo.org\/?p=38239","article_published_time":"2026-03-17T17:26:06+00:00","article_modified_time":"2026-03-17T17:27:13+00:00","og_image":[{"width":2048,"height":1418,"url":"https:\/\/veritasinfo.org\/wp-content\/uploads\/2026\/03\/glauk-konjufca.jpg","type":"image\/jpeg"}],"author":"US6","twitter_card":"summary_large_image","twitter_misc":{"Written by":"US6","Est. reading time":"1 minute"},"schema":{"@context":"https:\/\/schema.org","@graph":[{"@type":"WebPage","@id":"https:\/\/veritasinfo.org\/?p=38239","url":"https:\/\/veritasinfo.org\/?p=38239","name":"Heqja e masave ndaj Kosov\u00ebs, Konjufca: Presim progres n\u00eb rrug\u00ebn drejt BE-s\u00eb -","isPartOf":{"@id":"https:\/\/veritasinfo.org\/#website"},"primaryImageOfPage":{"@id":"https:\/\/veritasinfo.org\/?p=38239#primaryimage"},"image":{"@id":"https:\/\/veritasinfo.org\/?p=38239#primaryimage"},"thumbnailUrl":"https:\/\/veritasinfo.org\/wp-content\/uploads\/2026\/03\/glauk-konjufca.jpg","datePublished":"2026-03-17T17:26:06+00:00","dateModified":"2026-03-17T17:27:13+00:00","author":{"@id":"https:\/\/veritasinfo.org\/#\/schema\/person\/fe199eede04c3937362892b7444747cc"},"breadcrumb":{"@id":"https:\/\/veritasinfo.org\/?p=38239#breadcrumb"},"inLanguage":"en-US","potentialAction":[{"@type":"ReadAction","target":["https:\/\/veritasinfo.org\/?p=38239"]}]},{"@type":"ImageObject","inLanguage":"en-US","@id":"https:\/\/veritasinfo.org\/?p=38239#primaryimage","url":"https:\/\/veritasinfo.org\/wp-content\/uploads\/2026\/03\/glauk-konjufca.jpg","contentUrl":"https:\/\/veritasinfo.org\/wp-content\/uploads\/2026\/03\/glauk-konjufca.jpg","width":2048,"height":1418},{"@type":"BreadcrumbList","@id":"https:\/\/veritasinfo.org\/?p=38239#breadcrumb","itemListElement":[{"@type":"ListItem","position":1,"name":"Home","item":"https:\/\/veritasinfo.org\/"},{"@type":"ListItem","position":2,"name":"Heqja e masave ndaj Kosov\u00ebs, Konjufca: Presim progres n\u00eb rrug\u00ebn drejt BE-s\u00eb"}]},{"@type":"WebSite","@id":"https:\/\/veritasinfo.org\/#website","url":"https:\/\/veritasinfo.org\/","name":"","description":"","potentialAction":[{"@type":"SearchAction","target":{"@type":"EntryPoint","urlTemplate":"https:\/\/veritasinfo.org\/?s={search_term_string}"},"query-input":{"@type":"PropertyValueSpecification","valueRequired":true,"valueName":"search_term_string"}}],"inLanguage":"en-US"},{"@type":"Person","@id":"https:\/\/veritasinfo.org\/#\/schema\/person\/fe199eede04c3937362892b7444747cc","name":"US6","image":{"@type":"ImageObject","inLanguage":"en-US","@id":"https:\/\/veritasinfo.org\/#\/schema\/person\/image\/","url":"https:\/\/secure.gravatar.com\/avatar\/cb16c3c31c9d23b9b8c705964598220b3014e42ff51eb540ff23cefa3ae8c15f?s=96&d=mm&r=g","contentUrl":"https:\/\/secure.gravatar.com\/avatar\/cb16c3c31c9d23b9b8c705964598220b3014e42ff51eb540ff23cefa3ae8c15f?s=96&d=mm&r=g","caption":"US6"},"url":"https:\/\/veritasinfo.org\/?author=7"}]}},"featured_image_urls":{"full":["https:\/\/veritasinfo.org\/wp-content\/uploads\/2026\/03\/glauk-konjufca.jpg",2048,1418,false],"thumbnail":["https:\/\/veritasinfo.org\/wp-content\/uploads\/2026\/03\/glauk-konjufca-150x150.jpg",150,150,true],"medium":["https:\/\/veritasinfo.org\/wp-content\/uploads\/2026\/03\/glauk-konjufca-300x208.jpg",300,208,true],"medium_large":["https:\/\/veritasinfo.org\/wp-content\/uploads\/2026\/03\/glauk-konjufca-768x532.jpg",640,443,true],"large":["https:\/\/veritasinfo.org\/wp-content\/uploads\/2026\/03\/glauk-konjufca-1024x709.jpg",640,443,true],"1536x1536":["https:\/\/veritasinfo.org\/wp-content\/uploads\/2026\/03\/glauk-konjufca-1536x1064.jpg",1536,1064,true],"2048x2048":["https:\/\/veritasinfo.org\/wp-content\/uploads\/2026\/03\/glauk-konjufca.jpg",2048,1418,false],"kreeti-slider-full":["https:\/\/veritasinfo.org\/wp-content\/uploads\/2026\/03\/glauk-konjufca.jpg",1040,720,false],"kreeti-featured":["https:\/\/veritasinfo.org\/wp-content\/uploads\/2026\/03\/glauk-konjufca.jpg",1024,709,false],"kreeti-medium":["https:\/\/veritasinfo.org\/wp-content\/uploads\/2026\/03\/glauk-konjufca.jpg",720,499,false],"kreeti-medium-square":["https:\/\/veritasinfo.org\/wp-content\/uploads\/2026\/03\/glauk-konjufca.jpg",350,242,false]},"author_info":{"info":["US6"]},"category_info":"<a href=\"https:\/\/veritasinfo.org\/?cat=58\" rel=\"category\">Politik\u00eb<\/a>","tag_info":"Politik\u00eb","comment_count":"0","_links":{"self":[{"href":"https:\/\/veritasinfo.org\/index.php?rest_route=\/wp\/v2\/posts\/38239","targetHints":{"allow":["GET"]}}],"collection":[{"href":"https:\/\/veritasinfo.org\/index.php?rest_route=\/wp\/v2\/posts"}],"about":[{"href":"https:\/\/veritasinfo.org\/index.php?rest_route=\/wp\/v2\/types\/post"}],"author":[{"embeddable":true,"href":"https:\/\/veritasinfo.org\/index.php?rest_route=\/wp\/v2\/users\/7"}],"replies":[{"embeddable":true,"href":"https:\/\/veritasinfo.org\/index.php?rest_route=%2Fwp%2Fv2%2Fcomments&post=38239"}],"version-history":[{"count":3,"href":"https:\/\/veritasinfo.org\/index.php?rest_route=\/wp\/v2\/posts\/38239\/revisions"}],"predecessor-version":[{"id":38243,"href":"https:\/\/veritasinfo.org\/index.php?rest_route=\/wp\/v2\/posts\/38239\/revisions\/38243"}],"wp:featuredmedia":[{"embeddable":true,"href":"https:\/\/veritasinfo.org\/index.php?rest_route=\/wp\/v2\/media\/38240"}],"wp:attachment":[{"href":"https:\/\/veritasinfo.org\/index.php?rest_route=%2Fwp%2Fv2%2Fmedia&parent=38239"}],"wp:term":[{"taxonomy":"category","embeddable":true,"href":"https:\/\/veritasinfo.org\/index.php?rest_route=%2Fwp%2Fv2%2Fcategories&post=38239"},{"taxonomy":"post_tag","embeddable":true,"href":"https:\/\/veritasinfo.org\/index.php?rest_route=%2Fwp%2Fv2%2Ftags&post=38239"}],"curies":[{"name":"wp","href":"https:\/\/api.w.org\/{rel}","templated":true}]}}