{"id":3823,"date":"2025-07-14T20:48:52","date_gmt":"2025-07-14T18:48:52","guid":{"rendered":"https:\/\/veritasinfo.org\/?p=3823"},"modified":"2025-07-14T20:48:52","modified_gmt":"2025-07-14T18:48:52","slug":"svedok-u-slucaju-kostic-i-milovic-kostic-mi-je-rekao-gde-si-teroristo-uck","status":"publish","type":"post","link":"https:\/\/veritasinfo.org\/?p=3823&lang=sr","title":{"rendered":"Svedok u slu\u010daju Kosti\u0107 i Milovi\u0107: \u201eKosti\u0107 mi je rekao: \u2018Gde si, teroristo U\u010cK?\u2019\u201d"},"content":{"rendered":"<p>Pri\u0161tina, 14. jul 2025<\/p>\n<p>Na Osnovnom sudu u Pri\u0161tini, tokom su\u0111enja za ratne zlo\u010dine protiv Zorana Kosti\u0107a i Dragana Milovi\u0107a, u svojstvu svedoka je saslu\u0161an ranjeni Vesel Latifi. On je ispri\u010dao da je do 23. maja 1999. boravio u selu Dob\u00ebrlluk\u00eb, kada su ih opkolile paravojne i vojne jedinice, svu\u0107 stanovni\u0161tvo odvelo u Vu\u010ditern, gde su mu\u0161karce odvojili od porodica.<\/p>\n<p>\u201eOdveli su nas u improvizovanu policijsku stanicu u Vu\u010diternu gde je po\u010delo zlostavljanje: odveli su me na drugi sprat, u kancelariju komandanta policije Simi\u0107a, i pitali su me: \u2018Gde si, teroristo U\u010cK, gde ti je Sulejman Selimi \u2013 Sultanin, za\u0161to on ne dolazi da te izvadi odavde?\u2019\u201d \u2013 izjavio je Latifi.<\/p>\n<p>Optu\u017enicom se terete Kosti\u0107 i Milovi\u0107 da su kao pripadnici srpske policije, u saradnji sa drugim policajcima, vojskom i paravojnim formacijama, u\u010destvovali u ratnim zlo\u010dinima protiv civilnog stanovni\u0161tva, prenosi \u201eBetimi p\u00ebr Drejt\u00ebsi\u201d.<\/p>\n<p>Latifi je rekao da je Kosti\u0107 jedan od onih koji su ga maltretirali, psihi\u010dki i fizi\u010dki.<\/p>\n<p>Dodao je da su nakon tri dana u Vu\u010diternu preba\u010deni u zatvor u Smrekonicama, gde je boravio jo\u0161 tri dana i bio izlo\u017een raznim torturama i poni\u017eenjima.<\/p>\n<p>Prema njegovim re\u010dima, po prvi put je video Kosti\u0107a u trenutku hap\u0161enja, 24. maja 1999.<\/p>\n<p>Svedo\u010denje je dao i Bilal Ujkani, koji je ispri\u010dao da su 6. aprila 1999. stigla dva vozila kod ku\u0107e Slavena Kosti\u0107a, za koje je rekao da su paravojne jedinice otvorile vatru automatskim naoru\u017eanjem i oplja\u010dkale stanare, uz psovanje i nasilje. Posebno je istaknuo da su uzeli novac, telefon, a supruzi njegovog svedoka uzeli su nakit.<\/p>\n<p>Odbrana optu\u017eenog Kosti\u0107a, advokat Predrag Milovi\u0107, nakon svedo\u010denja izjavio je da nema dodatnih pitanja, po\u0161to svedok nije sa sigurno\u0161\u0107u video optu\u017eenog u kriti\u010dnom trenutku.<\/p>\n<p>Sa\u017eetak aktuelne optu\u017enice<\/p>\n<p>Optu\u017eba protiv Zorana Kosti\u0107a (podignuta 16. maja 2024):<br \/>\nKao pripadnik srpske policije tokom rata u Kosov u saradnji sa drugim policajcima, vojsci i paravojnim jedinicama, optu\u017een je da je u\u010destvovao u sistematskim napadima na civile albanske nacionalnosti. Navodno je, tokom organizovanih akcija, u\u010destvovao u paljbama, plja\u010dkama, paljevinama, ubistvima civilnih osoba u selu Reznik (me\u0111u ostalim \u010dlanovima porodice Ujkani) i brutalnom maltretiranju grupa civila. Tako\u0111e se navodi da je 22. maja 1999. u\u010destvovao u prisilnom isterivanju albanske populacije u pravcu gradskih grobalja, fiz\u010dkom zlostavljanju i zlostavljanju alatkama (metalnim cevima, kundacima, drvenim palicama) \u2013 uklju\u010duju\u0107i razdvajanje porodica, paljenje ku\u0107a i spaljivanje tela \u017ertava.<br \/>\nTako\u0111e, njegovo je fizi\u010dko nasilje nad Veselom Latifijem (preporo\u0111eno palicom ili ciglom) u policijskoj stanici tokom ispitivanja, uz optu\u017ebe da je \u201eterorista U\u010cK\u201c.<\/p>\n<p>Optu\u017eba protiv Dragana Milovi\u0107a:<br \/>\nTako\u0111e, kao policijski slu\u017ebenik, navodi se da je zajedno sa drugima prisilno doveo oko 20.000 civila albanske nacionalnosti na gradska groblja u Vu\u010diternu, gde su bili zlostavljani palicama, gumenim sticima, metalnim palicama i kundacima \u2013 uz primere identifikovanih civila kao \u0161to su A.A., K.\u0160., H.K. i dr. Pored fizi\u010dkog nasilja, svedoci tvrde da su \u017ertve bile primorane na kolena ispred zgrada, sa podignutim rukama.<br \/>\nU optu\u017enici se navodi i paljenje imovine, prisilno prebacivanje civila u kamione i prebacivanje u zatvor u Smrekonicama, gde su zlostavljani. Nakon nekoliko dana, neki su u tajnosti preba\u010deni u Albaniju.<\/p>\n<p>Obojica optu\u017eenih se terete za \u201cratne zlo\u010dine protiv civilnog stanovni\u0161tva\u201d, prema \u010dlanovima 142 i 22 KZ SFRJ iz 1976. i \u010dl. 31 i 153 KZ Republike Kosovo, kao i te\u017eak prekr\u0161aj odredaba \u017denevskih konvencija (\u010dl. 3), alias \u010dlanova 4,5 Protokola II, iz 1977. Transkrip tom opse\u017enog i detaljnog spiska krivi\u010dnih dela podnosi \u201cBetimi p\u00ebr Drejt\u00ebsi\u201d.<\/p>\n<p>Napomena: Osobe pomenute u \u010dlanku smatraju se nevinim dok se krivica ne utvrdi pravnosna\u017enom presudom.<\/p>\n","protected":false},"excerpt":{"rendered":"<p>Pri\u0161tina, 14. jul 2025 Na Osnovnom sudu u Pri\u0161tini, tokom su\u0111enja za ratne zlo\u010dine protiv Zorana Kosti\u0107a i Dragana Milovi\u0107a, u svojstvu svedoka je saslu\u0161an<\/p>\n","protected":false},"author":1,"featured_media":3821,"comment_status":"open","ping_status":"open","sticky":false,"template":"","format":"standard","meta":{"footnotes":""},"categories":[30],"tags":[],"class_list":["post-3823","post","type-post","status-publish","format-standard","has-post-thumbnail","hentry","category-drustvo"],"yoast_head":"<!-- This site is optimized with the Yoast SEO plugin v25.3.1 - https:\/\/yoast.com\/wordpress\/plugins\/seo\/ -->\n<title>Svedok u slu\u010daju Kosti\u0107 i Milovi\u0107: \u201eKosti\u0107 mi je rekao: \u2018Gde si, teroristo U\u010cK?\u2019\u201d -<\/title>\n<meta name=\"robots\" content=\"index, follow, max-snippet:-1, max-image-preview:large, max-video-preview:-1\" \/>\n<link rel=\"canonical\" href=\"https:\/\/veritasinfo.org\/?p=3823&lang=sr\" \/>\n<meta property=\"og:locale\" content=\"en_US\" \/>\n<meta property=\"og:type\" content=\"article\" \/>\n<meta property=\"og:title\" content=\"Svedok u slu\u010daju Kosti\u0107 i Milovi\u0107: \u201eKosti\u0107 mi je rekao: \u2018Gde si, teroristo U\u010cK?\u2019\u201d -\" \/>\n<meta property=\"og:description\" content=\"Pri\u0161tina, 14. jul 2025 Na Osnovnom sudu u Pri\u0161tini, tokom su\u0111enja za ratne zlo\u010dine protiv Zorana Kosti\u0107a i Dragana Milovi\u0107a, u svojstvu svedoka je saslu\u0161an\" \/>\n<meta property=\"og:url\" content=\"https:\/\/veritasinfo.org\/?p=3823&amp;lang=sr\" \/>\n<meta property=\"article:published_time\" content=\"2025-07-14T18:48:52+00:00\" \/>\n<meta property=\"og:image\" content=\"https:\/\/veritasinfo.org\/wp-content\/uploads\/2025\/07\/IMG_2070.jpeg\" \/>\n\t<meta property=\"og:image:width\" content=\"750\" \/>\n\t<meta property=\"og:image:height\" content=\"430\" \/>\n\t<meta property=\"og:image:type\" content=\"image\/jpeg\" \/>\n<meta name=\"author\" content=\"admin\" \/>\n<meta name=\"twitter:card\" content=\"summary_large_image\" \/>\n<meta name=\"twitter:label1\" content=\"Written by\" \/>\n\t<meta name=\"twitter:data1\" content=\"admin\" \/>\n\t<meta name=\"twitter:label2\" content=\"Est. reading time\" \/>\n\t<meta name=\"twitter:data2\" content=\"3 minutes\" \/>\n<script type=\"application\/ld+json\" class=\"yoast-schema-graph\">{\"@context\":\"https:\/\/schema.org\",\"@graph\":[{\"@type\":\"WebPage\",\"@id\":\"https:\/\/veritasinfo.org\/?p=3823&lang=sr\",\"url\":\"https:\/\/veritasinfo.org\/?p=3823&lang=sr\",\"name\":\"Svedok u slu\u010daju Kosti\u0107 i Milovi\u0107: \u201eKosti\u0107 mi je rekao: \u2018Gde si, teroristo U\u010cK?\u2019\u201d -\",\"isPartOf\":{\"@id\":\"https:\/\/veritasinfo.org\/#website\"},\"primaryImageOfPage\":{\"@id\":\"https:\/\/veritasinfo.org\/?p=3823&lang=sr#primaryimage\"},\"image\":{\"@id\":\"https:\/\/veritasinfo.org\/?p=3823&lang=sr#primaryimage\"},\"thumbnailUrl\":\"https:\/\/veritasinfo.org\/wp-content\/uploads\/2025\/07\/IMG_2070.jpeg\",\"datePublished\":\"2025-07-14T18:48:52+00:00\",\"author\":{\"@id\":\"https:\/\/veritasinfo.org\/#\/schema\/person\/7701f8c088bece422266b100a712374f\"},\"breadcrumb\":{\"@id\":\"https:\/\/veritasinfo.org\/?p=3823&lang=sr#breadcrumb\"},\"inLanguage\":\"en-US\",\"potentialAction\":[{\"@type\":\"ReadAction\",\"target\":[\"https:\/\/veritasinfo.org\/?p=3823&lang=sr\"]}]},{\"@type\":\"ImageObject\",\"inLanguage\":\"en-US\",\"@id\":\"https:\/\/veritasinfo.org\/?p=3823&lang=sr#primaryimage\",\"url\":\"https:\/\/veritasinfo.org\/wp-content\/uploads\/2025\/07\/IMG_2070.jpeg\",\"contentUrl\":\"https:\/\/veritasinfo.org\/wp-content\/uploads\/2025\/07\/IMG_2070.jpeg\",\"width\":750,\"height\":430},{\"@type\":\"BreadcrumbList\",\"@id\":\"https:\/\/veritasinfo.org\/?p=3823&lang=sr#breadcrumb\",\"itemListElement\":[{\"@type\":\"ListItem\",\"position\":1,\"name\":\"Home\",\"item\":\"https:\/\/veritasinfo.org\/\"},{\"@type\":\"ListItem\",\"position\":2,\"name\":\"Svedok u slu\u010daju Kosti\u0107 i Milovi\u0107: \u201eKosti\u0107 mi je rekao: \u2018Gde si, teroristo U\u010cK?\u2019\u201d\"}]},{\"@type\":\"WebSite\",\"@id\":\"https:\/\/veritasinfo.org\/#website\",\"url\":\"https:\/\/veritasinfo.org\/\",\"name\":\"\",\"description\":\"\",\"potentialAction\":[{\"@type\":\"SearchAction\",\"target\":{\"@type\":\"EntryPoint\",\"urlTemplate\":\"https:\/\/veritasinfo.org\/?s={search_term_string}\"},\"query-input\":{\"@type\":\"PropertyValueSpecification\",\"valueRequired\":true,\"valueName\":\"search_term_string\"}}],\"inLanguage\":\"en-US\"},{\"@type\":\"Person\",\"@id\":\"https:\/\/veritasinfo.org\/#\/schema\/person\/7701f8c088bece422266b100a712374f\",\"name\":\"admin\",\"image\":{\"@type\":\"ImageObject\",\"inLanguage\":\"en-US\",\"@id\":\"https:\/\/veritasinfo.org\/#\/schema\/person\/image\/\",\"url\":\"https:\/\/secure.gravatar.com\/avatar\/ea53aa3bf6c9a12d5fde8ce4deff43fef3885ae33cf60184161a50d6987cfd2f?s=96&d=mm&r=g\",\"contentUrl\":\"https:\/\/secure.gravatar.com\/avatar\/ea53aa3bf6c9a12d5fde8ce4deff43fef3885ae33cf60184161a50d6987cfd2f?s=96&d=mm&r=g\",\"caption\":\"admin\"},\"sameAs\":[\"https:\/\/veritasinfo.org\"],\"url\":\"https:\/\/veritasinfo.org\/?author=1\"}]}<\/script>\n<!-- \/ Yoast SEO plugin. -->","yoast_head_json":{"title":"Svedok u slu\u010daju Kosti\u0107 i Milovi\u0107: \u201eKosti\u0107 mi je rekao: \u2018Gde si, teroristo U\u010cK?\u2019\u201d -","robots":{"index":"index","follow":"follow","max-snippet":"max-snippet:-1","max-image-preview":"max-image-preview:large","max-video-preview":"max-video-preview:-1"},"canonical":"https:\/\/veritasinfo.org\/?p=3823&lang=sr","og_locale":"en_US","og_type":"article","og_title":"Svedok u slu\u010daju Kosti\u0107 i Milovi\u0107: \u201eKosti\u0107 mi je rekao: \u2018Gde si, teroristo U\u010cK?\u2019\u201d -","og_description":"Pri\u0161tina, 14. jul 2025 Na Osnovnom sudu u Pri\u0161tini, tokom su\u0111enja za ratne zlo\u010dine protiv Zorana Kosti\u0107a i Dragana Milovi\u0107a, u svojstvu svedoka je saslu\u0161an","og_url":"https:\/\/veritasinfo.org\/?p=3823&lang=sr","article_published_time":"2025-07-14T18:48:52+00:00","og_image":[{"width":750,"height":430,"url":"https:\/\/veritasinfo.org\/wp-content\/uploads\/2025\/07\/IMG_2070.jpeg","type":"image\/jpeg"}],"author":"admin","twitter_card":"summary_large_image","twitter_misc":{"Written by":"admin","Est. reading time":"3 minutes"},"schema":{"@context":"https:\/\/schema.org","@graph":[{"@type":"WebPage","@id":"https:\/\/veritasinfo.org\/?p=3823&lang=sr","url":"https:\/\/veritasinfo.org\/?p=3823&lang=sr","name":"Svedok u slu\u010daju Kosti\u0107 i Milovi\u0107: \u201eKosti\u0107 mi je rekao: \u2018Gde si, teroristo U\u010cK?\u2019\u201d -","isPartOf":{"@id":"https:\/\/veritasinfo.org\/#website"},"primaryImageOfPage":{"@id":"https:\/\/veritasinfo.org\/?p=3823&lang=sr#primaryimage"},"image":{"@id":"https:\/\/veritasinfo.org\/?p=3823&lang=sr#primaryimage"},"thumbnailUrl":"https:\/\/veritasinfo.org\/wp-content\/uploads\/2025\/07\/IMG_2070.jpeg","datePublished":"2025-07-14T18:48:52+00:00","author":{"@id":"https:\/\/veritasinfo.org\/#\/schema\/person\/7701f8c088bece422266b100a712374f"},"breadcrumb":{"@id":"https:\/\/veritasinfo.org\/?p=3823&lang=sr#breadcrumb"},"inLanguage":"en-US","potentialAction":[{"@type":"ReadAction","target":["https:\/\/veritasinfo.org\/?p=3823&lang=sr"]}]},{"@type":"ImageObject","inLanguage":"en-US","@id":"https:\/\/veritasinfo.org\/?p=3823&lang=sr#primaryimage","url":"https:\/\/veritasinfo.org\/wp-content\/uploads\/2025\/07\/IMG_2070.jpeg","contentUrl":"https:\/\/veritasinfo.org\/wp-content\/uploads\/2025\/07\/IMG_2070.jpeg","width":750,"height":430},{"@type":"BreadcrumbList","@id":"https:\/\/veritasinfo.org\/?p=3823&lang=sr#breadcrumb","itemListElement":[{"@type":"ListItem","position":1,"name":"Home","item":"https:\/\/veritasinfo.org\/"},{"@type":"ListItem","position":2,"name":"Svedok u slu\u010daju Kosti\u0107 i Milovi\u0107: \u201eKosti\u0107 mi je rekao: \u2018Gde si, teroristo U\u010cK?\u2019\u201d"}]},{"@type":"WebSite","@id":"https:\/\/veritasinfo.org\/#website","url":"https:\/\/veritasinfo.org\/","name":"","description":"","potentialAction":[{"@type":"SearchAction","target":{"@type":"EntryPoint","urlTemplate":"https:\/\/veritasinfo.org\/?s={search_term_string}"},"query-input":{"@type":"PropertyValueSpecification","valueRequired":true,"valueName":"search_term_string"}}],"inLanguage":"en-US"},{"@type":"Person","@id":"https:\/\/veritasinfo.org\/#\/schema\/person\/7701f8c088bece422266b100a712374f","name":"admin","image":{"@type":"ImageObject","inLanguage":"en-US","@id":"https:\/\/veritasinfo.org\/#\/schema\/person\/image\/","url":"https:\/\/secure.gravatar.com\/avatar\/ea53aa3bf6c9a12d5fde8ce4deff43fef3885ae33cf60184161a50d6987cfd2f?s=96&d=mm&r=g","contentUrl":"https:\/\/secure.gravatar.com\/avatar\/ea53aa3bf6c9a12d5fde8ce4deff43fef3885ae33cf60184161a50d6987cfd2f?s=96&d=mm&r=g","caption":"admin"},"sameAs":["https:\/\/veritasinfo.org"],"url":"https:\/\/veritasinfo.org\/?author=1"}]}},"featured_image_urls":{"full":["https:\/\/veritasinfo.org\/wp-content\/uploads\/2025\/07\/IMG_2070.jpeg",750,430,false],"thumbnail":["https:\/\/veritasinfo.org\/wp-content\/uploads\/2025\/07\/IMG_2070-150x150.jpeg",150,150,true],"medium":["https:\/\/veritasinfo.org\/wp-content\/uploads\/2025\/07\/IMG_2070-300x172.jpeg",300,172,true],"medium_large":["https:\/\/veritasinfo.org\/wp-content\/uploads\/2025\/07\/IMG_2070.jpeg",640,367,false],"large":["https:\/\/veritasinfo.org\/wp-content\/uploads\/2025\/07\/IMG_2070.jpeg",640,367,false],"1536x1536":["https:\/\/veritasinfo.org\/wp-content\/uploads\/2025\/07\/IMG_2070.jpeg",750,430,false],"2048x2048":["https:\/\/veritasinfo.org\/wp-content\/uploads\/2025\/07\/IMG_2070.jpeg",750,430,false],"kreeti-slider-full":["https:\/\/veritasinfo.org\/wp-content\/uploads\/2025\/07\/IMG_2070.jpeg",750,430,false],"kreeti-featured":["https:\/\/veritasinfo.org\/wp-content\/uploads\/2025\/07\/IMG_2070.jpeg",750,430,false],"kreeti-medium":["https:\/\/veritasinfo.org\/wp-content\/uploads\/2025\/07\/IMG_2070.jpeg",720,413,false],"kreeti-medium-square":["https:\/\/veritasinfo.org\/wp-content\/uploads\/2025\/07\/IMG_2070.jpeg",350,201,false]},"author_info":{"info":["admin"]},"category_info":"<a href=\"https:\/\/veritasinfo.org\/?cat=30&#038;lang=sr\" rel=\"category\">Dru\u0161tvo<\/a>","tag_info":"Dru\u0161tvo","comment_count":"0","_links":{"self":[{"href":"https:\/\/veritasinfo.org\/index.php?rest_route=\/wp\/v2\/posts\/3823","targetHints":{"allow":["GET"]}}],"collection":[{"href":"https:\/\/veritasinfo.org\/index.php?rest_route=\/wp\/v2\/posts"}],"about":[{"href":"https:\/\/veritasinfo.org\/index.php?rest_route=\/wp\/v2\/types\/post"}],"author":[{"embeddable":true,"href":"https:\/\/veritasinfo.org\/index.php?rest_route=\/wp\/v2\/users\/1"}],"replies":[{"embeddable":true,"href":"https:\/\/veritasinfo.org\/index.php?rest_route=%2Fwp%2Fv2%2Fcomments&post=3823"}],"version-history":[{"count":1,"href":"https:\/\/veritasinfo.org\/index.php?rest_route=\/wp\/v2\/posts\/3823\/revisions"}],"predecessor-version":[{"id":3824,"href":"https:\/\/veritasinfo.org\/index.php?rest_route=\/wp\/v2\/posts\/3823\/revisions\/3824"}],"wp:featuredmedia":[{"embeddable":true,"href":"https:\/\/veritasinfo.org\/index.php?rest_route=\/wp\/v2\/media\/3821"}],"wp:attachment":[{"href":"https:\/\/veritasinfo.org\/index.php?rest_route=%2Fwp%2Fv2%2Fmedia&parent=3823"}],"wp:term":[{"taxonomy":"category","embeddable":true,"href":"https:\/\/veritasinfo.org\/index.php?rest_route=%2Fwp%2Fv2%2Fcategories&post=3823"},{"taxonomy":"post_tag","embeddable":true,"href":"https:\/\/veritasinfo.org\/index.php?rest_route=%2Fwp%2Fv2%2Ftags&post=3823"}],"curies":[{"name":"wp","href":"https:\/\/api.w.org\/{rel}","templated":true}]}}