{"id":38228,"date":"2026-03-17T17:35:20","date_gmt":"2026-03-17T16:35:20","guid":{"rendered":"https:\/\/veritasinfo.org\/?p=38228"},"modified":"2026-03-17T17:35:20","modified_gmt":"2026-03-17T16:35:20","slug":"pacolli-per-gjendjen-e-rende-te-mjedisit-synojme-te-inspektojme-me-drone","status":"publish","type":"post","link":"https:\/\/veritasinfo.org\/?p=38228","title":{"rendered":"Pacolli p\u00ebr gjendjen e r\u00ebnd\u00eb t\u00eb mjedisit: Synojm\u00eb t\u00eb inspektojm\u00eb me dron\u00eb"},"content":{"rendered":"<p>Prishtin\u00eb, 17 mars 2026 17:34<\/p>\n<p>Ministrja e Mjedisit, Planifikimit Hap\u00ebsinor dhe Infrastruktur\u00ebs, Fitore Pacolli, ka th\u00ebn\u00eb se gjendja e mjedisit n\u00eb Kosov\u00eb nuk \u00ebsht\u00eb e mir\u00eb dhe nevojiten dekada p\u00ebr restaurim.<\/p>\n<p>T\u00eb mart\u00ebn n\u00eb \u201ctre8tre\u201d t\u00eb KTV-s\u00eb, Pacolli ka th\u00ebn\u00eb se po synojn\u00eb q\u00eb inspektimin ta kryej\u00eb me dron\u00eb.<\/p>\n<p>\u201cGjendja e mjedisit n\u00eb Kosov\u00eb nuk \u00ebsht\u00eb e mir\u00eb p\u00ebr shkak t\u00eb problemeve q\u00eb kemi me mbeturinat, p\u00ebr shkak edhe t\u00eb d\u00ebmeve q\u00eb jan\u00eb shkaktuar n\u00eb vitet e kaluara dhe restaurimi merr koh\u00eb ndoshta p\u00ebr dekada. Vendimet q\u00eb i kemi marr\u00eb qysh n\u00eb jav\u00ebt e para jan\u00eb vendime p\u00ebr t\u2019i parandaluara degradimet tutje t\u00eb mjedisit&#8230; Ka nevoj\u00eb q\u00eb Inspektorati t\u00eb reformohet thell\u00ebsisht, duke filluar prej personave q\u00eb i kemi aty, deri n\u00eb nj\u00eb form\u00eb tjet\u00ebr t\u00eb inspektimit, q\u00eb mund t\u00eb jet\u00eb inspektim p\u00ebrmes teknologjis\u00eb q\u00eb t\u00eb shohim n\u00eb terren gjendjen. Po e tentojm\u00eb Inspektoratin digjital. Reforma q\u00eb mendojm\u00eb se duhet t\u00eb b\u00ebhet \u00ebsht\u00eb ta inspektojm\u00eb komplet zon\u00ebn p\u00ebrmes kamerave, dron\u00ebve. K\u00ebto do t\u00eb p\u00ebrdoren p\u00ebr secil\u00ebn fush\u00eb q\u00eb e mbulon ministria\u201d, ka th\u00ebn\u00eb ajo.<\/p>\n<p>Pacolli e ka p\u00ebrmendur edhe vendimin e par\u00eb t\u00eb ministris\u00eb, q\u00eb ka qen\u00eb ndalimi i hyrjes s\u00eb mallrave nd\u00ebrtimor\u00eb brenda parqeve komb\u00ebtare.<\/p>\n<p>&nbsp;<\/p>\n<p>\u201cMe ligjin q\u00eb \u00ebsht\u00eb n\u00eb fuqi, n\u00eb zon\u00ebn e par\u00eb ndalohet nd\u00ebrtimi, rrept\u00ebsisht\u00eb ndalohet \u00e7do aktivitet nd\u00ebrtimor n\u00ebse nuk pajiset me dokumente t\u00eb tjera specifike. Edhe me dokumente ligji thot\u00eb se \u00ebsht\u00eb zon\u00eb strikte, nd\u00ebrsa zona e dyt\u00eb dhe e tret\u00eb kan\u00eb rregulla t\u00eb tjera. \u00c7do material nd\u00ebrtimor q\u00eb synon t\u00eb hyj\u00eb n\u00eb zon\u00ebn e parkut pa pasur leje t\u00eb posa\u00e7me prej ministris\u00eb, kthehet mbrapsht\u201d, ka th\u00ebn\u00eb ajo.<\/p>\n<p>Sa i p\u00ebrket problemeve me mbeturina t\u00eb kryeqytetit, ajo ka th\u00ebn\u00eb se lidhur me caktimin e zon\u00ebs, nuk do t\u00eb ket\u00eb tejkalim t\u00eb procedurave.<\/p>\n<p>Sa i p\u00ebrket caktimit t\u00eb zon\u00ebs, kemi verifikuar brenda Ministris\u00eb n\u00ebse ka ardhur ndonj\u00eb k\u00ebrkes\u00eb prej Komun\u00ebs s\u00eb Prishtin\u00ebs sa i p\u00ebrket pajisjes me leje mjedisore. N\u00eb rastin e Komun\u00ebs s\u00eb Prishtin\u00ebs, mua ministria m\u00eb ka th\u00ebn\u00eb se \u00ebsht\u00eb zon\u00eb ujore, pron\u00eb e Ministris\u00eb dhe ftoj Komun\u00ebn q\u00eb ta verifikoj\u00eb pron\u00ebn sepse komuna duhet t\u00eb vendos\u00eb n\u00eb pron\u00ebn e vet, nuk mund t\u00eb vendos\u00eb n\u00eb pron\u00eb q\u00eb \u00ebsht\u00eb e ministris\u00eb pa konsultim me ministrin\u00eb. Ne do t\u00eb sigurohemi q\u00eb do t\u00eb trajtojm\u00eb n\u00eb afat k\u00ebrkes\u00ebn e Komun\u00ebs, mir\u00ebpo n\u00ebse \u00ebsht\u00eb pron\u00eb ujore e ministris\u00eb kemi qasje tjet\u00ebr q\u00eb do ta orientojm\u00eb n\u00eb dit\u00ebt n\u00eb vijim, n\u00ebse \u00ebsht\u00eb af\u00ebr Badocit \u00ebsht\u00eb zon\u00eb strikte dhe duhet t\u00eb kemi kritere t\u00eb caktuara\u201d, ka th\u00ebn\u00eb ajo.<\/p>\n<p>Se a i ka zhvilluar takimet me qytetar\u00eb p\u00ebr \u201cfushat\u00eb elektorale\u201d n\u00eb rast t\u00eb zgjedhjeve t\u00eb jasht\u00ebzakonshme, gjat\u00eb vizit\u00ebs s\u00eb saj t\u00eb par\u00eb zyrtare si ministre n\u00eb Mbret\u00ebrin\u00eb e Bashkuar, Pacolli ka th\u00ebn\u00eb se nuk mendon se do t\u00eb ket\u00eb zgjedhje t\u00eb reja.<\/p>\n<p>&nbsp;<\/p>\n<p>\u201cSe a mund t\u00eb shkojm\u00eb n\u00eb zgjedhje apo jo, \u00ebsht\u00eb vendim i Gjykat\u00ebs Kushtetuese. N\u00eb baz\u00eb t\u00eb aktgjykimeve t\u00eb tjera t\u00eb Gjykat\u00ebs Kushtetuese mendoj se nuk do t\u00eb duhej t\u00eb kemi zgjedhje sepse mundet t\u00eb gjendet nj\u00eb zgjidhje e leht\u00eb q\u00eb t\u00eb votohet edhe presidenti, t\u00eb shkojm\u00eb tutje e t\u00eb mos bllokohemi. Vizita ime zyrtare n\u00eb Mbret\u00ebrin\u00eb e Bashkuar, si ministre kam dashur t\u00eb bashk\u00ebbisedoj\u00eb me qytetar\u00ebt tan\u00eb q\u00eb i kemi n\u00eb Lond\u00ebr p\u00ebr prioritetet e ministris\u00eb, situat\u00ebn aktuale n\u00eb Kosov\u00eb, pra kjo nuk lidhet me zgjedhjet, n\u00eb \u00e7far\u00ebdo kohe q\u00eb un\u00eb do t\u00eb shkoj n\u00eb cilindo vend n\u00eb Evrop\u00eb, do t\u00eb realizoj takim me qytetar\u00ebt tan\u00eb q\u00eb i kemi n\u00eb diaspor\u00eb\u201d, \u00ebsht\u00eb shprehur ajo.<\/p>\n","protected":false},"excerpt":{"rendered":"<p>Prishtin\u00eb, 17 mars 2026 17:34 Ministrja e Mjedisit, Planifikimit Hap\u00ebsinor dhe Infrastruktur\u00ebs, Fitore Pacolli, ka th\u00ebn\u00eb se gjendja e mjedisit n\u00eb Kosov\u00eb nuk \u00ebsht\u00eb e<\/p>\n","protected":false},"author":7,"featured_media":38229,"comment_status":"open","ping_status":"open","sticky":false,"template":"","format":"standard","meta":{"footnotes":""},"categories":[60],"tags":[],"class_list":["post-38228","post","type-post","status-publish","format-standard","has-post-thumbnail","hentry","category-shoqerore-sq"],"yoast_head":"<!-- This site is optimized with the Yoast SEO plugin v25.3.1 - https:\/\/yoast.com\/wordpress\/plugins\/seo\/ -->\n<title>Pacolli p\u00ebr gjendjen e r\u00ebnd\u00eb t\u00eb mjedisit: Synojm\u00eb t\u00eb inspektojm\u00eb me dron\u00eb -<\/title>\n<meta name=\"robots\" content=\"index, follow, max-snippet:-1, max-image-preview:large, max-video-preview:-1\" \/>\n<link rel=\"canonical\" href=\"https:\/\/veritasinfo.org\/?p=38228\" \/>\n<meta property=\"og:locale\" content=\"en_US\" \/>\n<meta property=\"og:type\" content=\"article\" \/>\n<meta property=\"og:title\" content=\"Pacolli p\u00ebr gjendjen e r\u00ebnd\u00eb t\u00eb mjedisit: Synojm\u00eb t\u00eb inspektojm\u00eb me dron\u00eb -\" \/>\n<meta property=\"og:description\" content=\"Prishtin\u00eb, 17 mars 2026 17:34 Ministrja e Mjedisit, Planifikimit Hap\u00ebsinor dhe Infrastruktur\u00ebs, Fitore Pacolli, ka th\u00ebn\u00eb se gjendja e mjedisit n\u00eb Kosov\u00eb nuk \u00ebsht\u00eb e\" \/>\n<meta property=\"og:url\" content=\"https:\/\/veritasinfo.org\/?p=38228\" \/>\n<meta property=\"article:published_time\" content=\"2026-03-17T16:35:20+00:00\" \/>\n<meta property=\"og:image\" content=\"https:\/\/veritasinfo.org\/wp-content\/uploads\/2026\/03\/b67fb770-c3cb-4759-9c52-f78f46a8e9b1.webp\" \/>\n\t<meta property=\"og:image:width\" content=\"1169\" \/>\n\t<meta property=\"og:image:height\" content=\"565\" \/>\n\t<meta property=\"og:image:type\" content=\"image\/webp\" \/>\n<meta name=\"author\" content=\"US6\" \/>\n<meta name=\"twitter:card\" content=\"summary_large_image\" \/>\n<meta name=\"twitter:label1\" content=\"Written by\" \/>\n\t<meta name=\"twitter:data1\" content=\"US6\" \/>\n\t<meta name=\"twitter:label2\" content=\"Est. reading time\" \/>\n\t<meta name=\"twitter:data2\" content=\"3 minutes\" \/>\n<script type=\"application\/ld+json\" class=\"yoast-schema-graph\">{\"@context\":\"https:\/\/schema.org\",\"@graph\":[{\"@type\":\"WebPage\",\"@id\":\"https:\/\/veritasinfo.org\/?p=38228\",\"url\":\"https:\/\/veritasinfo.org\/?p=38228\",\"name\":\"Pacolli p\u00ebr gjendjen e r\u00ebnd\u00eb t\u00eb mjedisit: Synojm\u00eb t\u00eb inspektojm\u00eb me dron\u00eb -\",\"isPartOf\":{\"@id\":\"https:\/\/veritasinfo.org\/#website\"},\"primaryImageOfPage\":{\"@id\":\"https:\/\/veritasinfo.org\/?p=38228#primaryimage\"},\"image\":{\"@id\":\"https:\/\/veritasinfo.org\/?p=38228#primaryimage\"},\"thumbnailUrl\":\"https:\/\/veritasinfo.org\/wp-content\/uploads\/2026\/03\/b67fb770-c3cb-4759-9c52-f78f46a8e9b1.webp\",\"datePublished\":\"2026-03-17T16:35:20+00:00\",\"author\":{\"@id\":\"https:\/\/veritasinfo.org\/#\/schema\/person\/fe199eede04c3937362892b7444747cc\"},\"breadcrumb\":{\"@id\":\"https:\/\/veritasinfo.org\/?p=38228#breadcrumb\"},\"inLanguage\":\"en-US\",\"potentialAction\":[{\"@type\":\"ReadAction\",\"target\":[\"https:\/\/veritasinfo.org\/?p=38228\"]}]},{\"@type\":\"ImageObject\",\"inLanguage\":\"en-US\",\"@id\":\"https:\/\/veritasinfo.org\/?p=38228#primaryimage\",\"url\":\"https:\/\/veritasinfo.org\/wp-content\/uploads\/2026\/03\/b67fb770-c3cb-4759-9c52-f78f46a8e9b1.webp\",\"contentUrl\":\"https:\/\/veritasinfo.org\/wp-content\/uploads\/2026\/03\/b67fb770-c3cb-4759-9c52-f78f46a8e9b1.webp\",\"width\":1169,\"height\":565},{\"@type\":\"BreadcrumbList\",\"@id\":\"https:\/\/veritasinfo.org\/?p=38228#breadcrumb\",\"itemListElement\":[{\"@type\":\"ListItem\",\"position\":1,\"name\":\"Home\",\"item\":\"https:\/\/veritasinfo.org\/\"},{\"@type\":\"ListItem\",\"position\":2,\"name\":\"Pacolli p\u00ebr gjendjen e r\u00ebnd\u00eb t\u00eb mjedisit: Synojm\u00eb t\u00eb inspektojm\u00eb me dron\u00eb\"}]},{\"@type\":\"WebSite\",\"@id\":\"https:\/\/veritasinfo.org\/#website\",\"url\":\"https:\/\/veritasinfo.org\/\",\"name\":\"\",\"description\":\"\",\"potentialAction\":[{\"@type\":\"SearchAction\",\"target\":{\"@type\":\"EntryPoint\",\"urlTemplate\":\"https:\/\/veritasinfo.org\/?s={search_term_string}\"},\"query-input\":{\"@type\":\"PropertyValueSpecification\",\"valueRequired\":true,\"valueName\":\"search_term_string\"}}],\"inLanguage\":\"en-US\"},{\"@type\":\"Person\",\"@id\":\"https:\/\/veritasinfo.org\/#\/schema\/person\/fe199eede04c3937362892b7444747cc\",\"name\":\"US6\",\"image\":{\"@type\":\"ImageObject\",\"inLanguage\":\"en-US\",\"@id\":\"https:\/\/veritasinfo.org\/#\/schema\/person\/image\/\",\"url\":\"https:\/\/secure.gravatar.com\/avatar\/cb16c3c31c9d23b9b8c705964598220b3014e42ff51eb540ff23cefa3ae8c15f?s=96&d=mm&r=g\",\"contentUrl\":\"https:\/\/secure.gravatar.com\/avatar\/cb16c3c31c9d23b9b8c705964598220b3014e42ff51eb540ff23cefa3ae8c15f?s=96&d=mm&r=g\",\"caption\":\"US6\"},\"url\":\"https:\/\/veritasinfo.org\/?author=7\"}]}<\/script>\n<!-- \/ Yoast SEO plugin. -->","yoast_head_json":{"title":"Pacolli p\u00ebr gjendjen e r\u00ebnd\u00eb t\u00eb mjedisit: Synojm\u00eb t\u00eb inspektojm\u00eb me dron\u00eb -","robots":{"index":"index","follow":"follow","max-snippet":"max-snippet:-1","max-image-preview":"max-image-preview:large","max-video-preview":"max-video-preview:-1"},"canonical":"https:\/\/veritasinfo.org\/?p=38228","og_locale":"en_US","og_type":"article","og_title":"Pacolli p\u00ebr gjendjen e r\u00ebnd\u00eb t\u00eb mjedisit: Synojm\u00eb t\u00eb inspektojm\u00eb me dron\u00eb -","og_description":"Prishtin\u00eb, 17 mars 2026 17:34 Ministrja e Mjedisit, Planifikimit Hap\u00ebsinor dhe Infrastruktur\u00ebs, Fitore Pacolli, ka th\u00ebn\u00eb se gjendja e mjedisit n\u00eb Kosov\u00eb nuk \u00ebsht\u00eb e","og_url":"https:\/\/veritasinfo.org\/?p=38228","article_published_time":"2026-03-17T16:35:20+00:00","og_image":[{"width":1169,"height":565,"url":"https:\/\/veritasinfo.org\/wp-content\/uploads\/2026\/03\/b67fb770-c3cb-4759-9c52-f78f46a8e9b1.webp","type":"image\/webp"}],"author":"US6","twitter_card":"summary_large_image","twitter_misc":{"Written by":"US6","Est. reading time":"3 minutes"},"schema":{"@context":"https:\/\/schema.org","@graph":[{"@type":"WebPage","@id":"https:\/\/veritasinfo.org\/?p=38228","url":"https:\/\/veritasinfo.org\/?p=38228","name":"Pacolli p\u00ebr gjendjen e r\u00ebnd\u00eb t\u00eb mjedisit: Synojm\u00eb t\u00eb inspektojm\u00eb me dron\u00eb -","isPartOf":{"@id":"https:\/\/veritasinfo.org\/#website"},"primaryImageOfPage":{"@id":"https:\/\/veritasinfo.org\/?p=38228#primaryimage"},"image":{"@id":"https:\/\/veritasinfo.org\/?p=38228#primaryimage"},"thumbnailUrl":"https:\/\/veritasinfo.org\/wp-content\/uploads\/2026\/03\/b67fb770-c3cb-4759-9c52-f78f46a8e9b1.webp","datePublished":"2026-03-17T16:35:20+00:00","author":{"@id":"https:\/\/veritasinfo.org\/#\/schema\/person\/fe199eede04c3937362892b7444747cc"},"breadcrumb":{"@id":"https:\/\/veritasinfo.org\/?p=38228#breadcrumb"},"inLanguage":"en-US","potentialAction":[{"@type":"ReadAction","target":["https:\/\/veritasinfo.org\/?p=38228"]}]},{"@type":"ImageObject","inLanguage":"en-US","@id":"https:\/\/veritasinfo.org\/?p=38228#primaryimage","url":"https:\/\/veritasinfo.org\/wp-content\/uploads\/2026\/03\/b67fb770-c3cb-4759-9c52-f78f46a8e9b1.webp","contentUrl":"https:\/\/veritasinfo.org\/wp-content\/uploads\/2026\/03\/b67fb770-c3cb-4759-9c52-f78f46a8e9b1.webp","width":1169,"height":565},{"@type":"BreadcrumbList","@id":"https:\/\/veritasinfo.org\/?p=38228#breadcrumb","itemListElement":[{"@type":"ListItem","position":1,"name":"Home","item":"https:\/\/veritasinfo.org\/"},{"@type":"ListItem","position":2,"name":"Pacolli p\u00ebr gjendjen e r\u00ebnd\u00eb t\u00eb mjedisit: Synojm\u00eb t\u00eb inspektojm\u00eb me dron\u00eb"}]},{"@type":"WebSite","@id":"https:\/\/veritasinfo.org\/#website","url":"https:\/\/veritasinfo.org\/","name":"","description":"","potentialAction":[{"@type":"SearchAction","target":{"@type":"EntryPoint","urlTemplate":"https:\/\/veritasinfo.org\/?s={search_term_string}"},"query-input":{"@type":"PropertyValueSpecification","valueRequired":true,"valueName":"search_term_string"}}],"inLanguage":"en-US"},{"@type":"Person","@id":"https:\/\/veritasinfo.org\/#\/schema\/person\/fe199eede04c3937362892b7444747cc","name":"US6","image":{"@type":"ImageObject","inLanguage":"en-US","@id":"https:\/\/veritasinfo.org\/#\/schema\/person\/image\/","url":"https:\/\/secure.gravatar.com\/avatar\/cb16c3c31c9d23b9b8c705964598220b3014e42ff51eb540ff23cefa3ae8c15f?s=96&d=mm&r=g","contentUrl":"https:\/\/secure.gravatar.com\/avatar\/cb16c3c31c9d23b9b8c705964598220b3014e42ff51eb540ff23cefa3ae8c15f?s=96&d=mm&r=g","caption":"US6"},"url":"https:\/\/veritasinfo.org\/?author=7"}]}},"featured_image_urls":{"full":["https:\/\/veritasinfo.org\/wp-content\/uploads\/2026\/03\/b67fb770-c3cb-4759-9c52-f78f46a8e9b1.webp",1169,565,false],"thumbnail":["https:\/\/veritasinfo.org\/wp-content\/uploads\/2026\/03\/b67fb770-c3cb-4759-9c52-f78f46a8e9b1-150x150.webp",150,150,true],"medium":["https:\/\/veritasinfo.org\/wp-content\/uploads\/2026\/03\/b67fb770-c3cb-4759-9c52-f78f46a8e9b1-300x145.webp",300,145,true],"medium_large":["https:\/\/veritasinfo.org\/wp-content\/uploads\/2026\/03\/b67fb770-c3cb-4759-9c52-f78f46a8e9b1-768x371.webp",640,309,true],"large":["https:\/\/veritasinfo.org\/wp-content\/uploads\/2026\/03\/b67fb770-c3cb-4759-9c52-f78f46a8e9b1-1024x495.webp",640,309,true],"1536x1536":["https:\/\/veritasinfo.org\/wp-content\/uploads\/2026\/03\/b67fb770-c3cb-4759-9c52-f78f46a8e9b1.webp",1169,565,false],"2048x2048":["https:\/\/veritasinfo.org\/wp-content\/uploads\/2026\/03\/b67fb770-c3cb-4759-9c52-f78f46a8e9b1.webp",1169,565,false],"kreeti-slider-full":["https:\/\/veritasinfo.org\/wp-content\/uploads\/2026\/03\/b67fb770-c3cb-4759-9c52-f78f46a8e9b1.webp",1169,565,false],"kreeti-featured":["https:\/\/veritasinfo.org\/wp-content\/uploads\/2026\/03\/b67fb770-c3cb-4759-9c52-f78f46a8e9b1.webp",1024,495,false],"kreeti-medium":["https:\/\/veritasinfo.org\/wp-content\/uploads\/2026\/03\/b67fb770-c3cb-4759-9c52-f78f46a8e9b1.webp",720,348,false],"kreeti-medium-square":["https:\/\/veritasinfo.org\/wp-content\/uploads\/2026\/03\/b67fb770-c3cb-4759-9c52-f78f46a8e9b1.webp",350,169,false]},"author_info":{"info":["US6"]},"category_info":"<a href=\"https:\/\/veritasinfo.org\/?cat=60\" rel=\"category\">Shoq\u00ebrore<\/a>","tag_info":"Shoq\u00ebrore","comment_count":"0","_links":{"self":[{"href":"https:\/\/veritasinfo.org\/index.php?rest_route=\/wp\/v2\/posts\/38228","targetHints":{"allow":["GET"]}}],"collection":[{"href":"https:\/\/veritasinfo.org\/index.php?rest_route=\/wp\/v2\/posts"}],"about":[{"href":"https:\/\/veritasinfo.org\/index.php?rest_route=\/wp\/v2\/types\/post"}],"author":[{"embeddable":true,"href":"https:\/\/veritasinfo.org\/index.php?rest_route=\/wp\/v2\/users\/7"}],"replies":[{"embeddable":true,"href":"https:\/\/veritasinfo.org\/index.php?rest_route=%2Fwp%2Fv2%2Fcomments&post=38228"}],"version-history":[{"count":1,"href":"https:\/\/veritasinfo.org\/index.php?rest_route=\/wp\/v2\/posts\/38228\/revisions"}],"predecessor-version":[{"id":38230,"href":"https:\/\/veritasinfo.org\/index.php?rest_route=\/wp\/v2\/posts\/38228\/revisions\/38230"}],"wp:featuredmedia":[{"embeddable":true,"href":"https:\/\/veritasinfo.org\/index.php?rest_route=\/wp\/v2\/media\/38229"}],"wp:attachment":[{"href":"https:\/\/veritasinfo.org\/index.php?rest_route=%2Fwp%2Fv2%2Fmedia&parent=38228"}],"wp:term":[{"taxonomy":"category","embeddable":true,"href":"https:\/\/veritasinfo.org\/index.php?rest_route=%2Fwp%2Fv2%2Fcategories&post=38228"},{"taxonomy":"post_tag","embeddable":true,"href":"https:\/\/veritasinfo.org\/index.php?rest_route=%2Fwp%2Fv2%2Ftags&post=38228"}],"curies":[{"name":"wp","href":"https:\/\/api.w.org\/{rel}","templated":true}]}}