{"id":38217,"date":"2026-03-17T15:55:45","date_gmt":"2026-03-17T14:55:45","guid":{"rendered":"https:\/\/veritasinfo.org\/?p=38217"},"modified":"2026-03-17T15:55:45","modified_gmt":"2026-03-17T14:55:45","slug":"ish-police-te-mup-it-serb-ne-ceremonine-e-organizuar-nga-komuna-e-mitrovices-se-veriut","status":"publish","type":"post","link":"https:\/\/veritasinfo.org\/?p=38217","title":{"rendered":"Ish-polic\u00eb t\u00eb MUP-it serb n\u00eb ceremonin\u00eb e organizuar nga Komuna e Mitrovic\u00ebs s\u00eb Veriut"},"content":{"rendered":"<p>Mitrovic\u00eb, 17 mars 2026 15:55<\/p>\n<p>N\u00eb p\u00ebrvjetorin e ngjarjeve t\u00eb 17 marsit 2004, n\u00eb veri t\u00eb Mitrovic\u00ebs jan\u00eb mbajtur homazhe pran\u00eb monumentit t\u00eb ashtuquajtur \u201cEngj\u00eblli i Bardh\u00eb\u201d, af\u00ebr ur\u00ebs mbi lumin Ib\u00ebr.<\/p>\n<p>Ceremonia \u00ebsht\u00eb organizuar nga Komuna e Mitrovic\u00ebs s\u00eb Veriut dhe ka mbledhur qytetar\u00eb serb\u00eb, p\u00ebrfaq\u00ebsues t\u00eb udh\u00ebheqjes komunale si dhe t\u00eb List\u00ebs Serbe.<\/p>\n<p>E, burime t\u00eb KosovaPress-it kan\u00eb b\u00ebr\u00eb t\u00eb ditur se n\u00eb k\u00ebt\u00eb ceremoni p\u00ebrkujtimore kan\u00eb qen\u00eb pjes\u00ebmarr\u00ebs edhe ish-pjes\u00ebtar\u00eb t\u00eb strukturave t\u00eb siguris\u00eb serbe, MUP.<\/p>\n<p>N\u00eb mesin e pjes\u00ebmarr\u00ebsve jan\u00eb v\u00ebrejtur edhe disa ish-pjes\u00ebtar\u00eb t\u00eb Policis\u00eb s\u00eb Kosov\u00ebs, t\u00eb cil\u00ebt kan\u00eb dh\u00ebn\u00eb dor\u00ebheqje nga pozitat e tyre n\u00eb vitin 2022.<\/p>\n<p>Z\u00ebvend\u00ebsdrejtori i Drejtoris\u00eb Rajonale t\u00eb Policis\u00eb p\u00ebr Veri, Veton Elshani, ka konfirmuar p\u00ebr KosovaPress pranin\u00eb e tyre n\u00eb k\u00ebt\u00eb aktivitet.<\/p>\n<p>\u201cIsh-koleg\u00ebt tan\u00eb n\u00eb Policin\u00eb e Kosov\u00ebs kan\u00eb punuar deri kur kan\u00eb dh\u00ebn\u00eb dor\u00ebheqje nga pozitat e tyre n\u00eb vitin 2022. Disa kan\u00eb qen\u00eb edhe n\u00eb pozita udh\u00ebheq\u00ebse, si komandant statcioni dhe shef i operativ\u00ebs. N\u00eb mesin e rreth 60-70 personave q\u00eb kan\u00eb marr\u00eb pjes\u00eb aty, 3 ose 4 prej tyre kan\u00eb qen\u00eb ish-koleg\u00eb tan\u00eb\u201d, ka deklaruar Elshani.<\/p>\n<p>&nbsp;<\/p>\n<p>Ndryshe, sot jan\u00eb b\u00ebr\u00eb 22 vjet q\u00eb nga trazirat e 17 marsit 2004, kur qytetar\u00ebt u revoltuan pas mbytjes s\u00eb tre f\u00ebmij\u00ebve shqiptar\u00eb n\u00eb lumin Ib\u00ebr, n\u00eb fshatin Qab\u00ebr t\u00eb Zubin Potokut. Nj\u00eb i kat\u00ebrt q\u00eb pati shp\u00ebtuar, sipas familjar\u00ebve kishte treguar se ata ishin ndjekur me qen nga fqinjt\u00eb serb\u00ebt n\u00eb an\u00ebn tjet\u00ebr t\u00eb lumit. Kjo pati ngjallur reagime t\u00eb ashpra tek qytetar\u00ebt shqiptar\u00eb, t\u00eb cil\u00ebt m\u00eb 17 mars nis\u00ebn protestat thuajse n\u00eb t\u00eb gjith\u00eb Kosov\u00ebn, q\u00eb m\u00eb pas eskaluan n\u00eb dhun\u00eb. N\u00eb raportin e Sekretarit t\u00eb P\u00ebrgjithsh\u00ebm t\u00eb Misionit t\u00eb Administrat\u00ebs s\u00eb P\u00ebrkohshme t\u00eb Kombeve t\u00eb Bashkuara n\u00eb Kosov\u00eb (UNMIK) t\u00eb botuar m\u00eb 30 prill 2004, theksohej se n\u00eb ato protesta humb\u00ebn jet\u00ebn 19 persona, nga t\u00eb cil\u00ebt 11 ishin shqiptar\u00eb t\u00eb Kosov\u00ebs dhe 8 ishin serb\u00eb t\u00eb Kosov\u00ebs, derisa, 954 persona t\u00eb tjer\u00eb u plagos\u00ebn gjat\u00eb p\u00ebrleshjeve.<\/p>\n","protected":false},"excerpt":{"rendered":"<p>Mitrovic\u00eb, 17 mars 2026 15:55 N\u00eb p\u00ebrvjetorin e ngjarjeve t\u00eb 17 marsit 2004, n\u00eb veri t\u00eb Mitrovic\u00ebs jan\u00eb mbajtur homazhe pran\u00eb monumentit t\u00eb ashtuquajtur \u201cEngj\u00eblli<\/p>\n","protected":false},"author":7,"featured_media":38218,"comment_status":"open","ping_status":"open","sticky":false,"template":"","format":"standard","meta":{"footnotes":""},"categories":[60],"tags":[],"class_list":["post-38217","post","type-post","status-publish","format-standard","has-post-thumbnail","hentry","category-shoqerore-sq"],"yoast_head":"<!-- This site is optimized with the Yoast SEO plugin v25.3.1 - https:\/\/yoast.com\/wordpress\/plugins\/seo\/ -->\n<title>Ish-polic\u00eb t\u00eb MUP-it serb n\u00eb ceremonin\u00eb e organizuar nga Komuna e Mitrovic\u00ebs s\u00eb Veriut -<\/title>\n<meta name=\"robots\" content=\"index, follow, max-snippet:-1, max-image-preview:large, max-video-preview:-1\" \/>\n<link rel=\"canonical\" href=\"https:\/\/veritasinfo.org\/?p=38217\" \/>\n<meta property=\"og:locale\" content=\"en_US\" \/>\n<meta property=\"og:type\" content=\"article\" \/>\n<meta property=\"og:title\" content=\"Ish-polic\u00eb t\u00eb MUP-it serb n\u00eb ceremonin\u00eb e organizuar nga Komuna e Mitrovic\u00ebs s\u00eb Veriut -\" \/>\n<meta property=\"og:description\" content=\"Mitrovic\u00eb, 17 mars 2026 15:55 N\u00eb p\u00ebrvjetorin e ngjarjeve t\u00eb 17 marsit 2004, n\u00eb veri t\u00eb Mitrovic\u00ebs jan\u00eb mbajtur homazhe pran\u00eb monumentit t\u00eb ashtuquajtur \u201cEngj\u00eblli\" \/>\n<meta property=\"og:url\" content=\"https:\/\/veritasinfo.org\/?p=38217\" \/>\n<meta property=\"article:published_time\" content=\"2026-03-17T14:55:45+00:00\" \/>\n<meta property=\"og:image\" content=\"https:\/\/veritasinfo.org\/wp-content\/uploads\/2026\/03\/Capture-129.jpg\" \/>\n\t<meta property=\"og:image:width\" content=\"756\" \/>\n\t<meta property=\"og:image:height\" content=\"576\" \/>\n\t<meta property=\"og:image:type\" content=\"image\/jpeg\" \/>\n<meta name=\"author\" content=\"US6\" \/>\n<meta name=\"twitter:card\" content=\"summary_large_image\" \/>\n<meta name=\"twitter:label1\" content=\"Written by\" \/>\n\t<meta name=\"twitter:data1\" content=\"US6\" \/>\n\t<meta name=\"twitter:label2\" content=\"Est. reading time\" \/>\n\t<meta name=\"twitter:data2\" content=\"2 minutes\" \/>\n<script type=\"application\/ld+json\" class=\"yoast-schema-graph\">{\"@context\":\"https:\/\/schema.org\",\"@graph\":[{\"@type\":\"WebPage\",\"@id\":\"https:\/\/veritasinfo.org\/?p=38217\",\"url\":\"https:\/\/veritasinfo.org\/?p=38217\",\"name\":\"Ish-polic\u00eb t\u00eb MUP-it serb n\u00eb ceremonin\u00eb e organizuar nga Komuna e Mitrovic\u00ebs s\u00eb Veriut -\",\"isPartOf\":{\"@id\":\"https:\/\/veritasinfo.org\/#website\"},\"primaryImageOfPage\":{\"@id\":\"https:\/\/veritasinfo.org\/?p=38217#primaryimage\"},\"image\":{\"@id\":\"https:\/\/veritasinfo.org\/?p=38217#primaryimage\"},\"thumbnailUrl\":\"https:\/\/veritasinfo.org\/wp-content\/uploads\/2026\/03\/Capture-129.jpg\",\"datePublished\":\"2026-03-17T14:55:45+00:00\",\"author\":{\"@id\":\"https:\/\/veritasinfo.org\/#\/schema\/person\/fe199eede04c3937362892b7444747cc\"},\"breadcrumb\":{\"@id\":\"https:\/\/veritasinfo.org\/?p=38217#breadcrumb\"},\"inLanguage\":\"en-US\",\"potentialAction\":[{\"@type\":\"ReadAction\",\"target\":[\"https:\/\/veritasinfo.org\/?p=38217\"]}]},{\"@type\":\"ImageObject\",\"inLanguage\":\"en-US\",\"@id\":\"https:\/\/veritasinfo.org\/?p=38217#primaryimage\",\"url\":\"https:\/\/veritasinfo.org\/wp-content\/uploads\/2026\/03\/Capture-129.jpg\",\"contentUrl\":\"https:\/\/veritasinfo.org\/wp-content\/uploads\/2026\/03\/Capture-129.jpg\",\"width\":756,\"height\":576},{\"@type\":\"BreadcrumbList\",\"@id\":\"https:\/\/veritasinfo.org\/?p=38217#breadcrumb\",\"itemListElement\":[{\"@type\":\"ListItem\",\"position\":1,\"name\":\"Home\",\"item\":\"https:\/\/veritasinfo.org\/\"},{\"@type\":\"ListItem\",\"position\":2,\"name\":\"Ish-polic\u00eb t\u00eb MUP-it serb n\u00eb ceremonin\u00eb e organizuar nga Komuna e Mitrovic\u00ebs s\u00eb Veriut\"}]},{\"@type\":\"WebSite\",\"@id\":\"https:\/\/veritasinfo.org\/#website\",\"url\":\"https:\/\/veritasinfo.org\/\",\"name\":\"\",\"description\":\"\",\"potentialAction\":[{\"@type\":\"SearchAction\",\"target\":{\"@type\":\"EntryPoint\",\"urlTemplate\":\"https:\/\/veritasinfo.org\/?s={search_term_string}\"},\"query-input\":{\"@type\":\"PropertyValueSpecification\",\"valueRequired\":true,\"valueName\":\"search_term_string\"}}],\"inLanguage\":\"en-US\"},{\"@type\":\"Person\",\"@id\":\"https:\/\/veritasinfo.org\/#\/schema\/person\/fe199eede04c3937362892b7444747cc\",\"name\":\"US6\",\"image\":{\"@type\":\"ImageObject\",\"inLanguage\":\"en-US\",\"@id\":\"https:\/\/veritasinfo.org\/#\/schema\/person\/image\/\",\"url\":\"https:\/\/secure.gravatar.com\/avatar\/cb16c3c31c9d23b9b8c705964598220b3014e42ff51eb540ff23cefa3ae8c15f?s=96&d=mm&r=g\",\"contentUrl\":\"https:\/\/secure.gravatar.com\/avatar\/cb16c3c31c9d23b9b8c705964598220b3014e42ff51eb540ff23cefa3ae8c15f?s=96&d=mm&r=g\",\"caption\":\"US6\"},\"url\":\"https:\/\/veritasinfo.org\/?author=7\"}]}<\/script>\n<!-- \/ Yoast SEO plugin. -->","yoast_head_json":{"title":"Ish-polic\u00eb t\u00eb MUP-it serb n\u00eb ceremonin\u00eb e organizuar nga Komuna e Mitrovic\u00ebs s\u00eb Veriut -","robots":{"index":"index","follow":"follow","max-snippet":"max-snippet:-1","max-image-preview":"max-image-preview:large","max-video-preview":"max-video-preview:-1"},"canonical":"https:\/\/veritasinfo.org\/?p=38217","og_locale":"en_US","og_type":"article","og_title":"Ish-polic\u00eb t\u00eb MUP-it serb n\u00eb ceremonin\u00eb e organizuar nga Komuna e Mitrovic\u00ebs s\u00eb Veriut -","og_description":"Mitrovic\u00eb, 17 mars 2026 15:55 N\u00eb p\u00ebrvjetorin e ngjarjeve t\u00eb 17 marsit 2004, n\u00eb veri t\u00eb Mitrovic\u00ebs jan\u00eb mbajtur homazhe pran\u00eb monumentit t\u00eb ashtuquajtur \u201cEngj\u00eblli","og_url":"https:\/\/veritasinfo.org\/?p=38217","article_published_time":"2026-03-17T14:55:45+00:00","og_image":[{"width":756,"height":576,"url":"https:\/\/veritasinfo.org\/wp-content\/uploads\/2026\/03\/Capture-129.jpg","type":"image\/jpeg"}],"author":"US6","twitter_card":"summary_large_image","twitter_misc":{"Written by":"US6","Est. reading time":"2 minutes"},"schema":{"@context":"https:\/\/schema.org","@graph":[{"@type":"WebPage","@id":"https:\/\/veritasinfo.org\/?p=38217","url":"https:\/\/veritasinfo.org\/?p=38217","name":"Ish-polic\u00eb t\u00eb MUP-it serb n\u00eb ceremonin\u00eb e organizuar nga Komuna e Mitrovic\u00ebs s\u00eb Veriut -","isPartOf":{"@id":"https:\/\/veritasinfo.org\/#website"},"primaryImageOfPage":{"@id":"https:\/\/veritasinfo.org\/?p=38217#primaryimage"},"image":{"@id":"https:\/\/veritasinfo.org\/?p=38217#primaryimage"},"thumbnailUrl":"https:\/\/veritasinfo.org\/wp-content\/uploads\/2026\/03\/Capture-129.jpg","datePublished":"2026-03-17T14:55:45+00:00","author":{"@id":"https:\/\/veritasinfo.org\/#\/schema\/person\/fe199eede04c3937362892b7444747cc"},"breadcrumb":{"@id":"https:\/\/veritasinfo.org\/?p=38217#breadcrumb"},"inLanguage":"en-US","potentialAction":[{"@type":"ReadAction","target":["https:\/\/veritasinfo.org\/?p=38217"]}]},{"@type":"ImageObject","inLanguage":"en-US","@id":"https:\/\/veritasinfo.org\/?p=38217#primaryimage","url":"https:\/\/veritasinfo.org\/wp-content\/uploads\/2026\/03\/Capture-129.jpg","contentUrl":"https:\/\/veritasinfo.org\/wp-content\/uploads\/2026\/03\/Capture-129.jpg","width":756,"height":576},{"@type":"BreadcrumbList","@id":"https:\/\/veritasinfo.org\/?p=38217#breadcrumb","itemListElement":[{"@type":"ListItem","position":1,"name":"Home","item":"https:\/\/veritasinfo.org\/"},{"@type":"ListItem","position":2,"name":"Ish-polic\u00eb t\u00eb MUP-it serb n\u00eb ceremonin\u00eb e organizuar nga Komuna e Mitrovic\u00ebs s\u00eb Veriut"}]},{"@type":"WebSite","@id":"https:\/\/veritasinfo.org\/#website","url":"https:\/\/veritasinfo.org\/","name":"","description":"","potentialAction":[{"@type":"SearchAction","target":{"@type":"EntryPoint","urlTemplate":"https:\/\/veritasinfo.org\/?s={search_term_string}"},"query-input":{"@type":"PropertyValueSpecification","valueRequired":true,"valueName":"search_term_string"}}],"inLanguage":"en-US"},{"@type":"Person","@id":"https:\/\/veritasinfo.org\/#\/schema\/person\/fe199eede04c3937362892b7444747cc","name":"US6","image":{"@type":"ImageObject","inLanguage":"en-US","@id":"https:\/\/veritasinfo.org\/#\/schema\/person\/image\/","url":"https:\/\/secure.gravatar.com\/avatar\/cb16c3c31c9d23b9b8c705964598220b3014e42ff51eb540ff23cefa3ae8c15f?s=96&d=mm&r=g","contentUrl":"https:\/\/secure.gravatar.com\/avatar\/cb16c3c31c9d23b9b8c705964598220b3014e42ff51eb540ff23cefa3ae8c15f?s=96&d=mm&r=g","caption":"US6"},"url":"https:\/\/veritasinfo.org\/?author=7"}]}},"featured_image_urls":{"full":["https:\/\/veritasinfo.org\/wp-content\/uploads\/2026\/03\/Capture-129.jpg",756,576,false],"thumbnail":["https:\/\/veritasinfo.org\/wp-content\/uploads\/2026\/03\/Capture-129-150x150.jpg",150,150,true],"medium":["https:\/\/veritasinfo.org\/wp-content\/uploads\/2026\/03\/Capture-129-300x229.jpg",300,229,true],"medium_large":["https:\/\/veritasinfo.org\/wp-content\/uploads\/2026\/03\/Capture-129.jpg",640,488,false],"large":["https:\/\/veritasinfo.org\/wp-content\/uploads\/2026\/03\/Capture-129.jpg",640,488,false],"1536x1536":["https:\/\/veritasinfo.org\/wp-content\/uploads\/2026\/03\/Capture-129.jpg",756,576,false],"2048x2048":["https:\/\/veritasinfo.org\/wp-content\/uploads\/2026\/03\/Capture-129.jpg",756,576,false],"kreeti-slider-full":["https:\/\/veritasinfo.org\/wp-content\/uploads\/2026\/03\/Capture-129.jpg",756,576,false],"kreeti-featured":["https:\/\/veritasinfo.org\/wp-content\/uploads\/2026\/03\/Capture-129.jpg",756,576,false],"kreeti-medium":["https:\/\/veritasinfo.org\/wp-content\/uploads\/2026\/03\/Capture-129.jpg",696,530,false],"kreeti-medium-square":["https:\/\/veritasinfo.org\/wp-content\/uploads\/2026\/03\/Capture-129.jpg",350,267,false]},"author_info":{"info":["US6"]},"category_info":"<a href=\"https:\/\/veritasinfo.org\/?cat=60\" rel=\"category\">Shoq\u00ebrore<\/a>","tag_info":"Shoq\u00ebrore","comment_count":"0","_links":{"self":[{"href":"https:\/\/veritasinfo.org\/index.php?rest_route=\/wp\/v2\/posts\/38217","targetHints":{"allow":["GET"]}}],"collection":[{"href":"https:\/\/veritasinfo.org\/index.php?rest_route=\/wp\/v2\/posts"}],"about":[{"href":"https:\/\/veritasinfo.org\/index.php?rest_route=\/wp\/v2\/types\/post"}],"author":[{"embeddable":true,"href":"https:\/\/veritasinfo.org\/index.php?rest_route=\/wp\/v2\/users\/7"}],"replies":[{"embeddable":true,"href":"https:\/\/veritasinfo.org\/index.php?rest_route=%2Fwp%2Fv2%2Fcomments&post=38217"}],"version-history":[{"count":1,"href":"https:\/\/veritasinfo.org\/index.php?rest_route=\/wp\/v2\/posts\/38217\/revisions"}],"predecessor-version":[{"id":38219,"href":"https:\/\/veritasinfo.org\/index.php?rest_route=\/wp\/v2\/posts\/38217\/revisions\/38219"}],"wp:featuredmedia":[{"embeddable":true,"href":"https:\/\/veritasinfo.org\/index.php?rest_route=\/wp\/v2\/media\/38218"}],"wp:attachment":[{"href":"https:\/\/veritasinfo.org\/index.php?rest_route=%2Fwp%2Fv2%2Fmedia&parent=38217"}],"wp:term":[{"taxonomy":"category","embeddable":true,"href":"https:\/\/veritasinfo.org\/index.php?rest_route=%2Fwp%2Fv2%2Fcategories&post=38217"},{"taxonomy":"post_tag","embeddable":true,"href":"https:\/\/veritasinfo.org\/index.php?rest_route=%2Fwp%2Fv2%2Ftags&post=38217"}],"curies":[{"name":"wp","href":"https:\/\/api.w.org\/{rel}","templated":true}]}}