{"id":38209,"date":"2026-03-17T14:02:43","date_gmt":"2026-03-17T13:02:43","guid":{"rendered":"https:\/\/veritasinfo.org\/?p=38209"},"modified":"2026-03-17T14:02:43","modified_gmt":"2026-03-17T13:02:43","slug":"albanija-proglasava-iran-drzavnim-sponzorom-terorizma","status":"publish","type":"post","link":"https:\/\/veritasinfo.org\/?p=38209&lang=sr","title":{"rendered":"Albanija progla\u0161ava Iran dr\u017eavnim sponzorom terorizma"},"content":{"rendered":"<p>Tirana, 17. mart 2026. 13:58<\/p>\n<p>Albanski parlament je usvojio rezoluciju kojom se Iran progla\u0161ava dr\u017eavnim sponzorom terorizma.<\/p>\n<p>Rezolucija je usvojena sa 79 glasova za, 1 uzdr\u017eanim i nijednim protiv.<\/p>\n<p>Rezolucija je usvojena bez prisustva poslanika opozicije, koji su dan ranije najavili da nec\u0301e u\u010destvovati na sednici.<\/p>\n<p>&nbsp;<\/p>\n<p>Opozicija je tvrdila da je sednica sazvana bez odobrenog dnevnog reda i da je sastanak bio \u201eli\u010dni dnevni red premijera Edija Rame\u201c.\/TopChannel<\/p>\n<p>&nbsp;<\/p>\n<p>Nacrt rezolucije:<\/p>\n<p>&nbsp;<\/p>\n<p>Rezolucija o progla\u0161enju Islamske Republike Iran dr\u017eavnim sponzorom terorizma i dr\u017eavom koja koristi teroristi\u010dka sredstva.<\/p>\n<p>&nbsp;<\/p>\n<p>Albanski parlament, s obzirom na to da je Republika Albanija \u010dvrsto posvec\u0301ena principima Povelje Ujedinjenih nacija, me\u0111unarodnom pravu i za\u0161titi me\u0111unarodnog mira i bezbednosti;<\/p>\n<p>&nbsp;<\/p>\n<p>s obzirom na to da terorizam u svim svojim oblicima i manifestacijama predstavlja jednu od najozbiljnijih pretnji me\u0111unarodnom miru, bezbednosti i demokratskim dru\u0161tvima;<\/p>\n<p>&nbsp;<\/p>\n<p>Buduc\u0301i da su verodostojni izve\u0161taji i me\u0111unarodne procene vi\u0161e puta dokumentovali u\u010de\u0161c\u0301e vlasti Islamske Republike Iran u finansiranju, obuci, naoru\u017eavanju i vo\u0111enju nedr\u017eavnih oru\u017eanih grupa i organizacija ozna\u010denih kao teroristi\u010dki entiteti u nekoliko regiona;<\/p>\n<p>&nbsp;<\/p>\n<p>Buduc\u0301i da je Islamska Republika Iran, preko svojih dr\u017eavnih institucija, uklju\u010dujuc\u0301i Korpus islamske revolucionarne garde (IRGC) i njemu pridru\u017eene strukture, podr\u017eavala i koordinirala aktivnosti koje destabilizuju zemlje na Bliskom istoku i \u0161ire;<\/p>\n<p>&nbsp;<\/p>\n<p>Buduc\u0301i da je i sama Republika Albanija bila predmet neprijateljskih akcija u sajber prostoru, uklju\u010dujuc\u0301i te\u0161ki sajber napad na albanske dr\u017eavne institucije 2022. godine, koji se pripisuje strukturama povezanim sa Islamskom Republikom Iran, kao i nedavne poku\u0161aje sajber napada na sisteme albanskog parlamenta;<\/p>\n<p>&nbsp;<\/p>\n<p>Buduc\u0301i da akti nasilja i agresije, uklju\u010dujuc\u0301i sajber napade na dr\u017eavne institucije, kriti\u010dnu infrastrukturu i suverene dr\u017eave, predstavljaju kr\u0161enja me\u0111unarodnog prava i mogu predstavljati oblike terorizma;<\/p>\n<p>&nbsp;<\/p>\n<p>Buduc\u0301i da je sistematska upotreba zastra\u0161ivanja, naoru\u017eanih posredni\u010dkih grupa i hibridnih sredstava za \u0161irenje straha i destabilizaciju nespojiva sa normama mirnih me\u0111unarodnih odnosa;<\/p>\n<p>Buduc\u0301i da Republika Albanija, kao \u010dlanica NATO-a i zemlja kandidat za \u010dlanstvo u Evropskoj uniji, u temelju svoje spoljne i bezbednosne politike ima principe demokratske solidarnosti, vladavine prava i za\u0161tite me\u0111unarodnog mira i stabilnosti;<\/p>\n<p>&nbsp;<\/p>\n<p>Buduc\u0301i da albanski narod i institucije ostaju posvec\u0301eni borbi protiv terorizma u svim njegovim oblicima i pozivanju na odgovornost onih koji sponzori\u0161u ili izvr\u0161avaju teroristi\u010dke akte;<\/p>\n<p>&nbsp;<\/p>\n<p>Skup\u0161tina Albanije:<\/p>\n<p>&nbsp;<\/p>\n<p>1. Najo\u0161trije osu\u0111uje postupke Vlade Islamske Republike Iran koje podr\u017eavaju, omoguc\u0301avaju ili izvr\u0161avaju teroristi\u010dke akte, hibridne operacije i destabilizujuc\u0301e aktivnosti u razli\u010ditim regionima sveta i izra\u017eava punu solidarnost sa prijateljskim zemljama Persijskog zaliva i Turskom, koje su bile meta teroristi\u010dkih aktivnosti koje sponzori\u0161e Vlada Islamske Republike Iran.<\/p>\n<p>&nbsp;<\/p>\n<p>2. Tako\u0111e osu\u0111uje sajber napade izvr\u0161ene na institucije Republike Albanije, uklju\u010dujuc\u0301i napad na dr\u017eavnu infrastrukturu 2022. godine i nedavne poku\u0161aje me\u0161anja u sisteme albanskog parlamenta.<\/p>\n<p>&nbsp;<\/p>\n<p>3. Progla\u0161ava Islamsku Republiku Iran dr\u017eavom sponzorom terorizma i dr\u017eavom koja koristi teroristi\u010dka sredstva u ostvarivanju svojih spoljnopoliti\u010dkih ciljeva.<\/p>\n<p>&nbsp;<\/p>\n<p>4. Osu\u0111uje aktivnosti Korpusa islamske revolucionarne garde (IRGK) i njemu pridru\u017eenih entiteta zbog njihove uloge u podr\u017eavanju teroristi\u010dkih organizacija, posredni\u010dkih snaga i destabilizujuc\u0301ih operacija.<\/p>\n<p>&nbsp;<\/p>\n<p>5. Poziva Vladu Republike Albanije da:<\/p>\n<p>&nbsp;<\/p>\n<p>\u2013 oja\u010da nacionalne i me\u0111unarodne mere za borbu protiv dr\u017eavno sponzorisanog terorizma i sajber pretnji;<\/p>\n<p>&nbsp;<\/p>\n<p>\u2013 tesno sara\u0111uje sa savezni\u010dkim i partnerskim zemljama u spre\u010davanju i borbi protiv finansiranja terorizma i aktivnosti povezanih sa iranskim dr\u017eavnim strukturama;<\/p>\n<p>&nbsp;<\/p>\n<p>\u2013 podr\u017ei inicijative u me\u0111unarodnim organizacijama usmerene na odgovornost za teroristi\u010dke akte, sajber napade i kr\u0161enje me\u0111unarodnog prava.<\/p>\n<p>&nbsp;<\/p>\n<p>\u2013 odmah ozna\u010di Korpus islamske revolucionarne garde (IRGK) kao teroristi\u010dku organizaciju,<\/p>\n<p>&nbsp;<\/p>\n<p>\u2013 tako\u0111e ozna\u010di Hezbolah kao posredni\u010dku teroristi\u010dku organizaciju Islamske Republike Iran, pridru\u017eiv\u0161i se Sjedinjenim Ameri\u010dkim Dr\u017eavama, Nema\u010dkoj, Holandiji i brojnim dr\u017eavama \u010dlanicama EU i drugim zemljama koje su ranije preuzele ovu oznaku.<\/p>\n<p>&nbsp;<\/p>\n<p>6. Pozivi demokratskim zemljama, me\u0111unarodnim organizacijama<\/p>\n","protected":false},"excerpt":{"rendered":"<p>Tirana, 17. mart 2026. 13:58 Albanski parlament je usvojio rezoluciju kojom se Iran progla\u0161ava dr\u017eavnim sponzorom terorizma. Rezolucija je usvojena sa 79 glasova za, 1<\/p>\n","protected":false},"author":7,"featured_media":38207,"comment_status":"open","ping_status":"open","sticky":false,"template":"","format":"standard","meta":{"footnotes":""},"categories":[28],"tags":[],"class_list":["post-38209","post","type-post","status-publish","format-standard","has-post-thumbnail","hentry","category-politika"],"yoast_head":"<!-- This site is optimized with the Yoast SEO plugin v25.3.1 - https:\/\/yoast.com\/wordpress\/plugins\/seo\/ -->\n<title>Albanija progla\u0161ava Iran dr\u017eavnim sponzorom terorizma -<\/title>\n<meta name=\"robots\" content=\"index, follow, max-snippet:-1, max-image-preview:large, max-video-preview:-1\" \/>\n<link rel=\"canonical\" href=\"https:\/\/veritasinfo.org\/?p=38209&lang=sr\" \/>\n<meta property=\"og:locale\" content=\"en_US\" \/>\n<meta property=\"og:type\" content=\"article\" \/>\n<meta property=\"og:title\" content=\"Albanija progla\u0161ava Iran dr\u017eavnim sponzorom terorizma -\" \/>\n<meta property=\"og:description\" content=\"Tirana, 17. mart 2026. 13:58 Albanski parlament je usvojio rezoluciju kojom se Iran progla\u0161ava dr\u017eavnim sponzorom terorizma. Rezolucija je usvojena sa 79 glasova za, 1\" \/>\n<meta property=\"og:url\" content=\"https:\/\/veritasinfo.org\/?p=38209&amp;lang=sr\" \/>\n<meta property=\"article:published_time\" content=\"2026-03-17T13:02:43+00:00\" \/>\n<meta property=\"og:image\" content=\"https:\/\/veritasinfo.org\/wp-content\/uploads\/2026\/03\/Parlamenti-shqiptar.jpg\" \/>\n\t<meta property=\"og:image:width\" content=\"640\" \/>\n\t<meta property=\"og:image:height\" content=\"426\" \/>\n\t<meta property=\"og:image:type\" content=\"image\/jpeg\" \/>\n<meta name=\"author\" content=\"US6\" \/>\n<meta name=\"twitter:card\" content=\"summary_large_image\" \/>\n<meta name=\"twitter:label1\" content=\"Written by\" \/>\n\t<meta name=\"twitter:data1\" content=\"US6\" \/>\n\t<meta name=\"twitter:label2\" content=\"Est. reading time\" \/>\n\t<meta name=\"twitter:data2\" content=\"3 minutes\" \/>\n<script type=\"application\/ld+json\" class=\"yoast-schema-graph\">{\"@context\":\"https:\/\/schema.org\",\"@graph\":[{\"@type\":\"WebPage\",\"@id\":\"https:\/\/veritasinfo.org\/?p=38209&lang=sr\",\"url\":\"https:\/\/veritasinfo.org\/?p=38209&lang=sr\",\"name\":\"Albanija progla\u0161ava Iran dr\u017eavnim sponzorom terorizma -\",\"isPartOf\":{\"@id\":\"https:\/\/veritasinfo.org\/#website\"},\"primaryImageOfPage\":{\"@id\":\"https:\/\/veritasinfo.org\/?p=38209&lang=sr#primaryimage\"},\"image\":{\"@id\":\"https:\/\/veritasinfo.org\/?p=38209&lang=sr#primaryimage\"},\"thumbnailUrl\":\"https:\/\/veritasinfo.org\/wp-content\/uploads\/2026\/03\/Parlamenti-shqiptar.jpg\",\"datePublished\":\"2026-03-17T13:02:43+00:00\",\"author\":{\"@id\":\"https:\/\/veritasinfo.org\/#\/schema\/person\/fe199eede04c3937362892b7444747cc\"},\"breadcrumb\":{\"@id\":\"https:\/\/veritasinfo.org\/?p=38209&lang=sr#breadcrumb\"},\"inLanguage\":\"en-US\",\"potentialAction\":[{\"@type\":\"ReadAction\",\"target\":[\"https:\/\/veritasinfo.org\/?p=38209&lang=sr\"]}]},{\"@type\":\"ImageObject\",\"inLanguage\":\"en-US\",\"@id\":\"https:\/\/veritasinfo.org\/?p=38209&lang=sr#primaryimage\",\"url\":\"https:\/\/veritasinfo.org\/wp-content\/uploads\/2026\/03\/Parlamenti-shqiptar.jpg\",\"contentUrl\":\"https:\/\/veritasinfo.org\/wp-content\/uploads\/2026\/03\/Parlamenti-shqiptar.jpg\",\"width\":640,\"height\":426},{\"@type\":\"BreadcrumbList\",\"@id\":\"https:\/\/veritasinfo.org\/?p=38209&lang=sr#breadcrumb\",\"itemListElement\":[{\"@type\":\"ListItem\",\"position\":1,\"name\":\"Home\",\"item\":\"https:\/\/veritasinfo.org\/\"},{\"@type\":\"ListItem\",\"position\":2,\"name\":\"Albanija progla\u0161ava Iran dr\u017eavnim sponzorom terorizma\"}]},{\"@type\":\"WebSite\",\"@id\":\"https:\/\/veritasinfo.org\/#website\",\"url\":\"https:\/\/veritasinfo.org\/\",\"name\":\"\",\"description\":\"\",\"potentialAction\":[{\"@type\":\"SearchAction\",\"target\":{\"@type\":\"EntryPoint\",\"urlTemplate\":\"https:\/\/veritasinfo.org\/?s={search_term_string}\"},\"query-input\":{\"@type\":\"PropertyValueSpecification\",\"valueRequired\":true,\"valueName\":\"search_term_string\"}}],\"inLanguage\":\"en-US\"},{\"@type\":\"Person\",\"@id\":\"https:\/\/veritasinfo.org\/#\/schema\/person\/fe199eede04c3937362892b7444747cc\",\"name\":\"US6\",\"image\":{\"@type\":\"ImageObject\",\"inLanguage\":\"en-US\",\"@id\":\"https:\/\/veritasinfo.org\/#\/schema\/person\/image\/\",\"url\":\"https:\/\/secure.gravatar.com\/avatar\/cb16c3c31c9d23b9b8c705964598220b3014e42ff51eb540ff23cefa3ae8c15f?s=96&d=mm&r=g\",\"contentUrl\":\"https:\/\/secure.gravatar.com\/avatar\/cb16c3c31c9d23b9b8c705964598220b3014e42ff51eb540ff23cefa3ae8c15f?s=96&d=mm&r=g\",\"caption\":\"US6\"},\"url\":\"https:\/\/veritasinfo.org\/?author=7\"}]}<\/script>\n<!-- \/ Yoast SEO plugin. -->","yoast_head_json":{"title":"Albanija progla\u0161ava Iran dr\u017eavnim sponzorom terorizma -","robots":{"index":"index","follow":"follow","max-snippet":"max-snippet:-1","max-image-preview":"max-image-preview:large","max-video-preview":"max-video-preview:-1"},"canonical":"https:\/\/veritasinfo.org\/?p=38209&lang=sr","og_locale":"en_US","og_type":"article","og_title":"Albanija progla\u0161ava Iran dr\u017eavnim sponzorom terorizma -","og_description":"Tirana, 17. mart 2026. 13:58 Albanski parlament je usvojio rezoluciju kojom se Iran progla\u0161ava dr\u017eavnim sponzorom terorizma. Rezolucija je usvojena sa 79 glasova za, 1","og_url":"https:\/\/veritasinfo.org\/?p=38209&lang=sr","article_published_time":"2026-03-17T13:02:43+00:00","og_image":[{"width":640,"height":426,"url":"https:\/\/veritasinfo.org\/wp-content\/uploads\/2026\/03\/Parlamenti-shqiptar.jpg","type":"image\/jpeg"}],"author":"US6","twitter_card":"summary_large_image","twitter_misc":{"Written by":"US6","Est. reading time":"3 minutes"},"schema":{"@context":"https:\/\/schema.org","@graph":[{"@type":"WebPage","@id":"https:\/\/veritasinfo.org\/?p=38209&lang=sr","url":"https:\/\/veritasinfo.org\/?p=38209&lang=sr","name":"Albanija progla\u0161ava Iran dr\u017eavnim sponzorom terorizma -","isPartOf":{"@id":"https:\/\/veritasinfo.org\/#website"},"primaryImageOfPage":{"@id":"https:\/\/veritasinfo.org\/?p=38209&lang=sr#primaryimage"},"image":{"@id":"https:\/\/veritasinfo.org\/?p=38209&lang=sr#primaryimage"},"thumbnailUrl":"https:\/\/veritasinfo.org\/wp-content\/uploads\/2026\/03\/Parlamenti-shqiptar.jpg","datePublished":"2026-03-17T13:02:43+00:00","author":{"@id":"https:\/\/veritasinfo.org\/#\/schema\/person\/fe199eede04c3937362892b7444747cc"},"breadcrumb":{"@id":"https:\/\/veritasinfo.org\/?p=38209&lang=sr#breadcrumb"},"inLanguage":"en-US","potentialAction":[{"@type":"ReadAction","target":["https:\/\/veritasinfo.org\/?p=38209&lang=sr"]}]},{"@type":"ImageObject","inLanguage":"en-US","@id":"https:\/\/veritasinfo.org\/?p=38209&lang=sr#primaryimage","url":"https:\/\/veritasinfo.org\/wp-content\/uploads\/2026\/03\/Parlamenti-shqiptar.jpg","contentUrl":"https:\/\/veritasinfo.org\/wp-content\/uploads\/2026\/03\/Parlamenti-shqiptar.jpg","width":640,"height":426},{"@type":"BreadcrumbList","@id":"https:\/\/veritasinfo.org\/?p=38209&lang=sr#breadcrumb","itemListElement":[{"@type":"ListItem","position":1,"name":"Home","item":"https:\/\/veritasinfo.org\/"},{"@type":"ListItem","position":2,"name":"Albanija progla\u0161ava Iran dr\u017eavnim sponzorom terorizma"}]},{"@type":"WebSite","@id":"https:\/\/veritasinfo.org\/#website","url":"https:\/\/veritasinfo.org\/","name":"","description":"","potentialAction":[{"@type":"SearchAction","target":{"@type":"EntryPoint","urlTemplate":"https:\/\/veritasinfo.org\/?s={search_term_string}"},"query-input":{"@type":"PropertyValueSpecification","valueRequired":true,"valueName":"search_term_string"}}],"inLanguage":"en-US"},{"@type":"Person","@id":"https:\/\/veritasinfo.org\/#\/schema\/person\/fe199eede04c3937362892b7444747cc","name":"US6","image":{"@type":"ImageObject","inLanguage":"en-US","@id":"https:\/\/veritasinfo.org\/#\/schema\/person\/image\/","url":"https:\/\/secure.gravatar.com\/avatar\/cb16c3c31c9d23b9b8c705964598220b3014e42ff51eb540ff23cefa3ae8c15f?s=96&d=mm&r=g","contentUrl":"https:\/\/secure.gravatar.com\/avatar\/cb16c3c31c9d23b9b8c705964598220b3014e42ff51eb540ff23cefa3ae8c15f?s=96&d=mm&r=g","caption":"US6"},"url":"https:\/\/veritasinfo.org\/?author=7"}]}},"featured_image_urls":{"full":["https:\/\/veritasinfo.org\/wp-content\/uploads\/2026\/03\/Parlamenti-shqiptar.jpg",640,426,false],"thumbnail":["https:\/\/veritasinfo.org\/wp-content\/uploads\/2026\/03\/Parlamenti-shqiptar-150x150.jpg",150,150,true],"medium":["https:\/\/veritasinfo.org\/wp-content\/uploads\/2026\/03\/Parlamenti-shqiptar-300x200.jpg",300,200,true],"medium_large":["https:\/\/veritasinfo.org\/wp-content\/uploads\/2026\/03\/Parlamenti-shqiptar.jpg",640,426,false],"large":["https:\/\/veritasinfo.org\/wp-content\/uploads\/2026\/03\/Parlamenti-shqiptar.jpg",640,426,false],"1536x1536":["https:\/\/veritasinfo.org\/wp-content\/uploads\/2026\/03\/Parlamenti-shqiptar.jpg",640,426,false],"2048x2048":["https:\/\/veritasinfo.org\/wp-content\/uploads\/2026\/03\/Parlamenti-shqiptar.jpg",640,426,false],"kreeti-slider-full":["https:\/\/veritasinfo.org\/wp-content\/uploads\/2026\/03\/Parlamenti-shqiptar.jpg",640,426,false],"kreeti-featured":["https:\/\/veritasinfo.org\/wp-content\/uploads\/2026\/03\/Parlamenti-shqiptar.jpg",640,426,false],"kreeti-medium":["https:\/\/veritasinfo.org\/wp-content\/uploads\/2026\/03\/Parlamenti-shqiptar.jpg",640,426,false],"kreeti-medium-square":["https:\/\/veritasinfo.org\/wp-content\/uploads\/2026\/03\/Parlamenti-shqiptar.jpg",350,233,false]},"author_info":{"info":["US6"]},"category_info":"<a href=\"https:\/\/veritasinfo.org\/?cat=28&#038;lang=sr\" rel=\"category\">Politika<\/a>","tag_info":"Politika","comment_count":"0","_links":{"self":[{"href":"https:\/\/veritasinfo.org\/index.php?rest_route=\/wp\/v2\/posts\/38209","targetHints":{"allow":["GET"]}}],"collection":[{"href":"https:\/\/veritasinfo.org\/index.php?rest_route=\/wp\/v2\/posts"}],"about":[{"href":"https:\/\/veritasinfo.org\/index.php?rest_route=\/wp\/v2\/types\/post"}],"author":[{"embeddable":true,"href":"https:\/\/veritasinfo.org\/index.php?rest_route=\/wp\/v2\/users\/7"}],"replies":[{"embeddable":true,"href":"https:\/\/veritasinfo.org\/index.php?rest_route=%2Fwp%2Fv2%2Fcomments&post=38209"}],"version-history":[{"count":1,"href":"https:\/\/veritasinfo.org\/index.php?rest_route=\/wp\/v2\/posts\/38209\/revisions"}],"predecessor-version":[{"id":38210,"href":"https:\/\/veritasinfo.org\/index.php?rest_route=\/wp\/v2\/posts\/38209\/revisions\/38210"}],"wp:featuredmedia":[{"embeddable":true,"href":"https:\/\/veritasinfo.org\/index.php?rest_route=\/wp\/v2\/media\/38207"}],"wp:attachment":[{"href":"https:\/\/veritasinfo.org\/index.php?rest_route=%2Fwp%2Fv2%2Fmedia&parent=38209"}],"wp:term":[{"taxonomy":"category","embeddable":true,"href":"https:\/\/veritasinfo.org\/index.php?rest_route=%2Fwp%2Fv2%2Fcategories&post=38209"},{"taxonomy":"post_tag","embeddable":true,"href":"https:\/\/veritasinfo.org\/index.php?rest_route=%2Fwp%2Fv2%2Ftags&post=38209"}],"curies":[{"name":"wp","href":"https:\/\/api.w.org\/{rel}","templated":true}]}}