{"id":38200,"date":"2026-03-17T13:52:00","date_gmt":"2026-03-17T12:52:00","guid":{"rendered":"https:\/\/veritasinfo.org\/?p=38200"},"modified":"2026-03-17T13:54:01","modified_gmt":"2026-03-17T12:54:01","slug":"shba-mirepret-ligjin-per-te-huajt-thekson-se-dialogu-me-komunitetin-serb-eshte-i-domosdoshem","status":"publish","type":"post","link":"https:\/\/veritasinfo.org\/?p=38200","title":{"rendered":"SHBA mir\u00ebpret Ligjin p\u00ebr t\u00eb Huajt, thekson se dialogu me komunitetin serb \u00ebsht\u00eb i domosdosh\u00ebm"},"content":{"rendered":"<p>Prishtin\u00eb, 17 mars 2026 13:51<\/p>\n<p>Ambasada e Shteteve t\u00eb Bashkuara n\u00eb Kosov\u00eb, ka mir\u00ebpritur marr\u00ebveshjen p\u00ebr zbatimin e Ligjit p\u00ebr t\u00eb Huajt, t\u00eb arritur mes Kosov\u00ebs dhe Bashkimit Evropian.<\/p>\n<p>N\u00eb nj\u00eb p\u00ebrgjigje p\u00ebr Telegrafin nga ambasada kan\u00eb theksuar se \u00e7do ndryshim q\u00eb ndikon n\u00eb komunitetin serb t\u00eb Kosov\u00ebs duhet t\u00eb b\u00ebhet n\u00eb konsultim t\u00eb ngusht\u00eb me pjes\u00ebtar\u00ebt e ti.<\/p>\n<p>SHBA-ja gjithashtu ka vler\u00ebsuar angazhimin e t\u00eb gjitha pal\u00ebve p\u00ebr t\u00eb arritur nj\u00eb zgjidhje t\u00eb pranueshme p\u00ebr t\u00eb gjith\u00eb.<\/p>\n<p>\u201cE mir\u00ebpresim njoftimin p\u00ebr marr\u00ebveshjen e arritur mbi zbatimin e Ligjit p\u00ebr t\u00eb Huajt. Ne vler\u00ebsojm\u00eb angazhimin e pal\u00ebve p\u00ebr t\u00eb arritur nj\u00eb zgjidhje t\u00eb pranueshme. \u00c7do ndryshim q\u00eb ndikon n\u00eb komunitetin serb t\u00eb Kosov\u00ebs duhet t\u00eb b\u00ebhet n\u00eb konsultim t\u00eb ngusht\u00eb dhe me pjes\u00ebtar\u00ebt e tij\u201d, ka th\u00ebn\u00eb nj\u00eb z\u00ebdh\u00ebn\u00ebs i ambasad\u00ebs p\u00ebr Telegrafin.<\/p>\n<p>Qeveria e Kosov\u00ebs njoftoi m\u00eb 14 mars se do t\u00eb ofroj\u00eb leje t\u00eb p\u00ebrkohshme q\u00ebndrimi dhe do t\u00eb njoh\u00eb let\u00ebrnjoftimet e serb\u00ebve t\u00eb Kosov\u00ebs q\u00eb nuk kan\u00eb ende dokumente kosovare, sipas Ligjit p\u00ebr t\u00eb huajt dhe Ligjit p\u00ebr automjete. Ky vendim hyri n\u00eb fuqi t\u00eb plot\u00eb dhe ka nisut t\u00eb zbatohet q\u00eb nga 15 marsi.<\/p>\n<p>Vendimi u miratua pas takimit mes kryeministrit Albin Kurti dhe t\u00eb d\u00ebrguarit t\u00eb posa\u00e7\u00ebm t\u00eb BE-s\u00eb, Peter Sorensen, si pjes\u00eb e p\u00ebrpjekjeve p\u00ebr t\u00eb leht\u00ebsuar zbatimin e ligjit.<\/p>\n","protected":false},"excerpt":{"rendered":"<p>Prishtin\u00eb, 17 mars 2026 13:51 Ambasada e Shteteve t\u00eb Bashkuara n\u00eb Kosov\u00eb, ka mir\u00ebpritur marr\u00ebveshjen p\u00ebr zbatimin e Ligjit p\u00ebr t\u00eb Huajt, t\u00eb arritur mes<\/p>\n","protected":false},"author":7,"featured_media":38201,"comment_status":"open","ping_status":"open","sticky":false,"template":"","format":"standard","meta":{"footnotes":""},"categories":[58],"tags":[],"class_list":["post-38200","post","type-post","status-publish","format-standard","has-post-thumbnail","hentry","category-politike-sq"],"yoast_head":"<!-- This site is optimized with the Yoast SEO plugin v25.3.1 - https:\/\/yoast.com\/wordpress\/plugins\/seo\/ -->\n<title>SHBA mir\u00ebpret Ligjin p\u00ebr t\u00eb Huajt, thekson se dialogu me komunitetin serb \u00ebsht\u00eb i domosdosh\u00ebm -<\/title>\n<meta name=\"robots\" content=\"index, follow, max-snippet:-1, max-image-preview:large, max-video-preview:-1\" \/>\n<link rel=\"canonical\" href=\"https:\/\/veritasinfo.org\/?p=38200\" \/>\n<meta property=\"og:locale\" content=\"en_US\" \/>\n<meta property=\"og:type\" content=\"article\" \/>\n<meta property=\"og:title\" content=\"SHBA mir\u00ebpret Ligjin p\u00ebr t\u00eb Huajt, thekson se dialogu me komunitetin serb \u00ebsht\u00eb i domosdosh\u00ebm -\" \/>\n<meta property=\"og:description\" content=\"Prishtin\u00eb, 17 mars 2026 13:51 Ambasada e Shteteve t\u00eb Bashkuara n\u00eb Kosov\u00eb, ka mir\u00ebpritur marr\u00ebveshjen p\u00ebr zbatimin e Ligjit p\u00ebr t\u00eb Huajt, t\u00eb arritur mes\" \/>\n<meta property=\"og:url\" content=\"https:\/\/veritasinfo.org\/?p=38200\" \/>\n<meta property=\"article:published_time\" content=\"2026-03-17T12:52:00+00:00\" \/>\n<meta property=\"article:modified_time\" content=\"2026-03-17T12:54:01+00:00\" \/>\n<meta property=\"og:image\" content=\"https:\/\/veritasinfo.org\/wp-content\/uploads\/2026\/03\/image-1-8.webp\" \/>\n\t<meta property=\"og:image:width\" content=\"1245\" \/>\n\t<meta property=\"og:image:height\" content=\"700\" \/>\n\t<meta property=\"og:image:type\" content=\"image\/webp\" \/>\n<meta name=\"author\" content=\"US6\" \/>\n<meta name=\"twitter:card\" content=\"summary_large_image\" \/>\n<meta name=\"twitter:label1\" content=\"Written by\" \/>\n\t<meta name=\"twitter:data1\" content=\"US6\" \/>\n\t<meta name=\"twitter:label2\" content=\"Est. reading time\" \/>\n\t<meta name=\"twitter:data2\" content=\"2 minutes\" \/>\n<script type=\"application\/ld+json\" class=\"yoast-schema-graph\">{\"@context\":\"https:\/\/schema.org\",\"@graph\":[{\"@type\":\"WebPage\",\"@id\":\"https:\/\/veritasinfo.org\/?p=38200\",\"url\":\"https:\/\/veritasinfo.org\/?p=38200\",\"name\":\"SHBA mir\u00ebpret Ligjin p\u00ebr t\u00eb Huajt, thekson se dialogu me komunitetin serb \u00ebsht\u00eb i domosdosh\u00ebm -\",\"isPartOf\":{\"@id\":\"https:\/\/veritasinfo.org\/#website\"},\"primaryImageOfPage\":{\"@id\":\"https:\/\/veritasinfo.org\/?p=38200#primaryimage\"},\"image\":{\"@id\":\"https:\/\/veritasinfo.org\/?p=38200#primaryimage\"},\"thumbnailUrl\":\"https:\/\/veritasinfo.org\/wp-content\/uploads\/2026\/03\/image-1-8.webp\",\"datePublished\":\"2026-03-17T12:52:00+00:00\",\"dateModified\":\"2026-03-17T12:54:01+00:00\",\"author\":{\"@id\":\"https:\/\/veritasinfo.org\/#\/schema\/person\/fe199eede04c3937362892b7444747cc\"},\"breadcrumb\":{\"@id\":\"https:\/\/veritasinfo.org\/?p=38200#breadcrumb\"},\"inLanguage\":\"en-US\",\"potentialAction\":[{\"@type\":\"ReadAction\",\"target\":[\"https:\/\/veritasinfo.org\/?p=38200\"]}]},{\"@type\":\"ImageObject\",\"inLanguage\":\"en-US\",\"@id\":\"https:\/\/veritasinfo.org\/?p=38200#primaryimage\",\"url\":\"https:\/\/veritasinfo.org\/wp-content\/uploads\/2026\/03\/image-1-8.webp\",\"contentUrl\":\"https:\/\/veritasinfo.org\/wp-content\/uploads\/2026\/03\/image-1-8.webp\",\"width\":1245,\"height\":700},{\"@type\":\"BreadcrumbList\",\"@id\":\"https:\/\/veritasinfo.org\/?p=38200#breadcrumb\",\"itemListElement\":[{\"@type\":\"ListItem\",\"position\":1,\"name\":\"Home\",\"item\":\"https:\/\/veritasinfo.org\/\"},{\"@type\":\"ListItem\",\"position\":2,\"name\":\"SHBA mir\u00ebpret Ligjin p\u00ebr t\u00eb Huajt, thekson se dialogu me komunitetin serb \u00ebsht\u00eb i domosdosh\u00ebm\"}]},{\"@type\":\"WebSite\",\"@id\":\"https:\/\/veritasinfo.org\/#website\",\"url\":\"https:\/\/veritasinfo.org\/\",\"name\":\"\",\"description\":\"\",\"potentialAction\":[{\"@type\":\"SearchAction\",\"target\":{\"@type\":\"EntryPoint\",\"urlTemplate\":\"https:\/\/veritasinfo.org\/?s={search_term_string}\"},\"query-input\":{\"@type\":\"PropertyValueSpecification\",\"valueRequired\":true,\"valueName\":\"search_term_string\"}}],\"inLanguage\":\"en-US\"},{\"@type\":\"Person\",\"@id\":\"https:\/\/veritasinfo.org\/#\/schema\/person\/fe199eede04c3937362892b7444747cc\",\"name\":\"US6\",\"image\":{\"@type\":\"ImageObject\",\"inLanguage\":\"en-US\",\"@id\":\"https:\/\/veritasinfo.org\/#\/schema\/person\/image\/\",\"url\":\"https:\/\/secure.gravatar.com\/avatar\/cb16c3c31c9d23b9b8c705964598220b3014e42ff51eb540ff23cefa3ae8c15f?s=96&d=mm&r=g\",\"contentUrl\":\"https:\/\/secure.gravatar.com\/avatar\/cb16c3c31c9d23b9b8c705964598220b3014e42ff51eb540ff23cefa3ae8c15f?s=96&d=mm&r=g\",\"caption\":\"US6\"},\"url\":\"https:\/\/veritasinfo.org\/?author=7\"}]}<\/script>\n<!-- \/ Yoast SEO plugin. -->","yoast_head_json":{"title":"SHBA mir\u00ebpret Ligjin p\u00ebr t\u00eb Huajt, thekson se dialogu me komunitetin serb \u00ebsht\u00eb i domosdosh\u00ebm -","robots":{"index":"index","follow":"follow","max-snippet":"max-snippet:-1","max-image-preview":"max-image-preview:large","max-video-preview":"max-video-preview:-1"},"canonical":"https:\/\/veritasinfo.org\/?p=38200","og_locale":"en_US","og_type":"article","og_title":"SHBA mir\u00ebpret Ligjin p\u00ebr t\u00eb Huajt, thekson se dialogu me komunitetin serb \u00ebsht\u00eb i domosdosh\u00ebm -","og_description":"Prishtin\u00eb, 17 mars 2026 13:51 Ambasada e Shteteve t\u00eb Bashkuara n\u00eb Kosov\u00eb, ka mir\u00ebpritur marr\u00ebveshjen p\u00ebr zbatimin e Ligjit p\u00ebr t\u00eb Huajt, t\u00eb arritur mes","og_url":"https:\/\/veritasinfo.org\/?p=38200","article_published_time":"2026-03-17T12:52:00+00:00","article_modified_time":"2026-03-17T12:54:01+00:00","og_image":[{"width":1245,"height":700,"url":"https:\/\/veritasinfo.org\/wp-content\/uploads\/2026\/03\/image-1-8.webp","type":"image\/webp"}],"author":"US6","twitter_card":"summary_large_image","twitter_misc":{"Written by":"US6","Est. reading time":"2 minutes"},"schema":{"@context":"https:\/\/schema.org","@graph":[{"@type":"WebPage","@id":"https:\/\/veritasinfo.org\/?p=38200","url":"https:\/\/veritasinfo.org\/?p=38200","name":"SHBA mir\u00ebpret Ligjin p\u00ebr t\u00eb Huajt, thekson se dialogu me komunitetin serb \u00ebsht\u00eb i domosdosh\u00ebm -","isPartOf":{"@id":"https:\/\/veritasinfo.org\/#website"},"primaryImageOfPage":{"@id":"https:\/\/veritasinfo.org\/?p=38200#primaryimage"},"image":{"@id":"https:\/\/veritasinfo.org\/?p=38200#primaryimage"},"thumbnailUrl":"https:\/\/veritasinfo.org\/wp-content\/uploads\/2026\/03\/image-1-8.webp","datePublished":"2026-03-17T12:52:00+00:00","dateModified":"2026-03-17T12:54:01+00:00","author":{"@id":"https:\/\/veritasinfo.org\/#\/schema\/person\/fe199eede04c3937362892b7444747cc"},"breadcrumb":{"@id":"https:\/\/veritasinfo.org\/?p=38200#breadcrumb"},"inLanguage":"en-US","potentialAction":[{"@type":"ReadAction","target":["https:\/\/veritasinfo.org\/?p=38200"]}]},{"@type":"ImageObject","inLanguage":"en-US","@id":"https:\/\/veritasinfo.org\/?p=38200#primaryimage","url":"https:\/\/veritasinfo.org\/wp-content\/uploads\/2026\/03\/image-1-8.webp","contentUrl":"https:\/\/veritasinfo.org\/wp-content\/uploads\/2026\/03\/image-1-8.webp","width":1245,"height":700},{"@type":"BreadcrumbList","@id":"https:\/\/veritasinfo.org\/?p=38200#breadcrumb","itemListElement":[{"@type":"ListItem","position":1,"name":"Home","item":"https:\/\/veritasinfo.org\/"},{"@type":"ListItem","position":2,"name":"SHBA mir\u00ebpret Ligjin p\u00ebr t\u00eb Huajt, thekson se dialogu me komunitetin serb \u00ebsht\u00eb i domosdosh\u00ebm"}]},{"@type":"WebSite","@id":"https:\/\/veritasinfo.org\/#website","url":"https:\/\/veritasinfo.org\/","name":"","description":"","potentialAction":[{"@type":"SearchAction","target":{"@type":"EntryPoint","urlTemplate":"https:\/\/veritasinfo.org\/?s={search_term_string}"},"query-input":{"@type":"PropertyValueSpecification","valueRequired":true,"valueName":"search_term_string"}}],"inLanguage":"en-US"},{"@type":"Person","@id":"https:\/\/veritasinfo.org\/#\/schema\/person\/fe199eede04c3937362892b7444747cc","name":"US6","image":{"@type":"ImageObject","inLanguage":"en-US","@id":"https:\/\/veritasinfo.org\/#\/schema\/person\/image\/","url":"https:\/\/secure.gravatar.com\/avatar\/cb16c3c31c9d23b9b8c705964598220b3014e42ff51eb540ff23cefa3ae8c15f?s=96&d=mm&r=g","contentUrl":"https:\/\/secure.gravatar.com\/avatar\/cb16c3c31c9d23b9b8c705964598220b3014e42ff51eb540ff23cefa3ae8c15f?s=96&d=mm&r=g","caption":"US6"},"url":"https:\/\/veritasinfo.org\/?author=7"}]}},"featured_image_urls":{"full":["https:\/\/veritasinfo.org\/wp-content\/uploads\/2026\/03\/image-1-8.webp",1245,700,false],"thumbnail":["https:\/\/veritasinfo.org\/wp-content\/uploads\/2026\/03\/image-1-8-150x150.webp",150,150,true],"medium":["https:\/\/veritasinfo.org\/wp-content\/uploads\/2026\/03\/image-1-8-300x169.webp",300,169,true],"medium_large":["https:\/\/veritasinfo.org\/wp-content\/uploads\/2026\/03\/image-1-8-768x432.webp",640,360,true],"large":["https:\/\/veritasinfo.org\/wp-content\/uploads\/2026\/03\/image-1-8-1024x576.webp",640,360,true],"1536x1536":["https:\/\/veritasinfo.org\/wp-content\/uploads\/2026\/03\/image-1-8.webp",1245,700,false],"2048x2048":["https:\/\/veritasinfo.org\/wp-content\/uploads\/2026\/03\/image-1-8.webp",1245,700,false],"kreeti-slider-full":["https:\/\/veritasinfo.org\/wp-content\/uploads\/2026\/03\/image-1-8.webp",1245,700,false],"kreeti-featured":["https:\/\/veritasinfo.org\/wp-content\/uploads\/2026\/03\/image-1-8.webp",1024,576,false],"kreeti-medium":["https:\/\/veritasinfo.org\/wp-content\/uploads\/2026\/03\/image-1-8.webp",720,405,false],"kreeti-medium-square":["https:\/\/veritasinfo.org\/wp-content\/uploads\/2026\/03\/image-1-8.webp",350,197,false]},"author_info":{"info":["US6"]},"category_info":"<a href=\"https:\/\/veritasinfo.org\/?cat=58\" rel=\"category\">Politik\u00eb<\/a>","tag_info":"Politik\u00eb","comment_count":"0","_links":{"self":[{"href":"https:\/\/veritasinfo.org\/index.php?rest_route=\/wp\/v2\/posts\/38200","targetHints":{"allow":["GET"]}}],"collection":[{"href":"https:\/\/veritasinfo.org\/index.php?rest_route=\/wp\/v2\/posts"}],"about":[{"href":"https:\/\/veritasinfo.org\/index.php?rest_route=\/wp\/v2\/types\/post"}],"author":[{"embeddable":true,"href":"https:\/\/veritasinfo.org\/index.php?rest_route=\/wp\/v2\/users\/7"}],"replies":[{"embeddable":true,"href":"https:\/\/veritasinfo.org\/index.php?rest_route=%2Fwp%2Fv2%2Fcomments&post=38200"}],"version-history":[{"count":2,"href":"https:\/\/veritasinfo.org\/index.php?rest_route=\/wp\/v2\/posts\/38200\/revisions"}],"predecessor-version":[{"id":38205,"href":"https:\/\/veritasinfo.org\/index.php?rest_route=\/wp\/v2\/posts\/38200\/revisions\/38205"}],"wp:featuredmedia":[{"embeddable":true,"href":"https:\/\/veritasinfo.org\/index.php?rest_route=\/wp\/v2\/media\/38201"}],"wp:attachment":[{"href":"https:\/\/veritasinfo.org\/index.php?rest_route=%2Fwp%2Fv2%2Fmedia&parent=38200"}],"wp:term":[{"taxonomy":"category","embeddable":true,"href":"https:\/\/veritasinfo.org\/index.php?rest_route=%2Fwp%2Fv2%2Fcategories&post=38200"},{"taxonomy":"post_tag","embeddable":true,"href":"https:\/\/veritasinfo.org\/index.php?rest_route=%2Fwp%2Fv2%2Ftags&post=38200"}],"curies":[{"name":"wp","href":"https:\/\/api.w.org\/{rel}","templated":true}]}}