{"id":3820,"date":"2025-07-14T20:46:32","date_gmt":"2025-07-14T18:46:32","guid":{"rendered":"https:\/\/veritasinfo.org\/?p=3820"},"modified":"2025-07-14T20:46:32","modified_gmt":"2025-07-14T18:46:32","slug":"deshmitari-ne-rastin-e-kostiqit-dhe-milkoviqit-kostiqi-me-tha-ku-je-teroristi-i-uck","status":"publish","type":"post","link":"https:\/\/veritasinfo.org\/?p=3820","title":{"rendered":"D\u00ebshmitari n\u00eb rastin e Kostiqit dhe Milkoviqit: Kostiqi me tha ku je teroristi i UCK"},"content":{"rendered":"<p>Prishtin\u00eb, 14 Korrik 2025<\/p>\n<p><strong>N\u00eb Gjykat\u00ebn Themelore n\u00eb Prishtin\u00eb, n\u00eb gjykimin p\u00ebr krime lufte ndaj Zoran Kostiq dhe Dragan Miloviq, n\u00eb cil\u00ebsin\u00eb e d\u00ebshmitarit u d\u00ebgjua i d\u00ebmtuari Vesel Latifi, i cili tha se deri m\u00eb 23 maj 1999 ka qen\u00eb n\u00eb fashtin Dob\u00ebrlluk\u00eb, kur edhe i kan\u00eb rrethuar nj\u00ebsia paramilitare dhe ushtarake, i kan\u00eb marr\u00eb t\u00eb gjith\u00eb banor\u00ebt q\u00eb kan\u00eb qen\u00eb n\u00eb fshatra dhe i kan\u00eb d\u00ebrguar n\u00eb Vushtrri, ku i kan\u00eb ndar\u00eb meshkujt nga familjet e tyre.<\/strong><\/p>\n<p>\u201cNe na kan\u00eb d\u00ebrgu n\u00eb stacion policor t\u00eb improvizuar n\u00eb Vushtrri dhe aty kan\u00eb filluar maltretimet, m\u00eb kan\u00eb marr\u00eb m\u00eb kan\u00eb \u00e7u n\u00eb katin e dyt\u00eb n\u00eb zyr\u00ebn e komandatit t\u00eb policis\u00eb Simiq, dhe m\u00eb kan\u00eb th\u00ebn\u00eb ku je terroristi i U\u04aaK-s\u00eb, ku e ki Sylejman Selimin- Sulltanin pse s\u2019po vjen ai me t\u00eb nxjerr\u00eb prej k\u00ebtu\u201d, tha Latifi.<\/p>\n<p>N\u00eb k\u00ebt\u00eb rast, Zoran Kostiq dhe Dragan Miloviq akuzohen se n\u00eb cil\u00ebsin\u00eb e policis\u00eb serbe, n\u00eb bashk\u00ebkryerje me pjes\u00ebtar\u00eb tjer\u00eb t\u00eb policis\u00eb, ushtris\u00eb dhe paramilitar\u00eb serb\u00eb, kan\u00eb kryer krime lufte kund\u00ebr popullat\u00ebs civile, raporton \u201c<strong>Betimi p\u00ebr Drejt\u00ebsi<\/strong>\u201d.<\/p>\n<p>Latifi tha se Kostiq \u00ebsht\u00eb nj\u00eb nga kriminel\u00ebt q\u00eb e kan\u00eb maltretuar, q\u00eb ka ushtruar dhun\u00eb fizike dhe psiqike ndaj tij.<\/p>\n<p>Ai deklaroi se pas q\u00ebndrimit n\u00eb Vushtrri p\u00ebr tri dit\u00eb, e kan\u00eb d\u00ebrguar n\u00eb burgun e Smrekonic\u00ebs, ku ka q\u00ebndruar p\u00ebr tri dit\u00eb, e ku ka pasur maltretime t\u00eb lloj-llojshme, psiqike, fizike e vrasje.<\/p>\n<p>D\u00ebshmitari tha se p\u00ebr her\u00eb t\u00eb par\u00eb, t\u00eb akuzuarin Kostiq e ka takuar n\u00eb dit\u00ebn kur e kan\u00eb arrestuar m\u00eb 24 maj 1999.<\/p>\n<p>N\u00eb k\u00ebt\u00eb seanc\u00eb \u00ebsht\u00eb d\u00ebgjuar edhe d\u00ebshmiatri Bilall Ujkani, i cili ka deklaruar se m\u00eb 6 prill 1999 kan\u00eb ardhur dy vetura tek tani i akuzuari Kostiq, i cili q\u00ebndronte tek sht\u00ebpia e Shaip Zenelit, me paramilitar\u00eb dhe e kan\u00eb rrethuar lagjen duke gjuajtur me automatik\u00eb.<\/p>\n<p>Ai tha se paramilitar\u00ebt kan\u00eb shkuar n\u00eb sht\u00ebpin\u00eb e tij, duke shar\u00eb e gjuajtur me automatik dhe ia kan\u00eb marr\u00eb parat\u00eb q\u00eb kishte pasur e telefonin, nd\u00ebrsa bashk\u00ebshortes s\u00eb tij ia kishin marr\u00eb arin q\u00eb kishte.<\/p>\n<p>D\u00ebshmitari tha se t\u00eb akuzuarin Zoran Kostiq e ka njohur, nd\u00ebrsa paramilitar\u00ebt tjer\u00eb nuk i ka njohur.<\/p>\n<p>Pas p\u00ebrshkrimit nga ana e d\u00ebshmitarit Ujkani, mbrojt\u00ebsi i t\u00eb akuzuarit Kostiq, avokati Predrag Milkoviq deklaroi se nuk ka pyetje t\u00eb tjera pasi q\u00eb d\u00ebshmitari nuk e par\u00eb t\u00eb akuzuarin Kostiq n\u00eb dit\u00ebn kritike.<\/p>\n<p>Sipas aktakuz\u00ebs s\u00eb ngritur m\u00eb 16 maj 2024, i akuzuari Zoran Kostiq gjat\u00eb koh\u00ebs s\u00eb luft\u00ebs n\u00eb Kosov\u00eb, si pjes\u00ebtar i forcave policore serbe, n\u00eb bashk\u00ebkryerje me pjes\u00ebtar\u00eb tjer\u00eb t\u00eb policis\u00eb, ushtris\u00eb dhe paramilitar\u00eb serb\u00eb, i veshur me uniform\u00eb t\u00eb policis\u00eb dhe i armatosur, me vet\u00ebdije dhe q\u00ebllim, duke vepruar sipas planit dhe urdhrave t\u00eb epror\u00ebve t\u00eb tij, ka marr\u00eb pjes\u00eb direkt n\u00eb sulmin kund\u00ebr popullsis\u00eb civile t\u00eb nacionalitetit shqiptar, konkretisht familjes Ujkani gjat\u00eb nj\u00eb aksioni t\u00eb mir\u00eb-organizuar, pasi q\u00eb forcat serbe ishin vendosur n\u00eb sht\u00ebpin\u00eb e Sh.Z, t\u00eb cil\u00ebn policia dhe ushtria serbe e ka shfryt\u00ebzuar si shtab, dit\u00ebn kritike n\u00eb ofensiv\u00ebn e ushtris\u00eb serbe kund\u00ebr popullat\u00ebs civile.<\/p>\n<p>Sipas aktakuz\u00ebs, n\u00eb mesin e pjes\u00ebtar\u00ebve tjer\u00eb t\u00eb ushtris\u00eb dhe paramilitar\u00ebve serb\u00eb, ishte edhe i akuzuari Kostiq, i cili ka marr\u00eb pjes\u00eb n\u00eb pla\u00e7kitjen e sht\u00ebpive t\u00eb banor\u00ebve shqiptar\u00eb, pastaj ka djegur sht\u00ebpit\u00eb dhe ka vrar\u00eb civil\u00eb t\u00eb paarmatosur n\u00eb fshatin Reznik, si: I.U, M.U me bashk\u00ebshorte, B.U, F.U, S.U, F.U., (t\u00eb familjes Ujkani) po ashtu n\u00eb dit\u00ebn kritike vriten edhe T.U me bashk\u00ebshorten H.U, dhe me q\u00ebllim p\u00ebr t\u2019-i zhdukur provat dhe p\u00ebr ta zbatuar planin n\u00eb t\u00ebr\u00ebsi, ua v\u00ebn\u00eb zjarrin sht\u00ebpive dhe djegin kufomat e familjes Ujkani (k\u00ebt\u00eb ngjarje e ka par\u00eb d\u00ebshmitari B.U).<\/p>\n<p>Tutje, n\u00eb aktakuz\u00eb thuhet se m\u00eb 22 maj 1999, i akuzuari Kostiq n\u00eb bashk\u00ebkryerje me persona tjer\u00eb t\u00eb paidentifikuar kishte urdh\u00ebruar d\u00ebbimin e popullat\u00ebs shqiptare nga sht\u00ebpit\u00eb e tyre, duke i detyruar t\u00eb vazhdojn\u00eb n\u00eb drejtim t\u00eb varrezave t\u00eb qytetit e duke i ndar\u00eb burrat nga grat\u00eb dhe f\u00ebmij\u00ebt, ku n\u00eb at\u00eb turm\u00eb ishin pjes\u00ebtar\u00ebt e familjes Dallku- M.D, A.D, F.D, E.D, SH.D, V.D, V.D,V.D, L.LL dhe tre persona me mbiemrin Haliti.<\/p>\n<p>Gjat\u00eb rrug\u00ebs p\u00ebr te varrezat e qytetit, polici serb M.C., i thot\u00eb t\u00eb akuzuarit Kostiq \u201cti e din fare t\u00eb b\u00ebsh me kta\u201d dhe aty fillojn\u00eb t\u2019i rrahin civil\u00ebt me mjete t\u00eb forta si gyp metalik, shkopinj t\u00eb fort\u00eb t\u00eb drurit, kondak t\u00eb automatikut e t\u00eb tjera, pastaj i kan\u00eb urdh\u00ebruar t\u00eb hyjn\u00eb n\u00eb dyqanin e Rashan\u00ebve, ku aty ishin edhe tre persona tjer\u00eb civil\u00eb H.H, E.H dhe N.H, pastaj t\u00eb nj\u00ebjtit i kan\u00eb urdh\u00ebruar prap\u00eb q\u00eb t\u00eb dalin nga lokali dhe t\u00eb nisen para sht\u00ebpis\u00eb s\u00eb S.P., ku ishin edhe disa paramilitar\u00eb me uniforma ushtarake me ngjyr\u00eb t\u00eb kombinuar, t\u00eb cil\u00ebt kishin arm\u00eb t\u00eb shkurtra dhe t\u00eb gjata.<\/p>\n<p>Aty thuhet se i akuzuari Kostiq i veshur me uniform\u00eb policore serbe e kishte pyetur nj\u00eb paramilitar tjet\u00ebr serb \u201cse a e doni edhe k\u00ebt\u00eb grup\u201d ku ishin rreth 12 veta, mir\u00ebpo nj\u00ebri nga paramilitar\u00ebt i kishte th\u00ebn\u00eb se k\u00ebtu ka p\u00ebrfunduar \u00e7do gj\u00eb dhe vazhdoni diku tjet\u00ebr, andaj vazhduan n\u00ebp\u00ebr rrug\u00eb tjera p\u00ebr t\u00eb shkuar tek varrezat e qytetit dhe para sht\u00ebpis\u00eb se dr. Ramadan Gjoni.<\/p>\n<p>Aktakuza thot\u00eb se me t\u00eb ardhur aty, Kostiq kishte urdh\u00ebruar civil\u00ebt t\u00eb mb\u00ebshteten me fytyr\u00eb nga muri me duar lart\u00eb, dhe nj\u00eb moment polici Kostiq ishte afruar te viktima Sh.D dhe i kishte l\u00ebn\u00eb n\u00eb xhepin e djatht\u00eb t\u00eb xhaket\u00ebs kat\u00ebr- pes\u00eb fishek\u00eb t\u00eb arm\u00ebs, dhe pas pak i urdh\u00ebron t\u2019i nxjerrin gj\u00ebrat q\u00eb kishin me vete, nd\u00ebrsa n\u00eb at\u00eb moment Sh.D i nxjerr\u00eb nga xhepi fishek\u00ebt, meq\u00eb rast Kostiq i thot\u00eb \u201cti po bart\u00ebshe fishek\u00eb p\u00ebr t\u00eb vrar\u00eb polic\u00eb\u201d dhe e th\u00ebrret nj\u00eb paramilitar q\u00eb ishte pa flok\u00eb, i gjat\u00eb, i armatosur dhe me veshje ushtarake, arm\u00eb zjarri t\u00eb gjat\u00eb dhe t\u00eb shkurt\u00ebr, si dhe thika dhe aty ai i ndan\u00eb Sh, S ve\u00e7mas, V., N., dhe E.H., duke i futur n\u00eb sht\u00ebpin\u00eb e Gjoni s\u00eb bashku edhe me dy paramilitar\u00eb tjer\u00eb, dhe pas pak kohe jan\u00eb d\u00ebgjuar krisma arm\u00ebsh dhe ishte vrar\u00eb Sh.D, kurse V., e marrin kat\u00ebr paramilitar\u00eb me vetur\u00eb pasi q\u00eb e kishin marr\u00eb vesh se i kishte dy vetura n\u00eb sht\u00ebpi ia marrin ato, nd\u00ebrkoh\u00eb kan\u00eb filluar bombardimet nga NATO e m\u00eb pastaj t\u00eb gjith\u00eb personat q\u00eb ishin n\u00eb varrezat e qyteti n\u00eb Vushtrri aty jan\u00eb shp\u00ebrndar\u00eb.<\/p>\n<p>Gjithnj\u00eb sipas aktakuz\u00ebs, thuhet se m\u00eb 24 maj 1999, i d\u00ebmtuari -d\u00ebshmitari V.L., pasi ishte ndar\u00eb nga familja nga forcat paramilitare serbe, ishte arrestuar dhe d\u00ebrguar n\u00eb stacionin policor n\u00eb Vushtrri, p\u00ebr t\u2019u marr\u00eb n\u00eb pyetje. Aty i akuzuari Kostiq e ka goditur t\u00eb d\u00ebmtuarin V.L me nj\u00eb mjet t\u00eb fort\u00eb dy-tri her\u00eb mbrapa kok\u00ebs, me arsyetim se \u201c\u00ebsht\u00eb nj\u00eb terrorist i U\u00c7K- s\u00eb\u201d, i cili nga k\u00ebto goditje alivanoset.<\/p>\n<p>M\u00eb k\u00ebt\u00eb, n\u00eb bashk\u00ebkryerje i akuzuari Kostiq ngarkohet se ka kryer vepr\u00ebn penale \u201cKrime lufte kund\u00ebr popullat\u00ebs civile\u201d nga neni 142 lidhur me nenin 22 t\u00eb LP t\u00eb RSF-s\u00eb, t\u00eb parapar\u00eb edhe me Kodin Penal t\u00eb Republik\u00ebs s\u00eb Kosov\u00ebs, \u201cKrimet e luft\u00ebs n\u00eb shkelje t\u00eb r\u00ebnd\u00eb t\u00eb nenit 3 t\u00eb p\u00ebrbashk\u00ebt t\u00eb Konventave t\u00eb Gjenev\u00ebs\u201d nga neni 146, par.1 dhe 2, n\u00ebnparagrafi 2.1, 2.2 dhe 2.3 t\u00eb KPRK-s\u00eb, nd\u00ebrlidhur me nenin 31 t\u00eb KPRK-s\u00eb.<\/p>\n<p>Sipas dispozitivit t\u00eb dyt\u00eb, i akuzuari Dragan Miloviq gjat\u00eb koh\u00ebs s\u00eb luft\u00ebs n\u00eb Kosov\u00eb, si pjes\u00ebtar i forcave policore serbe, n\u00eb periudh\u00ebn e luft\u00ebs n\u00eb Kosov\u00eb, bashk\u00eb me t\u00eb tjer\u00eb me forc\u00eb i kan\u00eb d\u00ebrguar diku 20 mij\u00eb banor\u00eb civil\u00eb t\u00eb Vushtrris\u00eb tek varrezat e qytetit dhe aty t\u00eb akuzuarit kan\u00eb maltretuar, rrahur e torturuar civil\u00eb, t\u00eb cil\u00ebt gjendeshin t\u00eb grumbulluar te varrezat e qytetit, ku n\u00eb mesin e tyre ishte edhe K.Sh., i cili e \u00a0njihte tani t\u00eb akuzuarin Miloviq dhe e lut t\u00eb akuzuarin q\u00eb ta shp\u00ebtoj\u00eb, por i nj\u00ebjti i thot\u00eb \u201cs\u2019kam ca me t\u00eb ba\u201d.<\/p>\n<p>Pastaj, thuhet se i akuzuari Miloviq s\u00eb bashku me disa polic\u00eb serb\u00eb t\u00eb armatosur fillojn\u00eb t\u2019i ndajn\u00eb popullat\u00ebn civile shqiptare, si dhe i detyrojn\u00eb q\u00eb t\u2019i vendosin duart e lidhura pas koke dhe t\u00eb bien me gjunj n\u00eb kok\u00eb p\u00ebr toke, duke i goditur vazhdimisht disa me bastun t\u00eb hekurt, e disa me shkopinj druri dhe me kondakt\u00eb t\u00eb arm\u00ebve.<\/p>\n<p>Aktakuza thot\u00eb se n\u00eb at\u00eb turm\u00eb ishte edhe A.A, K.SH, H.K, F.B, M.M, S.R, T.F e t\u00eb tjer\u00eb, ku K.SH dhe A.A e kishin par\u00eb tani t\u00eb akuzuarin Miloviq q\u00eb ka qen\u00eb i veshur me uniform\u00eb t\u00eb policis\u00eb serbe dhe pajisje t\u00eb policis\u00eb, duke i goditur pand\u00ebrprer\u00eb k\u00ebta civil\u00eb me shkop metalik e po ashtu duke i rrahur civil\u00ebt me boksa dhe shqelma, ku t\u00eb nj\u00ebjtit kishin arritur ta identifikojn\u00eb t\u00eb akuzuarin Miloviq.<\/p>\n<p>N\u00eb aktakuz\u00eb thuhet se d\u00ebshmitari A.A., sa ishte n\u00eb rresht n\u00eb grumbullin e personave t\u00eb grumbulluar, kishte d\u00ebgjuar nj\u00eb polic serb duke iu drejtuar tani t\u00eb akuzuarit Dragan \u201cndalu \u00e7ka je ka ban k\u00ebshtu se kta gja (lop\u00eb) nuk jan\u00eb\u201d, pastaj me dhun\u00eb i kan\u00eb hipur n\u00eb kamion\u00eb dhe i d\u00ebrgojn\u00eb n\u00eb burgun e Smrekonic\u00ebs, ku jan\u00eb maltretuar n\u00eb m\u00ebnyrat m\u00eb brutale, edhe nga kryer\u00ebs tjer\u00eb dhe se pas disa dite q\u00ebndrimi n\u00eb burg jan\u00eb dep\u00ebrtuar n\u00eb Republik\u00ebn e Shqip\u00ebris\u00eb.<\/p>\n<p>Me k\u00ebt\u00eb, akuzohet se n\u00eb bashk\u00ebkryerje ka kryer vepr\u00ebn penale \u201cKrimet e luft\u00ebs kund\u00ebr popullat\u00ebs civile\u201d, e parapar\u00eb dhe e d\u00ebnueshme sipas nenit 142 dhe 22 t\u00eb Kodit Penal t\u00eb RSFJ, aktualisht e penalizuar me nenet 31 dhe 153 te KPRK, n\u00eb kund\u00ebrshtim me nenin e p\u00ebrbashk\u00ebt 3 dhe 4 Konventave t\u00eb Gjenev\u00ebs, t\u00eb dat\u00ebs 12 gusht 1949, t\u00eb neneve 4 dhe 5 (1) t\u00eb Protokollit 2 t\u00eb dat\u00ebs 8 qershor 1977, shtojc\u00eb e Konventave t\u00eb Gjenev\u00ebs t\u00eb vitit 1949, t\u00eb gjitha rregullat e ligjeve nd\u00ebrkomb\u00ebtare n\u00eb fuqi n\u00eb koh\u00ebn e konfliktit t\u00eb armatosur n\u00eb Kosov\u00eb.\u00a0<strong>\/Betimip\u00ebrDrejt\u00ebsi<\/strong><\/p>\n<p><strong><em>She\u0308nim: Personat e pe\u0308rmendur ne\u0308\u00a0ke\u0308te\u0308\u00a0artikull konsiderohen t\u00eb\u00a0pafajshe\u0308m, pe\u0308rvec\u0327\u00a0ne\u0308se nga gjykata ve\u0308rtetohet se jan\u00eb\u00a0fajtore\u0308\u00a0me vendim te\u0308\u00a0forme\u0308s se\u0308\u00a0prere\u0308.<\/em><\/strong><\/p>\n<p>&nbsp;<\/p>\n<p>&nbsp;<\/p>\n<p>&nbsp;<\/p>\n","protected":false},"excerpt":{"rendered":"<p>Prishtin\u00eb, 14 Korrik 2025 N\u00eb Gjykat\u00ebn Themelore n\u00eb Prishtin\u00eb, n\u00eb gjykimin p\u00ebr krime lufte ndaj Zoran Kostiq dhe Dragan Miloviq, n\u00eb cil\u00ebsin\u00eb e d\u00ebshmitarit u<\/p>\n","protected":false},"author":1,"featured_media":3821,"comment_status":"open","ping_status":"open","sticky":false,"template":"","format":"standard","meta":{"footnotes":""},"categories":[60],"tags":[],"class_list":["post-3820","post","type-post","status-publish","format-standard","has-post-thumbnail","hentry","category-shoqerore-sq"],"yoast_head":"<!-- This site is optimized with the Yoast SEO plugin v25.3.1 - https:\/\/yoast.com\/wordpress\/plugins\/seo\/ -->\n<title>D\u00ebshmitari n\u00eb rastin e Kostiqit dhe Milkoviqit: Kostiqi me tha ku je teroristi i UCK -<\/title>\n<meta name=\"robots\" content=\"index, follow, max-snippet:-1, max-image-preview:large, max-video-preview:-1\" \/>\n<link rel=\"canonical\" href=\"https:\/\/veritasinfo.org\/?p=3820\" \/>\n<meta property=\"og:locale\" content=\"en_US\" \/>\n<meta property=\"og:type\" content=\"article\" \/>\n<meta property=\"og:title\" content=\"D\u00ebshmitari n\u00eb rastin e Kostiqit dhe Milkoviqit: Kostiqi me tha ku je teroristi i UCK -\" \/>\n<meta property=\"og:description\" content=\"Prishtin\u00eb, 14 Korrik 2025 N\u00eb Gjykat\u00ebn Themelore n\u00eb Prishtin\u00eb, n\u00eb gjykimin p\u00ebr krime lufte ndaj Zoran Kostiq dhe Dragan Miloviq, n\u00eb cil\u00ebsin\u00eb e d\u00ebshmitarit u\" \/>\n<meta property=\"og:url\" content=\"https:\/\/veritasinfo.org\/?p=3820\" \/>\n<meta property=\"article:published_time\" content=\"2025-07-14T18:46:32+00:00\" \/>\n<meta property=\"og:image\" content=\"https:\/\/veritasinfo.org\/wp-content\/uploads\/2025\/07\/IMG_2070.jpeg\" \/>\n\t<meta property=\"og:image:width\" content=\"750\" \/>\n\t<meta property=\"og:image:height\" content=\"430\" \/>\n\t<meta property=\"og:image:type\" content=\"image\/jpeg\" \/>\n<meta name=\"author\" content=\"admin\" \/>\n<meta name=\"twitter:card\" content=\"summary_large_image\" \/>\n<meta name=\"twitter:label1\" content=\"Written by\" \/>\n\t<meta name=\"twitter:data1\" content=\"admin\" \/>\n\t<meta name=\"twitter:label2\" content=\"Est. reading time\" \/>\n\t<meta name=\"twitter:data2\" content=\"8 minutes\" \/>\n<script type=\"application\/ld+json\" class=\"yoast-schema-graph\">{\"@context\":\"https:\/\/schema.org\",\"@graph\":[{\"@type\":\"WebPage\",\"@id\":\"https:\/\/veritasinfo.org\/?p=3820\",\"url\":\"https:\/\/veritasinfo.org\/?p=3820\",\"name\":\"D\u00ebshmitari n\u00eb rastin e Kostiqit dhe Milkoviqit: Kostiqi me tha ku je teroristi i UCK -\",\"isPartOf\":{\"@id\":\"https:\/\/veritasinfo.org\/#website\"},\"primaryImageOfPage\":{\"@id\":\"https:\/\/veritasinfo.org\/?p=3820#primaryimage\"},\"image\":{\"@id\":\"https:\/\/veritasinfo.org\/?p=3820#primaryimage\"},\"thumbnailUrl\":\"https:\/\/veritasinfo.org\/wp-content\/uploads\/2025\/07\/IMG_2070.jpeg\",\"datePublished\":\"2025-07-14T18:46:32+00:00\",\"author\":{\"@id\":\"https:\/\/veritasinfo.org\/#\/schema\/person\/7701f8c088bece422266b100a712374f\"},\"breadcrumb\":{\"@id\":\"https:\/\/veritasinfo.org\/?p=3820#breadcrumb\"},\"inLanguage\":\"en-US\",\"potentialAction\":[{\"@type\":\"ReadAction\",\"target\":[\"https:\/\/veritasinfo.org\/?p=3820\"]}]},{\"@type\":\"ImageObject\",\"inLanguage\":\"en-US\",\"@id\":\"https:\/\/veritasinfo.org\/?p=3820#primaryimage\",\"url\":\"https:\/\/veritasinfo.org\/wp-content\/uploads\/2025\/07\/IMG_2070.jpeg\",\"contentUrl\":\"https:\/\/veritasinfo.org\/wp-content\/uploads\/2025\/07\/IMG_2070.jpeg\",\"width\":750,\"height\":430},{\"@type\":\"BreadcrumbList\",\"@id\":\"https:\/\/veritasinfo.org\/?p=3820#breadcrumb\",\"itemListElement\":[{\"@type\":\"ListItem\",\"position\":1,\"name\":\"Home\",\"item\":\"https:\/\/veritasinfo.org\/\"},{\"@type\":\"ListItem\",\"position\":2,\"name\":\"D\u00ebshmitari n\u00eb rastin e Kostiqit dhe Milkoviqit: Kostiqi me tha ku je teroristi i UCK\"}]},{\"@type\":\"WebSite\",\"@id\":\"https:\/\/veritasinfo.org\/#website\",\"url\":\"https:\/\/veritasinfo.org\/\",\"name\":\"\",\"description\":\"\",\"potentialAction\":[{\"@type\":\"SearchAction\",\"target\":{\"@type\":\"EntryPoint\",\"urlTemplate\":\"https:\/\/veritasinfo.org\/?s={search_term_string}\"},\"query-input\":{\"@type\":\"PropertyValueSpecification\",\"valueRequired\":true,\"valueName\":\"search_term_string\"}}],\"inLanguage\":\"en-US\"},{\"@type\":\"Person\",\"@id\":\"https:\/\/veritasinfo.org\/#\/schema\/person\/7701f8c088bece422266b100a712374f\",\"name\":\"admin\",\"image\":{\"@type\":\"ImageObject\",\"inLanguage\":\"en-US\",\"@id\":\"https:\/\/veritasinfo.org\/#\/schema\/person\/image\/\",\"url\":\"https:\/\/secure.gravatar.com\/avatar\/ea53aa3bf6c9a12d5fde8ce4deff43fef3885ae33cf60184161a50d6987cfd2f?s=96&d=mm&r=g\",\"contentUrl\":\"https:\/\/secure.gravatar.com\/avatar\/ea53aa3bf6c9a12d5fde8ce4deff43fef3885ae33cf60184161a50d6987cfd2f?s=96&d=mm&r=g\",\"caption\":\"admin\"},\"sameAs\":[\"https:\/\/veritasinfo.org\"],\"url\":\"https:\/\/veritasinfo.org\/?author=1\"}]}<\/script>\n<!-- \/ Yoast SEO plugin. -->","yoast_head_json":{"title":"D\u00ebshmitari n\u00eb rastin e Kostiqit dhe Milkoviqit: Kostiqi me tha ku je teroristi i UCK -","robots":{"index":"index","follow":"follow","max-snippet":"max-snippet:-1","max-image-preview":"max-image-preview:large","max-video-preview":"max-video-preview:-1"},"canonical":"https:\/\/veritasinfo.org\/?p=3820","og_locale":"en_US","og_type":"article","og_title":"D\u00ebshmitari n\u00eb rastin e Kostiqit dhe Milkoviqit: Kostiqi me tha ku je teroristi i UCK -","og_description":"Prishtin\u00eb, 14 Korrik 2025 N\u00eb Gjykat\u00ebn Themelore n\u00eb Prishtin\u00eb, n\u00eb gjykimin p\u00ebr krime lufte ndaj Zoran Kostiq dhe Dragan Miloviq, n\u00eb cil\u00ebsin\u00eb e d\u00ebshmitarit u","og_url":"https:\/\/veritasinfo.org\/?p=3820","article_published_time":"2025-07-14T18:46:32+00:00","og_image":[{"width":750,"height":430,"url":"https:\/\/veritasinfo.org\/wp-content\/uploads\/2025\/07\/IMG_2070.jpeg","type":"image\/jpeg"}],"author":"admin","twitter_card":"summary_large_image","twitter_misc":{"Written by":"admin","Est. reading time":"8 minutes"},"schema":{"@context":"https:\/\/schema.org","@graph":[{"@type":"WebPage","@id":"https:\/\/veritasinfo.org\/?p=3820","url":"https:\/\/veritasinfo.org\/?p=3820","name":"D\u00ebshmitari n\u00eb rastin e Kostiqit dhe Milkoviqit: Kostiqi me tha ku je teroristi i UCK -","isPartOf":{"@id":"https:\/\/veritasinfo.org\/#website"},"primaryImageOfPage":{"@id":"https:\/\/veritasinfo.org\/?p=3820#primaryimage"},"image":{"@id":"https:\/\/veritasinfo.org\/?p=3820#primaryimage"},"thumbnailUrl":"https:\/\/veritasinfo.org\/wp-content\/uploads\/2025\/07\/IMG_2070.jpeg","datePublished":"2025-07-14T18:46:32+00:00","author":{"@id":"https:\/\/veritasinfo.org\/#\/schema\/person\/7701f8c088bece422266b100a712374f"},"breadcrumb":{"@id":"https:\/\/veritasinfo.org\/?p=3820#breadcrumb"},"inLanguage":"en-US","potentialAction":[{"@type":"ReadAction","target":["https:\/\/veritasinfo.org\/?p=3820"]}]},{"@type":"ImageObject","inLanguage":"en-US","@id":"https:\/\/veritasinfo.org\/?p=3820#primaryimage","url":"https:\/\/veritasinfo.org\/wp-content\/uploads\/2025\/07\/IMG_2070.jpeg","contentUrl":"https:\/\/veritasinfo.org\/wp-content\/uploads\/2025\/07\/IMG_2070.jpeg","width":750,"height":430},{"@type":"BreadcrumbList","@id":"https:\/\/veritasinfo.org\/?p=3820#breadcrumb","itemListElement":[{"@type":"ListItem","position":1,"name":"Home","item":"https:\/\/veritasinfo.org\/"},{"@type":"ListItem","position":2,"name":"D\u00ebshmitari n\u00eb rastin e Kostiqit dhe Milkoviqit: Kostiqi me tha ku je teroristi i UCK"}]},{"@type":"WebSite","@id":"https:\/\/veritasinfo.org\/#website","url":"https:\/\/veritasinfo.org\/","name":"","description":"","potentialAction":[{"@type":"SearchAction","target":{"@type":"EntryPoint","urlTemplate":"https:\/\/veritasinfo.org\/?s={search_term_string}"},"query-input":{"@type":"PropertyValueSpecification","valueRequired":true,"valueName":"search_term_string"}}],"inLanguage":"en-US"},{"@type":"Person","@id":"https:\/\/veritasinfo.org\/#\/schema\/person\/7701f8c088bece422266b100a712374f","name":"admin","image":{"@type":"ImageObject","inLanguage":"en-US","@id":"https:\/\/veritasinfo.org\/#\/schema\/person\/image\/","url":"https:\/\/secure.gravatar.com\/avatar\/ea53aa3bf6c9a12d5fde8ce4deff43fef3885ae33cf60184161a50d6987cfd2f?s=96&d=mm&r=g","contentUrl":"https:\/\/secure.gravatar.com\/avatar\/ea53aa3bf6c9a12d5fde8ce4deff43fef3885ae33cf60184161a50d6987cfd2f?s=96&d=mm&r=g","caption":"admin"},"sameAs":["https:\/\/veritasinfo.org"],"url":"https:\/\/veritasinfo.org\/?author=1"}]}},"featured_image_urls":{"full":["https:\/\/veritasinfo.org\/wp-content\/uploads\/2025\/07\/IMG_2070.jpeg",750,430,false],"thumbnail":["https:\/\/veritasinfo.org\/wp-content\/uploads\/2025\/07\/IMG_2070-150x150.jpeg",150,150,true],"medium":["https:\/\/veritasinfo.org\/wp-content\/uploads\/2025\/07\/IMG_2070-300x172.jpeg",300,172,true],"medium_large":["https:\/\/veritasinfo.org\/wp-content\/uploads\/2025\/07\/IMG_2070.jpeg",640,367,false],"large":["https:\/\/veritasinfo.org\/wp-content\/uploads\/2025\/07\/IMG_2070.jpeg",640,367,false],"1536x1536":["https:\/\/veritasinfo.org\/wp-content\/uploads\/2025\/07\/IMG_2070.jpeg",750,430,false],"2048x2048":["https:\/\/veritasinfo.org\/wp-content\/uploads\/2025\/07\/IMG_2070.jpeg",750,430,false],"kreeti-slider-full":["https:\/\/veritasinfo.org\/wp-content\/uploads\/2025\/07\/IMG_2070.jpeg",750,430,false],"kreeti-featured":["https:\/\/veritasinfo.org\/wp-content\/uploads\/2025\/07\/IMG_2070.jpeg",750,430,false],"kreeti-medium":["https:\/\/veritasinfo.org\/wp-content\/uploads\/2025\/07\/IMG_2070.jpeg",720,413,false],"kreeti-medium-square":["https:\/\/veritasinfo.org\/wp-content\/uploads\/2025\/07\/IMG_2070.jpeg",350,201,false]},"author_info":{"info":["admin"]},"category_info":"<a href=\"https:\/\/veritasinfo.org\/?cat=60\" rel=\"category\">Shoq\u00ebrore<\/a>","tag_info":"Shoq\u00ebrore","comment_count":"0","_links":{"self":[{"href":"https:\/\/veritasinfo.org\/index.php?rest_route=\/wp\/v2\/posts\/3820","targetHints":{"allow":["GET"]}}],"collection":[{"href":"https:\/\/veritasinfo.org\/index.php?rest_route=\/wp\/v2\/posts"}],"about":[{"href":"https:\/\/veritasinfo.org\/index.php?rest_route=\/wp\/v2\/types\/post"}],"author":[{"embeddable":true,"href":"https:\/\/veritasinfo.org\/index.php?rest_route=\/wp\/v2\/users\/1"}],"replies":[{"embeddable":true,"href":"https:\/\/veritasinfo.org\/index.php?rest_route=%2Fwp%2Fv2%2Fcomments&post=3820"}],"version-history":[{"count":1,"href":"https:\/\/veritasinfo.org\/index.php?rest_route=\/wp\/v2\/posts\/3820\/revisions"}],"predecessor-version":[{"id":3822,"href":"https:\/\/veritasinfo.org\/index.php?rest_route=\/wp\/v2\/posts\/3820\/revisions\/3822"}],"wp:featuredmedia":[{"embeddable":true,"href":"https:\/\/veritasinfo.org\/index.php?rest_route=\/wp\/v2\/media\/3821"}],"wp:attachment":[{"href":"https:\/\/veritasinfo.org\/index.php?rest_route=%2Fwp%2Fv2%2Fmedia&parent=3820"}],"wp:term":[{"taxonomy":"category","embeddable":true,"href":"https:\/\/veritasinfo.org\/index.php?rest_route=%2Fwp%2Fv2%2Fcategories&post=3820"},{"taxonomy":"post_tag","embeddable":true,"href":"https:\/\/veritasinfo.org\/index.php?rest_route=%2Fwp%2Fv2%2Ftags&post=3820"}],"curies":[{"name":"wp","href":"https:\/\/api.w.org\/{rel}","templated":true}]}}