{"id":382,"date":"2025-06-12T09:24:47","date_gmt":"2025-06-12T09:24:47","guid":{"rendered":"https:\/\/veritasinfo.org\/?p=382"},"modified":"2025-06-12T09:24:47","modified_gmt":"2025-06-12T09:24:47","slug":"slucaj-banjska-svedocenje-policajca-eksplozija-me-je-izbacila-iz-ravnoteze-napadaci-su-bili-blizu","status":"publish","type":"post","link":"https:\/\/veritasinfo.org\/?p=382&lang=sr","title":{"rendered":"Slu\u010daj \u201eBanjska\u201c, svedo\u010denje policajca: Eksplozija me je izbacila iz ravnote\u017ee, napada\u010di su bili blizu"},"content":{"rendered":"<p>Su\u0111enje u Osnovnom sudu u Pri\u0161tini nastavljeno je danas u slu\u010daju oru\u017eanog napada u selu Banjska, Zve\u010dan, koji se dogodio 24. septembra pro\u0161le godine. Na ovoj sednici saslu\u0161an je iskaz policajca Eleza Pecija, koji je prepri\u010dao dramati\u010dne trenutke tragi\u010dne noc\u0301i kada je ubijen narednik Afrim Bunjaku.<\/p>\n<p>U svom svedo\u010denju pred sudskim vec\u0301em, Peci je govorio o okolnostima u kojima je operacija po\u010dela i trenucima koji su prethodili napadu.<\/p>\n<p>\u201ePo\u0161tovani sude, veoma, veoma sam duhovno povre\u0111en gubitkom narednika Afrima Bunjakua. 23. septembra, operativni plan je bio 12 sati zbog situacije. Kao i uvek, narednik Afrim Bunjaku je pravio raspored ko gde radi. Kao i obi\u010dno, po\u010deli smo sa patrolama. Do 2 sata smo bili na terenu zajedno sa Fahrijem \u0160aljom. Negde oko 2 sata smo se vratili u stanicu\u201c, izjavio je Peci.<\/p>\n<p>On je naveo da je dobio nare\u0111enje od narednika Bunjakua da ide ka selu Banjska, nakon \u0161to ga je NJN\u0160 obavestio o blokadi puta kamionima.<\/p>\n<p>\u201eKomandna soba je obave\u0161tena od strane Jedinice za brze intervencije putem radija da su dva kamiona postavljena na mostu u selu Banjska, blokirajuc\u0301i put. Pokojni narednik Afrim Bunjaku je pozvao mene, Fahrija \u0160alju i Sadata Du\u0161ina, dao nam zadatke i bili smo opremljeni. Bio sam u vozilu sa narednikom Afrimom Bunjakuom\u201c, rekao je on.<\/p>\n<p>Usput su zaustavili vozilo u kojem su prona\u0161li antenu Kosovske policije, ali su nastavili dalje jer osoba nije bila tra\u017eena.<\/p>\n<p>Dalje, Peci je opisao detalje nasilnog napada i trenutak kada se dogodila eksplozija koja je potresla podru\u010dje i odnela \u017eivot narednika Bunjakua.<\/p>\n<p>\u201eU tom trenutku je do\u0161lo do veoma jake detonacije, toliko jake da sam izgubio ravnote\u017eu. Oporavio sam se, ali su usledili pucnji razli\u010ditih kalibara. Kada ovo ka\u017eem, odslu\u017eio sam vojni rok, znam kalibre&#8230; Bilo je pucnjeva u obliku polumeseca od \u0161kole sa leve strane do hotela gde je sada Kosovska po\u0161ta. Napada\u010di su bili veoma blizu, na 10-15 metara\u201c, svedo\u010dio je.<\/p>\n","protected":false},"excerpt":{"rendered":"<p>Su\u0111enje u Osnovnom sudu u Pri\u0161tini nastavljeno je danas u slu\u010daju oru\u017eanog napada u selu Banjska, Zve\u010dan, koji se dogodio 24. septembra pro\u0161le godine. Na<\/p>\n","protected":false},"author":2,"featured_media":383,"comment_status":"open","ping_status":"open","sticky":false,"template":"","format":"standard","meta":{"footnotes":""},"categories":[28],"tags":[],"class_list":["post-382","post","type-post","status-publish","format-standard","has-post-thumbnail","hentry","category-politika"],"yoast_head":"<!-- This site is optimized with the Yoast SEO plugin v25.3.1 - https:\/\/yoast.com\/wordpress\/plugins\/seo\/ -->\n<title>Slu\u010daj \u201eBanjska\u201c, svedo\u010denje policajca: Eksplozija me je izbacila iz ravnote\u017ee, napada\u010di su bili blizu -<\/title>\n<meta name=\"robots\" content=\"index, follow, max-snippet:-1, max-image-preview:large, max-video-preview:-1\" \/>\n<link rel=\"canonical\" href=\"https:\/\/veritasinfo.org\/?p=382&lang=sr\" \/>\n<meta property=\"og:locale\" content=\"en_US\" \/>\n<meta property=\"og:type\" content=\"article\" \/>\n<meta property=\"og:title\" content=\"Slu\u010daj \u201eBanjska\u201c, svedo\u010denje policajca: Eksplozija me je izbacila iz ravnote\u017ee, napada\u010di su bili blizu -\" \/>\n<meta property=\"og:description\" content=\"Su\u0111enje u Osnovnom sudu u Pri\u0161tini nastavljeno je danas u slu\u010daju oru\u017eanog napada u selu Banjska, Zve\u010dan, koji se dogodio 24. septembra pro\u0161le godine. Na\" \/>\n<meta property=\"og:url\" content=\"https:\/\/veritasinfo.org\/?p=382&amp;lang=sr\" \/>\n<meta property=\"article:published_time\" content=\"2025-06-12T09:24:47+00:00\" \/>\n<meta property=\"og:image\" content=\"https:\/\/veritasinfo.org\/wp-content\/uploads\/2025\/06\/banjska-2.jpeg\" \/>\n\t<meta property=\"og:image:width\" content=\"780\" \/>\n\t<meta property=\"og:image:height\" content=\"500\" \/>\n\t<meta property=\"og:image:type\" content=\"image\/jpeg\" \/>\n<meta name=\"author\" content=\"US1\" \/>\n<meta name=\"twitter:card\" content=\"summary_large_image\" \/>\n<meta name=\"twitter:label1\" content=\"Written by\" \/>\n\t<meta name=\"twitter:data1\" content=\"US1\" \/>\n\t<meta name=\"twitter:label2\" content=\"Est. reading time\" \/>\n\t<meta name=\"twitter:data2\" content=\"2 minutes\" \/>\n<script type=\"application\/ld+json\" class=\"yoast-schema-graph\">{\"@context\":\"https:\/\/schema.org\",\"@graph\":[{\"@type\":\"WebPage\",\"@id\":\"https:\/\/veritasinfo.org\/?p=382&lang=sr\",\"url\":\"https:\/\/veritasinfo.org\/?p=382&lang=sr\",\"name\":\"Slu\u010daj \u201eBanjska\u201c, svedo\u010denje policajca: Eksplozija me je izbacila iz ravnote\u017ee, napada\u010di su bili blizu -\",\"isPartOf\":{\"@id\":\"https:\/\/veritasinfo.org\/#website\"},\"primaryImageOfPage\":{\"@id\":\"https:\/\/veritasinfo.org\/?p=382&lang=sr#primaryimage\"},\"image\":{\"@id\":\"https:\/\/veritasinfo.org\/?p=382&lang=sr#primaryimage\"},\"thumbnailUrl\":\"https:\/\/veritasinfo.org\/wp-content\/uploads\/2025\/06\/banjska-2.jpeg\",\"datePublished\":\"2025-06-12T09:24:47+00:00\",\"author\":{\"@id\":\"https:\/\/veritasinfo.org\/#\/schema\/person\/c2b8be262ea994d0995addca692c5e98\"},\"breadcrumb\":{\"@id\":\"https:\/\/veritasinfo.org\/?p=382&lang=sr#breadcrumb\"},\"inLanguage\":\"en-US\",\"potentialAction\":[{\"@type\":\"ReadAction\",\"target\":[\"https:\/\/veritasinfo.org\/?p=382&lang=sr\"]}]},{\"@type\":\"ImageObject\",\"inLanguage\":\"en-US\",\"@id\":\"https:\/\/veritasinfo.org\/?p=382&lang=sr#primaryimage\",\"url\":\"https:\/\/veritasinfo.org\/wp-content\/uploads\/2025\/06\/banjska-2.jpeg\",\"contentUrl\":\"https:\/\/veritasinfo.org\/wp-content\/uploads\/2025\/06\/banjska-2.jpeg\",\"width\":780,\"height\":500},{\"@type\":\"BreadcrumbList\",\"@id\":\"https:\/\/veritasinfo.org\/?p=382&lang=sr#breadcrumb\",\"itemListElement\":[{\"@type\":\"ListItem\",\"position\":1,\"name\":\"Home\",\"item\":\"https:\/\/veritasinfo.org\/\"},{\"@type\":\"ListItem\",\"position\":2,\"name\":\"Slu\u010daj \u201eBanjska\u201c, svedo\u010denje policajca: Eksplozija me je izbacila iz ravnote\u017ee, napada\u010di su bili blizu\"}]},{\"@type\":\"WebSite\",\"@id\":\"https:\/\/veritasinfo.org\/#website\",\"url\":\"https:\/\/veritasinfo.org\/\",\"name\":\"\",\"description\":\"\",\"potentialAction\":[{\"@type\":\"SearchAction\",\"target\":{\"@type\":\"EntryPoint\",\"urlTemplate\":\"https:\/\/veritasinfo.org\/?s={search_term_string}\"},\"query-input\":{\"@type\":\"PropertyValueSpecification\",\"valueRequired\":true,\"valueName\":\"search_term_string\"}}],\"inLanguage\":\"en-US\"},{\"@type\":\"Person\",\"@id\":\"https:\/\/veritasinfo.org\/#\/schema\/person\/c2b8be262ea994d0995addca692c5e98\",\"name\":\"US1\",\"image\":{\"@type\":\"ImageObject\",\"inLanguage\":\"en-US\",\"@id\":\"https:\/\/veritasinfo.org\/#\/schema\/person\/image\/\",\"url\":\"https:\/\/secure.gravatar.com\/avatar\/4e96a59bd256abf9956eb9963ac891a47461ffb364d47b0e9aab113328fdb75b?s=96&d=mm&r=g\",\"contentUrl\":\"https:\/\/secure.gravatar.com\/avatar\/4e96a59bd256abf9956eb9963ac891a47461ffb364d47b0e9aab113328fdb75b?s=96&d=mm&r=g\",\"caption\":\"US1\"},\"url\":\"https:\/\/veritasinfo.org\/?author=2\"}]}<\/script>\n<!-- \/ Yoast SEO plugin. -->","yoast_head_json":{"title":"Slu\u010daj \u201eBanjska\u201c, svedo\u010denje policajca: Eksplozija me je izbacila iz ravnote\u017ee, napada\u010di su bili blizu -","robots":{"index":"index","follow":"follow","max-snippet":"max-snippet:-1","max-image-preview":"max-image-preview:large","max-video-preview":"max-video-preview:-1"},"canonical":"https:\/\/veritasinfo.org\/?p=382&lang=sr","og_locale":"en_US","og_type":"article","og_title":"Slu\u010daj \u201eBanjska\u201c, svedo\u010denje policajca: Eksplozija me je izbacila iz ravnote\u017ee, napada\u010di su bili blizu -","og_description":"Su\u0111enje u Osnovnom sudu u Pri\u0161tini nastavljeno je danas u slu\u010daju oru\u017eanog napada u selu Banjska, Zve\u010dan, koji se dogodio 24. septembra pro\u0161le godine. Na","og_url":"https:\/\/veritasinfo.org\/?p=382&lang=sr","article_published_time":"2025-06-12T09:24:47+00:00","og_image":[{"width":780,"height":500,"url":"https:\/\/veritasinfo.org\/wp-content\/uploads\/2025\/06\/banjska-2.jpeg","type":"image\/jpeg"}],"author":"US1","twitter_card":"summary_large_image","twitter_misc":{"Written by":"US1","Est. reading time":"2 minutes"},"schema":{"@context":"https:\/\/schema.org","@graph":[{"@type":"WebPage","@id":"https:\/\/veritasinfo.org\/?p=382&lang=sr","url":"https:\/\/veritasinfo.org\/?p=382&lang=sr","name":"Slu\u010daj \u201eBanjska\u201c, svedo\u010denje policajca: Eksplozija me je izbacila iz ravnote\u017ee, napada\u010di su bili blizu -","isPartOf":{"@id":"https:\/\/veritasinfo.org\/#website"},"primaryImageOfPage":{"@id":"https:\/\/veritasinfo.org\/?p=382&lang=sr#primaryimage"},"image":{"@id":"https:\/\/veritasinfo.org\/?p=382&lang=sr#primaryimage"},"thumbnailUrl":"https:\/\/veritasinfo.org\/wp-content\/uploads\/2025\/06\/banjska-2.jpeg","datePublished":"2025-06-12T09:24:47+00:00","author":{"@id":"https:\/\/veritasinfo.org\/#\/schema\/person\/c2b8be262ea994d0995addca692c5e98"},"breadcrumb":{"@id":"https:\/\/veritasinfo.org\/?p=382&lang=sr#breadcrumb"},"inLanguage":"en-US","potentialAction":[{"@type":"ReadAction","target":["https:\/\/veritasinfo.org\/?p=382&lang=sr"]}]},{"@type":"ImageObject","inLanguage":"en-US","@id":"https:\/\/veritasinfo.org\/?p=382&lang=sr#primaryimage","url":"https:\/\/veritasinfo.org\/wp-content\/uploads\/2025\/06\/banjska-2.jpeg","contentUrl":"https:\/\/veritasinfo.org\/wp-content\/uploads\/2025\/06\/banjska-2.jpeg","width":780,"height":500},{"@type":"BreadcrumbList","@id":"https:\/\/veritasinfo.org\/?p=382&lang=sr#breadcrumb","itemListElement":[{"@type":"ListItem","position":1,"name":"Home","item":"https:\/\/veritasinfo.org\/"},{"@type":"ListItem","position":2,"name":"Slu\u010daj \u201eBanjska\u201c, svedo\u010denje policajca: Eksplozija me je izbacila iz ravnote\u017ee, napada\u010di su bili blizu"}]},{"@type":"WebSite","@id":"https:\/\/veritasinfo.org\/#website","url":"https:\/\/veritasinfo.org\/","name":"","description":"","potentialAction":[{"@type":"SearchAction","target":{"@type":"EntryPoint","urlTemplate":"https:\/\/veritasinfo.org\/?s={search_term_string}"},"query-input":{"@type":"PropertyValueSpecification","valueRequired":true,"valueName":"search_term_string"}}],"inLanguage":"en-US"},{"@type":"Person","@id":"https:\/\/veritasinfo.org\/#\/schema\/person\/c2b8be262ea994d0995addca692c5e98","name":"US1","image":{"@type":"ImageObject","inLanguage":"en-US","@id":"https:\/\/veritasinfo.org\/#\/schema\/person\/image\/","url":"https:\/\/secure.gravatar.com\/avatar\/4e96a59bd256abf9956eb9963ac891a47461ffb364d47b0e9aab113328fdb75b?s=96&d=mm&r=g","contentUrl":"https:\/\/secure.gravatar.com\/avatar\/4e96a59bd256abf9956eb9963ac891a47461ffb364d47b0e9aab113328fdb75b?s=96&d=mm&r=g","caption":"US1"},"url":"https:\/\/veritasinfo.org\/?author=2"}]}},"featured_image_urls":{"full":["https:\/\/veritasinfo.org\/wp-content\/uploads\/2025\/06\/banjska-2.jpeg",780,500,false],"thumbnail":["https:\/\/veritasinfo.org\/wp-content\/uploads\/2025\/06\/banjska-2-150x150.jpeg",150,150,true],"medium":["https:\/\/veritasinfo.org\/wp-content\/uploads\/2025\/06\/banjska-2-300x192.jpeg",300,192,true],"medium_large":["https:\/\/veritasinfo.org\/wp-content\/uploads\/2025\/06\/banjska-2-768x492.jpeg",640,410,true],"large":["https:\/\/veritasinfo.org\/wp-content\/uploads\/2025\/06\/banjska-2.jpeg",640,410,false],"1536x1536":["https:\/\/veritasinfo.org\/wp-content\/uploads\/2025\/06\/banjska-2.jpeg",780,500,false],"2048x2048":["https:\/\/veritasinfo.org\/wp-content\/uploads\/2025\/06\/banjska-2.jpeg",780,500,false],"kreeti-slider-full":["https:\/\/veritasinfo.org\/wp-content\/uploads\/2025\/06\/banjska-2.jpeg",780,500,false],"kreeti-featured":["https:\/\/veritasinfo.org\/wp-content\/uploads\/2025\/06\/banjska-2.jpeg",780,500,false],"kreeti-medium":["https:\/\/veritasinfo.org\/wp-content\/uploads\/2025\/06\/banjska-2.jpeg",720,462,false],"kreeti-medium-square":["https:\/\/veritasinfo.org\/wp-content\/uploads\/2025\/06\/banjska-2.jpeg",350,224,false]},"author_info":{"info":["US1"]},"category_info":"<a href=\"https:\/\/veritasinfo.org\/?cat=28&#038;lang=sr\" rel=\"category\">Politika<\/a>","tag_info":"Politika","comment_count":"0","_links":{"self":[{"href":"https:\/\/veritasinfo.org\/index.php?rest_route=\/wp\/v2\/posts\/382","targetHints":{"allow":["GET"]}}],"collection":[{"href":"https:\/\/veritasinfo.org\/index.php?rest_route=\/wp\/v2\/posts"}],"about":[{"href":"https:\/\/veritasinfo.org\/index.php?rest_route=\/wp\/v2\/types\/post"}],"author":[{"embeddable":true,"href":"https:\/\/veritasinfo.org\/index.php?rest_route=\/wp\/v2\/users\/2"}],"replies":[{"embeddable":true,"href":"https:\/\/veritasinfo.org\/index.php?rest_route=%2Fwp%2Fv2%2Fcomments&post=382"}],"version-history":[{"count":1,"href":"https:\/\/veritasinfo.org\/index.php?rest_route=\/wp\/v2\/posts\/382\/revisions"}],"predecessor-version":[{"id":384,"href":"https:\/\/veritasinfo.org\/index.php?rest_route=\/wp\/v2\/posts\/382\/revisions\/384"}],"wp:featuredmedia":[{"embeddable":true,"href":"https:\/\/veritasinfo.org\/index.php?rest_route=\/wp\/v2\/media\/383"}],"wp:attachment":[{"href":"https:\/\/veritasinfo.org\/index.php?rest_route=%2Fwp%2Fv2%2Fmedia&parent=382"}],"wp:term":[{"taxonomy":"category","embeddable":true,"href":"https:\/\/veritasinfo.org\/index.php?rest_route=%2Fwp%2Fv2%2Fcategories&post=382"},{"taxonomy":"post_tag","embeddable":true,"href":"https:\/\/veritasinfo.org\/index.php?rest_route=%2Fwp%2Fv2%2Ftags&post=382"}],"curies":[{"name":"wp","href":"https:\/\/api.w.org\/{rel}","templated":true}]}}