{"id":38198,"date":"2026-03-17T13:07:45","date_gmt":"2026-03-17T12:07:45","guid":{"rendered":"https:\/\/veritasinfo.org\/?p=38198"},"modified":"2026-03-17T13:07:45","modified_gmt":"2026-03-17T12:07:45","slug":"ek-potvrdjuje-ukidanje-svih-mera-protiv-kosova","status":"publish","type":"post","link":"https:\/\/veritasinfo.org\/?p=38198&lang=sr","title":{"rendered":"EK potvr\u0111uje ukidanje svih mera protiv Kosova"},"content":{"rendered":"<p>Pri\u0161tina, 17. mart 2026. 12:49<\/p>\n<p>Evropska komisija je potvrdila da su sve finansijske mere protiv Kosova ukinute. Ovo je objavljeno tokom debate o izve\u0161taju o Kosovu koja se odr\u017eala u Evropskom parlamentu.<\/p>\n<p>\u201eMogu da potvrdim da je Evropska komisija oslobodila svu finansijsku pomoc\u0301 koja je ranije bila pod merama i tako\u0111e planiramo da se u potpunosti ponovo anga\u017eujemo sa na\u0161im kolegama na Kosovu kako bismo Kosovo vratili na pravi put ka svojoj EU agendi\u201c, rekao je Jiri Plec\u0301iti, predstavnik Evropske komisije.<\/p>\n<p>Tokom debate izra\u017eeno je \u017ealjenje zbog izgubljene godine na Kosovu zbog politi\u010dke blokade koja je pro\u017eimala celu 2025. godinu.<\/p>\n<p>Izvestilac za Kosovo u Evropskom parlamentu naglasio je da je zemlja u potpunoj politi\u010dkoj paralizi, \u0161to je tako\u0111e imalo posledice po proces reformi.<\/p>\n<p>\u017dao mi je \u0161to su neizvesnost i politi\u010dki zastoj zna\u010dajno usporili neophodne reforme koje Evropska unija o\u010dekuje od kandidata, a koje su tako\u0111e o\u010digledno vitalne za samu zemlju. Postoje veoma jasne oblasti u kojima je Kosovo zna\u010dajno nazadovalo u protekloj godini\u201c, rekao je Riho Teras, izvestilac za Kosovo u EP.<\/p>\n<p>Na debati su bili prisutni i predstavnici evropskih institucija, koji su pozdravili sporazum o Zakonu o strancima, postignut nekoliko dana ranije u Pri\u0161tini.<\/p>\n<p>\u201ePro\u0161log vikenda u Pri\u0161tini, zahvaljujuc\u0301i posredovanju EU, prona\u0111en je put napred za sprovo\u0111enje Zakona o strancima na Kosovu. Pozdravljamo korake koje je Kosovo preduzelo u vezi sa o\u010duvanjem vladavine prava. Ovo c\u0301e omoguc\u0301iti kosovskim Srbima da nastave da legalno borave, studiraju i rade na Kosovu, u skladu sa kosovskim zakonima\u201c, rekla je An Kempajnen iz Evropske slu\u017ebe za spoljne poslove (EEAS).<\/p>\n<p>Ovaj sporazum, prema evropskim predstavnicima, je jo\u0161 jedan dokaz da dijalog donosi rezultate. Normalizacija odnosa, kako je navedeno, ostaje klju\u010dni uslov za napredak i Kosova i Srbije na evropskom putu.<\/p>\n","protected":false},"excerpt":{"rendered":"<p>Pri\u0161tina, 17. mart 2026. 12:49 Evropska komisija je potvrdila da su sve finansijske mere protiv Kosova ukinute. Ovo je objavljeno tokom debate o izve\u0161taju o<\/p>\n","protected":false},"author":7,"featured_media":38196,"comment_status":"open","ping_status":"open","sticky":false,"template":"","format":"standard","meta":{"footnotes":""},"categories":[28],"tags":[],"class_list":["post-38198","post","type-post","status-publish","format-standard","has-post-thumbnail","hentry","category-politika"],"yoast_head":"<!-- This site is optimized with the Yoast SEO plugin v25.3.1 - https:\/\/yoast.com\/wordpress\/plugins\/seo\/ -->\n<title>EK potvr\u0111uje ukidanje svih mera protiv Kosova -<\/title>\n<meta name=\"robots\" content=\"index, follow, max-snippet:-1, max-image-preview:large, max-video-preview:-1\" \/>\n<link rel=\"canonical\" href=\"https:\/\/veritasinfo.org\/?p=38198&lang=sr\" \/>\n<meta property=\"og:locale\" content=\"en_US\" \/>\n<meta property=\"og:type\" content=\"article\" \/>\n<meta property=\"og:title\" content=\"EK potvr\u0111uje ukidanje svih mera protiv Kosova -\" \/>\n<meta property=\"og:description\" content=\"Pri\u0161tina, 17. mart 2026. 12:49 Evropska komisija je potvrdila da su sve finansijske mere protiv Kosova ukinute. Ovo je objavljeno tokom debate o izve\u0161taju o\" \/>\n<meta property=\"og:url\" content=\"https:\/\/veritasinfo.org\/?p=38198&amp;lang=sr\" \/>\n<meta property=\"article:published_time\" content=\"2026-03-17T12:07:45+00:00\" \/>\n<meta property=\"og:image\" content=\"https:\/\/veritasinfo.org\/wp-content\/uploads\/2026\/03\/images-18.jpeg\" \/>\n\t<meta property=\"og:image:width\" content=\"588\" \/>\n\t<meta property=\"og:image:height\" content=\"330\" \/>\n\t<meta property=\"og:image:type\" content=\"image\/jpeg\" \/>\n<meta name=\"author\" content=\"US6\" \/>\n<meta name=\"twitter:card\" content=\"summary_large_image\" \/>\n<meta name=\"twitter:label1\" content=\"Written by\" \/>\n\t<meta name=\"twitter:data1\" content=\"US6\" \/>\n\t<meta name=\"twitter:label2\" content=\"Est. reading time\" \/>\n\t<meta name=\"twitter:data2\" content=\"2 minutes\" \/>\n<script type=\"application\/ld+json\" class=\"yoast-schema-graph\">{\"@context\":\"https:\/\/schema.org\",\"@graph\":[{\"@type\":\"WebPage\",\"@id\":\"https:\/\/veritasinfo.org\/?p=38198&lang=sr\",\"url\":\"https:\/\/veritasinfo.org\/?p=38198&lang=sr\",\"name\":\"EK potvr\u0111uje ukidanje svih mera protiv Kosova -\",\"isPartOf\":{\"@id\":\"https:\/\/veritasinfo.org\/#website\"},\"primaryImageOfPage\":{\"@id\":\"https:\/\/veritasinfo.org\/?p=38198&lang=sr#primaryimage\"},\"image\":{\"@id\":\"https:\/\/veritasinfo.org\/?p=38198&lang=sr#primaryimage\"},\"thumbnailUrl\":\"https:\/\/veritasinfo.org\/wp-content\/uploads\/2026\/03\/images-18.jpeg\",\"datePublished\":\"2026-03-17T12:07:45+00:00\",\"author\":{\"@id\":\"https:\/\/veritasinfo.org\/#\/schema\/person\/fe199eede04c3937362892b7444747cc\"},\"breadcrumb\":{\"@id\":\"https:\/\/veritasinfo.org\/?p=38198&lang=sr#breadcrumb\"},\"inLanguage\":\"en-US\",\"potentialAction\":[{\"@type\":\"ReadAction\",\"target\":[\"https:\/\/veritasinfo.org\/?p=38198&lang=sr\"]}]},{\"@type\":\"ImageObject\",\"inLanguage\":\"en-US\",\"@id\":\"https:\/\/veritasinfo.org\/?p=38198&lang=sr#primaryimage\",\"url\":\"https:\/\/veritasinfo.org\/wp-content\/uploads\/2026\/03\/images-18.jpeg\",\"contentUrl\":\"https:\/\/veritasinfo.org\/wp-content\/uploads\/2026\/03\/images-18.jpeg\",\"width\":588,\"height\":330},{\"@type\":\"BreadcrumbList\",\"@id\":\"https:\/\/veritasinfo.org\/?p=38198&lang=sr#breadcrumb\",\"itemListElement\":[{\"@type\":\"ListItem\",\"position\":1,\"name\":\"Home\",\"item\":\"https:\/\/veritasinfo.org\/\"},{\"@type\":\"ListItem\",\"position\":2,\"name\":\"EK potvr\u0111uje ukidanje svih mera protiv Kosova\"}]},{\"@type\":\"WebSite\",\"@id\":\"https:\/\/veritasinfo.org\/#website\",\"url\":\"https:\/\/veritasinfo.org\/\",\"name\":\"\",\"description\":\"\",\"potentialAction\":[{\"@type\":\"SearchAction\",\"target\":{\"@type\":\"EntryPoint\",\"urlTemplate\":\"https:\/\/veritasinfo.org\/?s={search_term_string}\"},\"query-input\":{\"@type\":\"PropertyValueSpecification\",\"valueRequired\":true,\"valueName\":\"search_term_string\"}}],\"inLanguage\":\"en-US\"},{\"@type\":\"Person\",\"@id\":\"https:\/\/veritasinfo.org\/#\/schema\/person\/fe199eede04c3937362892b7444747cc\",\"name\":\"US6\",\"image\":{\"@type\":\"ImageObject\",\"inLanguage\":\"en-US\",\"@id\":\"https:\/\/veritasinfo.org\/#\/schema\/person\/image\/\",\"url\":\"https:\/\/secure.gravatar.com\/avatar\/cb16c3c31c9d23b9b8c705964598220b3014e42ff51eb540ff23cefa3ae8c15f?s=96&d=mm&r=g\",\"contentUrl\":\"https:\/\/secure.gravatar.com\/avatar\/cb16c3c31c9d23b9b8c705964598220b3014e42ff51eb540ff23cefa3ae8c15f?s=96&d=mm&r=g\",\"caption\":\"US6\"},\"url\":\"https:\/\/veritasinfo.org\/?author=7\"}]}<\/script>\n<!-- \/ Yoast SEO plugin. -->","yoast_head_json":{"title":"EK potvr\u0111uje ukidanje svih mera protiv Kosova -","robots":{"index":"index","follow":"follow","max-snippet":"max-snippet:-1","max-image-preview":"max-image-preview:large","max-video-preview":"max-video-preview:-1"},"canonical":"https:\/\/veritasinfo.org\/?p=38198&lang=sr","og_locale":"en_US","og_type":"article","og_title":"EK potvr\u0111uje ukidanje svih mera protiv Kosova -","og_description":"Pri\u0161tina, 17. mart 2026. 12:49 Evropska komisija je potvrdila da su sve finansijske mere protiv Kosova ukinute. Ovo je objavljeno tokom debate o izve\u0161taju o","og_url":"https:\/\/veritasinfo.org\/?p=38198&lang=sr","article_published_time":"2026-03-17T12:07:45+00:00","og_image":[{"width":588,"height":330,"url":"https:\/\/veritasinfo.org\/wp-content\/uploads\/2026\/03\/images-18.jpeg","type":"image\/jpeg"}],"author":"US6","twitter_card":"summary_large_image","twitter_misc":{"Written by":"US6","Est. reading time":"2 minutes"},"schema":{"@context":"https:\/\/schema.org","@graph":[{"@type":"WebPage","@id":"https:\/\/veritasinfo.org\/?p=38198&lang=sr","url":"https:\/\/veritasinfo.org\/?p=38198&lang=sr","name":"EK potvr\u0111uje ukidanje svih mera protiv Kosova -","isPartOf":{"@id":"https:\/\/veritasinfo.org\/#website"},"primaryImageOfPage":{"@id":"https:\/\/veritasinfo.org\/?p=38198&lang=sr#primaryimage"},"image":{"@id":"https:\/\/veritasinfo.org\/?p=38198&lang=sr#primaryimage"},"thumbnailUrl":"https:\/\/veritasinfo.org\/wp-content\/uploads\/2026\/03\/images-18.jpeg","datePublished":"2026-03-17T12:07:45+00:00","author":{"@id":"https:\/\/veritasinfo.org\/#\/schema\/person\/fe199eede04c3937362892b7444747cc"},"breadcrumb":{"@id":"https:\/\/veritasinfo.org\/?p=38198&lang=sr#breadcrumb"},"inLanguage":"en-US","potentialAction":[{"@type":"ReadAction","target":["https:\/\/veritasinfo.org\/?p=38198&lang=sr"]}]},{"@type":"ImageObject","inLanguage":"en-US","@id":"https:\/\/veritasinfo.org\/?p=38198&lang=sr#primaryimage","url":"https:\/\/veritasinfo.org\/wp-content\/uploads\/2026\/03\/images-18.jpeg","contentUrl":"https:\/\/veritasinfo.org\/wp-content\/uploads\/2026\/03\/images-18.jpeg","width":588,"height":330},{"@type":"BreadcrumbList","@id":"https:\/\/veritasinfo.org\/?p=38198&lang=sr#breadcrumb","itemListElement":[{"@type":"ListItem","position":1,"name":"Home","item":"https:\/\/veritasinfo.org\/"},{"@type":"ListItem","position":2,"name":"EK potvr\u0111uje ukidanje svih mera protiv Kosova"}]},{"@type":"WebSite","@id":"https:\/\/veritasinfo.org\/#website","url":"https:\/\/veritasinfo.org\/","name":"","description":"","potentialAction":[{"@type":"SearchAction","target":{"@type":"EntryPoint","urlTemplate":"https:\/\/veritasinfo.org\/?s={search_term_string}"},"query-input":{"@type":"PropertyValueSpecification","valueRequired":true,"valueName":"search_term_string"}}],"inLanguage":"en-US"},{"@type":"Person","@id":"https:\/\/veritasinfo.org\/#\/schema\/person\/fe199eede04c3937362892b7444747cc","name":"US6","image":{"@type":"ImageObject","inLanguage":"en-US","@id":"https:\/\/veritasinfo.org\/#\/schema\/person\/image\/","url":"https:\/\/secure.gravatar.com\/avatar\/cb16c3c31c9d23b9b8c705964598220b3014e42ff51eb540ff23cefa3ae8c15f?s=96&d=mm&r=g","contentUrl":"https:\/\/secure.gravatar.com\/avatar\/cb16c3c31c9d23b9b8c705964598220b3014e42ff51eb540ff23cefa3ae8c15f?s=96&d=mm&r=g","caption":"US6"},"url":"https:\/\/veritasinfo.org\/?author=7"}]}},"featured_image_urls":{"full":["https:\/\/veritasinfo.org\/wp-content\/uploads\/2026\/03\/images-18.jpeg",588,330,false],"thumbnail":["https:\/\/veritasinfo.org\/wp-content\/uploads\/2026\/03\/images-18-150x150.jpeg",150,150,true],"medium":["https:\/\/veritasinfo.org\/wp-content\/uploads\/2026\/03\/images-18-300x168.jpeg",300,168,true],"medium_large":["https:\/\/veritasinfo.org\/wp-content\/uploads\/2026\/03\/images-18.jpeg",588,330,false],"large":["https:\/\/veritasinfo.org\/wp-content\/uploads\/2026\/03\/images-18.jpeg",588,330,false],"1536x1536":["https:\/\/veritasinfo.org\/wp-content\/uploads\/2026\/03\/images-18.jpeg",588,330,false],"2048x2048":["https:\/\/veritasinfo.org\/wp-content\/uploads\/2026\/03\/images-18.jpeg",588,330,false],"kreeti-slider-full":["https:\/\/veritasinfo.org\/wp-content\/uploads\/2026\/03\/images-18.jpeg",588,330,false],"kreeti-featured":["https:\/\/veritasinfo.org\/wp-content\/uploads\/2026\/03\/images-18.jpeg",588,330,false],"kreeti-medium":["https:\/\/veritasinfo.org\/wp-content\/uploads\/2026\/03\/images-18.jpeg",588,330,false],"kreeti-medium-square":["https:\/\/veritasinfo.org\/wp-content\/uploads\/2026\/03\/images-18.jpeg",350,196,false]},"author_info":{"info":["US6"]},"category_info":"<a href=\"https:\/\/veritasinfo.org\/?cat=28&#038;lang=sr\" rel=\"category\">Politika<\/a>","tag_info":"Politika","comment_count":"0","_links":{"self":[{"href":"https:\/\/veritasinfo.org\/index.php?rest_route=\/wp\/v2\/posts\/38198","targetHints":{"allow":["GET"]}}],"collection":[{"href":"https:\/\/veritasinfo.org\/index.php?rest_route=\/wp\/v2\/posts"}],"about":[{"href":"https:\/\/veritasinfo.org\/index.php?rest_route=\/wp\/v2\/types\/post"}],"author":[{"embeddable":true,"href":"https:\/\/veritasinfo.org\/index.php?rest_route=\/wp\/v2\/users\/7"}],"replies":[{"embeddable":true,"href":"https:\/\/veritasinfo.org\/index.php?rest_route=%2Fwp%2Fv2%2Fcomments&post=38198"}],"version-history":[{"count":1,"href":"https:\/\/veritasinfo.org\/index.php?rest_route=\/wp\/v2\/posts\/38198\/revisions"}],"predecessor-version":[{"id":38199,"href":"https:\/\/veritasinfo.org\/index.php?rest_route=\/wp\/v2\/posts\/38198\/revisions\/38199"}],"wp:featuredmedia":[{"embeddable":true,"href":"https:\/\/veritasinfo.org\/index.php?rest_route=\/wp\/v2\/media\/38196"}],"wp:attachment":[{"href":"https:\/\/veritasinfo.org\/index.php?rest_route=%2Fwp%2Fv2%2Fmedia&parent=38198"}],"wp:term":[{"taxonomy":"category","embeddable":true,"href":"https:\/\/veritasinfo.org\/index.php?rest_route=%2Fwp%2Fv2%2Fcategories&post=38198"},{"taxonomy":"post_tag","embeddable":true,"href":"https:\/\/veritasinfo.org\/index.php?rest_route=%2Fwp%2Fv2%2Ftags&post=38198"}],"curies":[{"name":"wp","href":"https:\/\/api.w.org\/{rel}","templated":true}]}}