{"id":38190,"date":"2026-03-17T12:43:52","date_gmt":"2026-03-17T11:43:52","guid":{"rendered":"https:\/\/veritasinfo.org\/?p=38190"},"modified":"2026-03-17T12:43:52","modified_gmt":"2026-03-17T11:43:52","slug":"politikanet-serbe-selektojne-viktimat-e-trazirave-te-marsit-te-vitit-2004","status":"publish","type":"post","link":"https:\/\/veritasinfo.org\/?p=38190","title":{"rendered":"Politikan\u00ebt serb\u00eb selektojn\u00eb viktimat e trazirave t\u00eb marsit t\u00eb vitit 2004"},"content":{"rendered":"<p style=\"text-align: right;\">Mitrovic\u00eb, 17 mars 2026 12:43<\/p>\n<p>N\u00eb p\u00ebrvjetorin e 22-t\u00eb t\u00eb trazirave t\u00eb marsit 2004, n\u00eb Mitrovic\u00ebn e Veriut p\u00ebrfaq\u00ebsues t\u00eb strukturave politike serbe organizuan homazhe p\u00ebr viktimat serbe t\u00eb asaj periudhe, duke vendosur kurora lulesh pran\u00eb monumenteve p\u00ebrkujtimore n\u00eb qytet.<\/p>\n<p>Megjithat\u00eb, n\u00eb k\u00ebto p\u00ebrkujtime nuk u p\u00ebrmend nj\u00eb nga tragjedit\u00eb m\u00eb t\u00eb r\u00ebnda q\u00eb ndodhi pik\u00ebrisht n\u00eb t\u00eb nj\u00ebjt\u00ebn dit\u00eb, mbytja e tre f\u00ebmij\u00ebve shqiptar\u00eb n\u00eb lumin Ib\u00ebr.<\/p>\n<p>M\u00eb 17 mars 2004, Egzon Deliu (13 vje\u00e7), Avni Veseli (12 vje\u00e7) dhe Florent Veseli (9 vje\u00e7) nga fshati \u00c7ab\u00ebr humb\u00ebn jet\u00ebn pasi u hodh\u00ebn n\u00eb uj\u00ebrat e Ibrit duke ikur nga ndjekja e nj\u00eb grupi serb\u00ebsh.<\/p>\n<p>Sipas d\u00ebshmive t\u00eb koh\u00ebs, f\u00ebmij\u00ebt u detyruan t\u00eb futeshin n\u00eb lum\u00eb n\u00eb p\u00ebrpjekje p\u00ebr t\u00eb shp\u00ebtuar, por tre prej tyre nuk arrit\u00ebn t\u00eb mbijetonin.<\/p>\n<p>Tragjedia e f\u00ebmij\u00ebve t\u00eb \u00c7abr\u00ebs \u00ebsht\u00eb nj\u00eb nga ngjarjet m\u00eb t\u00eb dhimbshme t\u00eb asaj dite dhe mbetet thell\u00eb e gdhendur n\u00eb kujtes\u00ebn e familjeve dhe t\u00eb opinionit publik shqiptar n\u00eb Kosov\u00eb.<\/p>\n<p>Pavar\u00ebsisht se p\u00ebrfaq\u00ebsuesit e List\u00ebs Serbe dhe udh\u00ebheqja e komun\u00ebs s\u00eb Mitrovic\u00ebs s\u00eb Veriut organizuan homazhe p\u00ebr viktimat serbe t\u00eb marsit 2004, n\u00eb deklaratat dhe aktivitetet e tyre nuk pati asnj\u00eb p\u00ebrmendje p\u00ebr tre f\u00ebmij\u00ebt shqiptar\u00eb q\u00eb humb\u00ebn jet\u00ebn n\u00eb lumin Ib\u00ebr.<\/p>\n<p>Kjo qasje selektive ndaj kujtes\u00ebs s\u00eb viktimave vazhdon t\u00eb theksoj\u00eb ndarjet n\u00eb interpretimin e ngjarjeve t\u00eb marsit 2004.<\/p>\n<p>Kujtesa q\u00eb nuk duhet t\u00eb harrohet<\/p>\n<p>P\u00ebr familjet e Egzon Deliut, Avni dhe Florent Veselit, kjo dat\u00eb mbetet nj\u00eb plag\u00eb e hapur. \u00c7do vit p\u00ebrkujtimi i tyre rikujton se viktimat e pafajshme t\u00eb konfliktit, ve\u00e7an\u00ebrisht f\u00ebmij\u00ebt nuk duhet t\u00eb mbeten n\u00eb harres\u00eb dhe as t\u00eb anashkalohen nga p\u00ebrkujtimet publike.<\/p>\n<p>Tragjedia n\u00eb lumin Ib\u00ebr mbetet nj\u00eb kujtes\u00eb e dhimbshme se edhe f\u00ebmij\u00ebt u b\u00ebn\u00eb viktima t\u00eb urrejtjes dhe tensioneve etnike t\u00eb serb\u00ebve ndaj shqiptar\u00ebve, dhe se drejt\u00ebsia dhe e v\u00ebrteta p\u00ebr k\u00ebto ngjarje ende k\u00ebrkojn\u00eb v\u00ebmendje dhe p\u00ebrgjegj\u00ebsi institucionale.<\/p>\n","protected":false},"excerpt":{"rendered":"<p>Mitrovic\u00eb, 17 mars 2026 12:43 N\u00eb p\u00ebrvjetorin e 22-t\u00eb t\u00eb trazirave t\u00eb marsit 2004, n\u00eb Mitrovic\u00ebn e Veriut p\u00ebrfaq\u00ebsues t\u00eb strukturave politike serbe organizuan homazhe<\/p>\n","protected":false},"author":7,"featured_media":38191,"comment_status":"open","ping_status":"open","sticky":false,"template":"","format":"standard","meta":{"footnotes":""},"categories":[60],"tags":[],"class_list":["post-38190","post","type-post","status-publish","format-standard","has-post-thumbnail","hentry","category-shoqerore-sq"],"yoast_head":"<!-- This site is optimized with the Yoast SEO plugin v25.3.1 - https:\/\/yoast.com\/wordpress\/plugins\/seo\/ -->\n<title>Politikan\u00ebt serb\u00eb selektojn\u00eb viktimat e trazirave t\u00eb marsit t\u00eb vitit 2004 -<\/title>\n<meta name=\"robots\" content=\"index, follow, max-snippet:-1, max-image-preview:large, max-video-preview:-1\" \/>\n<link rel=\"canonical\" href=\"https:\/\/veritasinfo.org\/?p=38190\" \/>\n<meta property=\"og:locale\" content=\"en_US\" \/>\n<meta property=\"og:type\" content=\"article\" \/>\n<meta property=\"og:title\" content=\"Politikan\u00ebt serb\u00eb selektojn\u00eb viktimat e trazirave t\u00eb marsit t\u00eb vitit 2004 -\" \/>\n<meta property=\"og:description\" content=\"Mitrovic\u00eb, 17 mars 2026 12:43 N\u00eb p\u00ebrvjetorin e 22-t\u00eb t\u00eb trazirave t\u00eb marsit 2004, n\u00eb Mitrovic\u00ebn e Veriut p\u00ebrfaq\u00ebsues t\u00eb strukturave politike serbe organizuan homazhe\" \/>\n<meta property=\"og:url\" content=\"https:\/\/veritasinfo.org\/?p=38190\" \/>\n<meta property=\"article:published_time\" content=\"2026-03-17T11:43:52+00:00\" \/>\n<meta property=\"og:image\" content=\"https:\/\/veritasinfo.org\/wp-content\/uploads\/2026\/03\/Screenshot_20260317_123534_Chrome.jpg\" \/>\n\t<meta property=\"og:image:width\" content=\"735\" \/>\n\t<meta property=\"og:image:height\" content=\"476\" \/>\n\t<meta property=\"og:image:type\" content=\"image\/jpeg\" \/>\n<meta name=\"author\" content=\"US6\" \/>\n<meta name=\"twitter:card\" content=\"summary_large_image\" \/>\n<meta name=\"twitter:label1\" content=\"Written by\" \/>\n\t<meta name=\"twitter:data1\" content=\"US6\" \/>\n\t<meta name=\"twitter:label2\" content=\"Est. reading time\" \/>\n\t<meta name=\"twitter:data2\" content=\"2 minutes\" \/>\n<script type=\"application\/ld+json\" class=\"yoast-schema-graph\">{\"@context\":\"https:\/\/schema.org\",\"@graph\":[{\"@type\":\"WebPage\",\"@id\":\"https:\/\/veritasinfo.org\/?p=38190\",\"url\":\"https:\/\/veritasinfo.org\/?p=38190\",\"name\":\"Politikan\u00ebt serb\u00eb selektojn\u00eb viktimat e trazirave t\u00eb marsit t\u00eb vitit 2004 -\",\"isPartOf\":{\"@id\":\"https:\/\/veritasinfo.org\/#website\"},\"primaryImageOfPage\":{\"@id\":\"https:\/\/veritasinfo.org\/?p=38190#primaryimage\"},\"image\":{\"@id\":\"https:\/\/veritasinfo.org\/?p=38190#primaryimage\"},\"thumbnailUrl\":\"https:\/\/veritasinfo.org\/wp-content\/uploads\/2026\/03\/Screenshot_20260317_123534_Chrome.jpg\",\"datePublished\":\"2026-03-17T11:43:52+00:00\",\"author\":{\"@id\":\"https:\/\/veritasinfo.org\/#\/schema\/person\/fe199eede04c3937362892b7444747cc\"},\"breadcrumb\":{\"@id\":\"https:\/\/veritasinfo.org\/?p=38190#breadcrumb\"},\"inLanguage\":\"en-US\",\"potentialAction\":[{\"@type\":\"ReadAction\",\"target\":[\"https:\/\/veritasinfo.org\/?p=38190\"]}]},{\"@type\":\"ImageObject\",\"inLanguage\":\"en-US\",\"@id\":\"https:\/\/veritasinfo.org\/?p=38190#primaryimage\",\"url\":\"https:\/\/veritasinfo.org\/wp-content\/uploads\/2026\/03\/Screenshot_20260317_123534_Chrome.jpg\",\"contentUrl\":\"https:\/\/veritasinfo.org\/wp-content\/uploads\/2026\/03\/Screenshot_20260317_123534_Chrome.jpg\",\"width\":735,\"height\":476},{\"@type\":\"BreadcrumbList\",\"@id\":\"https:\/\/veritasinfo.org\/?p=38190#breadcrumb\",\"itemListElement\":[{\"@type\":\"ListItem\",\"position\":1,\"name\":\"Home\",\"item\":\"https:\/\/veritasinfo.org\/\"},{\"@type\":\"ListItem\",\"position\":2,\"name\":\"Politikan\u00ebt serb\u00eb selektojn\u00eb viktimat e trazirave t\u00eb marsit t\u00eb vitit 2004\"}]},{\"@type\":\"WebSite\",\"@id\":\"https:\/\/veritasinfo.org\/#website\",\"url\":\"https:\/\/veritasinfo.org\/\",\"name\":\"\",\"description\":\"\",\"potentialAction\":[{\"@type\":\"SearchAction\",\"target\":{\"@type\":\"EntryPoint\",\"urlTemplate\":\"https:\/\/veritasinfo.org\/?s={search_term_string}\"},\"query-input\":{\"@type\":\"PropertyValueSpecification\",\"valueRequired\":true,\"valueName\":\"search_term_string\"}}],\"inLanguage\":\"en-US\"},{\"@type\":\"Person\",\"@id\":\"https:\/\/veritasinfo.org\/#\/schema\/person\/fe199eede04c3937362892b7444747cc\",\"name\":\"US6\",\"image\":{\"@type\":\"ImageObject\",\"inLanguage\":\"en-US\",\"@id\":\"https:\/\/veritasinfo.org\/#\/schema\/person\/image\/\",\"url\":\"https:\/\/secure.gravatar.com\/avatar\/cb16c3c31c9d23b9b8c705964598220b3014e42ff51eb540ff23cefa3ae8c15f?s=96&d=mm&r=g\",\"contentUrl\":\"https:\/\/secure.gravatar.com\/avatar\/cb16c3c31c9d23b9b8c705964598220b3014e42ff51eb540ff23cefa3ae8c15f?s=96&d=mm&r=g\",\"caption\":\"US6\"},\"url\":\"https:\/\/veritasinfo.org\/?author=7\"}]}<\/script>\n<!-- \/ Yoast SEO plugin. -->","yoast_head_json":{"title":"Politikan\u00ebt serb\u00eb selektojn\u00eb viktimat e trazirave t\u00eb marsit t\u00eb vitit 2004 -","robots":{"index":"index","follow":"follow","max-snippet":"max-snippet:-1","max-image-preview":"max-image-preview:large","max-video-preview":"max-video-preview:-1"},"canonical":"https:\/\/veritasinfo.org\/?p=38190","og_locale":"en_US","og_type":"article","og_title":"Politikan\u00ebt serb\u00eb selektojn\u00eb viktimat e trazirave t\u00eb marsit t\u00eb vitit 2004 -","og_description":"Mitrovic\u00eb, 17 mars 2026 12:43 N\u00eb p\u00ebrvjetorin e 22-t\u00eb t\u00eb trazirave t\u00eb marsit 2004, n\u00eb Mitrovic\u00ebn e Veriut p\u00ebrfaq\u00ebsues t\u00eb strukturave politike serbe organizuan homazhe","og_url":"https:\/\/veritasinfo.org\/?p=38190","article_published_time":"2026-03-17T11:43:52+00:00","og_image":[{"width":735,"height":476,"url":"https:\/\/veritasinfo.org\/wp-content\/uploads\/2026\/03\/Screenshot_20260317_123534_Chrome.jpg","type":"image\/jpeg"}],"author":"US6","twitter_card":"summary_large_image","twitter_misc":{"Written by":"US6","Est. reading time":"2 minutes"},"schema":{"@context":"https:\/\/schema.org","@graph":[{"@type":"WebPage","@id":"https:\/\/veritasinfo.org\/?p=38190","url":"https:\/\/veritasinfo.org\/?p=38190","name":"Politikan\u00ebt serb\u00eb selektojn\u00eb viktimat e trazirave t\u00eb marsit t\u00eb vitit 2004 -","isPartOf":{"@id":"https:\/\/veritasinfo.org\/#website"},"primaryImageOfPage":{"@id":"https:\/\/veritasinfo.org\/?p=38190#primaryimage"},"image":{"@id":"https:\/\/veritasinfo.org\/?p=38190#primaryimage"},"thumbnailUrl":"https:\/\/veritasinfo.org\/wp-content\/uploads\/2026\/03\/Screenshot_20260317_123534_Chrome.jpg","datePublished":"2026-03-17T11:43:52+00:00","author":{"@id":"https:\/\/veritasinfo.org\/#\/schema\/person\/fe199eede04c3937362892b7444747cc"},"breadcrumb":{"@id":"https:\/\/veritasinfo.org\/?p=38190#breadcrumb"},"inLanguage":"en-US","potentialAction":[{"@type":"ReadAction","target":["https:\/\/veritasinfo.org\/?p=38190"]}]},{"@type":"ImageObject","inLanguage":"en-US","@id":"https:\/\/veritasinfo.org\/?p=38190#primaryimage","url":"https:\/\/veritasinfo.org\/wp-content\/uploads\/2026\/03\/Screenshot_20260317_123534_Chrome.jpg","contentUrl":"https:\/\/veritasinfo.org\/wp-content\/uploads\/2026\/03\/Screenshot_20260317_123534_Chrome.jpg","width":735,"height":476},{"@type":"BreadcrumbList","@id":"https:\/\/veritasinfo.org\/?p=38190#breadcrumb","itemListElement":[{"@type":"ListItem","position":1,"name":"Home","item":"https:\/\/veritasinfo.org\/"},{"@type":"ListItem","position":2,"name":"Politikan\u00ebt serb\u00eb selektojn\u00eb viktimat e trazirave t\u00eb marsit t\u00eb vitit 2004"}]},{"@type":"WebSite","@id":"https:\/\/veritasinfo.org\/#website","url":"https:\/\/veritasinfo.org\/","name":"","description":"","potentialAction":[{"@type":"SearchAction","target":{"@type":"EntryPoint","urlTemplate":"https:\/\/veritasinfo.org\/?s={search_term_string}"},"query-input":{"@type":"PropertyValueSpecification","valueRequired":true,"valueName":"search_term_string"}}],"inLanguage":"en-US"},{"@type":"Person","@id":"https:\/\/veritasinfo.org\/#\/schema\/person\/fe199eede04c3937362892b7444747cc","name":"US6","image":{"@type":"ImageObject","inLanguage":"en-US","@id":"https:\/\/veritasinfo.org\/#\/schema\/person\/image\/","url":"https:\/\/secure.gravatar.com\/avatar\/cb16c3c31c9d23b9b8c705964598220b3014e42ff51eb540ff23cefa3ae8c15f?s=96&d=mm&r=g","contentUrl":"https:\/\/secure.gravatar.com\/avatar\/cb16c3c31c9d23b9b8c705964598220b3014e42ff51eb540ff23cefa3ae8c15f?s=96&d=mm&r=g","caption":"US6"},"url":"https:\/\/veritasinfo.org\/?author=7"}]}},"featured_image_urls":{"full":["https:\/\/veritasinfo.org\/wp-content\/uploads\/2026\/03\/Screenshot_20260317_123534_Chrome.jpg",735,476,false],"thumbnail":["https:\/\/veritasinfo.org\/wp-content\/uploads\/2026\/03\/Screenshot_20260317_123534_Chrome-150x150.jpg",150,150,true],"medium":["https:\/\/veritasinfo.org\/wp-content\/uploads\/2026\/03\/Screenshot_20260317_123534_Chrome-300x194.jpg",300,194,true],"medium_large":["https:\/\/veritasinfo.org\/wp-content\/uploads\/2026\/03\/Screenshot_20260317_123534_Chrome.jpg",640,414,false],"large":["https:\/\/veritasinfo.org\/wp-content\/uploads\/2026\/03\/Screenshot_20260317_123534_Chrome.jpg",640,414,false],"1536x1536":["https:\/\/veritasinfo.org\/wp-content\/uploads\/2026\/03\/Screenshot_20260317_123534_Chrome.jpg",735,476,false],"2048x2048":["https:\/\/veritasinfo.org\/wp-content\/uploads\/2026\/03\/Screenshot_20260317_123534_Chrome.jpg",735,476,false],"kreeti-slider-full":["https:\/\/veritasinfo.org\/wp-content\/uploads\/2026\/03\/Screenshot_20260317_123534_Chrome.jpg",735,476,false],"kreeti-featured":["https:\/\/veritasinfo.org\/wp-content\/uploads\/2026\/03\/Screenshot_20260317_123534_Chrome.jpg",735,476,false],"kreeti-medium":["https:\/\/veritasinfo.org\/wp-content\/uploads\/2026\/03\/Screenshot_20260317_123534_Chrome.jpg",720,466,false],"kreeti-medium-square":["https:\/\/veritasinfo.org\/wp-content\/uploads\/2026\/03\/Screenshot_20260317_123534_Chrome.jpg",350,227,false]},"author_info":{"info":["US6"]},"category_info":"<a href=\"https:\/\/veritasinfo.org\/?cat=60\" rel=\"category\">Shoq\u00ebrore<\/a>","tag_info":"Shoq\u00ebrore","comment_count":"0","_links":{"self":[{"href":"https:\/\/veritasinfo.org\/index.php?rest_route=\/wp\/v2\/posts\/38190","targetHints":{"allow":["GET"]}}],"collection":[{"href":"https:\/\/veritasinfo.org\/index.php?rest_route=\/wp\/v2\/posts"}],"about":[{"href":"https:\/\/veritasinfo.org\/index.php?rest_route=\/wp\/v2\/types\/post"}],"author":[{"embeddable":true,"href":"https:\/\/veritasinfo.org\/index.php?rest_route=\/wp\/v2\/users\/7"}],"replies":[{"embeddable":true,"href":"https:\/\/veritasinfo.org\/index.php?rest_route=%2Fwp%2Fv2%2Fcomments&post=38190"}],"version-history":[{"count":1,"href":"https:\/\/veritasinfo.org\/index.php?rest_route=\/wp\/v2\/posts\/38190\/revisions"}],"predecessor-version":[{"id":38192,"href":"https:\/\/veritasinfo.org\/index.php?rest_route=\/wp\/v2\/posts\/38190\/revisions\/38192"}],"wp:featuredmedia":[{"embeddable":true,"href":"https:\/\/veritasinfo.org\/index.php?rest_route=\/wp\/v2\/media\/38191"}],"wp:attachment":[{"href":"https:\/\/veritasinfo.org\/index.php?rest_route=%2Fwp%2Fv2%2Fmedia&parent=38190"}],"wp:term":[{"taxonomy":"category","embeddable":true,"href":"https:\/\/veritasinfo.org\/index.php?rest_route=%2Fwp%2Fv2%2Fcategories&post=38190"},{"taxonomy":"post_tag","embeddable":true,"href":"https:\/\/veritasinfo.org\/index.php?rest_route=%2Fwp%2Fv2%2Ftags&post=38190"}],"curies":[{"name":"wp","href":"https:\/\/api.w.org\/{rel}","templated":true}]}}