{"id":38179,"date":"2026-03-17T12:03:40","date_gmt":"2026-03-17T11:03:40","guid":{"rendered":"https:\/\/veritasinfo.org\/?p=38179"},"modified":"2026-03-17T12:03:40","modified_gmt":"2026-03-17T11:03:40","slug":"svecla-e-peci-bejne-homazhe-per-viktimat-e-trazirave-te-marsit-ne-mitrovice-te-jugut","status":"publish","type":"post","link":"https:\/\/veritasinfo.org\/?p=38179","title":{"rendered":"Sve\u00e7la e Peci b\u00ebjn\u00eb homazhe p\u00ebr viktimat e trazirave t\u00eb marsit n\u00eb Mitrovic\u00eb t\u00eb Jugut"},"content":{"rendered":"<p>Mitrovic\u00eb, 17 mars 2026 12:02<\/p>\n<p>Ministri i Pun\u00ebve t\u00eb Brendshme, Xhelal Sve\u00e7la, s\u00eb bashku me kryetarin e Mitrovic\u00ebs s\u00eb Jugut, Faton Peci, dhe n\u00ebnkryetarin Enis Osmani, kan\u00eb b\u00ebr\u00eb sot homazhe pran\u00eb pllak\u00ebs p\u00ebrkujtimore n\u00eb nderim t\u00eb tre f\u00ebmij\u00ebve nga fshati \u00c7ab\u00ebr, t\u00eb njohur si \u201c3 Lulet e \u00c7abr\u00ebs\u201d: Egzon Deliu (13 vje\u00e7), Avni Veseli (12 vje\u00e7) dhe Florent Veseli (9 vje\u00e7).<\/p>\n<p>Sipas njoftimit t\u00eb komun\u00ebs, gjat\u00eb k\u00ebtij p\u00ebrvjetori u rikujtua dhimbja e madhe e humbjes tragjike, nj\u00eb ngjarje q\u00eb tronditi vendin dhe mbetet plag\u00eb e hapur p\u00ebr shoq\u00ebrin\u00eb.<\/p>\n<p>Kryetari Peci theksoi se f\u00ebmij\u00ebt u ndaluan n\u00eb gjysm\u00eb t\u00eb loj\u00ebs s\u00eb tyre nga nj\u00eb grup i armatosur serb\u00ebsh dhe u ndoq\u00ebn deri n\u00eb lumin Ib\u00ebr, ku nga frika vet\u00ebm nj\u00eb prej tyre, Fitim Veseli, mbijetoi.<\/p>\n","protected":false},"excerpt":{"rendered":"<p>Mitrovic\u00eb, 17 mars 2026 12:02 Ministri i Pun\u00ebve t\u00eb Brendshme, Xhelal Sve\u00e7la, s\u00eb bashku me kryetarin e Mitrovic\u00ebs s\u00eb Jugut, Faton Peci, dhe n\u00ebnkryetarin Enis<\/p>\n","protected":false},"author":7,"featured_media":38180,"comment_status":"open","ping_status":"open","sticky":false,"template":"","format":"standard","meta":{"footnotes":""},"categories":[60],"tags":[],"class_list":["post-38179","post","type-post","status-publish","format-standard","has-post-thumbnail","hentry","category-shoqerore-sq"],"yoast_head":"<!-- This site is optimized with the Yoast SEO plugin v25.3.1 - https:\/\/yoast.com\/wordpress\/plugins\/seo\/ -->\n<title>Sve\u00e7la e Peci b\u00ebjn\u00eb homazhe p\u00ebr viktimat e trazirave t\u00eb marsit n\u00eb Mitrovic\u00eb t\u00eb Jugut -<\/title>\n<meta name=\"robots\" content=\"index, follow, max-snippet:-1, max-image-preview:large, max-video-preview:-1\" \/>\n<link rel=\"canonical\" href=\"https:\/\/veritasinfo.org\/?p=38179\" \/>\n<meta property=\"og:locale\" content=\"en_US\" \/>\n<meta property=\"og:type\" content=\"article\" \/>\n<meta property=\"og:title\" content=\"Sve\u00e7la e Peci b\u00ebjn\u00eb homazhe p\u00ebr viktimat e trazirave t\u00eb marsit n\u00eb Mitrovic\u00eb t\u00eb Jugut -\" \/>\n<meta property=\"og:description\" content=\"Mitrovic\u00eb, 17 mars 2026 12:02 Ministri i Pun\u00ebve t\u00eb Brendshme, Xhelal Sve\u00e7la, s\u00eb bashku me kryetarin e Mitrovic\u00ebs s\u00eb Jugut, Faton Peci, dhe n\u00ebnkryetarin Enis\" \/>\n<meta property=\"og:url\" content=\"https:\/\/veritasinfo.org\/?p=38179\" \/>\n<meta property=\"article:published_time\" content=\"2026-03-17T11:03:40+00:00\" \/>\n<meta property=\"og:image\" content=\"https:\/\/veritasinfo.org\/wp-content\/uploads\/2026\/03\/FB_IMG_1773745387296.jpg\" \/>\n\t<meta property=\"og:image:width\" content=\"2048\" \/>\n\t<meta property=\"og:image:height\" content=\"1366\" \/>\n\t<meta property=\"og:image:type\" content=\"image\/jpeg\" \/>\n<meta name=\"author\" content=\"US6\" \/>\n<meta name=\"twitter:card\" content=\"summary_large_image\" \/>\n<meta name=\"twitter:label1\" content=\"Written by\" \/>\n\t<meta name=\"twitter:data1\" content=\"US6\" \/>\n\t<meta name=\"twitter:label2\" content=\"Est. reading time\" \/>\n\t<meta name=\"twitter:data2\" content=\"1 minute\" \/>\n<script type=\"application\/ld+json\" class=\"yoast-schema-graph\">{\"@context\":\"https:\/\/schema.org\",\"@graph\":[{\"@type\":\"WebPage\",\"@id\":\"https:\/\/veritasinfo.org\/?p=38179\",\"url\":\"https:\/\/veritasinfo.org\/?p=38179\",\"name\":\"Sve\u00e7la e Peci b\u00ebjn\u00eb homazhe p\u00ebr viktimat e trazirave t\u00eb marsit n\u00eb Mitrovic\u00eb t\u00eb Jugut -\",\"isPartOf\":{\"@id\":\"https:\/\/veritasinfo.org\/#website\"},\"primaryImageOfPage\":{\"@id\":\"https:\/\/veritasinfo.org\/?p=38179#primaryimage\"},\"image\":{\"@id\":\"https:\/\/veritasinfo.org\/?p=38179#primaryimage\"},\"thumbnailUrl\":\"https:\/\/veritasinfo.org\/wp-content\/uploads\/2026\/03\/FB_IMG_1773745387296.jpg\",\"datePublished\":\"2026-03-17T11:03:40+00:00\",\"author\":{\"@id\":\"https:\/\/veritasinfo.org\/#\/schema\/person\/fe199eede04c3937362892b7444747cc\"},\"breadcrumb\":{\"@id\":\"https:\/\/veritasinfo.org\/?p=38179#breadcrumb\"},\"inLanguage\":\"en-US\",\"potentialAction\":[{\"@type\":\"ReadAction\",\"target\":[\"https:\/\/veritasinfo.org\/?p=38179\"]}]},{\"@type\":\"ImageObject\",\"inLanguage\":\"en-US\",\"@id\":\"https:\/\/veritasinfo.org\/?p=38179#primaryimage\",\"url\":\"https:\/\/veritasinfo.org\/wp-content\/uploads\/2026\/03\/FB_IMG_1773745387296.jpg\",\"contentUrl\":\"https:\/\/veritasinfo.org\/wp-content\/uploads\/2026\/03\/FB_IMG_1773745387296.jpg\",\"width\":2048,\"height\":1366},{\"@type\":\"BreadcrumbList\",\"@id\":\"https:\/\/veritasinfo.org\/?p=38179#breadcrumb\",\"itemListElement\":[{\"@type\":\"ListItem\",\"position\":1,\"name\":\"Home\",\"item\":\"https:\/\/veritasinfo.org\/\"},{\"@type\":\"ListItem\",\"position\":2,\"name\":\"Sve\u00e7la e Peci b\u00ebjn\u00eb homazhe p\u00ebr viktimat e trazirave t\u00eb marsit n\u00eb Mitrovic\u00eb t\u00eb Jugut\"}]},{\"@type\":\"WebSite\",\"@id\":\"https:\/\/veritasinfo.org\/#website\",\"url\":\"https:\/\/veritasinfo.org\/\",\"name\":\"\",\"description\":\"\",\"potentialAction\":[{\"@type\":\"SearchAction\",\"target\":{\"@type\":\"EntryPoint\",\"urlTemplate\":\"https:\/\/veritasinfo.org\/?s={search_term_string}\"},\"query-input\":{\"@type\":\"PropertyValueSpecification\",\"valueRequired\":true,\"valueName\":\"search_term_string\"}}],\"inLanguage\":\"en-US\"},{\"@type\":\"Person\",\"@id\":\"https:\/\/veritasinfo.org\/#\/schema\/person\/fe199eede04c3937362892b7444747cc\",\"name\":\"US6\",\"image\":{\"@type\":\"ImageObject\",\"inLanguage\":\"en-US\",\"@id\":\"https:\/\/veritasinfo.org\/#\/schema\/person\/image\/\",\"url\":\"https:\/\/secure.gravatar.com\/avatar\/cb16c3c31c9d23b9b8c705964598220b3014e42ff51eb540ff23cefa3ae8c15f?s=96&d=mm&r=g\",\"contentUrl\":\"https:\/\/secure.gravatar.com\/avatar\/cb16c3c31c9d23b9b8c705964598220b3014e42ff51eb540ff23cefa3ae8c15f?s=96&d=mm&r=g\",\"caption\":\"US6\"},\"url\":\"https:\/\/veritasinfo.org\/?author=7\"}]}<\/script>\n<!-- \/ Yoast SEO plugin. -->","yoast_head_json":{"title":"Sve\u00e7la e Peci b\u00ebjn\u00eb homazhe p\u00ebr viktimat e trazirave t\u00eb marsit n\u00eb Mitrovic\u00eb t\u00eb Jugut -","robots":{"index":"index","follow":"follow","max-snippet":"max-snippet:-1","max-image-preview":"max-image-preview:large","max-video-preview":"max-video-preview:-1"},"canonical":"https:\/\/veritasinfo.org\/?p=38179","og_locale":"en_US","og_type":"article","og_title":"Sve\u00e7la e Peci b\u00ebjn\u00eb homazhe p\u00ebr viktimat e trazirave t\u00eb marsit n\u00eb Mitrovic\u00eb t\u00eb Jugut -","og_description":"Mitrovic\u00eb, 17 mars 2026 12:02 Ministri i Pun\u00ebve t\u00eb Brendshme, Xhelal Sve\u00e7la, s\u00eb bashku me kryetarin e Mitrovic\u00ebs s\u00eb Jugut, Faton Peci, dhe n\u00ebnkryetarin Enis","og_url":"https:\/\/veritasinfo.org\/?p=38179","article_published_time":"2026-03-17T11:03:40+00:00","og_image":[{"width":2048,"height":1366,"url":"https:\/\/veritasinfo.org\/wp-content\/uploads\/2026\/03\/FB_IMG_1773745387296.jpg","type":"image\/jpeg"}],"author":"US6","twitter_card":"summary_large_image","twitter_misc":{"Written by":"US6","Est. reading time":"1 minute"},"schema":{"@context":"https:\/\/schema.org","@graph":[{"@type":"WebPage","@id":"https:\/\/veritasinfo.org\/?p=38179","url":"https:\/\/veritasinfo.org\/?p=38179","name":"Sve\u00e7la e Peci b\u00ebjn\u00eb homazhe p\u00ebr viktimat e trazirave t\u00eb marsit n\u00eb Mitrovic\u00eb t\u00eb Jugut -","isPartOf":{"@id":"https:\/\/veritasinfo.org\/#website"},"primaryImageOfPage":{"@id":"https:\/\/veritasinfo.org\/?p=38179#primaryimage"},"image":{"@id":"https:\/\/veritasinfo.org\/?p=38179#primaryimage"},"thumbnailUrl":"https:\/\/veritasinfo.org\/wp-content\/uploads\/2026\/03\/FB_IMG_1773745387296.jpg","datePublished":"2026-03-17T11:03:40+00:00","author":{"@id":"https:\/\/veritasinfo.org\/#\/schema\/person\/fe199eede04c3937362892b7444747cc"},"breadcrumb":{"@id":"https:\/\/veritasinfo.org\/?p=38179#breadcrumb"},"inLanguage":"en-US","potentialAction":[{"@type":"ReadAction","target":["https:\/\/veritasinfo.org\/?p=38179"]}]},{"@type":"ImageObject","inLanguage":"en-US","@id":"https:\/\/veritasinfo.org\/?p=38179#primaryimage","url":"https:\/\/veritasinfo.org\/wp-content\/uploads\/2026\/03\/FB_IMG_1773745387296.jpg","contentUrl":"https:\/\/veritasinfo.org\/wp-content\/uploads\/2026\/03\/FB_IMG_1773745387296.jpg","width":2048,"height":1366},{"@type":"BreadcrumbList","@id":"https:\/\/veritasinfo.org\/?p=38179#breadcrumb","itemListElement":[{"@type":"ListItem","position":1,"name":"Home","item":"https:\/\/veritasinfo.org\/"},{"@type":"ListItem","position":2,"name":"Sve\u00e7la e Peci b\u00ebjn\u00eb homazhe p\u00ebr viktimat e trazirave t\u00eb marsit n\u00eb Mitrovic\u00eb t\u00eb Jugut"}]},{"@type":"WebSite","@id":"https:\/\/veritasinfo.org\/#website","url":"https:\/\/veritasinfo.org\/","name":"","description":"","potentialAction":[{"@type":"SearchAction","target":{"@type":"EntryPoint","urlTemplate":"https:\/\/veritasinfo.org\/?s={search_term_string}"},"query-input":{"@type":"PropertyValueSpecification","valueRequired":true,"valueName":"search_term_string"}}],"inLanguage":"en-US"},{"@type":"Person","@id":"https:\/\/veritasinfo.org\/#\/schema\/person\/fe199eede04c3937362892b7444747cc","name":"US6","image":{"@type":"ImageObject","inLanguage":"en-US","@id":"https:\/\/veritasinfo.org\/#\/schema\/person\/image\/","url":"https:\/\/secure.gravatar.com\/avatar\/cb16c3c31c9d23b9b8c705964598220b3014e42ff51eb540ff23cefa3ae8c15f?s=96&d=mm&r=g","contentUrl":"https:\/\/secure.gravatar.com\/avatar\/cb16c3c31c9d23b9b8c705964598220b3014e42ff51eb540ff23cefa3ae8c15f?s=96&d=mm&r=g","caption":"US6"},"url":"https:\/\/veritasinfo.org\/?author=7"}]}},"featured_image_urls":{"full":["https:\/\/veritasinfo.org\/wp-content\/uploads\/2026\/03\/FB_IMG_1773745387296.jpg",2048,1366,false],"thumbnail":["https:\/\/veritasinfo.org\/wp-content\/uploads\/2026\/03\/FB_IMG_1773745387296-150x150.jpg",150,150,true],"medium":["https:\/\/veritasinfo.org\/wp-content\/uploads\/2026\/03\/FB_IMG_1773745387296-300x200.jpg",300,200,true],"medium_large":["https:\/\/veritasinfo.org\/wp-content\/uploads\/2026\/03\/FB_IMG_1773745387296-768x512.jpg",640,427,true],"large":["https:\/\/veritasinfo.org\/wp-content\/uploads\/2026\/03\/FB_IMG_1773745387296-1024x683.jpg",640,427,true],"1536x1536":["https:\/\/veritasinfo.org\/wp-content\/uploads\/2026\/03\/FB_IMG_1773745387296-1536x1025.jpg",1536,1025,true],"2048x2048":["https:\/\/veritasinfo.org\/wp-content\/uploads\/2026\/03\/FB_IMG_1773745387296.jpg",2048,1366,false],"kreeti-slider-full":["https:\/\/veritasinfo.org\/wp-content\/uploads\/2026\/03\/FB_IMG_1773745387296.jpg",1079,720,false],"kreeti-featured":["https:\/\/veritasinfo.org\/wp-content\/uploads\/2026\/03\/FB_IMG_1773745387296.jpg",1024,683,false],"kreeti-medium":["https:\/\/veritasinfo.org\/wp-content\/uploads\/2026\/03\/FB_IMG_1773745387296.jpg",720,480,false],"kreeti-medium-square":["https:\/\/veritasinfo.org\/wp-content\/uploads\/2026\/03\/FB_IMG_1773745387296.jpg",350,233,false]},"author_info":{"info":["US6"]},"category_info":"<a href=\"https:\/\/veritasinfo.org\/?cat=60\" rel=\"category\">Shoq\u00ebrore<\/a>","tag_info":"Shoq\u00ebrore","comment_count":"0","_links":{"self":[{"href":"https:\/\/veritasinfo.org\/index.php?rest_route=\/wp\/v2\/posts\/38179","targetHints":{"allow":["GET"]}}],"collection":[{"href":"https:\/\/veritasinfo.org\/index.php?rest_route=\/wp\/v2\/posts"}],"about":[{"href":"https:\/\/veritasinfo.org\/index.php?rest_route=\/wp\/v2\/types\/post"}],"author":[{"embeddable":true,"href":"https:\/\/veritasinfo.org\/index.php?rest_route=\/wp\/v2\/users\/7"}],"replies":[{"embeddable":true,"href":"https:\/\/veritasinfo.org\/index.php?rest_route=%2Fwp%2Fv2%2Fcomments&post=38179"}],"version-history":[{"count":1,"href":"https:\/\/veritasinfo.org\/index.php?rest_route=\/wp\/v2\/posts\/38179\/revisions"}],"predecessor-version":[{"id":38181,"href":"https:\/\/veritasinfo.org\/index.php?rest_route=\/wp\/v2\/posts\/38179\/revisions\/38181"}],"wp:featuredmedia":[{"embeddable":true,"href":"https:\/\/veritasinfo.org\/index.php?rest_route=\/wp\/v2\/media\/38180"}],"wp:attachment":[{"href":"https:\/\/veritasinfo.org\/index.php?rest_route=%2Fwp%2Fv2%2Fmedia&parent=38179"}],"wp:term":[{"taxonomy":"category","embeddable":true,"href":"https:\/\/veritasinfo.org\/index.php?rest_route=%2Fwp%2Fv2%2Fcategories&post=38179"},{"taxonomy":"post_tag","embeddable":true,"href":"https:\/\/veritasinfo.org\/index.php?rest_route=%2Fwp%2Fv2%2Ftags&post=38179"}],"curies":[{"name":"wp","href":"https:\/\/api.w.org\/{rel}","templated":true}]}}