{"id":38176,"date":"2026-03-17T10:57:44","date_gmt":"2026-03-17T09:57:44","guid":{"rendered":"https:\/\/veritasinfo.org\/?p=38176"},"modified":"2026-03-17T10:57:44","modified_gmt":"2026-03-17T09:57:44","slug":"zakon-o-strancima-pristina-prica-o-zakonima-beograd-siri-strah","status":"publish","type":"post","link":"https:\/\/veritasinfo.org\/?p=38176&lang=sr","title":{"rendered":"Zakon o strancima: Pri\u0161tina pri\u010da o zakonima, Beograd \u0161iri strah"},"content":{"rendered":"<p><strong>Severna Mitrovica, 17. mart 2026 10:57<\/strong><\/p>\n<p>Dok kosovski premijer Aljbin Kurti insistira na sprovo\u0111enju zakona i vladavini prava, vlada u Srbiji, na \u010delu sa Aleksandrom Vu\u010dic\u0301em, ponovo insistira na navodnom progonu Srba i moguc\u0301nosti progona na Kosovu.<\/p>\n<p>Me\u0111utim, neki gra\u0111ani na severu smatraju da se upravo kroz takve poruke \u0161iri panika i da Beograd godinama manipuli\u0161e strahovima ljudi. \u201eIskreno, siti smo pri\u010da o progonu koje se stalno pojavljuju, ali se nikada ne de\u0161avaju. Ljudi ovde \u017eive u stalnom strahu. Beograd nas godinama pla\u0161i i istina je da mnoge stvari jednostavno nisu onakve kakve izgledaju\u201c, rekao je za portal \u201eVeritasinfo\u201c Ivan Stojanovic\u0301, stanovnik Severne Mitrovice.<\/p>\n<p>Mla\u0111i sagovornik, Stefan Pe\u0161ic\u0301, rekao je za \u201eVeritasinfo\u201c da je najvec\u0301i problem \u0161to se gra\u0111anima ne govori istina. \u201eGodinama slu\u0161amo iste pri\u010de iz Beograda. Sve treba da bude izdaja, katastrofa&#8230; a onda se ni\u0161ta ne de\u0161ava. Ljudi po\u010dinju da shvataju da nas politika iskori\u0161c\u0301ava i da su mnoge stvari samo la\u017ei\u201c. Gra\u0111ani Severne Mitrovice izrazili su nezadovoljstvo nekim zakonskim re\u0161enjima koja su nedavno primenjena, ali istovremeno isti\u010du da je pristup policije na terenu bio ispravan i pun razumevanja.<\/p>\n<p>Portparol Kosovske policije za region Sever, Veton El\u0161ani, danas je dodatno pojasnio na\u010din sprovo\u0111enja zakona, isti\u010duc\u0301i da policija postupa u skladu sa propisima, ali da poku\u0161ava da gra\u0111anima objasni sve nedoumice i izbegne nepotrebne tenzije.<\/p>\n<p>Gra\u0111ani sa kojima smo razgovarali ka\u017eu da su nezadovoljni samim zakonom, ali da su policajci pokazali razumevanje za situaciju na terenu. \u201eIskreno, ne svi\u0111a nam se zakon i mnogi misle da nije blagovremeno usvojen. Me\u0111utim, policajci su bili u pravu, razgovarali su sa nama i objasnili nam \u0161ta su ta\u010dno morali da urade\u201c, rekla je Sandra Markovic\u0301 iz Severne Mitrovice.<\/p>\n","protected":false},"excerpt":{"rendered":"<p>Severna Mitrovica, 17. mart 2026 10:57 Dok kosovski premijer Aljbin Kurti insistira na sprovo\u0111enju zakona i vladavini prava, vlada u Srbiji, na \u010delu sa Aleksandrom<\/p>\n","protected":false},"author":2,"featured_media":38177,"comment_status":"open","ping_status":"open","sticky":false,"template":"","format":"standard","meta":{"footnotes":""},"categories":[28],"tags":[],"class_list":["post-38176","post","type-post","status-publish","format-standard","has-post-thumbnail","hentry","category-politika"],"yoast_head":"<!-- This site is optimized with the Yoast SEO plugin v25.3.1 - https:\/\/yoast.com\/wordpress\/plugins\/seo\/ -->\n<title>Zakon o strancima: Pri\u0161tina pri\u010da o zakonima, Beograd \u0161iri strah -<\/title>\n<meta name=\"robots\" content=\"index, follow, max-snippet:-1, max-image-preview:large, max-video-preview:-1\" \/>\n<link rel=\"canonical\" href=\"https:\/\/veritasinfo.org\/?p=38176&lang=sr\" \/>\n<meta property=\"og:locale\" content=\"en_US\" \/>\n<meta property=\"og:type\" content=\"article\" \/>\n<meta property=\"og:title\" content=\"Zakon o strancima: Pri\u0161tina pri\u010da o zakonima, Beograd \u0161iri strah -\" \/>\n<meta property=\"og:description\" content=\"Severna Mitrovica, 17. mart 2026 10:57 Dok kosovski premijer Aljbin Kurti insistira na sprovo\u0111enju zakona i vladavini prava, vlada u Srbiji, na \u010delu sa Aleksandrom\" \/>\n<meta property=\"og:url\" content=\"https:\/\/veritasinfo.org\/?p=38176&amp;lang=sr\" \/>\n<meta property=\"article:published_time\" content=\"2026-03-17T09:57:44+00:00\" \/>\n<meta property=\"og:image\" content=\"https:\/\/veritasinfo.org\/wp-content\/uploads\/2026\/03\/Mitrovica-1-scaled.jpg\" \/>\n\t<meta property=\"og:image:width\" content=\"2560\" \/>\n\t<meta property=\"og:image:height\" content=\"1152\" \/>\n\t<meta property=\"og:image:type\" content=\"image\/jpeg\" \/>\n<meta name=\"author\" content=\"US1\" \/>\n<meta name=\"twitter:card\" content=\"summary_large_image\" \/>\n<meta name=\"twitter:label1\" content=\"Written by\" \/>\n\t<meta name=\"twitter:data1\" content=\"US1\" \/>\n\t<meta name=\"twitter:label2\" content=\"Est. reading time\" \/>\n\t<meta name=\"twitter:data2\" content=\"2 minutes\" \/>\n<script type=\"application\/ld+json\" class=\"yoast-schema-graph\">{\"@context\":\"https:\/\/schema.org\",\"@graph\":[{\"@type\":\"WebPage\",\"@id\":\"https:\/\/veritasinfo.org\/?p=38176&lang=sr\",\"url\":\"https:\/\/veritasinfo.org\/?p=38176&lang=sr\",\"name\":\"Zakon o strancima: Pri\u0161tina pri\u010da o zakonima, Beograd \u0161iri strah -\",\"isPartOf\":{\"@id\":\"https:\/\/veritasinfo.org\/#website\"},\"primaryImageOfPage\":{\"@id\":\"https:\/\/veritasinfo.org\/?p=38176&lang=sr#primaryimage\"},\"image\":{\"@id\":\"https:\/\/veritasinfo.org\/?p=38176&lang=sr#primaryimage\"},\"thumbnailUrl\":\"https:\/\/veritasinfo.org\/wp-content\/uploads\/2026\/03\/Mitrovica-1-scaled.jpg\",\"datePublished\":\"2026-03-17T09:57:44+00:00\",\"author\":{\"@id\":\"https:\/\/veritasinfo.org\/#\/schema\/person\/c2b8be262ea994d0995addca692c5e98\"},\"breadcrumb\":{\"@id\":\"https:\/\/veritasinfo.org\/?p=38176&lang=sr#breadcrumb\"},\"inLanguage\":\"en-US\",\"potentialAction\":[{\"@type\":\"ReadAction\",\"target\":[\"https:\/\/veritasinfo.org\/?p=38176&lang=sr\"]}]},{\"@type\":\"ImageObject\",\"inLanguage\":\"en-US\",\"@id\":\"https:\/\/veritasinfo.org\/?p=38176&lang=sr#primaryimage\",\"url\":\"https:\/\/veritasinfo.org\/wp-content\/uploads\/2026\/03\/Mitrovica-1-scaled.jpg\",\"contentUrl\":\"https:\/\/veritasinfo.org\/wp-content\/uploads\/2026\/03\/Mitrovica-1-scaled.jpg\",\"width\":2560,\"height\":1152},{\"@type\":\"BreadcrumbList\",\"@id\":\"https:\/\/veritasinfo.org\/?p=38176&lang=sr#breadcrumb\",\"itemListElement\":[{\"@type\":\"ListItem\",\"position\":1,\"name\":\"Home\",\"item\":\"https:\/\/veritasinfo.org\/\"},{\"@type\":\"ListItem\",\"position\":2,\"name\":\"Zakon o strancima: Pri\u0161tina pri\u010da o zakonima, Beograd \u0161iri strah\"}]},{\"@type\":\"WebSite\",\"@id\":\"https:\/\/veritasinfo.org\/#website\",\"url\":\"https:\/\/veritasinfo.org\/\",\"name\":\"\",\"description\":\"\",\"potentialAction\":[{\"@type\":\"SearchAction\",\"target\":{\"@type\":\"EntryPoint\",\"urlTemplate\":\"https:\/\/veritasinfo.org\/?s={search_term_string}\"},\"query-input\":{\"@type\":\"PropertyValueSpecification\",\"valueRequired\":true,\"valueName\":\"search_term_string\"}}],\"inLanguage\":\"en-US\"},{\"@type\":\"Person\",\"@id\":\"https:\/\/veritasinfo.org\/#\/schema\/person\/c2b8be262ea994d0995addca692c5e98\",\"name\":\"US1\",\"image\":{\"@type\":\"ImageObject\",\"inLanguage\":\"en-US\",\"@id\":\"https:\/\/veritasinfo.org\/#\/schema\/person\/image\/\",\"url\":\"https:\/\/secure.gravatar.com\/avatar\/4e96a59bd256abf9956eb9963ac891a47461ffb364d47b0e9aab113328fdb75b?s=96&d=mm&r=g\",\"contentUrl\":\"https:\/\/secure.gravatar.com\/avatar\/4e96a59bd256abf9956eb9963ac891a47461ffb364d47b0e9aab113328fdb75b?s=96&d=mm&r=g\",\"caption\":\"US1\"},\"url\":\"https:\/\/veritasinfo.org\/?author=2\"}]}<\/script>\n<!-- \/ Yoast SEO plugin. -->","yoast_head_json":{"title":"Zakon o strancima: Pri\u0161tina pri\u010da o zakonima, Beograd \u0161iri strah -","robots":{"index":"index","follow":"follow","max-snippet":"max-snippet:-1","max-image-preview":"max-image-preview:large","max-video-preview":"max-video-preview:-1"},"canonical":"https:\/\/veritasinfo.org\/?p=38176&lang=sr","og_locale":"en_US","og_type":"article","og_title":"Zakon o strancima: Pri\u0161tina pri\u010da o zakonima, Beograd \u0161iri strah -","og_description":"Severna Mitrovica, 17. mart 2026 10:57 Dok kosovski premijer Aljbin Kurti insistira na sprovo\u0111enju zakona i vladavini prava, vlada u Srbiji, na \u010delu sa Aleksandrom","og_url":"https:\/\/veritasinfo.org\/?p=38176&lang=sr","article_published_time":"2026-03-17T09:57:44+00:00","og_image":[{"width":2560,"height":1152,"url":"https:\/\/veritasinfo.org\/wp-content\/uploads\/2026\/03\/Mitrovica-1-scaled.jpg","type":"image\/jpeg"}],"author":"US1","twitter_card":"summary_large_image","twitter_misc":{"Written by":"US1","Est. reading time":"2 minutes"},"schema":{"@context":"https:\/\/schema.org","@graph":[{"@type":"WebPage","@id":"https:\/\/veritasinfo.org\/?p=38176&lang=sr","url":"https:\/\/veritasinfo.org\/?p=38176&lang=sr","name":"Zakon o strancima: Pri\u0161tina pri\u010da o zakonima, Beograd \u0161iri strah -","isPartOf":{"@id":"https:\/\/veritasinfo.org\/#website"},"primaryImageOfPage":{"@id":"https:\/\/veritasinfo.org\/?p=38176&lang=sr#primaryimage"},"image":{"@id":"https:\/\/veritasinfo.org\/?p=38176&lang=sr#primaryimage"},"thumbnailUrl":"https:\/\/veritasinfo.org\/wp-content\/uploads\/2026\/03\/Mitrovica-1-scaled.jpg","datePublished":"2026-03-17T09:57:44+00:00","author":{"@id":"https:\/\/veritasinfo.org\/#\/schema\/person\/c2b8be262ea994d0995addca692c5e98"},"breadcrumb":{"@id":"https:\/\/veritasinfo.org\/?p=38176&lang=sr#breadcrumb"},"inLanguage":"en-US","potentialAction":[{"@type":"ReadAction","target":["https:\/\/veritasinfo.org\/?p=38176&lang=sr"]}]},{"@type":"ImageObject","inLanguage":"en-US","@id":"https:\/\/veritasinfo.org\/?p=38176&lang=sr#primaryimage","url":"https:\/\/veritasinfo.org\/wp-content\/uploads\/2026\/03\/Mitrovica-1-scaled.jpg","contentUrl":"https:\/\/veritasinfo.org\/wp-content\/uploads\/2026\/03\/Mitrovica-1-scaled.jpg","width":2560,"height":1152},{"@type":"BreadcrumbList","@id":"https:\/\/veritasinfo.org\/?p=38176&lang=sr#breadcrumb","itemListElement":[{"@type":"ListItem","position":1,"name":"Home","item":"https:\/\/veritasinfo.org\/"},{"@type":"ListItem","position":2,"name":"Zakon o strancima: Pri\u0161tina pri\u010da o zakonima, Beograd \u0161iri strah"}]},{"@type":"WebSite","@id":"https:\/\/veritasinfo.org\/#website","url":"https:\/\/veritasinfo.org\/","name":"","description":"","potentialAction":[{"@type":"SearchAction","target":{"@type":"EntryPoint","urlTemplate":"https:\/\/veritasinfo.org\/?s={search_term_string}"},"query-input":{"@type":"PropertyValueSpecification","valueRequired":true,"valueName":"search_term_string"}}],"inLanguage":"en-US"},{"@type":"Person","@id":"https:\/\/veritasinfo.org\/#\/schema\/person\/c2b8be262ea994d0995addca692c5e98","name":"US1","image":{"@type":"ImageObject","inLanguage":"en-US","@id":"https:\/\/veritasinfo.org\/#\/schema\/person\/image\/","url":"https:\/\/secure.gravatar.com\/avatar\/4e96a59bd256abf9956eb9963ac891a47461ffb364d47b0e9aab113328fdb75b?s=96&d=mm&r=g","contentUrl":"https:\/\/secure.gravatar.com\/avatar\/4e96a59bd256abf9956eb9963ac891a47461ffb364d47b0e9aab113328fdb75b?s=96&d=mm&r=g","caption":"US1"},"url":"https:\/\/veritasinfo.org\/?author=2"}]}},"featured_image_urls":{"full":["https:\/\/veritasinfo.org\/wp-content\/uploads\/2026\/03\/Mitrovica-1-scaled.jpg",2560,1152,false],"thumbnail":["https:\/\/veritasinfo.org\/wp-content\/uploads\/2026\/03\/Mitrovica-1-150x150.jpg",150,150,true],"medium":["https:\/\/veritasinfo.org\/wp-content\/uploads\/2026\/03\/Mitrovica-1-300x135.jpg",300,135,true],"medium_large":["https:\/\/veritasinfo.org\/wp-content\/uploads\/2026\/03\/Mitrovica-1-768x345.jpg",640,288,true],"large":["https:\/\/veritasinfo.org\/wp-content\/uploads\/2026\/03\/Mitrovica-1-1024x461.jpg",640,288,true],"1536x1536":["https:\/\/veritasinfo.org\/wp-content\/uploads\/2026\/03\/Mitrovica-1-1536x691.jpg",1536,691,true],"2048x2048":["https:\/\/veritasinfo.org\/wp-content\/uploads\/2026\/03\/Mitrovica-1-2048x921.jpg",2048,921,true],"kreeti-slider-full":["https:\/\/veritasinfo.org\/wp-content\/uploads\/2026\/03\/Mitrovica-1-scaled.jpg",1280,576,false],"kreeti-featured":["https:\/\/veritasinfo.org\/wp-content\/uploads\/2026\/03\/Mitrovica-1-scaled.jpg",1024,461,false],"kreeti-medium":["https:\/\/veritasinfo.org\/wp-content\/uploads\/2026\/03\/Mitrovica-1-scaled.jpg",720,324,false],"kreeti-medium-square":["https:\/\/veritasinfo.org\/wp-content\/uploads\/2026\/03\/Mitrovica-1-scaled.jpg",350,158,false]},"author_info":{"info":["US1"]},"category_info":"<a href=\"https:\/\/veritasinfo.org\/?cat=28&#038;lang=sr\" rel=\"category\">Politika<\/a>","tag_info":"Politika","comment_count":"0","_links":{"self":[{"href":"https:\/\/veritasinfo.org\/index.php?rest_route=\/wp\/v2\/posts\/38176","targetHints":{"allow":["GET"]}}],"collection":[{"href":"https:\/\/veritasinfo.org\/index.php?rest_route=\/wp\/v2\/posts"}],"about":[{"href":"https:\/\/veritasinfo.org\/index.php?rest_route=\/wp\/v2\/types\/post"}],"author":[{"embeddable":true,"href":"https:\/\/veritasinfo.org\/index.php?rest_route=\/wp\/v2\/users\/2"}],"replies":[{"embeddable":true,"href":"https:\/\/veritasinfo.org\/index.php?rest_route=%2Fwp%2Fv2%2Fcomments&post=38176"}],"version-history":[{"count":1,"href":"https:\/\/veritasinfo.org\/index.php?rest_route=\/wp\/v2\/posts\/38176\/revisions"}],"predecessor-version":[{"id":38178,"href":"https:\/\/veritasinfo.org\/index.php?rest_route=\/wp\/v2\/posts\/38176\/revisions\/38178"}],"wp:featuredmedia":[{"embeddable":true,"href":"https:\/\/veritasinfo.org\/index.php?rest_route=\/wp\/v2\/media\/38177"}],"wp:attachment":[{"href":"https:\/\/veritasinfo.org\/index.php?rest_route=%2Fwp%2Fv2%2Fmedia&parent=38176"}],"wp:term":[{"taxonomy":"category","embeddable":true,"href":"https:\/\/veritasinfo.org\/index.php?rest_route=%2Fwp%2Fv2%2Fcategories&post=38176"},{"taxonomy":"post_tag","embeddable":true,"href":"https:\/\/veritasinfo.org\/index.php?rest_route=%2Fwp%2Fv2%2Ftags&post=38176"}],"curies":[{"name":"wp","href":"https:\/\/api.w.org\/{rel}","templated":true}]}}