{"id":38173,"date":"2026-03-17T10:56:20","date_gmt":"2026-03-17T09:56:20","guid":{"rendered":"https:\/\/veritasinfo.org\/?p=38173"},"modified":"2026-03-17T10:56:20","modified_gmt":"2026-03-17T09:56:20","slug":"ligji-per-te-huajt-prishtina-flet-per-ligje-beogradi-perhap-frike","status":"publish","type":"post","link":"https:\/\/veritasinfo.org\/?p=38173","title":{"rendered":"Ligji p\u00ebr t\u00eb Huajt: Prishtina flet p\u00ebr ligje, Beogradi p\u00ebrhap frik\u00eb"},"content":{"rendered":"<p><strong>Mitrovic\u00eb e Veriut, 17 Mars 2026 10:56<\/strong><\/p>\n<p>Nd\u00ebrsa kryeministri i Kosov\u00ebs, Albin Kurti, k\u00ebmb\u00ebngul n\u00eb zbatimin e ligjit dhe sundimin e ligjit, pushteti n\u00eb Serbi, i udh\u00ebhequr nga Aleksandar Vu\u00e7i\u00e7, k\u00ebmb\u00ebngul p\u00ebrs\u00ebri n\u00eb persekutimin e supozuar t\u00eb serb\u00ebve dhe mund\u00ebsin\u00eb e nj\u00eb p\u00ebrndjekjeje n\u00eb Kosov\u00eb.<\/p>\n<p>Megjithat\u00eb, nj\u00eb pjes\u00eb e qytetar\u00ebve n\u00eb veri besojn\u00eb se pik\u00ebrisht p\u00ebrmes mesazheve t\u00eb tilla p\u00ebrhapet paniku dhe se Beogradi ka manipuluar me frik\u00ebn e njer\u00ebzve p\u00ebr vite me radh\u00eb. &#8220;Sinqerisht, jemi t\u00eb ngopur me histori p\u00ebr p\u00ebrndjekje q\u00eb shfaqen vazhdimisht, por nuk ndodhin kurr\u00eb. Njer\u00ebzit jetojn\u00eb k\u00ebtu me frik\u00eb t\u00eb vazhdueshme. Beogradi na ka frik\u00ebsuar p\u00ebr vite me radh\u00eb dhe e v\u00ebrteta \u00ebsht\u00eb se shum\u00eb gj\u00ebra thjesht nuk jan\u00eb ashtu si\u00e7 paraqiten&#8221;, tha p\u00ebr portalin &#8220;Veritasinfo&#8221;, Ivan Stojanovi\u0107, nj\u00eb banor i Mitrovic\u00ebs s\u00eb Veriut.<\/p>\n<p>Nj\u00eb bashk\u00ebbisedues m\u00eb i ri, Stefan Peshi\u00e7, i tha &#8220;Veritasinfo&#8221; se problemi m\u00eb i madh \u00ebsht\u00eb se qytetar\u00ebve nuk po u thuhet e v\u00ebrteta. &#8220;Kemi vite q\u00eb d\u00ebgjojm\u00eb t\u00eb nj\u00ebjtat histori nga Beogradi. Gjith\u00e7ka supozohet t\u00eb jet\u00eb tradhti, katastrof\u00eb&#8230; dhe pastaj nuk ndodh asgj\u00eb. Njer\u00ebzit kan\u00eb filluar t\u00eb kuptojn\u00eb se politika po na shfryt\u00ebzon dhe se shum\u00eb gj\u00ebra jan\u00eb thjesht g\u00ebnjesht\u00ebr\u201d.<\/p>\n<p>Qytetar\u00ebt e Mitrovic\u00ebs Veriore shpreh\u00ebn pak\u00ebnaq\u00ebsi me disa zgjidhje ligjore q\u00eb jan\u00eb aplikuar koh\u00ebt e fundit, por n\u00eb t\u00eb nj\u00ebjt\u00ebn koh\u00eb theksojn\u00eb se qasja e policis\u00eb n\u00eb terren ishte korrekte dhe plot mir\u00ebkuptim.<\/p>\n<p>Z\u00ebdh\u00ebn\u00ebsi i Policis\u00eb s\u00eb Kosov\u00ebs p\u00ebr rajonin e Veriut, Veton Elshani, sot sqaroi m\u00eb tej m\u00ebnyr\u00ebn se si zbatohet ligji, duke theksuar se policia vepron n\u00eb p\u00ebrputhje me rregulloret, por se p\u00ebrpiqet t&#8217;u shpjegoj\u00eb t\u00eb gjitha dyshimet qytetar\u00ebve dhe t\u00eb shmang\u00eb tensionet e panevojshme.<\/p>\n<p>Qytetar\u00ebt me t\u00eb cil\u00ebt biseduam thon\u00eb se jan\u00eb t\u00eb pak\u00ebnaqur me vet\u00eb ligjin, por se oficer\u00ebt e policis\u00eb treguan mir\u00ebkuptim p\u00ebr situat\u00ebn n\u00eb terren. \u201cSinqerisht, ne nuk e p\u00eblqejm\u00eb ligjin dhe shum\u00eb mendojn\u00eb se nuk \u00ebsht\u00eb miratuar n\u00eb koh\u00ebn e duhur. Megjithat\u00eb, oficer\u00ebt e policis\u00eb kishin t\u00eb drejt\u00eb, ata biseduan me ne dhe na shpjeguan se \u00e7far\u00eb duhej t\u00eb b\u00ebnin sakt\u00ebsisht\u201d, tha Sandra Markoviq nga Mitrovica e Veriut.<\/p>\n","protected":false},"excerpt":{"rendered":"<p>Mitrovic\u00eb e Veriut, 17 Mars 2026 10:56 Nd\u00ebrsa kryeministri i Kosov\u00ebs, Albin Kurti, k\u00ebmb\u00ebngul n\u00eb zbatimin e ligjit dhe sundimin e ligjit, pushteti n\u00eb Serbi,<\/p>\n","protected":false},"author":2,"featured_media":38174,"comment_status":"open","ping_status":"open","sticky":false,"template":"","format":"standard","meta":{"footnotes":""},"categories":[58],"tags":[],"class_list":["post-38173","post","type-post","status-publish","format-standard","has-post-thumbnail","hentry","category-politike-sq"],"yoast_head":"<!-- This site is optimized with the Yoast SEO plugin v25.3.1 - https:\/\/yoast.com\/wordpress\/plugins\/seo\/ -->\n<title>Ligji p\u00ebr t\u00eb Huajt: Prishtina flet p\u00ebr ligje, Beogradi p\u00ebrhap frik\u00eb -<\/title>\n<meta name=\"robots\" content=\"index, follow, max-snippet:-1, max-image-preview:large, max-video-preview:-1\" \/>\n<link rel=\"canonical\" href=\"https:\/\/veritasinfo.org\/?p=38173\" \/>\n<meta property=\"og:locale\" content=\"en_US\" \/>\n<meta property=\"og:type\" content=\"article\" \/>\n<meta property=\"og:title\" content=\"Ligji p\u00ebr t\u00eb Huajt: Prishtina flet p\u00ebr ligje, Beogradi p\u00ebrhap frik\u00eb -\" \/>\n<meta property=\"og:description\" content=\"Mitrovic\u00eb e Veriut, 17 Mars 2026 10:56 Nd\u00ebrsa kryeministri i Kosov\u00ebs, Albin Kurti, k\u00ebmb\u00ebngul n\u00eb zbatimin e ligjit dhe sundimin e ligjit, pushteti n\u00eb Serbi,\" \/>\n<meta property=\"og:url\" content=\"https:\/\/veritasinfo.org\/?p=38173\" \/>\n<meta property=\"article:published_time\" content=\"2026-03-17T09:56:20+00:00\" \/>\n<meta property=\"og:image\" content=\"https:\/\/veritasinfo.org\/wp-content\/uploads\/2026\/03\/Mitrovica-scaled.jpg\" \/>\n\t<meta property=\"og:image:width\" content=\"2560\" \/>\n\t<meta property=\"og:image:height\" content=\"1152\" \/>\n\t<meta property=\"og:image:type\" content=\"image\/jpeg\" \/>\n<meta name=\"author\" content=\"US1\" \/>\n<meta name=\"twitter:card\" content=\"summary_large_image\" \/>\n<meta name=\"twitter:label1\" content=\"Written by\" \/>\n\t<meta name=\"twitter:data1\" content=\"US1\" \/>\n\t<meta name=\"twitter:label2\" content=\"Est. reading time\" \/>\n\t<meta name=\"twitter:data2\" content=\"2 minutes\" \/>\n<script type=\"application\/ld+json\" class=\"yoast-schema-graph\">{\"@context\":\"https:\/\/schema.org\",\"@graph\":[{\"@type\":\"WebPage\",\"@id\":\"https:\/\/veritasinfo.org\/?p=38173\",\"url\":\"https:\/\/veritasinfo.org\/?p=38173\",\"name\":\"Ligji p\u00ebr t\u00eb Huajt: Prishtina flet p\u00ebr ligje, Beogradi p\u00ebrhap frik\u00eb -\",\"isPartOf\":{\"@id\":\"https:\/\/veritasinfo.org\/#website\"},\"primaryImageOfPage\":{\"@id\":\"https:\/\/veritasinfo.org\/?p=38173#primaryimage\"},\"image\":{\"@id\":\"https:\/\/veritasinfo.org\/?p=38173#primaryimage\"},\"thumbnailUrl\":\"https:\/\/veritasinfo.org\/wp-content\/uploads\/2026\/03\/Mitrovica-scaled.jpg\",\"datePublished\":\"2026-03-17T09:56:20+00:00\",\"author\":{\"@id\":\"https:\/\/veritasinfo.org\/#\/schema\/person\/c2b8be262ea994d0995addca692c5e98\"},\"breadcrumb\":{\"@id\":\"https:\/\/veritasinfo.org\/?p=38173#breadcrumb\"},\"inLanguage\":\"en-US\",\"potentialAction\":[{\"@type\":\"ReadAction\",\"target\":[\"https:\/\/veritasinfo.org\/?p=38173\"]}]},{\"@type\":\"ImageObject\",\"inLanguage\":\"en-US\",\"@id\":\"https:\/\/veritasinfo.org\/?p=38173#primaryimage\",\"url\":\"https:\/\/veritasinfo.org\/wp-content\/uploads\/2026\/03\/Mitrovica-scaled.jpg\",\"contentUrl\":\"https:\/\/veritasinfo.org\/wp-content\/uploads\/2026\/03\/Mitrovica-scaled.jpg\",\"width\":2560,\"height\":1152},{\"@type\":\"BreadcrumbList\",\"@id\":\"https:\/\/veritasinfo.org\/?p=38173#breadcrumb\",\"itemListElement\":[{\"@type\":\"ListItem\",\"position\":1,\"name\":\"Home\",\"item\":\"https:\/\/veritasinfo.org\/\"},{\"@type\":\"ListItem\",\"position\":2,\"name\":\"Ligji p\u00ebr t\u00eb Huajt: Prishtina flet p\u00ebr ligje, Beogradi p\u00ebrhap frik\u00eb\"}]},{\"@type\":\"WebSite\",\"@id\":\"https:\/\/veritasinfo.org\/#website\",\"url\":\"https:\/\/veritasinfo.org\/\",\"name\":\"\",\"description\":\"\",\"potentialAction\":[{\"@type\":\"SearchAction\",\"target\":{\"@type\":\"EntryPoint\",\"urlTemplate\":\"https:\/\/veritasinfo.org\/?s={search_term_string}\"},\"query-input\":{\"@type\":\"PropertyValueSpecification\",\"valueRequired\":true,\"valueName\":\"search_term_string\"}}],\"inLanguage\":\"en-US\"},{\"@type\":\"Person\",\"@id\":\"https:\/\/veritasinfo.org\/#\/schema\/person\/c2b8be262ea994d0995addca692c5e98\",\"name\":\"US1\",\"image\":{\"@type\":\"ImageObject\",\"inLanguage\":\"en-US\",\"@id\":\"https:\/\/veritasinfo.org\/#\/schema\/person\/image\/\",\"url\":\"https:\/\/secure.gravatar.com\/avatar\/4e96a59bd256abf9956eb9963ac891a47461ffb364d47b0e9aab113328fdb75b?s=96&d=mm&r=g\",\"contentUrl\":\"https:\/\/secure.gravatar.com\/avatar\/4e96a59bd256abf9956eb9963ac891a47461ffb364d47b0e9aab113328fdb75b?s=96&d=mm&r=g\",\"caption\":\"US1\"},\"url\":\"https:\/\/veritasinfo.org\/?author=2\"}]}<\/script>\n<!-- \/ Yoast SEO plugin. -->","yoast_head_json":{"title":"Ligji p\u00ebr t\u00eb Huajt: Prishtina flet p\u00ebr ligje, Beogradi p\u00ebrhap frik\u00eb -","robots":{"index":"index","follow":"follow","max-snippet":"max-snippet:-1","max-image-preview":"max-image-preview:large","max-video-preview":"max-video-preview:-1"},"canonical":"https:\/\/veritasinfo.org\/?p=38173","og_locale":"en_US","og_type":"article","og_title":"Ligji p\u00ebr t\u00eb Huajt: Prishtina flet p\u00ebr ligje, Beogradi p\u00ebrhap frik\u00eb -","og_description":"Mitrovic\u00eb e Veriut, 17 Mars 2026 10:56 Nd\u00ebrsa kryeministri i Kosov\u00ebs, Albin Kurti, k\u00ebmb\u00ebngul n\u00eb zbatimin e ligjit dhe sundimin e ligjit, pushteti n\u00eb Serbi,","og_url":"https:\/\/veritasinfo.org\/?p=38173","article_published_time":"2026-03-17T09:56:20+00:00","og_image":[{"width":2560,"height":1152,"url":"https:\/\/veritasinfo.org\/wp-content\/uploads\/2026\/03\/Mitrovica-scaled.jpg","type":"image\/jpeg"}],"author":"US1","twitter_card":"summary_large_image","twitter_misc":{"Written by":"US1","Est. reading time":"2 minutes"},"schema":{"@context":"https:\/\/schema.org","@graph":[{"@type":"WebPage","@id":"https:\/\/veritasinfo.org\/?p=38173","url":"https:\/\/veritasinfo.org\/?p=38173","name":"Ligji p\u00ebr t\u00eb Huajt: Prishtina flet p\u00ebr ligje, Beogradi p\u00ebrhap frik\u00eb -","isPartOf":{"@id":"https:\/\/veritasinfo.org\/#website"},"primaryImageOfPage":{"@id":"https:\/\/veritasinfo.org\/?p=38173#primaryimage"},"image":{"@id":"https:\/\/veritasinfo.org\/?p=38173#primaryimage"},"thumbnailUrl":"https:\/\/veritasinfo.org\/wp-content\/uploads\/2026\/03\/Mitrovica-scaled.jpg","datePublished":"2026-03-17T09:56:20+00:00","author":{"@id":"https:\/\/veritasinfo.org\/#\/schema\/person\/c2b8be262ea994d0995addca692c5e98"},"breadcrumb":{"@id":"https:\/\/veritasinfo.org\/?p=38173#breadcrumb"},"inLanguage":"en-US","potentialAction":[{"@type":"ReadAction","target":["https:\/\/veritasinfo.org\/?p=38173"]}]},{"@type":"ImageObject","inLanguage":"en-US","@id":"https:\/\/veritasinfo.org\/?p=38173#primaryimage","url":"https:\/\/veritasinfo.org\/wp-content\/uploads\/2026\/03\/Mitrovica-scaled.jpg","contentUrl":"https:\/\/veritasinfo.org\/wp-content\/uploads\/2026\/03\/Mitrovica-scaled.jpg","width":2560,"height":1152},{"@type":"BreadcrumbList","@id":"https:\/\/veritasinfo.org\/?p=38173#breadcrumb","itemListElement":[{"@type":"ListItem","position":1,"name":"Home","item":"https:\/\/veritasinfo.org\/"},{"@type":"ListItem","position":2,"name":"Ligji p\u00ebr t\u00eb Huajt: Prishtina flet p\u00ebr ligje, Beogradi p\u00ebrhap frik\u00eb"}]},{"@type":"WebSite","@id":"https:\/\/veritasinfo.org\/#website","url":"https:\/\/veritasinfo.org\/","name":"","description":"","potentialAction":[{"@type":"SearchAction","target":{"@type":"EntryPoint","urlTemplate":"https:\/\/veritasinfo.org\/?s={search_term_string}"},"query-input":{"@type":"PropertyValueSpecification","valueRequired":true,"valueName":"search_term_string"}}],"inLanguage":"en-US"},{"@type":"Person","@id":"https:\/\/veritasinfo.org\/#\/schema\/person\/c2b8be262ea994d0995addca692c5e98","name":"US1","image":{"@type":"ImageObject","inLanguage":"en-US","@id":"https:\/\/veritasinfo.org\/#\/schema\/person\/image\/","url":"https:\/\/secure.gravatar.com\/avatar\/4e96a59bd256abf9956eb9963ac891a47461ffb364d47b0e9aab113328fdb75b?s=96&d=mm&r=g","contentUrl":"https:\/\/secure.gravatar.com\/avatar\/4e96a59bd256abf9956eb9963ac891a47461ffb364d47b0e9aab113328fdb75b?s=96&d=mm&r=g","caption":"US1"},"url":"https:\/\/veritasinfo.org\/?author=2"}]}},"featured_image_urls":{"full":["https:\/\/veritasinfo.org\/wp-content\/uploads\/2026\/03\/Mitrovica-scaled.jpg",2560,1152,false],"thumbnail":["https:\/\/veritasinfo.org\/wp-content\/uploads\/2026\/03\/Mitrovica-150x150.jpg",150,150,true],"medium":["https:\/\/veritasinfo.org\/wp-content\/uploads\/2026\/03\/Mitrovica-300x135.jpg",300,135,true],"medium_large":["https:\/\/veritasinfo.org\/wp-content\/uploads\/2026\/03\/Mitrovica-768x345.jpg",640,288,true],"large":["https:\/\/veritasinfo.org\/wp-content\/uploads\/2026\/03\/Mitrovica-1024x461.jpg",640,288,true],"1536x1536":["https:\/\/veritasinfo.org\/wp-content\/uploads\/2026\/03\/Mitrovica-1536x691.jpg",1536,691,true],"2048x2048":["https:\/\/veritasinfo.org\/wp-content\/uploads\/2026\/03\/Mitrovica-2048x921.jpg",2048,921,true],"kreeti-slider-full":["https:\/\/veritasinfo.org\/wp-content\/uploads\/2026\/03\/Mitrovica-scaled.jpg",1280,576,false],"kreeti-featured":["https:\/\/veritasinfo.org\/wp-content\/uploads\/2026\/03\/Mitrovica-scaled.jpg",1024,461,false],"kreeti-medium":["https:\/\/veritasinfo.org\/wp-content\/uploads\/2026\/03\/Mitrovica-scaled.jpg",720,324,false],"kreeti-medium-square":["https:\/\/veritasinfo.org\/wp-content\/uploads\/2026\/03\/Mitrovica-scaled.jpg",350,158,false]},"author_info":{"info":["US1"]},"category_info":"<a href=\"https:\/\/veritasinfo.org\/?cat=58\" rel=\"category\">Politik\u00eb<\/a>","tag_info":"Politik\u00eb","comment_count":"0","_links":{"self":[{"href":"https:\/\/veritasinfo.org\/index.php?rest_route=\/wp\/v2\/posts\/38173","targetHints":{"allow":["GET"]}}],"collection":[{"href":"https:\/\/veritasinfo.org\/index.php?rest_route=\/wp\/v2\/posts"}],"about":[{"href":"https:\/\/veritasinfo.org\/index.php?rest_route=\/wp\/v2\/types\/post"}],"author":[{"embeddable":true,"href":"https:\/\/veritasinfo.org\/index.php?rest_route=\/wp\/v2\/users\/2"}],"replies":[{"embeddable":true,"href":"https:\/\/veritasinfo.org\/index.php?rest_route=%2Fwp%2Fv2%2Fcomments&post=38173"}],"version-history":[{"count":1,"href":"https:\/\/veritasinfo.org\/index.php?rest_route=\/wp\/v2\/posts\/38173\/revisions"}],"predecessor-version":[{"id":38175,"href":"https:\/\/veritasinfo.org\/index.php?rest_route=\/wp\/v2\/posts\/38173\/revisions\/38175"}],"wp:featuredmedia":[{"embeddable":true,"href":"https:\/\/veritasinfo.org\/index.php?rest_route=\/wp\/v2\/media\/38174"}],"wp:attachment":[{"href":"https:\/\/veritasinfo.org\/index.php?rest_route=%2Fwp%2Fv2%2Fmedia&parent=38173"}],"wp:term":[{"taxonomy":"category","embeddable":true,"href":"https:\/\/veritasinfo.org\/index.php?rest_route=%2Fwp%2Fv2%2Fcategories&post=38173"},{"taxonomy":"post_tag","embeddable":true,"href":"https:\/\/veritasinfo.org\/index.php?rest_route=%2Fwp%2Fv2%2Ftags&post=38173"}],"curies":[{"name":"wp","href":"https:\/\/api.w.org\/{rel}","templated":true}]}}