{"id":3815,"date":"2025-07-14T20:31:09","date_gmt":"2025-07-14T18:31:09","guid":{"rendered":"https:\/\/veritasinfo.org\/?p=3815"},"modified":"2025-07-14T20:31:14","modified_gmt":"2025-07-14T18:31:14","slug":"zyrtarizohet-transferimi-i-modric-te-milan","status":"publish","type":"post","link":"https:\/\/veritasinfo.org\/?p=3815","title":{"rendered":"Zyrtarizohet transferimi i Modric te Milan"},"content":{"rendered":"<p>Milan, 14 Korrik 2025<\/p>\n<p><strong>Futbollisti i njohur kroat, Luka Modric, \u00ebsht\u00eb zyrtarizuar si lojtar i ri i klubit italian AC Milan.<\/strong><\/p>\n<p>Tridhjet\u00eb e n\u00ebnt\u00eb vje\u00e7ari ka n\u00ebnshkruar nj\u00eb kontrat\u00eb nj\u00ebvje\u00e7are me klubin nga Milano, me mund\u00ebsi vazhdimi deri n\u00eb vitin 2027.<\/p>\n<p>Modric largohet nga Real Madrid\u00a0pas plot tremb\u00ebdhjet\u00eb\u00a0viteve t\u00eb kaluara te gjiganti spanjoll, ku ka fituar\u00a0gjith\u00e7ka. Me Real, ai ka zhvilluar 597 ndeshje dhe ka fituar nj\u00ebzet e tet\u00eb\u00a0trofe, p\u00ebrfshir\u00eb gjasht\u00eb Champions League dhe kat\u00ebr tituj kampioni n\u00eb La Liga. Ndeshjen e tij t\u00eb fundit me Real\u00a0e luajti kund\u00ebr Paris Saint-Germain, n\u00eb humbjen 4-0 n\u00eb Bot\u00ebrorin e Klubeve.<\/p>\n<p>I njohur si nj\u00eb nga mesfushor\u00ebt m\u00eb t\u00eb mir\u00eb n\u00eb historin\u00eb e futbollit, Modric ka b\u00ebr\u00eb histori edhe me komb\u00ebtaren kroate. Ai ka luajtur 188 ndeshje me Kroacin\u00eb dhe ka sh\u00ebnuar nj\u00ebzet e tet\u00eb\u00a0gola. N\u00eb vitin 2018, Modric e udh\u00ebhoqi Kroacin\u00eb n\u00eb finalen e Kup\u00ebs s\u00eb Bot\u00ebs dhe fitoi \u00e7mimin e madh \u201cTopi i Art\u00eb\u201d, duke u shpallur futbollisti m\u00eb i mir\u00eb n\u00eb bot\u00eb.<\/p>\n<p>Te Milan, Modric do t\u00eb mbaj\u00eb fanell\u00ebn me numrin 14, duke u b\u00ebr\u00eb pjes\u00eb e nj\u00eb mesfush\u00eb ku tashm\u00eb luajn\u00eb edhe Youssouf Fofana, Yunus Musah, Ruben Loftus-Cheek dhe s\u00eb fundi Samuele Ricci.<\/p>\n<p>Milan sezonin e ri n\u00eb Serie A do ta nis\u00eb m\u00eb 23 gusht, kund\u00ebr ekipit t\u00eb sapopromovuar, Cremonese.<\/p>\n<p>&nbsp;<\/p>\n","protected":false},"excerpt":{"rendered":"<p>Milan, 14 Korrik 2025 Futbollisti i njohur kroat, Luka Modric, \u00ebsht\u00eb zyrtarizuar si lojtar i ri i klubit italian AC Milan. Tridhjet\u00eb e n\u00ebnt\u00eb vje\u00e7ari<\/p>\n","protected":false},"author":1,"featured_media":3816,"comment_status":"open","ping_status":"open","sticky":false,"template":"","format":"standard","meta":{"footnotes":""},"categories":[5],"tags":[],"class_list":["post-3815","post","type-post","status-publish","format-standard","has-post-thumbnail","hentry","category-sport-sq"],"yoast_head":"<!-- This site is optimized with the Yoast SEO plugin v25.3.1 - https:\/\/yoast.com\/wordpress\/plugins\/seo\/ -->\n<title>Zyrtarizohet transferimi i Modric te Milan -<\/title>\n<meta name=\"robots\" content=\"index, follow, max-snippet:-1, max-image-preview:large, max-video-preview:-1\" \/>\n<link rel=\"canonical\" href=\"https:\/\/veritasinfo.org\/?p=3815\" \/>\n<meta property=\"og:locale\" content=\"en_US\" \/>\n<meta property=\"og:type\" content=\"article\" \/>\n<meta property=\"og:title\" content=\"Zyrtarizohet transferimi i Modric te Milan -\" \/>\n<meta property=\"og:description\" content=\"Milan, 14 Korrik 2025 Futbollisti i njohur kroat, Luka Modric, \u00ebsht\u00eb zyrtarizuar si lojtar i ri i klubit italian AC Milan. Tridhjet\u00eb e n\u00ebnt\u00eb vje\u00e7ari\" \/>\n<meta property=\"og:url\" content=\"https:\/\/veritasinfo.org\/?p=3815\" \/>\n<meta property=\"article:published_time\" content=\"2025-07-14T18:31:09+00:00\" \/>\n<meta property=\"article:modified_time\" content=\"2025-07-14T18:31:14+00:00\" \/>\n<meta property=\"og:image\" content=\"https:\/\/veritasinfo.org\/wp-content\/uploads\/2025\/07\/IMG_2069.jpeg\" \/>\n\t<meta property=\"og:image:width\" content=\"780\" \/>\n\t<meta property=\"og:image:height\" content=\"500\" \/>\n\t<meta property=\"og:image:type\" content=\"image\/jpeg\" \/>\n<meta name=\"author\" content=\"admin\" \/>\n<meta name=\"twitter:card\" content=\"summary_large_image\" \/>\n<meta name=\"twitter:label1\" content=\"Written by\" \/>\n\t<meta name=\"twitter:data1\" content=\"admin\" \/>\n\t<meta name=\"twitter:label2\" content=\"Est. reading time\" \/>\n\t<meta name=\"twitter:data2\" content=\"2 minutes\" \/>\n<script type=\"application\/ld+json\" class=\"yoast-schema-graph\">{\"@context\":\"https:\/\/schema.org\",\"@graph\":[{\"@type\":\"WebPage\",\"@id\":\"https:\/\/veritasinfo.org\/?p=3815\",\"url\":\"https:\/\/veritasinfo.org\/?p=3815\",\"name\":\"Zyrtarizohet transferimi i Modric te Milan -\",\"isPartOf\":{\"@id\":\"https:\/\/veritasinfo.org\/#website\"},\"primaryImageOfPage\":{\"@id\":\"https:\/\/veritasinfo.org\/?p=3815#primaryimage\"},\"image\":{\"@id\":\"https:\/\/veritasinfo.org\/?p=3815#primaryimage\"},\"thumbnailUrl\":\"https:\/\/veritasinfo.org\/wp-content\/uploads\/2025\/07\/IMG_2069.jpeg\",\"datePublished\":\"2025-07-14T18:31:09+00:00\",\"dateModified\":\"2025-07-14T18:31:14+00:00\",\"author\":{\"@id\":\"https:\/\/veritasinfo.org\/#\/schema\/person\/7701f8c088bece422266b100a712374f\"},\"breadcrumb\":{\"@id\":\"https:\/\/veritasinfo.org\/?p=3815#breadcrumb\"},\"inLanguage\":\"en-US\",\"potentialAction\":[{\"@type\":\"ReadAction\",\"target\":[\"https:\/\/veritasinfo.org\/?p=3815\"]}]},{\"@type\":\"ImageObject\",\"inLanguage\":\"en-US\",\"@id\":\"https:\/\/veritasinfo.org\/?p=3815#primaryimage\",\"url\":\"https:\/\/veritasinfo.org\/wp-content\/uploads\/2025\/07\/IMG_2069.jpeg\",\"contentUrl\":\"https:\/\/veritasinfo.org\/wp-content\/uploads\/2025\/07\/IMG_2069.jpeg\",\"width\":780,\"height\":500},{\"@type\":\"BreadcrumbList\",\"@id\":\"https:\/\/veritasinfo.org\/?p=3815#breadcrumb\",\"itemListElement\":[{\"@type\":\"ListItem\",\"position\":1,\"name\":\"Home\",\"item\":\"https:\/\/veritasinfo.org\/\"},{\"@type\":\"ListItem\",\"position\":2,\"name\":\"Zyrtarizohet transferimi i Modric te Milan\"}]},{\"@type\":\"WebSite\",\"@id\":\"https:\/\/veritasinfo.org\/#website\",\"url\":\"https:\/\/veritasinfo.org\/\",\"name\":\"\",\"description\":\"\",\"potentialAction\":[{\"@type\":\"SearchAction\",\"target\":{\"@type\":\"EntryPoint\",\"urlTemplate\":\"https:\/\/veritasinfo.org\/?s={search_term_string}\"},\"query-input\":{\"@type\":\"PropertyValueSpecification\",\"valueRequired\":true,\"valueName\":\"search_term_string\"}}],\"inLanguage\":\"en-US\"},{\"@type\":\"Person\",\"@id\":\"https:\/\/veritasinfo.org\/#\/schema\/person\/7701f8c088bece422266b100a712374f\",\"name\":\"admin\",\"image\":{\"@type\":\"ImageObject\",\"inLanguage\":\"en-US\",\"@id\":\"https:\/\/veritasinfo.org\/#\/schema\/person\/image\/\",\"url\":\"https:\/\/secure.gravatar.com\/avatar\/ea53aa3bf6c9a12d5fde8ce4deff43fef3885ae33cf60184161a50d6987cfd2f?s=96&d=mm&r=g\",\"contentUrl\":\"https:\/\/secure.gravatar.com\/avatar\/ea53aa3bf6c9a12d5fde8ce4deff43fef3885ae33cf60184161a50d6987cfd2f?s=96&d=mm&r=g\",\"caption\":\"admin\"},\"sameAs\":[\"https:\/\/veritasinfo.org\"],\"url\":\"https:\/\/veritasinfo.org\/?author=1\"}]}<\/script>\n<!-- \/ Yoast SEO plugin. -->","yoast_head_json":{"title":"Zyrtarizohet transferimi i Modric te Milan -","robots":{"index":"index","follow":"follow","max-snippet":"max-snippet:-1","max-image-preview":"max-image-preview:large","max-video-preview":"max-video-preview:-1"},"canonical":"https:\/\/veritasinfo.org\/?p=3815","og_locale":"en_US","og_type":"article","og_title":"Zyrtarizohet transferimi i Modric te Milan -","og_description":"Milan, 14 Korrik 2025 Futbollisti i njohur kroat, Luka Modric, \u00ebsht\u00eb zyrtarizuar si lojtar i ri i klubit italian AC Milan. Tridhjet\u00eb e n\u00ebnt\u00eb vje\u00e7ari","og_url":"https:\/\/veritasinfo.org\/?p=3815","article_published_time":"2025-07-14T18:31:09+00:00","article_modified_time":"2025-07-14T18:31:14+00:00","og_image":[{"width":780,"height":500,"url":"https:\/\/veritasinfo.org\/wp-content\/uploads\/2025\/07\/IMG_2069.jpeg","type":"image\/jpeg"}],"author":"admin","twitter_card":"summary_large_image","twitter_misc":{"Written by":"admin","Est. reading time":"2 minutes"},"schema":{"@context":"https:\/\/schema.org","@graph":[{"@type":"WebPage","@id":"https:\/\/veritasinfo.org\/?p=3815","url":"https:\/\/veritasinfo.org\/?p=3815","name":"Zyrtarizohet transferimi i Modric te Milan -","isPartOf":{"@id":"https:\/\/veritasinfo.org\/#website"},"primaryImageOfPage":{"@id":"https:\/\/veritasinfo.org\/?p=3815#primaryimage"},"image":{"@id":"https:\/\/veritasinfo.org\/?p=3815#primaryimage"},"thumbnailUrl":"https:\/\/veritasinfo.org\/wp-content\/uploads\/2025\/07\/IMG_2069.jpeg","datePublished":"2025-07-14T18:31:09+00:00","dateModified":"2025-07-14T18:31:14+00:00","author":{"@id":"https:\/\/veritasinfo.org\/#\/schema\/person\/7701f8c088bece422266b100a712374f"},"breadcrumb":{"@id":"https:\/\/veritasinfo.org\/?p=3815#breadcrumb"},"inLanguage":"en-US","potentialAction":[{"@type":"ReadAction","target":["https:\/\/veritasinfo.org\/?p=3815"]}]},{"@type":"ImageObject","inLanguage":"en-US","@id":"https:\/\/veritasinfo.org\/?p=3815#primaryimage","url":"https:\/\/veritasinfo.org\/wp-content\/uploads\/2025\/07\/IMG_2069.jpeg","contentUrl":"https:\/\/veritasinfo.org\/wp-content\/uploads\/2025\/07\/IMG_2069.jpeg","width":780,"height":500},{"@type":"BreadcrumbList","@id":"https:\/\/veritasinfo.org\/?p=3815#breadcrumb","itemListElement":[{"@type":"ListItem","position":1,"name":"Home","item":"https:\/\/veritasinfo.org\/"},{"@type":"ListItem","position":2,"name":"Zyrtarizohet transferimi i Modric te Milan"}]},{"@type":"WebSite","@id":"https:\/\/veritasinfo.org\/#website","url":"https:\/\/veritasinfo.org\/","name":"","description":"","potentialAction":[{"@type":"SearchAction","target":{"@type":"EntryPoint","urlTemplate":"https:\/\/veritasinfo.org\/?s={search_term_string}"},"query-input":{"@type":"PropertyValueSpecification","valueRequired":true,"valueName":"search_term_string"}}],"inLanguage":"en-US"},{"@type":"Person","@id":"https:\/\/veritasinfo.org\/#\/schema\/person\/7701f8c088bece422266b100a712374f","name":"admin","image":{"@type":"ImageObject","inLanguage":"en-US","@id":"https:\/\/veritasinfo.org\/#\/schema\/person\/image\/","url":"https:\/\/secure.gravatar.com\/avatar\/ea53aa3bf6c9a12d5fde8ce4deff43fef3885ae33cf60184161a50d6987cfd2f?s=96&d=mm&r=g","contentUrl":"https:\/\/secure.gravatar.com\/avatar\/ea53aa3bf6c9a12d5fde8ce4deff43fef3885ae33cf60184161a50d6987cfd2f?s=96&d=mm&r=g","caption":"admin"},"sameAs":["https:\/\/veritasinfo.org"],"url":"https:\/\/veritasinfo.org\/?author=1"}]}},"featured_image_urls":{"full":["https:\/\/veritasinfo.org\/wp-content\/uploads\/2025\/07\/IMG_2069.jpeg",780,500,false],"thumbnail":["https:\/\/veritasinfo.org\/wp-content\/uploads\/2025\/07\/IMG_2069-150x150.jpeg",150,150,true],"medium":["https:\/\/veritasinfo.org\/wp-content\/uploads\/2025\/07\/IMG_2069-300x192.jpeg",300,192,true],"medium_large":["https:\/\/veritasinfo.org\/wp-content\/uploads\/2025\/07\/IMG_2069-768x492.jpeg",640,410,true],"large":["https:\/\/veritasinfo.org\/wp-content\/uploads\/2025\/07\/IMG_2069.jpeg",640,410,false],"1536x1536":["https:\/\/veritasinfo.org\/wp-content\/uploads\/2025\/07\/IMG_2069.jpeg",780,500,false],"2048x2048":["https:\/\/veritasinfo.org\/wp-content\/uploads\/2025\/07\/IMG_2069.jpeg",780,500,false],"kreeti-slider-full":["https:\/\/veritasinfo.org\/wp-content\/uploads\/2025\/07\/IMG_2069.jpeg",780,500,false],"kreeti-featured":["https:\/\/veritasinfo.org\/wp-content\/uploads\/2025\/07\/IMG_2069.jpeg",780,500,false],"kreeti-medium":["https:\/\/veritasinfo.org\/wp-content\/uploads\/2025\/07\/IMG_2069.jpeg",720,462,false],"kreeti-medium-square":["https:\/\/veritasinfo.org\/wp-content\/uploads\/2025\/07\/IMG_2069.jpeg",350,224,false]},"author_info":{"info":["admin"]},"category_info":"<a href=\"https:\/\/veritasinfo.org\/?cat=5\" rel=\"category\">Sport<\/a>","tag_info":"Sport","comment_count":"0","_links":{"self":[{"href":"https:\/\/veritasinfo.org\/index.php?rest_route=\/wp\/v2\/posts\/3815","targetHints":{"allow":["GET"]}}],"collection":[{"href":"https:\/\/veritasinfo.org\/index.php?rest_route=\/wp\/v2\/posts"}],"about":[{"href":"https:\/\/veritasinfo.org\/index.php?rest_route=\/wp\/v2\/types\/post"}],"author":[{"embeddable":true,"href":"https:\/\/veritasinfo.org\/index.php?rest_route=\/wp\/v2\/users\/1"}],"replies":[{"embeddable":true,"href":"https:\/\/veritasinfo.org\/index.php?rest_route=%2Fwp%2Fv2%2Fcomments&post=3815"}],"version-history":[{"count":1,"href":"https:\/\/veritasinfo.org\/index.php?rest_route=\/wp\/v2\/posts\/3815\/revisions"}],"predecessor-version":[{"id":3817,"href":"https:\/\/veritasinfo.org\/index.php?rest_route=\/wp\/v2\/posts\/3815\/revisions\/3817"}],"wp:featuredmedia":[{"embeddable":true,"href":"https:\/\/veritasinfo.org\/index.php?rest_route=\/wp\/v2\/media\/3816"}],"wp:attachment":[{"href":"https:\/\/veritasinfo.org\/index.php?rest_route=%2Fwp%2Fv2%2Fmedia&parent=3815"}],"wp:term":[{"taxonomy":"category","embeddable":true,"href":"https:\/\/veritasinfo.org\/index.php?rest_route=%2Fwp%2Fv2%2Fcategories&post=3815"},{"taxonomy":"post_tag","embeddable":true,"href":"https:\/\/veritasinfo.org\/index.php?rest_route=%2Fwp%2Fv2%2Ftags&post=3815"}],"curies":[{"name":"wp","href":"https:\/\/api.w.org\/{rel}","templated":true}]}}