{"id":38120,"date":"2026-03-17T07:31:12","date_gmt":"2026-03-17T06:31:12","guid":{"rendered":"https:\/\/veritasinfo.org\/?p=38120"},"modified":"2026-03-17T07:31:12","modified_gmt":"2026-03-17T06:31:12","slug":"degradimi-i-parqeve-kombetare-nga-ndertimet-pa-leje","status":"publish","type":"post","link":"https:\/\/veritasinfo.org\/?p=38120","title":{"rendered":"Degradimi i Parqeve Komb\u00ebtare nga nd\u00ebrtimet pa leje"},"content":{"rendered":"<p>Prishtin\u00eb, 17 mars 2026 07:29<\/p>\n<p>Kosova shquhet p\u00ebr relievin e bukur t\u00eb vargmaleve, sidomos ato t\u00eb Sharrit, ku pjesa m\u00eb e madhe e tyre \u00ebsht\u00eb shpallur Park Komb\u00ebtar 40 vjet m\u00eb par\u00eb, i shtrir\u00eb n\u00eb jug t\u00eb vendit, n\u00eb rajonin e Prizrenit dhe t\u00eb Ka\u00e7anikut, me nj\u00eb sip\u00ebrfaqe prej rreth 53 mij\u00eb e 272 hektar\u00ebsh.<\/p>\n<p>Megjith\u00ebse me ligj \u00ebsht\u00eb i mbrojtur, nd\u00ebrtimet pa leje nuk e kan\u00eb kursyer k\u00ebt\u00eb pasuri natyrore. Vendimi p\u00ebr ndalimin rrept\u00ebsisht\u00eb t\u00eb \u00e7dolloj aktiviteti pa leje brenda parqeve komb\u00ebtare po shihet i q\u00eblluar nga adhuruesit e natyr\u00ebs.<\/p>\n<p>&#8220;Vendimin e shoh t\u00eb mir\u00eb, t\u2019i ndaloj\u00eb nd\u00ebrtimet e egra, n\u00eb k\u00ebt\u00eb bukuri natyrore&#8221;, tha Fehmi Azemi nga Ferizaj.<\/p>\n<p>Vendimet dhe ligjet ekzistuese, nga k\u00ebndv\u00ebshtrimi i njoh\u00ebsve t\u00eb fush\u00ebs, pos ndalimeve t\u00eb nd\u00ebrtimeve t\u00eb egra, duhet t\u00eb ng\u00ebrthejn\u00eb n\u00eb vete edhe rr\u00ebnimin e atyre pa leje.<\/p>\n<p>&#8220;Qasja e duhur \u00ebsht\u00eb q\u00eb me ligjet ekzistuese t\u00eb b\u00ebjm\u00eb ndalimin e nd\u00ebrtimeve pa leje, nd\u00ebrtimet pa leje ekzistuese me ligjin n\u00eb fjal\u00eb ti rr\u00ebnojm\u00eb\u201d, tha Beni Kizolli, iIsh drejtor i urbanizmit n\u00eb Prizren<\/p>\n<p>N\u00eb Prevall\u00eb t\u00eb Prizrenit, n\u00eb m\u00eb shum\u00eb se dy dekada jan\u00eb nd\u00ebrtuar shum\u00eb sht\u00ebpi pushimi, t\u00eb cilat q\u00eb nga pamja e par\u00eb, nuk t\u00eb l\u00ebn\u00eb p\u00ebrshtypjen e nj\u00eb fshati turistik, q\u00eb shtrihet n\u00eb zon\u00ebn e mbrojtur t\u00eb Parkut Komb\u00ebtar.<\/p>\n<p>Edhe Oda e Hotelier\u00ebve n\u00ebnvizon se ligji dhe rregullat duhet t\u00eb zbatohen n\u00eb mbrojtje t\u00eb aseteve t\u00eb vendit.<\/p>\n<p>&#8220;P\u00ebrkrahim \u00e7&#8217;do iniciativ\u00eb t\u00eb Qeveris\u00eb s\u00eb Kosov\u00ebs, q\u00eb \u00ebsht\u00eb n\u00eb p\u00ebrputhje me ligjet e Kosov\u00ebs\u201d, tha Burim Sallauka nga Oda e Hotelier\u00ebve t\u00eb Kosov\u00ebs.<\/p>\n<p>Se parqet komb\u00ebtare t\u00eb vendit nuk jan\u00eb n\u00eb gjendje t\u00eb mir\u00eb dhe se duhet t\u00eb mbrohen, n\u00ebnvizojn\u00eb edhe njoh\u00ebs t\u00eb shkencave t\u00eb pyjeve dhe mjedisit. Gjendja e r\u00ebnd\u00eb sipas profesor Faruk Bojaxhiut, paraqitet n\u00eb Ka\u00e7anik e Suharek\u00eb, ndaj zbatimi i vendimit p\u00ebr intervenime t\u00eb paligjshme \u00ebsht\u00eb i domosdosh\u00ebm.<\/p>\n<p>&#8220;Vet\u00eb koncepti i zonave t\u00eb mbrojtura len t\u00eb kuptohet q\u00eb n\u00eb Parqet Komb\u00ebtare ti nuk mund t\u00eb b\u00ebsh \u00e7far\u00eb t\u00eb duash. Kemi zon\u00eb strikte q\u00eb n\u00eb ato zona nuk mund t\u00eb lejosh asnj\u00eb lloj aktiviteti edhe n\u00eb k\u00ebmb\u00eb t\u00eb ec\u00ebsh, duhet t\u00eb marr\u00ebsh leje nga Agjencia p\u00ebr mbrojtjen e mjedisit, nga MMPH. Absolutisht jemi shum\u00eb dakort q\u00eb t\u00eb zhvillohet e t\u00eb punohet fuqish\u00ebm q\u00eb t\u00eb ndalohen aktivitetet brenda Parqeve Komb\u00ebtare\u201d, tha Faruk Bojaxhiu, profesori i shkencave t\u00eb pyjeve dhe mjedisit.<\/p>\n<p>Pos nd\u00ebrtimeve pa leje, prerjet ilegale dhe zjarret kan\u00eb shkaktuar d\u00ebme t\u00eb pariparueshme n\u00eb disa zona t\u00eb pyjeve t\u00eb kultivuara si Koretniku, q\u00eb vet\u00ebm me pyll\u00ebzime mund t\u00eb kemi rikuperimin e tyre, n\u00ebnvizojn\u00eb njoh\u00ebs t\u00eb mjedisit.<\/p>\n","protected":false},"excerpt":{"rendered":"<p>Prishtin\u00eb, 17 mars 2026 07:29 Kosova shquhet p\u00ebr relievin e bukur t\u00eb vargmaleve, sidomos ato t\u00eb Sharrit, ku pjesa m\u00eb e madhe e tyre \u00ebsht\u00eb<\/p>\n","protected":false},"author":7,"featured_media":38121,"comment_status":"open","ping_status":"open","sticky":false,"template":"","format":"standard","meta":{"footnotes":""},"categories":[60],"tags":[],"class_list":["post-38120","post","type-post","status-publish","format-standard","has-post-thumbnail","hentry","category-shoqerore-sq"],"yoast_head":"<!-- This site is optimized with the Yoast SEO plugin v25.3.1 - https:\/\/yoast.com\/wordpress\/plugins\/seo\/ -->\n<title>Degradimi i Parqeve Komb\u00ebtare nga nd\u00ebrtimet pa leje -<\/title>\n<meta name=\"robots\" content=\"index, follow, max-snippet:-1, max-image-preview:large, max-video-preview:-1\" \/>\n<link rel=\"canonical\" href=\"https:\/\/veritasinfo.org\/?p=38120\" \/>\n<meta property=\"og:locale\" content=\"en_US\" \/>\n<meta property=\"og:type\" content=\"article\" \/>\n<meta property=\"og:title\" content=\"Degradimi i Parqeve Komb\u00ebtare nga nd\u00ebrtimet pa leje -\" \/>\n<meta property=\"og:description\" content=\"Prishtin\u00eb, 17 mars 2026 07:29 Kosova shquhet p\u00ebr relievin e bukur t\u00eb vargmaleve, sidomos ato t\u00eb Sharrit, ku pjesa m\u00eb e madhe e tyre \u00ebsht\u00eb\" \/>\n<meta property=\"og:url\" content=\"https:\/\/veritasinfo.org\/?p=38120\" \/>\n<meta property=\"article:published_time\" content=\"2026-03-17T06:31:12+00:00\" \/>\n<meta property=\"og:image\" content=\"https:\/\/veritasinfo.org\/wp-content\/uploads\/2026\/03\/csl-ja-e-konsideron-skandaloz-vendimin-e-apelit-per-hidrocentralet-ne-decan_60bba05aaab39.jpeg\" \/>\n\t<meta property=\"og:image:width\" content=\"850\" \/>\n\t<meta property=\"og:image:height\" content=\"478\" \/>\n\t<meta property=\"og:image:type\" content=\"image\/jpeg\" \/>\n<meta name=\"author\" content=\"US6\" \/>\n<meta name=\"twitter:card\" content=\"summary_large_image\" \/>\n<meta name=\"twitter:label1\" content=\"Written by\" \/>\n\t<meta name=\"twitter:data1\" content=\"US6\" \/>\n\t<meta name=\"twitter:label2\" content=\"Est. reading time\" \/>\n\t<meta name=\"twitter:data2\" content=\"3 minutes\" \/>\n<script type=\"application\/ld+json\" class=\"yoast-schema-graph\">{\"@context\":\"https:\/\/schema.org\",\"@graph\":[{\"@type\":\"WebPage\",\"@id\":\"https:\/\/veritasinfo.org\/?p=38120\",\"url\":\"https:\/\/veritasinfo.org\/?p=38120\",\"name\":\"Degradimi i Parqeve Komb\u00ebtare nga nd\u00ebrtimet pa leje -\",\"isPartOf\":{\"@id\":\"https:\/\/veritasinfo.org\/#website\"},\"primaryImageOfPage\":{\"@id\":\"https:\/\/veritasinfo.org\/?p=38120#primaryimage\"},\"image\":{\"@id\":\"https:\/\/veritasinfo.org\/?p=38120#primaryimage\"},\"thumbnailUrl\":\"https:\/\/veritasinfo.org\/wp-content\/uploads\/2026\/03\/csl-ja-e-konsideron-skandaloz-vendimin-e-apelit-per-hidrocentralet-ne-decan_60bba05aaab39.jpeg\",\"datePublished\":\"2026-03-17T06:31:12+00:00\",\"author\":{\"@id\":\"https:\/\/veritasinfo.org\/#\/schema\/person\/fe199eede04c3937362892b7444747cc\"},\"breadcrumb\":{\"@id\":\"https:\/\/veritasinfo.org\/?p=38120#breadcrumb\"},\"inLanguage\":\"en-US\",\"potentialAction\":[{\"@type\":\"ReadAction\",\"target\":[\"https:\/\/veritasinfo.org\/?p=38120\"]}]},{\"@type\":\"ImageObject\",\"inLanguage\":\"en-US\",\"@id\":\"https:\/\/veritasinfo.org\/?p=38120#primaryimage\",\"url\":\"https:\/\/veritasinfo.org\/wp-content\/uploads\/2026\/03\/csl-ja-e-konsideron-skandaloz-vendimin-e-apelit-per-hidrocentralet-ne-decan_60bba05aaab39.jpeg\",\"contentUrl\":\"https:\/\/veritasinfo.org\/wp-content\/uploads\/2026\/03\/csl-ja-e-konsideron-skandaloz-vendimin-e-apelit-per-hidrocentralet-ne-decan_60bba05aaab39.jpeg\",\"width\":850,\"height\":478},{\"@type\":\"BreadcrumbList\",\"@id\":\"https:\/\/veritasinfo.org\/?p=38120#breadcrumb\",\"itemListElement\":[{\"@type\":\"ListItem\",\"position\":1,\"name\":\"Home\",\"item\":\"https:\/\/veritasinfo.org\/\"},{\"@type\":\"ListItem\",\"position\":2,\"name\":\"Degradimi i Parqeve Komb\u00ebtare nga nd\u00ebrtimet pa leje\"}]},{\"@type\":\"WebSite\",\"@id\":\"https:\/\/veritasinfo.org\/#website\",\"url\":\"https:\/\/veritasinfo.org\/\",\"name\":\"\",\"description\":\"\",\"potentialAction\":[{\"@type\":\"SearchAction\",\"target\":{\"@type\":\"EntryPoint\",\"urlTemplate\":\"https:\/\/veritasinfo.org\/?s={search_term_string}\"},\"query-input\":{\"@type\":\"PropertyValueSpecification\",\"valueRequired\":true,\"valueName\":\"search_term_string\"}}],\"inLanguage\":\"en-US\"},{\"@type\":\"Person\",\"@id\":\"https:\/\/veritasinfo.org\/#\/schema\/person\/fe199eede04c3937362892b7444747cc\",\"name\":\"US6\",\"image\":{\"@type\":\"ImageObject\",\"inLanguage\":\"en-US\",\"@id\":\"https:\/\/veritasinfo.org\/#\/schema\/person\/image\/\",\"url\":\"https:\/\/secure.gravatar.com\/avatar\/cb16c3c31c9d23b9b8c705964598220b3014e42ff51eb540ff23cefa3ae8c15f?s=96&d=mm&r=g\",\"contentUrl\":\"https:\/\/secure.gravatar.com\/avatar\/cb16c3c31c9d23b9b8c705964598220b3014e42ff51eb540ff23cefa3ae8c15f?s=96&d=mm&r=g\",\"caption\":\"US6\"},\"url\":\"https:\/\/veritasinfo.org\/?author=7\"}]}<\/script>\n<!-- \/ Yoast SEO plugin. -->","yoast_head_json":{"title":"Degradimi i Parqeve Komb\u00ebtare nga nd\u00ebrtimet pa leje -","robots":{"index":"index","follow":"follow","max-snippet":"max-snippet:-1","max-image-preview":"max-image-preview:large","max-video-preview":"max-video-preview:-1"},"canonical":"https:\/\/veritasinfo.org\/?p=38120","og_locale":"en_US","og_type":"article","og_title":"Degradimi i Parqeve Komb\u00ebtare nga nd\u00ebrtimet pa leje -","og_description":"Prishtin\u00eb, 17 mars 2026 07:29 Kosova shquhet p\u00ebr relievin e bukur t\u00eb vargmaleve, sidomos ato t\u00eb Sharrit, ku pjesa m\u00eb e madhe e tyre \u00ebsht\u00eb","og_url":"https:\/\/veritasinfo.org\/?p=38120","article_published_time":"2026-03-17T06:31:12+00:00","og_image":[{"width":850,"height":478,"url":"https:\/\/veritasinfo.org\/wp-content\/uploads\/2026\/03\/csl-ja-e-konsideron-skandaloz-vendimin-e-apelit-per-hidrocentralet-ne-decan_60bba05aaab39.jpeg","type":"image\/jpeg"}],"author":"US6","twitter_card":"summary_large_image","twitter_misc":{"Written by":"US6","Est. reading time":"3 minutes"},"schema":{"@context":"https:\/\/schema.org","@graph":[{"@type":"WebPage","@id":"https:\/\/veritasinfo.org\/?p=38120","url":"https:\/\/veritasinfo.org\/?p=38120","name":"Degradimi i Parqeve Komb\u00ebtare nga nd\u00ebrtimet pa leje -","isPartOf":{"@id":"https:\/\/veritasinfo.org\/#website"},"primaryImageOfPage":{"@id":"https:\/\/veritasinfo.org\/?p=38120#primaryimage"},"image":{"@id":"https:\/\/veritasinfo.org\/?p=38120#primaryimage"},"thumbnailUrl":"https:\/\/veritasinfo.org\/wp-content\/uploads\/2026\/03\/csl-ja-e-konsideron-skandaloz-vendimin-e-apelit-per-hidrocentralet-ne-decan_60bba05aaab39.jpeg","datePublished":"2026-03-17T06:31:12+00:00","author":{"@id":"https:\/\/veritasinfo.org\/#\/schema\/person\/fe199eede04c3937362892b7444747cc"},"breadcrumb":{"@id":"https:\/\/veritasinfo.org\/?p=38120#breadcrumb"},"inLanguage":"en-US","potentialAction":[{"@type":"ReadAction","target":["https:\/\/veritasinfo.org\/?p=38120"]}]},{"@type":"ImageObject","inLanguage":"en-US","@id":"https:\/\/veritasinfo.org\/?p=38120#primaryimage","url":"https:\/\/veritasinfo.org\/wp-content\/uploads\/2026\/03\/csl-ja-e-konsideron-skandaloz-vendimin-e-apelit-per-hidrocentralet-ne-decan_60bba05aaab39.jpeg","contentUrl":"https:\/\/veritasinfo.org\/wp-content\/uploads\/2026\/03\/csl-ja-e-konsideron-skandaloz-vendimin-e-apelit-per-hidrocentralet-ne-decan_60bba05aaab39.jpeg","width":850,"height":478},{"@type":"BreadcrumbList","@id":"https:\/\/veritasinfo.org\/?p=38120#breadcrumb","itemListElement":[{"@type":"ListItem","position":1,"name":"Home","item":"https:\/\/veritasinfo.org\/"},{"@type":"ListItem","position":2,"name":"Degradimi i Parqeve Komb\u00ebtare nga nd\u00ebrtimet pa leje"}]},{"@type":"WebSite","@id":"https:\/\/veritasinfo.org\/#website","url":"https:\/\/veritasinfo.org\/","name":"","description":"","potentialAction":[{"@type":"SearchAction","target":{"@type":"EntryPoint","urlTemplate":"https:\/\/veritasinfo.org\/?s={search_term_string}"},"query-input":{"@type":"PropertyValueSpecification","valueRequired":true,"valueName":"search_term_string"}}],"inLanguage":"en-US"},{"@type":"Person","@id":"https:\/\/veritasinfo.org\/#\/schema\/person\/fe199eede04c3937362892b7444747cc","name":"US6","image":{"@type":"ImageObject","inLanguage":"en-US","@id":"https:\/\/veritasinfo.org\/#\/schema\/person\/image\/","url":"https:\/\/secure.gravatar.com\/avatar\/cb16c3c31c9d23b9b8c705964598220b3014e42ff51eb540ff23cefa3ae8c15f?s=96&d=mm&r=g","contentUrl":"https:\/\/secure.gravatar.com\/avatar\/cb16c3c31c9d23b9b8c705964598220b3014e42ff51eb540ff23cefa3ae8c15f?s=96&d=mm&r=g","caption":"US6"},"url":"https:\/\/veritasinfo.org\/?author=7"}]}},"featured_image_urls":{"full":["https:\/\/veritasinfo.org\/wp-content\/uploads\/2026\/03\/csl-ja-e-konsideron-skandaloz-vendimin-e-apelit-per-hidrocentralet-ne-decan_60bba05aaab39.jpeg",850,478,false],"thumbnail":["https:\/\/veritasinfo.org\/wp-content\/uploads\/2026\/03\/csl-ja-e-konsideron-skandaloz-vendimin-e-apelit-per-hidrocentralet-ne-decan_60bba05aaab39-150x150.jpeg",150,150,true],"medium":["https:\/\/veritasinfo.org\/wp-content\/uploads\/2026\/03\/csl-ja-e-konsideron-skandaloz-vendimin-e-apelit-per-hidrocentralet-ne-decan_60bba05aaab39-300x169.jpeg",300,169,true],"medium_large":["https:\/\/veritasinfo.org\/wp-content\/uploads\/2026\/03\/csl-ja-e-konsideron-skandaloz-vendimin-e-apelit-per-hidrocentralet-ne-decan_60bba05aaab39-768x432.jpeg",640,360,true],"large":["https:\/\/veritasinfo.org\/wp-content\/uploads\/2026\/03\/csl-ja-e-konsideron-skandaloz-vendimin-e-apelit-per-hidrocentralet-ne-decan_60bba05aaab39.jpeg",640,360,false],"1536x1536":["https:\/\/veritasinfo.org\/wp-content\/uploads\/2026\/03\/csl-ja-e-konsideron-skandaloz-vendimin-e-apelit-per-hidrocentralet-ne-decan_60bba05aaab39.jpeg",850,478,false],"2048x2048":["https:\/\/veritasinfo.org\/wp-content\/uploads\/2026\/03\/csl-ja-e-konsideron-skandaloz-vendimin-e-apelit-per-hidrocentralet-ne-decan_60bba05aaab39.jpeg",850,478,false],"kreeti-slider-full":["https:\/\/veritasinfo.org\/wp-content\/uploads\/2026\/03\/csl-ja-e-konsideron-skandaloz-vendimin-e-apelit-per-hidrocentralet-ne-decan_60bba05aaab39.jpeg",850,478,false],"kreeti-featured":["https:\/\/veritasinfo.org\/wp-content\/uploads\/2026\/03\/csl-ja-e-konsideron-skandaloz-vendimin-e-apelit-per-hidrocentralet-ne-decan_60bba05aaab39.jpeg",850,478,false],"kreeti-medium":["https:\/\/veritasinfo.org\/wp-content\/uploads\/2026\/03\/csl-ja-e-konsideron-skandaloz-vendimin-e-apelit-per-hidrocentralet-ne-decan_60bba05aaab39.jpeg",720,405,false],"kreeti-medium-square":["https:\/\/veritasinfo.org\/wp-content\/uploads\/2026\/03\/csl-ja-e-konsideron-skandaloz-vendimin-e-apelit-per-hidrocentralet-ne-decan_60bba05aaab39.jpeg",350,197,false]},"author_info":{"info":["US6"]},"category_info":"<a href=\"https:\/\/veritasinfo.org\/?cat=60\" rel=\"category\">Shoq\u00ebrore<\/a>","tag_info":"Shoq\u00ebrore","comment_count":"0","_links":{"self":[{"href":"https:\/\/veritasinfo.org\/index.php?rest_route=\/wp\/v2\/posts\/38120","targetHints":{"allow":["GET"]}}],"collection":[{"href":"https:\/\/veritasinfo.org\/index.php?rest_route=\/wp\/v2\/posts"}],"about":[{"href":"https:\/\/veritasinfo.org\/index.php?rest_route=\/wp\/v2\/types\/post"}],"author":[{"embeddable":true,"href":"https:\/\/veritasinfo.org\/index.php?rest_route=\/wp\/v2\/users\/7"}],"replies":[{"embeddable":true,"href":"https:\/\/veritasinfo.org\/index.php?rest_route=%2Fwp%2Fv2%2Fcomments&post=38120"}],"version-history":[{"count":1,"href":"https:\/\/veritasinfo.org\/index.php?rest_route=\/wp\/v2\/posts\/38120\/revisions"}],"predecessor-version":[{"id":38122,"href":"https:\/\/veritasinfo.org\/index.php?rest_route=\/wp\/v2\/posts\/38120\/revisions\/38122"}],"wp:featuredmedia":[{"embeddable":true,"href":"https:\/\/veritasinfo.org\/index.php?rest_route=\/wp\/v2\/media\/38121"}],"wp:attachment":[{"href":"https:\/\/veritasinfo.org\/index.php?rest_route=%2Fwp%2Fv2%2Fmedia&parent=38120"}],"wp:term":[{"taxonomy":"category","embeddable":true,"href":"https:\/\/veritasinfo.org\/index.php?rest_route=%2Fwp%2Fv2%2Fcategories&post=38120"},{"taxonomy":"post_tag","embeddable":true,"href":"https:\/\/veritasinfo.org\/index.php?rest_route=%2Fwp%2Fv2%2Ftags&post=38120"}],"curies":[{"name":"wp","href":"https:\/\/api.w.org\/{rel}","templated":true}]}}