{"id":38088,"date":"2026-03-16T18:56:50","date_gmt":"2026-03-16T17:56:50","guid":{"rendered":"https:\/\/veritasinfo.org\/?p=38088"},"modified":"2026-03-16T18:56:50","modified_gmt":"2026-03-16T17:56:50","slug":"gazetarja-lazareviq-pas-banjskes-ne-kosove-po-fshihen-me-shpejtesi-gjurmet-e-fundit-te-serbise","status":"publish","type":"post","link":"https:\/\/veritasinfo.org\/?p=38088","title":{"rendered":"Gazetarja Lazareviq: Pas Banjsk\u00ebs, n\u00eb Kosov\u00eb po fshihen me shpejt\u00ebsi gjurm\u00ebt e fundit t\u00eb Serbis\u00eb"},"content":{"rendered":"<p>Prishtin\u00eb, 16 mars 2026 18:55<\/p>\n<p>Kryeredaktorja e portalit serb n\u00eb Kosov\u00eb, Kossev, Tatjana Lazareviq thot\u00eb se vitet e fundit, ve\u00e7an\u00ebrisht pas sulmit n\u00eb Banjsk\u00eb dhe t\u00ebrheqjes s\u00eb serb\u00ebve nga institucionet e Kosov\u00ebs, prania e institucioneve t\u00eb Serbis\u00eb n\u00eb Kosov\u00eb po zvog\u00eblohet me shpejt\u00ebsi.<\/p>\n<p>Lazareviq thot\u00eb p\u00ebr N1 se serb\u00ebt n\u00eb veri t\u00eb Kosov\u00ebs e kan\u00eb pritur t\u00eb pap\u00ebrgatitur fillimin e zbatimit t\u00eb Ligjit p\u00ebr automjetet.<\/p>\n<p>Ajo tha se fillimi i hyrjes n\u00eb fuqi t\u00eb k\u00ebtij ligji do t\u00eb thot\u00eb fundi i targave serbe n\u00eb Kosov\u00eb.<\/p>\n<p>Tatjana Lazareviq shtron pyetjen se kur dhe pse u shfaq ideja e integrimit t\u00eb sh\u00ebndet\u00ebsis\u00eb dhe arsimit n\u00eb sistemin e Kosov\u00ebs.<\/p>\n<p>\u201cQ\u00eb prej 15 vitesh prania e Serbis\u00eb po zvog\u00eblohet gjithnj\u00eb e m\u00eb shum\u00eb dhe kjo \u00ebsht\u00eb ve\u00e7an\u00ebrisht e dukshme n\u00eb faz\u00ebn m\u00eb t\u00eb re, pas Banjs\u00ebs, p\u00ebrkat\u00ebsisht pas largimit t\u00eb serb\u00ebve nga institucionet kosovare. Tani, n\u00eb taktik\u00ebn e k\u00ebsaj strategjie t\u00eb nxjerrjes s\u00eb Serbis\u00eb nga Kosova, po fshihen me shpejt\u00ebsi gjurm\u00ebt e fundit t\u00eb Republik\u00ebs s\u00eb Serbis\u00eb\u201d, tha ajo.<\/p>\n<p>&nbsp;<\/p>\n","protected":false},"excerpt":{"rendered":"<p>Prishtin\u00eb, 16 mars 2026 18:55 Kryeredaktorja e portalit serb n\u00eb Kosov\u00eb, Kossev, Tatjana Lazareviq thot\u00eb se vitet e fundit, ve\u00e7an\u00ebrisht pas sulmit n\u00eb Banjsk\u00eb dhe<\/p>\n","protected":false},"author":7,"featured_media":38089,"comment_status":"open","ping_status":"open","sticky":false,"template":"","format":"standard","meta":{"footnotes":""},"categories":[58],"tags":[],"class_list":["post-38088","post","type-post","status-publish","format-standard","has-post-thumbnail","hentry","category-politike-sq"],"yoast_head":"<!-- This site is optimized with the Yoast SEO plugin v25.3.1 - https:\/\/yoast.com\/wordpress\/plugins\/seo\/ -->\n<title>Gazetarja Lazareviq: Pas Banjsk\u00ebs, n\u00eb Kosov\u00eb po fshihen me shpejt\u00ebsi gjurm\u00ebt e fundit t\u00eb Serbis\u00eb -<\/title>\n<meta name=\"robots\" content=\"index, follow, max-snippet:-1, max-image-preview:large, max-video-preview:-1\" \/>\n<link rel=\"canonical\" href=\"https:\/\/veritasinfo.org\/?p=38088\" \/>\n<meta property=\"og:locale\" content=\"en_US\" \/>\n<meta property=\"og:type\" content=\"article\" \/>\n<meta property=\"og:title\" content=\"Gazetarja Lazareviq: Pas Banjsk\u00ebs, n\u00eb Kosov\u00eb po fshihen me shpejt\u00ebsi gjurm\u00ebt e fundit t\u00eb Serbis\u00eb -\" \/>\n<meta property=\"og:description\" content=\"Prishtin\u00eb, 16 mars 2026 18:55 Kryeredaktorja e portalit serb n\u00eb Kosov\u00eb, Kossev, Tatjana Lazareviq thot\u00eb se vitet e fundit, ve\u00e7an\u00ebrisht pas sulmit n\u00eb Banjsk\u00eb dhe\" \/>\n<meta property=\"og:url\" content=\"https:\/\/veritasinfo.org\/?p=38088\" \/>\n<meta property=\"article:published_time\" content=\"2026-03-16T17:56:50+00:00\" \/>\n<meta property=\"og:image\" content=\"https:\/\/veritasinfo.org\/wp-content\/uploads\/2026\/03\/1689246709-1662029676-Tatjana-Lazarevic-KoSS.width-1200-600x360-1.webp\" \/>\n\t<meta property=\"og:image:width\" content=\"600\" \/>\n\t<meta property=\"og:image:height\" content=\"360\" \/>\n\t<meta property=\"og:image:type\" content=\"image\/webp\" \/>\n<meta name=\"author\" content=\"US6\" \/>\n<meta name=\"twitter:card\" content=\"summary_large_image\" \/>\n<meta name=\"twitter:label1\" content=\"Written by\" \/>\n\t<meta name=\"twitter:data1\" content=\"US6\" \/>\n\t<meta name=\"twitter:label2\" content=\"Est. reading time\" \/>\n\t<meta name=\"twitter:data2\" content=\"1 minute\" \/>\n<script type=\"application\/ld+json\" class=\"yoast-schema-graph\">{\"@context\":\"https:\/\/schema.org\",\"@graph\":[{\"@type\":\"WebPage\",\"@id\":\"https:\/\/veritasinfo.org\/?p=38088\",\"url\":\"https:\/\/veritasinfo.org\/?p=38088\",\"name\":\"Gazetarja Lazareviq: Pas Banjsk\u00ebs, n\u00eb Kosov\u00eb po fshihen me shpejt\u00ebsi gjurm\u00ebt e fundit t\u00eb Serbis\u00eb -\",\"isPartOf\":{\"@id\":\"https:\/\/veritasinfo.org\/#website\"},\"primaryImageOfPage\":{\"@id\":\"https:\/\/veritasinfo.org\/?p=38088#primaryimage\"},\"image\":{\"@id\":\"https:\/\/veritasinfo.org\/?p=38088#primaryimage\"},\"thumbnailUrl\":\"https:\/\/veritasinfo.org\/wp-content\/uploads\/2026\/03\/1689246709-1662029676-Tatjana-Lazarevic-KoSS.width-1200-600x360-1.webp\",\"datePublished\":\"2026-03-16T17:56:50+00:00\",\"author\":{\"@id\":\"https:\/\/veritasinfo.org\/#\/schema\/person\/fe199eede04c3937362892b7444747cc\"},\"breadcrumb\":{\"@id\":\"https:\/\/veritasinfo.org\/?p=38088#breadcrumb\"},\"inLanguage\":\"en-US\",\"potentialAction\":[{\"@type\":\"ReadAction\",\"target\":[\"https:\/\/veritasinfo.org\/?p=38088\"]}]},{\"@type\":\"ImageObject\",\"inLanguage\":\"en-US\",\"@id\":\"https:\/\/veritasinfo.org\/?p=38088#primaryimage\",\"url\":\"https:\/\/veritasinfo.org\/wp-content\/uploads\/2026\/03\/1689246709-1662029676-Tatjana-Lazarevic-KoSS.width-1200-600x360-1.webp\",\"contentUrl\":\"https:\/\/veritasinfo.org\/wp-content\/uploads\/2026\/03\/1689246709-1662029676-Tatjana-Lazarevic-KoSS.width-1200-600x360-1.webp\",\"width\":600,\"height\":360},{\"@type\":\"BreadcrumbList\",\"@id\":\"https:\/\/veritasinfo.org\/?p=38088#breadcrumb\",\"itemListElement\":[{\"@type\":\"ListItem\",\"position\":1,\"name\":\"Home\",\"item\":\"https:\/\/veritasinfo.org\/\"},{\"@type\":\"ListItem\",\"position\":2,\"name\":\"Gazetarja Lazareviq: Pas Banjsk\u00ebs, n\u00eb Kosov\u00eb po fshihen me shpejt\u00ebsi gjurm\u00ebt e fundit t\u00eb Serbis\u00eb\"}]},{\"@type\":\"WebSite\",\"@id\":\"https:\/\/veritasinfo.org\/#website\",\"url\":\"https:\/\/veritasinfo.org\/\",\"name\":\"\",\"description\":\"\",\"potentialAction\":[{\"@type\":\"SearchAction\",\"target\":{\"@type\":\"EntryPoint\",\"urlTemplate\":\"https:\/\/veritasinfo.org\/?s={search_term_string}\"},\"query-input\":{\"@type\":\"PropertyValueSpecification\",\"valueRequired\":true,\"valueName\":\"search_term_string\"}}],\"inLanguage\":\"en-US\"},{\"@type\":\"Person\",\"@id\":\"https:\/\/veritasinfo.org\/#\/schema\/person\/fe199eede04c3937362892b7444747cc\",\"name\":\"US6\",\"image\":{\"@type\":\"ImageObject\",\"inLanguage\":\"en-US\",\"@id\":\"https:\/\/veritasinfo.org\/#\/schema\/person\/image\/\",\"url\":\"https:\/\/secure.gravatar.com\/avatar\/cb16c3c31c9d23b9b8c705964598220b3014e42ff51eb540ff23cefa3ae8c15f?s=96&d=mm&r=g\",\"contentUrl\":\"https:\/\/secure.gravatar.com\/avatar\/cb16c3c31c9d23b9b8c705964598220b3014e42ff51eb540ff23cefa3ae8c15f?s=96&d=mm&r=g\",\"caption\":\"US6\"},\"url\":\"https:\/\/veritasinfo.org\/?author=7\"}]}<\/script>\n<!-- \/ Yoast SEO plugin. -->","yoast_head_json":{"title":"Gazetarja Lazareviq: Pas Banjsk\u00ebs, n\u00eb Kosov\u00eb po fshihen me shpejt\u00ebsi gjurm\u00ebt e fundit t\u00eb Serbis\u00eb -","robots":{"index":"index","follow":"follow","max-snippet":"max-snippet:-1","max-image-preview":"max-image-preview:large","max-video-preview":"max-video-preview:-1"},"canonical":"https:\/\/veritasinfo.org\/?p=38088","og_locale":"en_US","og_type":"article","og_title":"Gazetarja Lazareviq: Pas Banjsk\u00ebs, n\u00eb Kosov\u00eb po fshihen me shpejt\u00ebsi gjurm\u00ebt e fundit t\u00eb Serbis\u00eb -","og_description":"Prishtin\u00eb, 16 mars 2026 18:55 Kryeredaktorja e portalit serb n\u00eb Kosov\u00eb, Kossev, Tatjana Lazareviq thot\u00eb se vitet e fundit, ve\u00e7an\u00ebrisht pas sulmit n\u00eb Banjsk\u00eb dhe","og_url":"https:\/\/veritasinfo.org\/?p=38088","article_published_time":"2026-03-16T17:56:50+00:00","og_image":[{"width":600,"height":360,"url":"https:\/\/veritasinfo.org\/wp-content\/uploads\/2026\/03\/1689246709-1662029676-Tatjana-Lazarevic-KoSS.width-1200-600x360-1.webp","type":"image\/webp"}],"author":"US6","twitter_card":"summary_large_image","twitter_misc":{"Written by":"US6","Est. reading time":"1 minute"},"schema":{"@context":"https:\/\/schema.org","@graph":[{"@type":"WebPage","@id":"https:\/\/veritasinfo.org\/?p=38088","url":"https:\/\/veritasinfo.org\/?p=38088","name":"Gazetarja Lazareviq: Pas Banjsk\u00ebs, n\u00eb Kosov\u00eb po fshihen me shpejt\u00ebsi gjurm\u00ebt e fundit t\u00eb Serbis\u00eb -","isPartOf":{"@id":"https:\/\/veritasinfo.org\/#website"},"primaryImageOfPage":{"@id":"https:\/\/veritasinfo.org\/?p=38088#primaryimage"},"image":{"@id":"https:\/\/veritasinfo.org\/?p=38088#primaryimage"},"thumbnailUrl":"https:\/\/veritasinfo.org\/wp-content\/uploads\/2026\/03\/1689246709-1662029676-Tatjana-Lazarevic-KoSS.width-1200-600x360-1.webp","datePublished":"2026-03-16T17:56:50+00:00","author":{"@id":"https:\/\/veritasinfo.org\/#\/schema\/person\/fe199eede04c3937362892b7444747cc"},"breadcrumb":{"@id":"https:\/\/veritasinfo.org\/?p=38088#breadcrumb"},"inLanguage":"en-US","potentialAction":[{"@type":"ReadAction","target":["https:\/\/veritasinfo.org\/?p=38088"]}]},{"@type":"ImageObject","inLanguage":"en-US","@id":"https:\/\/veritasinfo.org\/?p=38088#primaryimage","url":"https:\/\/veritasinfo.org\/wp-content\/uploads\/2026\/03\/1689246709-1662029676-Tatjana-Lazarevic-KoSS.width-1200-600x360-1.webp","contentUrl":"https:\/\/veritasinfo.org\/wp-content\/uploads\/2026\/03\/1689246709-1662029676-Tatjana-Lazarevic-KoSS.width-1200-600x360-1.webp","width":600,"height":360},{"@type":"BreadcrumbList","@id":"https:\/\/veritasinfo.org\/?p=38088#breadcrumb","itemListElement":[{"@type":"ListItem","position":1,"name":"Home","item":"https:\/\/veritasinfo.org\/"},{"@type":"ListItem","position":2,"name":"Gazetarja Lazareviq: Pas Banjsk\u00ebs, n\u00eb Kosov\u00eb po fshihen me shpejt\u00ebsi gjurm\u00ebt e fundit t\u00eb Serbis\u00eb"}]},{"@type":"WebSite","@id":"https:\/\/veritasinfo.org\/#website","url":"https:\/\/veritasinfo.org\/","name":"","description":"","potentialAction":[{"@type":"SearchAction","target":{"@type":"EntryPoint","urlTemplate":"https:\/\/veritasinfo.org\/?s={search_term_string}"},"query-input":{"@type":"PropertyValueSpecification","valueRequired":true,"valueName":"search_term_string"}}],"inLanguage":"en-US"},{"@type":"Person","@id":"https:\/\/veritasinfo.org\/#\/schema\/person\/fe199eede04c3937362892b7444747cc","name":"US6","image":{"@type":"ImageObject","inLanguage":"en-US","@id":"https:\/\/veritasinfo.org\/#\/schema\/person\/image\/","url":"https:\/\/secure.gravatar.com\/avatar\/cb16c3c31c9d23b9b8c705964598220b3014e42ff51eb540ff23cefa3ae8c15f?s=96&d=mm&r=g","contentUrl":"https:\/\/secure.gravatar.com\/avatar\/cb16c3c31c9d23b9b8c705964598220b3014e42ff51eb540ff23cefa3ae8c15f?s=96&d=mm&r=g","caption":"US6"},"url":"https:\/\/veritasinfo.org\/?author=7"}]}},"featured_image_urls":{"full":["https:\/\/veritasinfo.org\/wp-content\/uploads\/2026\/03\/1689246709-1662029676-Tatjana-Lazarevic-KoSS.width-1200-600x360-1.webp",600,360,false],"thumbnail":["https:\/\/veritasinfo.org\/wp-content\/uploads\/2026\/03\/1689246709-1662029676-Tatjana-Lazarevic-KoSS.width-1200-600x360-1-150x150.webp",150,150,true],"medium":["https:\/\/veritasinfo.org\/wp-content\/uploads\/2026\/03\/1689246709-1662029676-Tatjana-Lazarevic-KoSS.width-1200-600x360-1-300x180.webp",300,180,true],"medium_large":["https:\/\/veritasinfo.org\/wp-content\/uploads\/2026\/03\/1689246709-1662029676-Tatjana-Lazarevic-KoSS.width-1200-600x360-1.webp",600,360,false],"large":["https:\/\/veritasinfo.org\/wp-content\/uploads\/2026\/03\/1689246709-1662029676-Tatjana-Lazarevic-KoSS.width-1200-600x360-1.webp",600,360,false],"1536x1536":["https:\/\/veritasinfo.org\/wp-content\/uploads\/2026\/03\/1689246709-1662029676-Tatjana-Lazarevic-KoSS.width-1200-600x360-1.webp",600,360,false],"2048x2048":["https:\/\/veritasinfo.org\/wp-content\/uploads\/2026\/03\/1689246709-1662029676-Tatjana-Lazarevic-KoSS.width-1200-600x360-1.webp",600,360,false],"kreeti-slider-full":["https:\/\/veritasinfo.org\/wp-content\/uploads\/2026\/03\/1689246709-1662029676-Tatjana-Lazarevic-KoSS.width-1200-600x360-1.webp",600,360,false],"kreeti-featured":["https:\/\/veritasinfo.org\/wp-content\/uploads\/2026\/03\/1689246709-1662029676-Tatjana-Lazarevic-KoSS.width-1200-600x360-1.webp",600,360,false],"kreeti-medium":["https:\/\/veritasinfo.org\/wp-content\/uploads\/2026\/03\/1689246709-1662029676-Tatjana-Lazarevic-KoSS.width-1200-600x360-1.webp",600,360,false],"kreeti-medium-square":["https:\/\/veritasinfo.org\/wp-content\/uploads\/2026\/03\/1689246709-1662029676-Tatjana-Lazarevic-KoSS.width-1200-600x360-1.webp",350,210,false]},"author_info":{"info":["US6"]},"category_info":"<a href=\"https:\/\/veritasinfo.org\/?cat=58\" rel=\"category\">Politik\u00eb<\/a>","tag_info":"Politik\u00eb","comment_count":"0","_links":{"self":[{"href":"https:\/\/veritasinfo.org\/index.php?rest_route=\/wp\/v2\/posts\/38088","targetHints":{"allow":["GET"]}}],"collection":[{"href":"https:\/\/veritasinfo.org\/index.php?rest_route=\/wp\/v2\/posts"}],"about":[{"href":"https:\/\/veritasinfo.org\/index.php?rest_route=\/wp\/v2\/types\/post"}],"author":[{"embeddable":true,"href":"https:\/\/veritasinfo.org\/index.php?rest_route=\/wp\/v2\/users\/7"}],"replies":[{"embeddable":true,"href":"https:\/\/veritasinfo.org\/index.php?rest_route=%2Fwp%2Fv2%2Fcomments&post=38088"}],"version-history":[{"count":1,"href":"https:\/\/veritasinfo.org\/index.php?rest_route=\/wp\/v2\/posts\/38088\/revisions"}],"predecessor-version":[{"id":38090,"href":"https:\/\/veritasinfo.org\/index.php?rest_route=\/wp\/v2\/posts\/38088\/revisions\/38090"}],"wp:featuredmedia":[{"embeddable":true,"href":"https:\/\/veritasinfo.org\/index.php?rest_route=\/wp\/v2\/media\/38089"}],"wp:attachment":[{"href":"https:\/\/veritasinfo.org\/index.php?rest_route=%2Fwp%2Fv2%2Fmedia&parent=38088"}],"wp:term":[{"taxonomy":"category","embeddable":true,"href":"https:\/\/veritasinfo.org\/index.php?rest_route=%2Fwp%2Fv2%2Fcategories&post=38088"},{"taxonomy":"post_tag","embeddable":true,"href":"https:\/\/veritasinfo.org\/index.php?rest_route=%2Fwp%2Fv2%2Ftags&post=38088"}],"curies":[{"name":"wp","href":"https:\/\/api.w.org\/{rel}","templated":true}]}}