{"id":38083,"date":"2026-03-16T18:07:10","date_gmt":"2026-03-16T17:07:10","guid":{"rendered":"https:\/\/veritasinfo.org\/?p=38083"},"modified":"2026-03-16T18:07:10","modified_gmt":"2026-03-16T17:07:10","slug":"ligji-per-automjetet-dhe-te-huajt-policia-vetura-me-autorizime-te-serbise-nuk-lejohen","status":"publish","type":"post","link":"https:\/\/veritasinfo.org\/?p=38083","title":{"rendered":"\u200bLigji p\u00ebr automjetet dhe t\u00eb huajt, Policia: Vetura me autorizime t\u00eb Serbis\u00eb nuk lejohen"},"content":{"rendered":"<p>Prishtin\u00eb, 16 mars 2026 18:05<\/p>\n<p>Ka nisur zbatimi i plot\u00eb i Ligjit p\u00ebr t\u00eb Huajt dhe Ligjit p\u00ebr Automjete n\u00eb Kosov\u00eb, pas p\u00ebrfundimit t\u00eb periudh\u00ebs informuese q\u00eb u parashikua deri m\u00eb 15 mars. Shtetasit e huaj nga sot mund t\u00eb fillojn\u00eb aplikimin p\u00ebr lejeq\u00ebndrim ose p\u00ebr deklarimin e adres\u00ebs s\u00eb tyre n\u00eb vend, duke sh\u00ebnuar k\u00ebshtu nj\u00eb hap t\u00eb r\u00ebnd\u00ebsish\u00ebm drejt rregullimit t\u00eb qarkullimit t\u00eb automjeteve dhe evidenc\u00ebs s\u00eb t\u00eb huajve n\u00eb Kosov\u00eb.<\/p>\n<p>Z\u00ebvend\u00ebsdrejtori i Drejtoris\u00eb Rajonale Mitrovic\u00eb-Veri t\u00eb Policis\u00eb s\u00eb Kosov\u00ebs, Veton Elsahni ka b\u00ebr\u00eb t\u00eb ditur se ka nisur zbatimi i ligjit p\u00ebr automjetet q\u00eb qarkullojn\u00eb me autorizime jo adekuate, duke paralajm\u00ebruar se veturat me dokumente t\u00eb tilla nuk do t\u00eb lejohen t\u00eb l\u00ebvizin n\u00eb rrug\u00ebt e Kosov\u00ebs.<\/p>\n<p>Ai tha p\u00ebr KosovaPress, se deri tani n\u00eb rrug\u00ebt e veriut jan\u00eb hasur raste kur qytetar\u00eb t\u00eb Kosov\u00ebs kan\u00eb drejtuar automjete t\u00eb regjistruara n\u00eb Serbi me autorizime q\u00eb nuk konsiderohen t\u00eb vlefshme.<\/p>\n<p>\u201cZbatimi i ligjit p\u00ebr automjete n\u00eb praktik\u00eb do t\u00eb thot\u00eb se veturat t\u00eb cilat deri tani jan\u00eb hasur n\u00eb rrug\u00ebt e veriut t\u00eb Kosov\u00ebs me autorizime t\u00eb Serbis\u00eb, t\u00eb cilat nuk kan\u00eb qen\u00eb adekuate \u2013 q\u00eb do t\u00eb thot\u00eb shtetas kosovar ka vozitur vetur\u00eb t\u00eb Serbis\u00eb me autorizim \u2013 ato nuk do t\u00eb lejohen. Nd\u00ebrsa praktikisht implementimi i k\u00ebtij ligji \u00ebsht\u00eb q\u00eb policia n\u00eb vendin e ngjarjes vendos se a duhet t\u00eb lirohet personi, sepse ka mund\u00ebsi q\u00eb ka ndonj\u00eb rast urgjent ose s\u00ebmundje, ose ka ndonj\u00eb rast urgjent. E dyta \u00ebsht\u00eb me iu shqiptuar tiket\u00eb, q\u00eb \u00ebsht\u00eb 200\u20ac, dhe e treta \u00ebsht\u00eb me marr\u00eb vetur\u00ebn dhe ta d\u00ebrgoj\u00eb n\u00eb dogan\u00eb. Deri tani kemi disa raste ku kemi dh\u00ebn\u00eb v\u00ebrejtje p\u00ebr k\u00ebta qytetar\u00eb, sepse ata duhet t\u00eb ken\u00eb kujdes q\u00eb mos t\u00eb l\u00ebvizin n\u00eb rrug\u00ebt e Kosov\u00ebs pa autorizim adekuat. N\u00eb rast se kemi autorizime jo adekuate dhe qytetar\u00ebt d\u00ebshirojn\u00eb t\u00eb d\u00ebrgojn\u00eb vetur\u00ebn n\u00eb Serbi, e kemi lejuar q\u00eb t\u00eb dalin k\u00ebta n\u00eb kufi, mir\u00ebpo nuk kan\u00eb mund\u00ebsi t\u00eb hyjn\u00eb pa dokumente p\u00ebrkat\u00ebse. N\u00ebse vetura \u00ebsht\u00eb e paregjistruar, ka skaduar afati ose autorizimi nuk vlen, ata mund ta vendosin vetur\u00ebn n\u00eb automjetin e transportit ose ta d\u00ebrgojn\u00eb n\u00eb Serbi dhe ne nuk i pengojm\u00eb, por p\u00ebr t\u00eb hyr\u00eb duhet t\u00eb ken\u00eb dokumente adekuate.\u201d, tha ai, duke shtuar se deri m\u00eb tani nuk kan\u00eb hasur ndonj\u00eb problem n\u00eb implementimin e ligjit.<\/p>\n<p>Deri tani nuk kemi asnj\u00eb problem p\u00ebr t\u00eb theksuar; qytetar\u00ebt n\u00eb fakt e kan\u00eb ditur q\u00eb m\u00eb her\u00ebt kjo do t\u00eb ndodh\u00eb. Ndoshta disa kan\u00eb shpresuar se mund t\u00eb zgjatet ky afat, por p\u00ebr ne \u00ebsht\u00eb shum\u00eb me r\u00ebnd\u00ebsi t\u00eb filloj\u00eb zbatimi i k\u00ebtij ligji me pik\u00ebpyetje. Pa i d\u00ebmtuar qytetar\u00ebt \u2013 dmth, jemi duke b\u00ebr\u00eb nj\u00eb m\u00ebnyr\u00eb shum\u00eb t\u00eb qet\u00eb dhe t\u00eb rehatshme p\u00ebr qytetar\u00ebt, edhe pse ata q\u00eb kan\u00eb vozitur vetura deri tani nuk do t\u00eb ndihen t\u00eb rehatsh\u00ebm sepse nuk mund t\u00eb vozisin m\u00eb, por ne nuk po e b\u00ebjm\u00eb t\u00eb v\u00ebshtir\u00eb implementimin e k\u00ebtij ligji\u201d- tha Elshani.<\/p>\n<p>Nd\u00ebrkoh\u00eb, duke folur p\u00ebr Ligjin p\u00ebr t\u00eb huajt, Elshani theksoi se \u00e7do shtetas i huaj duhet t\u00eb raportoj\u00eb n\u00eb stacion policor brenda 72 or\u00ebve nga momenti i hyrjes n\u00eb Kosov\u00eb.<\/p>\n<p>\u201cLigji p\u00ebr t\u00eb huaj k\u00ebrkon q\u00eb policia t\u00eb ket\u00eb qytetarin e raportuar n\u00eb stacionin policor brenda 72 or\u00ebve nga momenti q\u00eb ai hyn n\u00eb kufi. Sidoqoft\u00eb, tash Ministria e Pun\u00ebve t\u00eb Brendshme s\u00eb bashku me Policin\u00eb e Kosov\u00ebs kan\u00eb krijuar nj\u00eb aplikacion shum\u00eb t\u00eb thjesht\u00eb, ku vet\u00eb qytetar\u00ebt mund t\u00eb lajm\u00ebrohen vet\u00eb. Praktikisht, kjo do t\u00eb thot\u00eb se n\u00eb rast se ne hasim student\u00eb ose persona gjat\u00eb kryerjes s\u00eb detyrave tona dhe i pyesim n\u00ebse jan\u00eb t\u00eb regjistruar, ata mund t\u00eb thon\u00eb jo, sepse kan\u00eb hyr\u00eb sot dhe nuk ka obligim menj\u00ebher\u00eb, p\u00ebr shkak t\u00eb afatit 72 or\u00ebsh. Mir\u00ebpo, n\u00ebse duan t\u00eb regjistrohen, mund ta b\u00ebjn\u00eb direkt n\u00eb aplikacion n\u00eb momentin q\u00eb jan\u00eb aty. P\u00ebr ne \u00ebsht\u00eb me r\u00ebnd\u00ebsi t\u00eb jemi t\u00eb evidentuar, dhe p\u00ebrmes QR Code-it q\u00eb gjendet n\u00eb aplikacion mund ta verifikojm\u00eb. Konsiderojm\u00eb q\u00eb nuk do t\u00eb ket\u00eb problem, duke leht\u00ebsuar implementimin e k\u00ebtyre dy ligjeve,\u201d theksoi z\u00ebvend\u00ebsdrejtori i Drejtoris\u00eb Rajonale Mitrovic\u00eb-Veri t\u00eb Policis\u00eb s\u00eb Kosov\u00ebs, Veton Elshani.<\/p>\n<p>Drejtori i OJQ-s\u00eb ACDC, Dushan Radakoviq, ka deklaruar p\u00ebr KosovaPress, se personat q\u00eb kan\u00eb vet\u00ebm dokumente t\u00eb Serbis\u00eb dhe jetojn\u00eb n\u00eb Kosov\u00eb, duhet t\u00eb aplikojn\u00eb p\u00ebr dokumente t\u00eb Kosov\u00ebs gjat\u00eb periudh\u00ebs tranzitore tre mujore, nd\u00ebrsa theksoi se disa \u00e7\u00ebshtje praktike, sidomos rreth automjeteve dhe autorizimeve p\u00ebr vozitje, mbeten problematike dhe k\u00ebrkojn\u00eb zgjidhje institucionale p\u00ebrmes dialogut.<\/p>\n<p>Ai tha se pas hyrjes n\u00eb fuqi t\u00eb rregullave t\u00eb reja m\u00eb 15 mars, nj\u00eb nga problemet kryesore lidhet me autorizimin e vozitjes s\u00eb automjeteve p\u00ebr personat q\u00eb kan\u00eb vendbanim dhe dokumente t\u00eb Kosov\u00ebs, por q\u00eb p\u00ebrdorin vetura pa dokumente t\u00eb l\u00ebshuara nga Serbia.<\/p>\n<p>\u201cMe problem \u00ebsht\u00eb me vetur\u00eb me autorizuar kur nuk ka dokumente prej Serbis\u00eb, kur ka vendbanim k\u00ebtu, kur ka let\u00ebrnjoftim t\u00eb Kosov\u00ebs, qoft\u00eb Mitrovic\u00eb, Prishtin\u00eb, Gjakov\u00eb. Definitivisht \u00ebsht\u00eb problem me autorizuar vozitjen n\u00eb Kosov\u00eb. Un\u00eb jam s\u00eb bashku me policin\u00eb duke e monitoruar procesin e policis\u00eb n\u00eb trafik, tash \u00ebsht\u00eb vet\u00ebm verbal, nuk b\u00ebn pozit\u00eb, deri tash nuk \u00ebsht\u00eb sh\u00ebnuar ndonj\u00eb tiket\u00eb. Tash t\u00eb shikojm\u00eb se \u00e7ka duhet me bo p\u00ebr 5 deri n\u00eb 7 dit\u00eb se \u00e7ka duhet me bo me k\u00ebto. Definitivisht \u00ebsht\u00eb shum\u00eb problem edhe duhet t\u00eb diskutohet me Brukselin ose me Orav, edhe me Qeverin\u00eb p\u00ebr k\u00ebto probleme. Tjetra, prej Serbis\u00eb me targa prej Serbis\u00eb nuk \u00ebsht\u00eb problem, vozit 90 dit\u00eb dhe p\u00ebr k\u00ebto 90 dit\u00eb del jasht\u00eb prej Kosov\u00ebs dhe vjen edhe kalkulohen k\u00ebto dit\u00eb sa rrin n\u00eb Kosov\u00eb ose vet\u00ebm jasht\u00eb ose hyn. K\u00ebtu nuk \u00ebsht\u00eb problem vet\u00ebm me komunitetin, por \u00ebsht\u00eb problem edhe me shqiptar\u00ebt prej Preshev\u00ebs, Bujanocit, Vranj\u00ebs edhe Medvegj\u00ebs, edhe definitivisht \u00ebsht\u00eb di\u00e7ka konkrete p\u00ebr problemet te k\u00ebto\u201d, tha ai.<\/p>\n<p>Ai u ka rekomanduar qytetar\u00ebve t\u00eb Kosov\u00ebs q\u00eb kan\u00eb vet\u00ebm dokumente t\u00eb Serbis\u00eb, q\u00eb t\u00eb aplikojn\u00eb p\u00ebr dokumentet e Kosov\u00ebs.<\/p>\n","protected":false},"excerpt":{"rendered":"<p>Prishtin\u00eb, 16 mars 2026 18:05 Ka nisur zbatimi i plot\u00eb i Ligjit p\u00ebr t\u00eb Huajt dhe Ligjit p\u00ebr Automjete n\u00eb Kosov\u00eb, pas p\u00ebrfundimit t\u00eb periudh\u00ebs<\/p>\n","protected":false},"author":7,"featured_media":38084,"comment_status":"open","ping_status":"open","sticky":false,"template":"","format":"standard","meta":{"footnotes":""},"categories":[60],"tags":[],"class_list":["post-38083","post","type-post","status-publish","format-standard","has-post-thumbnail","hentry","category-shoqerore-sq"],"yoast_head":"<!-- This site is optimized with the Yoast SEO plugin v25.3.1 - https:\/\/yoast.com\/wordpress\/plugins\/seo\/ -->\n<title>\u200bLigji p\u00ebr automjetet dhe t\u00eb huajt, Policia: Vetura me autorizime t\u00eb Serbis\u00eb nuk lejohen -<\/title>\n<meta name=\"robots\" content=\"index, follow, max-snippet:-1, max-image-preview:large, max-video-preview:-1\" \/>\n<link rel=\"canonical\" href=\"https:\/\/veritasinfo.org\/?p=38083\" \/>\n<meta property=\"og:locale\" content=\"en_US\" \/>\n<meta property=\"og:type\" content=\"article\" \/>\n<meta property=\"og:title\" content=\"\u200bLigji p\u00ebr automjetet dhe t\u00eb huajt, Policia: Vetura me autorizime t\u00eb Serbis\u00eb nuk lejohen -\" \/>\n<meta property=\"og:description\" content=\"Prishtin\u00eb, 16 mars 2026 18:05 Ka nisur zbatimi i plot\u00eb i Ligjit p\u00ebr t\u00eb Huajt dhe Ligjit p\u00ebr Automjete n\u00eb Kosov\u00eb, pas p\u00ebrfundimit t\u00eb periudh\u00ebs\" \/>\n<meta property=\"og:url\" content=\"https:\/\/veritasinfo.org\/?p=38083\" \/>\n<meta property=\"article:published_time\" content=\"2026-03-16T17:07:10+00:00\" \/>\n<meta property=\"og:image\" content=\"https:\/\/veritasinfo.org\/wp-content\/uploads\/2026\/03\/96121773676891-1.jpg\" \/>\n\t<meta property=\"og:image:width\" content=\"600\" \/>\n\t<meta property=\"og:image:height\" content=\"400\" \/>\n\t<meta property=\"og:image:type\" content=\"image\/jpeg\" \/>\n<meta name=\"author\" content=\"US6\" \/>\n<meta name=\"twitter:card\" content=\"summary_large_image\" \/>\n<meta name=\"twitter:label1\" content=\"Written by\" \/>\n\t<meta name=\"twitter:data1\" content=\"US6\" \/>\n\t<meta name=\"twitter:label2\" content=\"Est. reading time\" \/>\n\t<meta name=\"twitter:data2\" content=\"5 minutes\" \/>\n<script type=\"application\/ld+json\" class=\"yoast-schema-graph\">{\"@context\":\"https:\/\/schema.org\",\"@graph\":[{\"@type\":\"WebPage\",\"@id\":\"https:\/\/veritasinfo.org\/?p=38083\",\"url\":\"https:\/\/veritasinfo.org\/?p=38083\",\"name\":\"\u200bLigji p\u00ebr automjetet dhe t\u00eb huajt, Policia: Vetura me autorizime t\u00eb Serbis\u00eb nuk lejohen -\",\"isPartOf\":{\"@id\":\"https:\/\/veritasinfo.org\/#website\"},\"primaryImageOfPage\":{\"@id\":\"https:\/\/veritasinfo.org\/?p=38083#primaryimage\"},\"image\":{\"@id\":\"https:\/\/veritasinfo.org\/?p=38083#primaryimage\"},\"thumbnailUrl\":\"https:\/\/veritasinfo.org\/wp-content\/uploads\/2026\/03\/96121773676891-1.jpg\",\"datePublished\":\"2026-03-16T17:07:10+00:00\",\"author\":{\"@id\":\"https:\/\/veritasinfo.org\/#\/schema\/person\/fe199eede04c3937362892b7444747cc\"},\"breadcrumb\":{\"@id\":\"https:\/\/veritasinfo.org\/?p=38083#breadcrumb\"},\"inLanguage\":\"en-US\",\"potentialAction\":[{\"@type\":\"ReadAction\",\"target\":[\"https:\/\/veritasinfo.org\/?p=38083\"]}]},{\"@type\":\"ImageObject\",\"inLanguage\":\"en-US\",\"@id\":\"https:\/\/veritasinfo.org\/?p=38083#primaryimage\",\"url\":\"https:\/\/veritasinfo.org\/wp-content\/uploads\/2026\/03\/96121773676891-1.jpg\",\"contentUrl\":\"https:\/\/veritasinfo.org\/wp-content\/uploads\/2026\/03\/96121773676891-1.jpg\",\"width\":600,\"height\":400},{\"@type\":\"BreadcrumbList\",\"@id\":\"https:\/\/veritasinfo.org\/?p=38083#breadcrumb\",\"itemListElement\":[{\"@type\":\"ListItem\",\"position\":1,\"name\":\"Home\",\"item\":\"https:\/\/veritasinfo.org\/\"},{\"@type\":\"ListItem\",\"position\":2,\"name\":\"\u200bLigji p\u00ebr automjetet dhe t\u00eb huajt, Policia: Vetura me autorizime t\u00eb Serbis\u00eb nuk lejohen\"}]},{\"@type\":\"WebSite\",\"@id\":\"https:\/\/veritasinfo.org\/#website\",\"url\":\"https:\/\/veritasinfo.org\/\",\"name\":\"\",\"description\":\"\",\"potentialAction\":[{\"@type\":\"SearchAction\",\"target\":{\"@type\":\"EntryPoint\",\"urlTemplate\":\"https:\/\/veritasinfo.org\/?s={search_term_string}\"},\"query-input\":{\"@type\":\"PropertyValueSpecification\",\"valueRequired\":true,\"valueName\":\"search_term_string\"}}],\"inLanguage\":\"en-US\"},{\"@type\":\"Person\",\"@id\":\"https:\/\/veritasinfo.org\/#\/schema\/person\/fe199eede04c3937362892b7444747cc\",\"name\":\"US6\",\"image\":{\"@type\":\"ImageObject\",\"inLanguage\":\"en-US\",\"@id\":\"https:\/\/veritasinfo.org\/#\/schema\/person\/image\/\",\"url\":\"https:\/\/secure.gravatar.com\/avatar\/cb16c3c31c9d23b9b8c705964598220b3014e42ff51eb540ff23cefa3ae8c15f?s=96&d=mm&r=g\",\"contentUrl\":\"https:\/\/secure.gravatar.com\/avatar\/cb16c3c31c9d23b9b8c705964598220b3014e42ff51eb540ff23cefa3ae8c15f?s=96&d=mm&r=g\",\"caption\":\"US6\"},\"url\":\"https:\/\/veritasinfo.org\/?author=7\"}]}<\/script>\n<!-- \/ Yoast SEO plugin. -->","yoast_head_json":{"title":"\u200bLigji p\u00ebr automjetet dhe t\u00eb huajt, Policia: Vetura me autorizime t\u00eb Serbis\u00eb nuk lejohen -","robots":{"index":"index","follow":"follow","max-snippet":"max-snippet:-1","max-image-preview":"max-image-preview:large","max-video-preview":"max-video-preview:-1"},"canonical":"https:\/\/veritasinfo.org\/?p=38083","og_locale":"en_US","og_type":"article","og_title":"\u200bLigji p\u00ebr automjetet dhe t\u00eb huajt, Policia: Vetura me autorizime t\u00eb Serbis\u00eb nuk lejohen -","og_description":"Prishtin\u00eb, 16 mars 2026 18:05 Ka nisur zbatimi i plot\u00eb i Ligjit p\u00ebr t\u00eb Huajt dhe Ligjit p\u00ebr Automjete n\u00eb Kosov\u00eb, pas p\u00ebrfundimit t\u00eb periudh\u00ebs","og_url":"https:\/\/veritasinfo.org\/?p=38083","article_published_time":"2026-03-16T17:07:10+00:00","og_image":[{"width":600,"height":400,"url":"https:\/\/veritasinfo.org\/wp-content\/uploads\/2026\/03\/96121773676891-1.jpg","type":"image\/jpeg"}],"author":"US6","twitter_card":"summary_large_image","twitter_misc":{"Written by":"US6","Est. reading time":"5 minutes"},"schema":{"@context":"https:\/\/schema.org","@graph":[{"@type":"WebPage","@id":"https:\/\/veritasinfo.org\/?p=38083","url":"https:\/\/veritasinfo.org\/?p=38083","name":"\u200bLigji p\u00ebr automjetet dhe t\u00eb huajt, Policia: Vetura me autorizime t\u00eb Serbis\u00eb nuk lejohen -","isPartOf":{"@id":"https:\/\/veritasinfo.org\/#website"},"primaryImageOfPage":{"@id":"https:\/\/veritasinfo.org\/?p=38083#primaryimage"},"image":{"@id":"https:\/\/veritasinfo.org\/?p=38083#primaryimage"},"thumbnailUrl":"https:\/\/veritasinfo.org\/wp-content\/uploads\/2026\/03\/96121773676891-1.jpg","datePublished":"2026-03-16T17:07:10+00:00","author":{"@id":"https:\/\/veritasinfo.org\/#\/schema\/person\/fe199eede04c3937362892b7444747cc"},"breadcrumb":{"@id":"https:\/\/veritasinfo.org\/?p=38083#breadcrumb"},"inLanguage":"en-US","potentialAction":[{"@type":"ReadAction","target":["https:\/\/veritasinfo.org\/?p=38083"]}]},{"@type":"ImageObject","inLanguage":"en-US","@id":"https:\/\/veritasinfo.org\/?p=38083#primaryimage","url":"https:\/\/veritasinfo.org\/wp-content\/uploads\/2026\/03\/96121773676891-1.jpg","contentUrl":"https:\/\/veritasinfo.org\/wp-content\/uploads\/2026\/03\/96121773676891-1.jpg","width":600,"height":400},{"@type":"BreadcrumbList","@id":"https:\/\/veritasinfo.org\/?p=38083#breadcrumb","itemListElement":[{"@type":"ListItem","position":1,"name":"Home","item":"https:\/\/veritasinfo.org\/"},{"@type":"ListItem","position":2,"name":"\u200bLigji p\u00ebr automjetet dhe t\u00eb huajt, Policia: Vetura me autorizime t\u00eb Serbis\u00eb nuk lejohen"}]},{"@type":"WebSite","@id":"https:\/\/veritasinfo.org\/#website","url":"https:\/\/veritasinfo.org\/","name":"","description":"","potentialAction":[{"@type":"SearchAction","target":{"@type":"EntryPoint","urlTemplate":"https:\/\/veritasinfo.org\/?s={search_term_string}"},"query-input":{"@type":"PropertyValueSpecification","valueRequired":true,"valueName":"search_term_string"}}],"inLanguage":"en-US"},{"@type":"Person","@id":"https:\/\/veritasinfo.org\/#\/schema\/person\/fe199eede04c3937362892b7444747cc","name":"US6","image":{"@type":"ImageObject","inLanguage":"en-US","@id":"https:\/\/veritasinfo.org\/#\/schema\/person\/image\/","url":"https:\/\/secure.gravatar.com\/avatar\/cb16c3c31c9d23b9b8c705964598220b3014e42ff51eb540ff23cefa3ae8c15f?s=96&d=mm&r=g","contentUrl":"https:\/\/secure.gravatar.com\/avatar\/cb16c3c31c9d23b9b8c705964598220b3014e42ff51eb540ff23cefa3ae8c15f?s=96&d=mm&r=g","caption":"US6"},"url":"https:\/\/veritasinfo.org\/?author=7"}]}},"featured_image_urls":{"full":["https:\/\/veritasinfo.org\/wp-content\/uploads\/2026\/03\/96121773676891-1.jpg",600,400,false],"thumbnail":["https:\/\/veritasinfo.org\/wp-content\/uploads\/2026\/03\/96121773676891-1-150x150.jpg",150,150,true],"medium":["https:\/\/veritasinfo.org\/wp-content\/uploads\/2026\/03\/96121773676891-1-300x200.jpg",300,200,true],"medium_large":["https:\/\/veritasinfo.org\/wp-content\/uploads\/2026\/03\/96121773676891-1.jpg",600,400,false],"large":["https:\/\/veritasinfo.org\/wp-content\/uploads\/2026\/03\/96121773676891-1.jpg",600,400,false],"1536x1536":["https:\/\/veritasinfo.org\/wp-content\/uploads\/2026\/03\/96121773676891-1.jpg",600,400,false],"2048x2048":["https:\/\/veritasinfo.org\/wp-content\/uploads\/2026\/03\/96121773676891-1.jpg",600,400,false],"kreeti-slider-full":["https:\/\/veritasinfo.org\/wp-content\/uploads\/2026\/03\/96121773676891-1.jpg",600,400,false],"kreeti-featured":["https:\/\/veritasinfo.org\/wp-content\/uploads\/2026\/03\/96121773676891-1.jpg",600,400,false],"kreeti-medium":["https:\/\/veritasinfo.org\/wp-content\/uploads\/2026\/03\/96121773676891-1.jpg",600,400,false],"kreeti-medium-square":["https:\/\/veritasinfo.org\/wp-content\/uploads\/2026\/03\/96121773676891-1.jpg",350,233,false]},"author_info":{"info":["US6"]},"category_info":"<a href=\"https:\/\/veritasinfo.org\/?cat=60\" rel=\"category\">Shoq\u00ebrore<\/a>","tag_info":"Shoq\u00ebrore","comment_count":"0","_links":{"self":[{"href":"https:\/\/veritasinfo.org\/index.php?rest_route=\/wp\/v2\/posts\/38083","targetHints":{"allow":["GET"]}}],"collection":[{"href":"https:\/\/veritasinfo.org\/index.php?rest_route=\/wp\/v2\/posts"}],"about":[{"href":"https:\/\/veritasinfo.org\/index.php?rest_route=\/wp\/v2\/types\/post"}],"author":[{"embeddable":true,"href":"https:\/\/veritasinfo.org\/index.php?rest_route=\/wp\/v2\/users\/7"}],"replies":[{"embeddable":true,"href":"https:\/\/veritasinfo.org\/index.php?rest_route=%2Fwp%2Fv2%2Fcomments&post=38083"}],"version-history":[{"count":1,"href":"https:\/\/veritasinfo.org\/index.php?rest_route=\/wp\/v2\/posts\/38083\/revisions"}],"predecessor-version":[{"id":38085,"href":"https:\/\/veritasinfo.org\/index.php?rest_route=\/wp\/v2\/posts\/38083\/revisions\/38085"}],"wp:featuredmedia":[{"embeddable":true,"href":"https:\/\/veritasinfo.org\/index.php?rest_route=\/wp\/v2\/media\/38084"}],"wp:attachment":[{"href":"https:\/\/veritasinfo.org\/index.php?rest_route=%2Fwp%2Fv2%2Fmedia&parent=38083"}],"wp:term":[{"taxonomy":"category","embeddable":true,"href":"https:\/\/veritasinfo.org\/index.php?rest_route=%2Fwp%2Fv2%2Fcategories&post=38083"},{"taxonomy":"post_tag","embeddable":true,"href":"https:\/\/veritasinfo.org\/index.php?rest_route=%2Fwp%2Fv2%2Ftags&post=38083"}],"curies":[{"name":"wp","href":"https:\/\/api.w.org\/{rel}","templated":true}]}}