{"id":38078,"date":"2026-03-16T16:59:57","date_gmt":"2026-03-16T15:59:57","guid":{"rendered":"https:\/\/veritasinfo.org\/?p=38078"},"modified":"2026-03-16T16:59:57","modified_gmt":"2026-03-16T15:59:57","slug":"gjykimi-per-krime-lufte-ndaj-grujica-veljoviq-do-te-zhvillohet-ne-mungese-te-akuzuarit-i-behet-thirrje-te-dorezohet","status":"publish","type":"post","link":"https:\/\/veritasinfo.org\/?p=38078","title":{"rendered":"Gjykimi p\u00ebr krime lufte ndaj Grujica Veljoviq do t\u00eb zhvillohet n\u00eb munges\u00eb, t\u00eb akuzuarit i b\u00ebhet thirrje t\u00eb dor\u00ebzohet"},"content":{"rendered":"<p>Prishtin\u00eb, 16 mars 2026 16:59<\/p>\n<p>Prishtin\u00eb- Gjykata Themelore n\u00eb Prishtin\u00eb njofton se ka caktuar seancat shqyrtimit gjyq\u00ebsor n\u00eb gjykimi ndaj t\u00eb akuzuarit p\u00ebr krime lufte, Grujica Veljoviq, i cili gjykim do t\u00eb zhvillohet n\u00eb munges\u00eb.<\/p>\n<p>\u201cGjykata Themelore n\u00eb Prishtin\u00eb \u2013 Departamenti Special, njofton opinionin publik dhe t\u00eb gjitha mediat se ka caktuar seancat e shqyrtimit gjyq\u00ebsor n\u00eb \u00e7\u00ebshtjen penale PS.nr.109\/24, e cila ka p\u00ebr objekt shqyrtimi aktakuz\u00ebn e ngritur nga Prokuroria Speciale e Republik\u00ebs s\u00eb Kosov\u00ebs \u2013 PPS.nr.65\/2022 e dat\u00ebs 23.12.2024, kund\u00ebr t\u00eb akuzuarit Grujica Veljoviq, me adres\u00eb t\u00eb panjohur t\u00eb vendbanimit, p\u00ebr shkak t\u00eb vepr\u00ebs penale Krime t\u00eb luft\u00ebs kund\u00ebr popullsis\u00eb civile nga neni 142 lidhur me nenin 22 t\u00eb Ligjit Penal t\u00eb ish Republik\u00ebs Socialiste Federative t\u00eb Jugosllavis\u00eb, aktualisht e inkriminuar si Krime kund\u00ebr njer\u00ebzimit, nga neni 143 paragrafi 1 n\u00ebn paragraf\u00ebt 1.6 dhe 1.7, lidhur me nenin 31 t\u00eb Kodit Penal t\u00eb Republik\u00ebs s\u00eb Kosov\u00ebs (KPRK). Sipas propozimit t\u00eb Prokuroris\u00eb Speciale t\u00eb Republik\u00ebs s\u00eb Kosov\u00ebs, gjykimi n\u00eb k\u00ebt\u00eb \u00e7\u00ebshtje do t\u00eb zhvillohet n\u00eb munges\u00eb t\u00eb t\u00eb akuzuarit Grujica Veljoviq, p\u00ebr shkak se i nj\u00ebjti ka qen\u00eb i paarritsh\u00ebm p\u00ebr organet e drejt\u00ebsis\u00eb\u201d, thuhet n\u00eb njoftim.<\/p>\n<p>Andaj, p\u00ebrmes nj\u00eb komunikate, Gjykata i ka b\u00ebr\u00eb thirrje t\u00eb akuzuarit q\u00eb t\u00eb dor\u00ebzohrt para organeve t\u00eb ndjekjes n\u00eb Republik\u00ebn e Kosov\u00ebs. Si dhe, kushdo q\u00eb ka informacion p\u00ebr vendndodhjen e tij, t\u2019ia komunikoj\u00eb Policis\u00eb dhe organeve tjera.<\/p>\n<p>\u201cP\u00ebr k\u00ebt\u00eb arsye, p\u00ebrmes k\u00ebsaj komunikate i b\u00ebhet thirrje t\u00eb akuzuarit Grujica Veljoviq, q\u00eb t\u00eb paraqitet dhe t\u00eb dor\u00ebzohet para organeve t\u00eb ndjekjes s\u00eb Republik\u00ebs s\u00eb Kosov\u00ebs. Gjithashtu, u b\u00ebhet thirrje t\u00eb gjith\u00eb personave q\u00eb posedojn\u00eb informacione relevante lidhur me vendndodhjen e t\u00eb akuzuarit, q\u00eb t\u2019i komunikojn\u00eb k\u00ebto informacione Policis\u00eb s\u00eb Kosov\u00ebs apo organeve tjera kompetente. Njoftohet i akuzuari dhe i gjith\u00eb opinioni publik se seancat e shqyrtimit gjyq\u00ebsor do t\u00eb mbahen n\u00eb Gjykat\u00ebn Themelore n\u00eb Prishtin\u00eb, Pallati i Drejt\u00ebsis\u00eb, Hajvali, me datat 29.04.2026 dhe 30.04.2026, me fillim nga ora 09:30 n\u00eb sall\u00ebn D17 nga Kryetari i Trupit Gjykues, Kushtrim Shyti\u201d, thuhet n\u00eb njoftim.<\/p>\n<p>B\u00ebhet e ditur se lidhur me k\u00ebt\u00eb \u00e7\u00ebshtje penale, aktakuza dhe ftesat p\u00ebr seanc\u00eb jan\u00eb t\u00eb publikuara n\u00eb ueb-faqe t\u00eb gjykat\u00ebs dhe n\u00eb Gazet\u00ebn Zyrtare.<\/p>\n","protected":false},"excerpt":{"rendered":"<p>Prishtin\u00eb, 16 mars 2026 16:59 Prishtin\u00eb- Gjykata Themelore n\u00eb Prishtin\u00eb njofton se ka caktuar seancat shqyrtimit gjyq\u00ebsor n\u00eb gjykimi ndaj t\u00eb akuzuarit p\u00ebr krime lufte,<\/p>\n","protected":false},"author":7,"featured_media":38079,"comment_status":"open","ping_status":"open","sticky":false,"template":"","format":"standard","meta":{"footnotes":""},"categories":[60],"tags":[],"class_list":["post-38078","post","type-post","status-publish","format-standard","has-post-thumbnail","hentry","category-shoqerore-sq"],"yoast_head":"<!-- This site is optimized with the Yoast SEO plugin v25.3.1 - https:\/\/yoast.com\/wordpress\/plugins\/seo\/ -->\n<title>Gjykimi p\u00ebr krime lufte ndaj Grujica Veljoviq do t\u00eb zhvillohet n\u00eb munges\u00eb, t\u00eb akuzuarit i b\u00ebhet thirrje t\u00eb dor\u00ebzohet -<\/title>\n<meta name=\"robots\" content=\"index, follow, max-snippet:-1, max-image-preview:large, max-video-preview:-1\" \/>\n<link rel=\"canonical\" href=\"https:\/\/veritasinfo.org\/?p=38078\" \/>\n<meta property=\"og:locale\" content=\"en_US\" \/>\n<meta property=\"og:type\" content=\"article\" \/>\n<meta property=\"og:title\" content=\"Gjykimi p\u00ebr krime lufte ndaj Grujica Veljoviq do t\u00eb zhvillohet n\u00eb munges\u00eb, t\u00eb akuzuarit i b\u00ebhet thirrje t\u00eb dor\u00ebzohet -\" \/>\n<meta property=\"og:description\" content=\"Prishtin\u00eb, 16 mars 2026 16:59 Prishtin\u00eb- Gjykata Themelore n\u00eb Prishtin\u00eb njofton se ka caktuar seancat shqyrtimit gjyq\u00ebsor n\u00eb gjykimi ndaj t\u00eb akuzuarit p\u00ebr krime lufte,\" \/>\n<meta property=\"og:url\" content=\"https:\/\/veritasinfo.org\/?p=38078\" \/>\n<meta property=\"article:published_time\" content=\"2026-03-16T15:59:57+00:00\" \/>\n<meta property=\"og:image\" content=\"https:\/\/veritasinfo.org\/wp-content\/uploads\/2026\/03\/7207fa03-202b-4194-aa3d-40ea9e3eb815-750x430-1.jpg\" \/>\n\t<meta property=\"og:image:width\" content=\"750\" \/>\n\t<meta property=\"og:image:height\" content=\"430\" \/>\n\t<meta property=\"og:image:type\" content=\"image\/jpeg\" \/>\n<meta name=\"author\" content=\"US6\" \/>\n<meta name=\"twitter:card\" content=\"summary_large_image\" \/>\n<meta name=\"twitter:label1\" content=\"Written by\" \/>\n\t<meta name=\"twitter:data1\" content=\"US6\" \/>\n\t<meta name=\"twitter:label2\" content=\"Est. reading time\" \/>\n\t<meta name=\"twitter:data2\" content=\"2 minutes\" \/>\n<script type=\"application\/ld+json\" class=\"yoast-schema-graph\">{\"@context\":\"https:\/\/schema.org\",\"@graph\":[{\"@type\":\"WebPage\",\"@id\":\"https:\/\/veritasinfo.org\/?p=38078\",\"url\":\"https:\/\/veritasinfo.org\/?p=38078\",\"name\":\"Gjykimi p\u00ebr krime lufte ndaj Grujica Veljoviq do t\u00eb zhvillohet n\u00eb munges\u00eb, t\u00eb akuzuarit i b\u00ebhet thirrje t\u00eb dor\u00ebzohet -\",\"isPartOf\":{\"@id\":\"https:\/\/veritasinfo.org\/#website\"},\"primaryImageOfPage\":{\"@id\":\"https:\/\/veritasinfo.org\/?p=38078#primaryimage\"},\"image\":{\"@id\":\"https:\/\/veritasinfo.org\/?p=38078#primaryimage\"},\"thumbnailUrl\":\"https:\/\/veritasinfo.org\/wp-content\/uploads\/2026\/03\/7207fa03-202b-4194-aa3d-40ea9e3eb815-750x430-1.jpg\",\"datePublished\":\"2026-03-16T15:59:57+00:00\",\"author\":{\"@id\":\"https:\/\/veritasinfo.org\/#\/schema\/person\/fe199eede04c3937362892b7444747cc\"},\"breadcrumb\":{\"@id\":\"https:\/\/veritasinfo.org\/?p=38078#breadcrumb\"},\"inLanguage\":\"en-US\",\"potentialAction\":[{\"@type\":\"ReadAction\",\"target\":[\"https:\/\/veritasinfo.org\/?p=38078\"]}]},{\"@type\":\"ImageObject\",\"inLanguage\":\"en-US\",\"@id\":\"https:\/\/veritasinfo.org\/?p=38078#primaryimage\",\"url\":\"https:\/\/veritasinfo.org\/wp-content\/uploads\/2026\/03\/7207fa03-202b-4194-aa3d-40ea9e3eb815-750x430-1.jpg\",\"contentUrl\":\"https:\/\/veritasinfo.org\/wp-content\/uploads\/2026\/03\/7207fa03-202b-4194-aa3d-40ea9e3eb815-750x430-1.jpg\",\"width\":750,\"height\":430},{\"@type\":\"BreadcrumbList\",\"@id\":\"https:\/\/veritasinfo.org\/?p=38078#breadcrumb\",\"itemListElement\":[{\"@type\":\"ListItem\",\"position\":1,\"name\":\"Home\",\"item\":\"https:\/\/veritasinfo.org\/\"},{\"@type\":\"ListItem\",\"position\":2,\"name\":\"Gjykimi p\u00ebr krime lufte ndaj Grujica Veljoviq do t\u00eb zhvillohet n\u00eb munges\u00eb, t\u00eb akuzuarit i b\u00ebhet thirrje t\u00eb dor\u00ebzohet\"}]},{\"@type\":\"WebSite\",\"@id\":\"https:\/\/veritasinfo.org\/#website\",\"url\":\"https:\/\/veritasinfo.org\/\",\"name\":\"\",\"description\":\"\",\"potentialAction\":[{\"@type\":\"SearchAction\",\"target\":{\"@type\":\"EntryPoint\",\"urlTemplate\":\"https:\/\/veritasinfo.org\/?s={search_term_string}\"},\"query-input\":{\"@type\":\"PropertyValueSpecification\",\"valueRequired\":true,\"valueName\":\"search_term_string\"}}],\"inLanguage\":\"en-US\"},{\"@type\":\"Person\",\"@id\":\"https:\/\/veritasinfo.org\/#\/schema\/person\/fe199eede04c3937362892b7444747cc\",\"name\":\"US6\",\"image\":{\"@type\":\"ImageObject\",\"inLanguage\":\"en-US\",\"@id\":\"https:\/\/veritasinfo.org\/#\/schema\/person\/image\/\",\"url\":\"https:\/\/secure.gravatar.com\/avatar\/cb16c3c31c9d23b9b8c705964598220b3014e42ff51eb540ff23cefa3ae8c15f?s=96&d=mm&r=g\",\"contentUrl\":\"https:\/\/secure.gravatar.com\/avatar\/cb16c3c31c9d23b9b8c705964598220b3014e42ff51eb540ff23cefa3ae8c15f?s=96&d=mm&r=g\",\"caption\":\"US6\"},\"url\":\"https:\/\/veritasinfo.org\/?author=7\"}]}<\/script>\n<!-- \/ Yoast SEO plugin. -->","yoast_head_json":{"title":"Gjykimi p\u00ebr krime lufte ndaj Grujica Veljoviq do t\u00eb zhvillohet n\u00eb munges\u00eb, t\u00eb akuzuarit i b\u00ebhet thirrje t\u00eb dor\u00ebzohet -","robots":{"index":"index","follow":"follow","max-snippet":"max-snippet:-1","max-image-preview":"max-image-preview:large","max-video-preview":"max-video-preview:-1"},"canonical":"https:\/\/veritasinfo.org\/?p=38078","og_locale":"en_US","og_type":"article","og_title":"Gjykimi p\u00ebr krime lufte ndaj Grujica Veljoviq do t\u00eb zhvillohet n\u00eb munges\u00eb, t\u00eb akuzuarit i b\u00ebhet thirrje t\u00eb dor\u00ebzohet -","og_description":"Prishtin\u00eb, 16 mars 2026 16:59 Prishtin\u00eb- Gjykata Themelore n\u00eb Prishtin\u00eb njofton se ka caktuar seancat shqyrtimit gjyq\u00ebsor n\u00eb gjykimi ndaj t\u00eb akuzuarit p\u00ebr krime lufte,","og_url":"https:\/\/veritasinfo.org\/?p=38078","article_published_time":"2026-03-16T15:59:57+00:00","og_image":[{"width":750,"height":430,"url":"https:\/\/veritasinfo.org\/wp-content\/uploads\/2026\/03\/7207fa03-202b-4194-aa3d-40ea9e3eb815-750x430-1.jpg","type":"image\/jpeg"}],"author":"US6","twitter_card":"summary_large_image","twitter_misc":{"Written by":"US6","Est. reading time":"2 minutes"},"schema":{"@context":"https:\/\/schema.org","@graph":[{"@type":"WebPage","@id":"https:\/\/veritasinfo.org\/?p=38078","url":"https:\/\/veritasinfo.org\/?p=38078","name":"Gjykimi p\u00ebr krime lufte ndaj Grujica Veljoviq do t\u00eb zhvillohet n\u00eb munges\u00eb, t\u00eb akuzuarit i b\u00ebhet thirrje t\u00eb dor\u00ebzohet -","isPartOf":{"@id":"https:\/\/veritasinfo.org\/#website"},"primaryImageOfPage":{"@id":"https:\/\/veritasinfo.org\/?p=38078#primaryimage"},"image":{"@id":"https:\/\/veritasinfo.org\/?p=38078#primaryimage"},"thumbnailUrl":"https:\/\/veritasinfo.org\/wp-content\/uploads\/2026\/03\/7207fa03-202b-4194-aa3d-40ea9e3eb815-750x430-1.jpg","datePublished":"2026-03-16T15:59:57+00:00","author":{"@id":"https:\/\/veritasinfo.org\/#\/schema\/person\/fe199eede04c3937362892b7444747cc"},"breadcrumb":{"@id":"https:\/\/veritasinfo.org\/?p=38078#breadcrumb"},"inLanguage":"en-US","potentialAction":[{"@type":"ReadAction","target":["https:\/\/veritasinfo.org\/?p=38078"]}]},{"@type":"ImageObject","inLanguage":"en-US","@id":"https:\/\/veritasinfo.org\/?p=38078#primaryimage","url":"https:\/\/veritasinfo.org\/wp-content\/uploads\/2026\/03\/7207fa03-202b-4194-aa3d-40ea9e3eb815-750x430-1.jpg","contentUrl":"https:\/\/veritasinfo.org\/wp-content\/uploads\/2026\/03\/7207fa03-202b-4194-aa3d-40ea9e3eb815-750x430-1.jpg","width":750,"height":430},{"@type":"BreadcrumbList","@id":"https:\/\/veritasinfo.org\/?p=38078#breadcrumb","itemListElement":[{"@type":"ListItem","position":1,"name":"Home","item":"https:\/\/veritasinfo.org\/"},{"@type":"ListItem","position":2,"name":"Gjykimi p\u00ebr krime lufte ndaj Grujica Veljoviq do t\u00eb zhvillohet n\u00eb munges\u00eb, t\u00eb akuzuarit i b\u00ebhet thirrje t\u00eb dor\u00ebzohet"}]},{"@type":"WebSite","@id":"https:\/\/veritasinfo.org\/#website","url":"https:\/\/veritasinfo.org\/","name":"","description":"","potentialAction":[{"@type":"SearchAction","target":{"@type":"EntryPoint","urlTemplate":"https:\/\/veritasinfo.org\/?s={search_term_string}"},"query-input":{"@type":"PropertyValueSpecification","valueRequired":true,"valueName":"search_term_string"}}],"inLanguage":"en-US"},{"@type":"Person","@id":"https:\/\/veritasinfo.org\/#\/schema\/person\/fe199eede04c3937362892b7444747cc","name":"US6","image":{"@type":"ImageObject","inLanguage":"en-US","@id":"https:\/\/veritasinfo.org\/#\/schema\/person\/image\/","url":"https:\/\/secure.gravatar.com\/avatar\/cb16c3c31c9d23b9b8c705964598220b3014e42ff51eb540ff23cefa3ae8c15f?s=96&d=mm&r=g","contentUrl":"https:\/\/secure.gravatar.com\/avatar\/cb16c3c31c9d23b9b8c705964598220b3014e42ff51eb540ff23cefa3ae8c15f?s=96&d=mm&r=g","caption":"US6"},"url":"https:\/\/veritasinfo.org\/?author=7"}]}},"featured_image_urls":{"full":["https:\/\/veritasinfo.org\/wp-content\/uploads\/2026\/03\/7207fa03-202b-4194-aa3d-40ea9e3eb815-750x430-1.jpg",750,430,false],"thumbnail":["https:\/\/veritasinfo.org\/wp-content\/uploads\/2026\/03\/7207fa03-202b-4194-aa3d-40ea9e3eb815-750x430-1-150x150.jpg",150,150,true],"medium":["https:\/\/veritasinfo.org\/wp-content\/uploads\/2026\/03\/7207fa03-202b-4194-aa3d-40ea9e3eb815-750x430-1-300x172.jpg",300,172,true],"medium_large":["https:\/\/veritasinfo.org\/wp-content\/uploads\/2026\/03\/7207fa03-202b-4194-aa3d-40ea9e3eb815-750x430-1.jpg",640,367,false],"large":["https:\/\/veritasinfo.org\/wp-content\/uploads\/2026\/03\/7207fa03-202b-4194-aa3d-40ea9e3eb815-750x430-1.jpg",640,367,false],"1536x1536":["https:\/\/veritasinfo.org\/wp-content\/uploads\/2026\/03\/7207fa03-202b-4194-aa3d-40ea9e3eb815-750x430-1.jpg",750,430,false],"2048x2048":["https:\/\/veritasinfo.org\/wp-content\/uploads\/2026\/03\/7207fa03-202b-4194-aa3d-40ea9e3eb815-750x430-1.jpg",750,430,false],"kreeti-slider-full":["https:\/\/veritasinfo.org\/wp-content\/uploads\/2026\/03\/7207fa03-202b-4194-aa3d-40ea9e3eb815-750x430-1.jpg",750,430,false],"kreeti-featured":["https:\/\/veritasinfo.org\/wp-content\/uploads\/2026\/03\/7207fa03-202b-4194-aa3d-40ea9e3eb815-750x430-1.jpg",750,430,false],"kreeti-medium":["https:\/\/veritasinfo.org\/wp-content\/uploads\/2026\/03\/7207fa03-202b-4194-aa3d-40ea9e3eb815-750x430-1.jpg",720,413,false],"kreeti-medium-square":["https:\/\/veritasinfo.org\/wp-content\/uploads\/2026\/03\/7207fa03-202b-4194-aa3d-40ea9e3eb815-750x430-1.jpg",350,201,false]},"author_info":{"info":["US6"]},"category_info":"<a href=\"https:\/\/veritasinfo.org\/?cat=60\" rel=\"category\">Shoq\u00ebrore<\/a>","tag_info":"Shoq\u00ebrore","comment_count":"0","_links":{"self":[{"href":"https:\/\/veritasinfo.org\/index.php?rest_route=\/wp\/v2\/posts\/38078","targetHints":{"allow":["GET"]}}],"collection":[{"href":"https:\/\/veritasinfo.org\/index.php?rest_route=\/wp\/v2\/posts"}],"about":[{"href":"https:\/\/veritasinfo.org\/index.php?rest_route=\/wp\/v2\/types\/post"}],"author":[{"embeddable":true,"href":"https:\/\/veritasinfo.org\/index.php?rest_route=\/wp\/v2\/users\/7"}],"replies":[{"embeddable":true,"href":"https:\/\/veritasinfo.org\/index.php?rest_route=%2Fwp%2Fv2%2Fcomments&post=38078"}],"version-history":[{"count":1,"href":"https:\/\/veritasinfo.org\/index.php?rest_route=\/wp\/v2\/posts\/38078\/revisions"}],"predecessor-version":[{"id":38080,"href":"https:\/\/veritasinfo.org\/index.php?rest_route=\/wp\/v2\/posts\/38078\/revisions\/38080"}],"wp:featuredmedia":[{"embeddable":true,"href":"https:\/\/veritasinfo.org\/index.php?rest_route=\/wp\/v2\/media\/38079"}],"wp:attachment":[{"href":"https:\/\/veritasinfo.org\/index.php?rest_route=%2Fwp%2Fv2%2Fmedia&parent=38078"}],"wp:term":[{"taxonomy":"category","embeddable":true,"href":"https:\/\/veritasinfo.org\/index.php?rest_route=%2Fwp%2Fv2%2Fcategories&post=38078"},{"taxonomy":"post_tag","embeddable":true,"href":"https:\/\/veritasinfo.org\/index.php?rest_route=%2Fwp%2Fv2%2Ftags&post=38078"}],"curies":[{"name":"wp","href":"https:\/\/api.w.org\/{rel}","templated":true}]}}