{"id":38070,"date":"2026-03-16T16:52:20","date_gmt":"2026-03-16T15:52:20","guid":{"rendered":"https:\/\/veritasinfo.org\/?p=38070"},"modified":"2026-03-16T16:54:12","modified_gmt":"2026-03-16T15:54:12","slug":"maqedonci-raketat-qe-serbia-ka-blere-nga-kina-jane-sulmuese-dhe-kercenuese-per-rajonin","status":"publish","type":"post","link":"https:\/\/veritasinfo.org\/?p=38070","title":{"rendered":"Maqedonci: Raketat q\u00eb Serbia ka bler\u00eb nga Kina jan\u00eb sulmuese dhe k\u00ebrc\u00ebnuese p\u00ebr rajonin"},"content":{"rendered":"<p>Prishtin\u00eb, 16 mars 2026 16:50<\/p>\n<p>Maqedonci: Raketat q\u00eb Serbia ka bler\u00eb nga Kina jan\u00eb sulmuese dhe k\u00ebrc\u00ebnuese p\u00ebr rajonin<\/p>\n<p>Ministri i Mbrojtjes i Kosov\u00ebs, Ejup Maqedonci, ka deklaruar se raketat balistike q\u00eb Serbia ka bler\u00eb nga China kan\u00eb karakter sulmues dhe p\u00ebrb\u00ebjn\u00eb k\u00ebrc\u00ebnim jo vet\u00ebm p\u00ebr Kosovo, por edhe p\u00ebr gjith\u00eb rajonin e Ballkanit.<\/p>\n<p>N\u00eb nj\u00eb intervist\u00eb p\u00ebr emisionin \u201cPuls\u201d n\u00eb A2 CNN me gazetaren Bruna \u00c7ifligu, Maqedonci tha se blerja e arm\u00ebve nga Serbia nuk \u00ebsht\u00eb nj\u00eb zhvillim i ri, pasi Beogradi prej vitesh ka furnizuar ushtrin\u00eb me armatim nga vende t\u00eb ndryshme.<\/p>\n<p>\u201cN\u00eb fakt blerja e k\u00ebtyre sistemeve nuk \u00ebsht\u00eb duke u b\u00ebr\u00eb vet\u00ebm k\u00ebto koh\u00ebt e fundit. Serbia n\u00eb vazhdim\u00ebsi mund t\u00eb themi ka b\u00ebr\u00eb blerje nga Rusia, nga Kina por edhe nga vende t\u00eb tjera. Ne kemi informacion q\u00eb prej disa vitesh ka b\u00ebr\u00eb blerje t\u00eb raketave t\u00eb ndryshme nga Kina\u201d, tha Maqedonci.<\/p>\n<p>Sipas tij, raketat e fundit q\u00eb ka siguruar Serbia jan\u00eb t\u00eb dizajnuara p\u00ebr sulme dhe p\u00ebr k\u00ebt\u00eb arsye paraqesin rrezik p\u00ebr rajonin.<\/p>\n<p>\u201cNormalisht q\u00eb k\u00ebto raketat e fundit e kan\u00eb natyr\u00ebn e raketave q\u00eb jan\u00eb t\u00eb dizajnuara p\u00ebr sulme dhe duke qen\u00eb t\u00eb tilla paraqesin k\u00ebrc\u00ebnim jo vet\u00ebm p\u00ebr Republik\u00ebn e Kosov\u00ebs, por p\u00ebr gjith\u00eb rajonin e Ballkanit. Kjo po tregon edhe m\u00eb tej qasjen hegjemoniste dhe tentativ\u00ebn p\u00ebr t\u00eb dominuar t\u00eb Serbis\u00eb n\u00eb aspektin ushtarak, ekonomik dhe n\u00eb aspekte t\u00eb tjera n\u00eb Ballkanin Per\u00ebndimor\u201d, u shpreh ai.<\/p>\n<p>Maqedonci tha se k\u00ebto zhvillime hedhin posht\u00eb pretendimet e presidentit serb Aleksandar Vu\u010di\u0107, i cili ka deklaruar se Serbia po armatoset p\u00ebr t\u2019u mbrojtur nga marr\u00ebveshja trilaterale mes Kosov\u00ebs, Shqip\u00ebris\u00eb dhe Kroacis\u00eb.<\/p>\n<p>Maqedonci tha se k\u00ebto zhvillime hedhin posht\u00eb pretendimet e presidentit serb Aleksandar Vu\u010di\u0107, i cili ka deklaruar se Serbia po armatoset p\u00ebr t\u2019u mbrojtur nga marr\u00ebveshja trilaterale mes Kosov\u00ebs, Shqip\u00ebris\u00eb dhe Kroacis\u00eb.<\/p>\n<p>&#8220;Normalisht q\u00eb k\u00ebto arsyetime q\u00eb b\u00ebhen nga krer\u00ebt e shtetit n\u00eb Serbi, se k\u00ebto furnizime po b\u00ebhen p\u00ebr shkak se ndihen t\u00eb k\u00ebrc\u00ebnuar nga marr\u00ebveshja trilaterale mes Kosov\u00ebs, Shqip\u00ebris\u00eb dhe Kroacis\u00eb, nuk q\u00ebndrojn\u00eb, sepse k\u00ebto blerje nuk jan\u00eb duke u b\u00ebr\u00eb vet\u00ebm prej periudh\u00ebs kur \u00ebsht\u00eb n\u00ebnshkruar kjo marr\u00ebveshje, por jan\u00eb b\u00ebr\u00eb edhe m\u00eb her\u00ebt\u201d, tha Maqedonci.<\/p>\n<p>Ai shtoi se blerja e armatimit nga vende q\u00eb nuk jan\u00eb pjes\u00eb e NATO, e kombinuar me qasjen politike t\u00eb Serbis\u00eb ndaj fqinj\u00ebve, p\u00ebrb\u00ebn rrezik p\u00ebr stabilitetin rajonal.<\/p>\n<p>\u201cDuke b\u00ebr\u00eb k\u00ebto blerje nga vendet q\u00eb nuk jan\u00eb t\u00eb NATO-s dhe duke promovuar politika hegjemoniste n\u00eb raport me fqinj\u00ebt, at\u00ebher\u00eb \u00ebsht\u00eb k\u00ebrc\u00ebnuese p\u00ebr krejt rajonin. \u00cbsht\u00eb me r\u00ebnd\u00ebsi q\u00eb NATO ta marr\u00eb seriozisht jo vet\u00ebm k\u00ebt\u00eb blerje, por edhe gjith\u00eb militarizimin e Serbis\u00eb dhe t\u00eb diskutoj\u00eb seriozisht p\u00ebr k\u00ebt\u00eb \u00e7\u00ebshtje\u201d, p\u00ebrfundoi ai.<\/p>\n","protected":false},"excerpt":{"rendered":"<p>Prishtin\u00eb, 16 mars 2026 16:50 Maqedonci: Raketat q\u00eb Serbia ka bler\u00eb nga Kina jan\u00eb sulmuese dhe k\u00ebrc\u00ebnuese p\u00ebr rajonin Ministri i Mbrojtjes i Kosov\u00ebs, Ejup<\/p>\n","protected":false},"author":7,"featured_media":38071,"comment_status":"open","ping_status":"open","sticky":false,"template":"","format":"standard","meta":{"footnotes":""},"categories":[109],"tags":[],"class_list":["post-38070","post","type-post","status-publish","format-standard","has-post-thumbnail","hentry","category-siguri"],"yoast_head":"<!-- This site is optimized with the Yoast SEO plugin v25.3.1 - https:\/\/yoast.com\/wordpress\/plugins\/seo\/ -->\n<title>Maqedonci: Raketat q\u00eb Serbia ka bler\u00eb nga Kina jan\u00eb sulmuese dhe k\u00ebrc\u00ebnuese p\u00ebr rajonin -<\/title>\n<meta name=\"robots\" content=\"index, follow, max-snippet:-1, max-image-preview:large, max-video-preview:-1\" \/>\n<link rel=\"canonical\" href=\"https:\/\/veritasinfo.org\/?p=38070\" \/>\n<meta property=\"og:locale\" content=\"en_US\" \/>\n<meta property=\"og:type\" content=\"article\" \/>\n<meta property=\"og:title\" content=\"Maqedonci: Raketat q\u00eb Serbia ka bler\u00eb nga Kina jan\u00eb sulmuese dhe k\u00ebrc\u00ebnuese p\u00ebr rajonin -\" \/>\n<meta property=\"og:description\" content=\"Prishtin\u00eb, 16 mars 2026 16:50 Maqedonci: Raketat q\u00eb Serbia ka bler\u00eb nga Kina jan\u00eb sulmuese dhe k\u00ebrc\u00ebnuese p\u00ebr rajonin Ministri i Mbrojtjes i Kosov\u00ebs, Ejup\" \/>\n<meta property=\"og:url\" content=\"https:\/\/veritasinfo.org\/?p=38070\" \/>\n<meta property=\"article:published_time\" content=\"2026-03-16T15:52:20+00:00\" \/>\n<meta property=\"article:modified_time\" content=\"2026-03-16T15:54:12+00:00\" \/>\n<meta property=\"og:image\" content=\"https:\/\/veritasinfo.org\/wp-content\/uploads\/2026\/03\/image-11.webp\" \/>\n\t<meta property=\"og:image:width\" content=\"1245\" \/>\n\t<meta property=\"og:image:height\" content=\"700\" \/>\n\t<meta property=\"og:image:type\" content=\"image\/webp\" \/>\n<meta name=\"author\" content=\"US6\" \/>\n<meta name=\"twitter:card\" content=\"summary_large_image\" \/>\n<meta name=\"twitter:label1\" content=\"Written by\" \/>\n\t<meta name=\"twitter:data1\" content=\"US6\" \/>\n\t<meta name=\"twitter:label2\" content=\"Est. reading time\" \/>\n\t<meta name=\"twitter:data2\" content=\"3 minutes\" \/>\n<script type=\"application\/ld+json\" class=\"yoast-schema-graph\">{\"@context\":\"https:\/\/schema.org\",\"@graph\":[{\"@type\":\"WebPage\",\"@id\":\"https:\/\/veritasinfo.org\/?p=38070\",\"url\":\"https:\/\/veritasinfo.org\/?p=38070\",\"name\":\"Maqedonci: Raketat q\u00eb Serbia ka bler\u00eb nga Kina jan\u00eb sulmuese dhe k\u00ebrc\u00ebnuese p\u00ebr rajonin -\",\"isPartOf\":{\"@id\":\"https:\/\/veritasinfo.org\/#website\"},\"primaryImageOfPage\":{\"@id\":\"https:\/\/veritasinfo.org\/?p=38070#primaryimage\"},\"image\":{\"@id\":\"https:\/\/veritasinfo.org\/?p=38070#primaryimage\"},\"thumbnailUrl\":\"https:\/\/veritasinfo.org\/wp-content\/uploads\/2026\/03\/image-11.webp\",\"datePublished\":\"2026-03-16T15:52:20+00:00\",\"dateModified\":\"2026-03-16T15:54:12+00:00\",\"author\":{\"@id\":\"https:\/\/veritasinfo.org\/#\/schema\/person\/fe199eede04c3937362892b7444747cc\"},\"breadcrumb\":{\"@id\":\"https:\/\/veritasinfo.org\/?p=38070#breadcrumb\"},\"inLanguage\":\"en-US\",\"potentialAction\":[{\"@type\":\"ReadAction\",\"target\":[\"https:\/\/veritasinfo.org\/?p=38070\"]}]},{\"@type\":\"ImageObject\",\"inLanguage\":\"en-US\",\"@id\":\"https:\/\/veritasinfo.org\/?p=38070#primaryimage\",\"url\":\"https:\/\/veritasinfo.org\/wp-content\/uploads\/2026\/03\/image-11.webp\",\"contentUrl\":\"https:\/\/veritasinfo.org\/wp-content\/uploads\/2026\/03\/image-11.webp\",\"width\":1245,\"height\":700},{\"@type\":\"BreadcrumbList\",\"@id\":\"https:\/\/veritasinfo.org\/?p=38070#breadcrumb\",\"itemListElement\":[{\"@type\":\"ListItem\",\"position\":1,\"name\":\"Home\",\"item\":\"https:\/\/veritasinfo.org\/\"},{\"@type\":\"ListItem\",\"position\":2,\"name\":\"Maqedonci: Raketat q\u00eb Serbia ka bler\u00eb nga Kina jan\u00eb sulmuese dhe k\u00ebrc\u00ebnuese p\u00ebr rajonin\"}]},{\"@type\":\"WebSite\",\"@id\":\"https:\/\/veritasinfo.org\/#website\",\"url\":\"https:\/\/veritasinfo.org\/\",\"name\":\"\",\"description\":\"\",\"potentialAction\":[{\"@type\":\"SearchAction\",\"target\":{\"@type\":\"EntryPoint\",\"urlTemplate\":\"https:\/\/veritasinfo.org\/?s={search_term_string}\"},\"query-input\":{\"@type\":\"PropertyValueSpecification\",\"valueRequired\":true,\"valueName\":\"search_term_string\"}}],\"inLanguage\":\"en-US\"},{\"@type\":\"Person\",\"@id\":\"https:\/\/veritasinfo.org\/#\/schema\/person\/fe199eede04c3937362892b7444747cc\",\"name\":\"US6\",\"image\":{\"@type\":\"ImageObject\",\"inLanguage\":\"en-US\",\"@id\":\"https:\/\/veritasinfo.org\/#\/schema\/person\/image\/\",\"url\":\"https:\/\/secure.gravatar.com\/avatar\/cb16c3c31c9d23b9b8c705964598220b3014e42ff51eb540ff23cefa3ae8c15f?s=96&d=mm&r=g\",\"contentUrl\":\"https:\/\/secure.gravatar.com\/avatar\/cb16c3c31c9d23b9b8c705964598220b3014e42ff51eb540ff23cefa3ae8c15f?s=96&d=mm&r=g\",\"caption\":\"US6\"},\"url\":\"https:\/\/veritasinfo.org\/?author=7\"}]}<\/script>\n<!-- \/ Yoast SEO plugin. -->","yoast_head_json":{"title":"Maqedonci: Raketat q\u00eb Serbia ka bler\u00eb nga Kina jan\u00eb sulmuese dhe k\u00ebrc\u00ebnuese p\u00ebr rajonin -","robots":{"index":"index","follow":"follow","max-snippet":"max-snippet:-1","max-image-preview":"max-image-preview:large","max-video-preview":"max-video-preview:-1"},"canonical":"https:\/\/veritasinfo.org\/?p=38070","og_locale":"en_US","og_type":"article","og_title":"Maqedonci: Raketat q\u00eb Serbia ka bler\u00eb nga Kina jan\u00eb sulmuese dhe k\u00ebrc\u00ebnuese p\u00ebr rajonin -","og_description":"Prishtin\u00eb, 16 mars 2026 16:50 Maqedonci: Raketat q\u00eb Serbia ka bler\u00eb nga Kina jan\u00eb sulmuese dhe k\u00ebrc\u00ebnuese p\u00ebr rajonin Ministri i Mbrojtjes i Kosov\u00ebs, Ejup","og_url":"https:\/\/veritasinfo.org\/?p=38070","article_published_time":"2026-03-16T15:52:20+00:00","article_modified_time":"2026-03-16T15:54:12+00:00","og_image":[{"width":1245,"height":700,"url":"https:\/\/veritasinfo.org\/wp-content\/uploads\/2026\/03\/image-11.webp","type":"image\/webp"}],"author":"US6","twitter_card":"summary_large_image","twitter_misc":{"Written by":"US6","Est. reading time":"3 minutes"},"schema":{"@context":"https:\/\/schema.org","@graph":[{"@type":"WebPage","@id":"https:\/\/veritasinfo.org\/?p=38070","url":"https:\/\/veritasinfo.org\/?p=38070","name":"Maqedonci: Raketat q\u00eb Serbia ka bler\u00eb nga Kina jan\u00eb sulmuese dhe k\u00ebrc\u00ebnuese p\u00ebr rajonin -","isPartOf":{"@id":"https:\/\/veritasinfo.org\/#website"},"primaryImageOfPage":{"@id":"https:\/\/veritasinfo.org\/?p=38070#primaryimage"},"image":{"@id":"https:\/\/veritasinfo.org\/?p=38070#primaryimage"},"thumbnailUrl":"https:\/\/veritasinfo.org\/wp-content\/uploads\/2026\/03\/image-11.webp","datePublished":"2026-03-16T15:52:20+00:00","dateModified":"2026-03-16T15:54:12+00:00","author":{"@id":"https:\/\/veritasinfo.org\/#\/schema\/person\/fe199eede04c3937362892b7444747cc"},"breadcrumb":{"@id":"https:\/\/veritasinfo.org\/?p=38070#breadcrumb"},"inLanguage":"en-US","potentialAction":[{"@type":"ReadAction","target":["https:\/\/veritasinfo.org\/?p=38070"]}]},{"@type":"ImageObject","inLanguage":"en-US","@id":"https:\/\/veritasinfo.org\/?p=38070#primaryimage","url":"https:\/\/veritasinfo.org\/wp-content\/uploads\/2026\/03\/image-11.webp","contentUrl":"https:\/\/veritasinfo.org\/wp-content\/uploads\/2026\/03\/image-11.webp","width":1245,"height":700},{"@type":"BreadcrumbList","@id":"https:\/\/veritasinfo.org\/?p=38070#breadcrumb","itemListElement":[{"@type":"ListItem","position":1,"name":"Home","item":"https:\/\/veritasinfo.org\/"},{"@type":"ListItem","position":2,"name":"Maqedonci: Raketat q\u00eb Serbia ka bler\u00eb nga Kina jan\u00eb sulmuese dhe k\u00ebrc\u00ebnuese p\u00ebr rajonin"}]},{"@type":"WebSite","@id":"https:\/\/veritasinfo.org\/#website","url":"https:\/\/veritasinfo.org\/","name":"","description":"","potentialAction":[{"@type":"SearchAction","target":{"@type":"EntryPoint","urlTemplate":"https:\/\/veritasinfo.org\/?s={search_term_string}"},"query-input":{"@type":"PropertyValueSpecification","valueRequired":true,"valueName":"search_term_string"}}],"inLanguage":"en-US"},{"@type":"Person","@id":"https:\/\/veritasinfo.org\/#\/schema\/person\/fe199eede04c3937362892b7444747cc","name":"US6","image":{"@type":"ImageObject","inLanguage":"en-US","@id":"https:\/\/veritasinfo.org\/#\/schema\/person\/image\/","url":"https:\/\/secure.gravatar.com\/avatar\/cb16c3c31c9d23b9b8c705964598220b3014e42ff51eb540ff23cefa3ae8c15f?s=96&d=mm&r=g","contentUrl":"https:\/\/secure.gravatar.com\/avatar\/cb16c3c31c9d23b9b8c705964598220b3014e42ff51eb540ff23cefa3ae8c15f?s=96&d=mm&r=g","caption":"US6"},"url":"https:\/\/veritasinfo.org\/?author=7"}]}},"featured_image_urls":{"full":["https:\/\/veritasinfo.org\/wp-content\/uploads\/2026\/03\/image-11.webp",1245,700,false],"thumbnail":["https:\/\/veritasinfo.org\/wp-content\/uploads\/2026\/03\/image-11-150x150.webp",150,150,true],"medium":["https:\/\/veritasinfo.org\/wp-content\/uploads\/2026\/03\/image-11-300x169.webp",300,169,true],"medium_large":["https:\/\/veritasinfo.org\/wp-content\/uploads\/2026\/03\/image-11-768x432.webp",640,360,true],"large":["https:\/\/veritasinfo.org\/wp-content\/uploads\/2026\/03\/image-11-1024x576.webp",640,360,true],"1536x1536":["https:\/\/veritasinfo.org\/wp-content\/uploads\/2026\/03\/image-11.webp",1245,700,false],"2048x2048":["https:\/\/veritasinfo.org\/wp-content\/uploads\/2026\/03\/image-11.webp",1245,700,false],"kreeti-slider-full":["https:\/\/veritasinfo.org\/wp-content\/uploads\/2026\/03\/image-11.webp",1245,700,false],"kreeti-featured":["https:\/\/veritasinfo.org\/wp-content\/uploads\/2026\/03\/image-11.webp",1024,576,false],"kreeti-medium":["https:\/\/veritasinfo.org\/wp-content\/uploads\/2026\/03\/image-11.webp",720,405,false],"kreeti-medium-square":["https:\/\/veritasinfo.org\/wp-content\/uploads\/2026\/03\/image-11.webp",350,197,false]},"author_info":{"info":["US6"]},"category_info":"<a href=\"https:\/\/veritasinfo.org\/?cat=109\" rel=\"category\">Siguri<\/a>","tag_info":"Siguri","comment_count":"0","_links":{"self":[{"href":"https:\/\/veritasinfo.org\/index.php?rest_route=\/wp\/v2\/posts\/38070","targetHints":{"allow":["GET"]}}],"collection":[{"href":"https:\/\/veritasinfo.org\/index.php?rest_route=\/wp\/v2\/posts"}],"about":[{"href":"https:\/\/veritasinfo.org\/index.php?rest_route=\/wp\/v2\/types\/post"}],"author":[{"embeddable":true,"href":"https:\/\/veritasinfo.org\/index.php?rest_route=\/wp\/v2\/users\/7"}],"replies":[{"embeddable":true,"href":"https:\/\/veritasinfo.org\/index.php?rest_route=%2Fwp%2Fv2%2Fcomments&post=38070"}],"version-history":[{"count":2,"href":"https:\/\/veritasinfo.org\/index.php?rest_route=\/wp\/v2\/posts\/38070\/revisions"}],"predecessor-version":[{"id":38074,"href":"https:\/\/veritasinfo.org\/index.php?rest_route=\/wp\/v2\/posts\/38070\/revisions\/38074"}],"wp:featuredmedia":[{"embeddable":true,"href":"https:\/\/veritasinfo.org\/index.php?rest_route=\/wp\/v2\/media\/38071"}],"wp:attachment":[{"href":"https:\/\/veritasinfo.org\/index.php?rest_route=%2Fwp%2Fv2%2Fmedia&parent=38070"}],"wp:term":[{"taxonomy":"category","embeddable":true,"href":"https:\/\/veritasinfo.org\/index.php?rest_route=%2Fwp%2Fv2%2Fcategories&post=38070"},{"taxonomy":"post_tag","embeddable":true,"href":"https:\/\/veritasinfo.org\/index.php?rest_route=%2Fwp%2Fv2%2Ftags&post=38070"}],"curies":[{"name":"wp","href":"https:\/\/api.w.org\/{rel}","templated":true}]}}