{"id":38058,"date":"2026-03-16T15:43:15","date_gmt":"2026-03-16T14:43:15","guid":{"rendered":"https:\/\/veritasinfo.org\/?p=38058"},"modified":"2026-03-16T15:43:16","modified_gmt":"2026-03-16T14:43:16","slug":"operacion-policor-per-fajde-ne-prizren-700-mije-euro-dem-nje-i-arrestuar-e-kater-ne-kerkim","status":"publish","type":"post","link":"https:\/\/veritasinfo.org\/?p=38058","title":{"rendered":"Operacion policor p\u00ebr fajde n\u00eb Prizren \u2013 700 mij\u00eb euro d\u00ebm, nj\u00eb i arrestuar e kat\u00ebr n\u00eb k\u00ebrkim"},"content":{"rendered":"<p>Prizren 16 mars 2026 15:43<\/p>\n<p>Policia e Kosov\u00ebs ka zhvilluar sot nj\u00eb operacion n\u00eb Prizren, n\u00eb kuad\u00ebr t\u00eb hetimeve p\u00ebr vepr\u00ebn penale t\u00eb fajdes\u00eb.Sipas njoftimit t\u00eb Policis\u00eb, operacioni \u00ebsht\u00eb realizuar ndaj pes\u00eb personave t\u00eb dyshuar me inicialet B.K., GJ.K., E.K., E.K. dhe E.R.<\/p>\n<p>T\u00eb dyshuarit dyshohet se kan\u00eb kryer veprat penale \u201cFajdeja\u201d, \u201cPrivimi i kund\u00ebrligjsh\u00ebm i liris\u00eb\u201d dhe \u201cDetyrimi\u201d, duke e detyruar viktim\u00ebn q\u00eb n\u00eb m\u00ebnyr\u00eb t\u00eb vazhdueshme t\u00eb paguaj\u00eb shuma t\u00eb m\u00ebdha parash si interes p\u00ebr fajde, p\u00ebrmes presionit dhe dhun\u00ebs.Sipas dyshimeve, n\u00eb disa raste viktima \u00ebsht\u00eb privuar edhe nga liria p\u00ebr ta detyruar t\u00eb paguaj\u00eb kamata t\u00eb larta.<\/p>\n<p>Sipas vler\u00ebsimeve fillestare, d\u00ebmi ndaj viktim\u00ebs arrin rreth 700 mij\u00eb euro, nd\u00ebrsa t\u00eb dyshuarit dyshohet se kan\u00eb k\u00ebrkuar edhe 450 mij\u00eb euro shtes\u00eb n\u00eb em\u00ebr t\u00eb interesit.Gjat\u00eb operacionit jan\u00eb kryer kontrolle n\u00eb pes\u00eb lokacione n\u00eb Prizren, ku \u00ebsht\u00eb arrestuar nj\u00eb person, nd\u00ebrsa kat\u00ebr t\u00eb tjer\u00eb jan\u00eb n\u00eb k\u00ebrkim policor.<\/p>\n<p>Me vendim t\u00eb Prokuroris\u00eb Themelore n\u00eb Prizren, personi i arrestuar \u00ebsht\u00eb ndaluar p\u00ebr 48 or\u00eb, nd\u00ebrsa hetimet p\u00ebr rastin jan\u00eb duke vazhduar.<\/p>\n","protected":false},"excerpt":{"rendered":"<p>Prizren 16 mars 2026 15:43 Policia e Kosov\u00ebs ka zhvilluar sot nj\u00eb operacion n\u00eb Prizren, n\u00eb kuad\u00ebr t\u00eb hetimeve p\u00ebr vepr\u00ebn penale t\u00eb fajdes\u00eb.Sipas njoftimit<\/p>\n","protected":false},"author":7,"featured_media":38059,"comment_status":"open","ping_status":"open","sticky":false,"template":"","format":"standard","meta":{"footnotes":""},"categories":[101],"tags":[],"class_list":["post-38058","post","type-post","status-publish","format-standard","has-post-thumbnail","hentry","category-kronika"],"yoast_head":"<!-- This site is optimized with the Yoast SEO plugin v25.3.1 - https:\/\/yoast.com\/wordpress\/plugins\/seo\/ -->\n<title>Operacion policor p\u00ebr fajde n\u00eb Prizren \u2013 700 mij\u00eb euro d\u00ebm, nj\u00eb i arrestuar e kat\u00ebr n\u00eb k\u00ebrkim -<\/title>\n<meta name=\"robots\" content=\"index, follow, max-snippet:-1, max-image-preview:large, max-video-preview:-1\" \/>\n<link rel=\"canonical\" href=\"https:\/\/veritasinfo.org\/?p=38058\" \/>\n<meta property=\"og:locale\" content=\"en_US\" \/>\n<meta property=\"og:type\" content=\"article\" \/>\n<meta property=\"og:title\" content=\"Operacion policor p\u00ebr fajde n\u00eb Prizren \u2013 700 mij\u00eb euro d\u00ebm, nj\u00eb i arrestuar e kat\u00ebr n\u00eb k\u00ebrkim -\" \/>\n<meta property=\"og:description\" content=\"Prizren 16 mars 2026 15:43 Policia e Kosov\u00ebs ka zhvilluar sot nj\u00eb operacion n\u00eb Prizren, n\u00eb kuad\u00ebr t\u00eb hetimeve p\u00ebr vepr\u00ebn penale t\u00eb fajdes\u00eb.Sipas njoftimit\" \/>\n<meta property=\"og:url\" content=\"https:\/\/veritasinfo.org\/?p=38058\" \/>\n<meta property=\"article:published_time\" content=\"2026-03-16T14:43:15+00:00\" \/>\n<meta property=\"article:modified_time\" content=\"2026-03-16T14:43:16+00:00\" \/>\n<meta property=\"og:image\" content=\"https:\/\/veritasinfo.org\/wp-content\/uploads\/2026\/03\/policia-3.jpg\" \/>\n\t<meta property=\"og:image:width\" content=\"1085\" \/>\n\t<meta property=\"og:image:height\" content=\"703\" \/>\n\t<meta property=\"og:image:type\" content=\"image\/jpeg\" \/>\n<meta name=\"author\" content=\"US6\" \/>\n<meta name=\"twitter:card\" content=\"summary_large_image\" \/>\n<meta name=\"twitter:label1\" content=\"Written by\" \/>\n\t<meta name=\"twitter:data1\" content=\"US6\" \/>\n\t<meta name=\"twitter:label2\" content=\"Est. reading time\" \/>\n\t<meta name=\"twitter:data2\" content=\"1 minute\" \/>\n<script type=\"application\/ld+json\" class=\"yoast-schema-graph\">{\"@context\":\"https:\/\/schema.org\",\"@graph\":[{\"@type\":\"WebPage\",\"@id\":\"https:\/\/veritasinfo.org\/?p=38058\",\"url\":\"https:\/\/veritasinfo.org\/?p=38058\",\"name\":\"Operacion policor p\u00ebr fajde n\u00eb Prizren \u2013 700 mij\u00eb euro d\u00ebm, nj\u00eb i arrestuar e kat\u00ebr n\u00eb k\u00ebrkim -\",\"isPartOf\":{\"@id\":\"https:\/\/veritasinfo.org\/#website\"},\"primaryImageOfPage\":{\"@id\":\"https:\/\/veritasinfo.org\/?p=38058#primaryimage\"},\"image\":{\"@id\":\"https:\/\/veritasinfo.org\/?p=38058#primaryimage\"},\"thumbnailUrl\":\"https:\/\/veritasinfo.org\/wp-content\/uploads\/2026\/03\/policia-3.jpg\",\"datePublished\":\"2026-03-16T14:43:15+00:00\",\"dateModified\":\"2026-03-16T14:43:16+00:00\",\"author\":{\"@id\":\"https:\/\/veritasinfo.org\/#\/schema\/person\/fe199eede04c3937362892b7444747cc\"},\"breadcrumb\":{\"@id\":\"https:\/\/veritasinfo.org\/?p=38058#breadcrumb\"},\"inLanguage\":\"en-US\",\"potentialAction\":[{\"@type\":\"ReadAction\",\"target\":[\"https:\/\/veritasinfo.org\/?p=38058\"]}]},{\"@type\":\"ImageObject\",\"inLanguage\":\"en-US\",\"@id\":\"https:\/\/veritasinfo.org\/?p=38058#primaryimage\",\"url\":\"https:\/\/veritasinfo.org\/wp-content\/uploads\/2026\/03\/policia-3.jpg\",\"contentUrl\":\"https:\/\/veritasinfo.org\/wp-content\/uploads\/2026\/03\/policia-3.jpg\",\"width\":1085,\"height\":703},{\"@type\":\"BreadcrumbList\",\"@id\":\"https:\/\/veritasinfo.org\/?p=38058#breadcrumb\",\"itemListElement\":[{\"@type\":\"ListItem\",\"position\":1,\"name\":\"Home\",\"item\":\"https:\/\/veritasinfo.org\/\"},{\"@type\":\"ListItem\",\"position\":2,\"name\":\"Operacion policor p\u00ebr fajde n\u00eb Prizren \u2013 700 mij\u00eb euro d\u00ebm, nj\u00eb i arrestuar e kat\u00ebr n\u00eb k\u00ebrkim\"}]},{\"@type\":\"WebSite\",\"@id\":\"https:\/\/veritasinfo.org\/#website\",\"url\":\"https:\/\/veritasinfo.org\/\",\"name\":\"\",\"description\":\"\",\"potentialAction\":[{\"@type\":\"SearchAction\",\"target\":{\"@type\":\"EntryPoint\",\"urlTemplate\":\"https:\/\/veritasinfo.org\/?s={search_term_string}\"},\"query-input\":{\"@type\":\"PropertyValueSpecification\",\"valueRequired\":true,\"valueName\":\"search_term_string\"}}],\"inLanguage\":\"en-US\"},{\"@type\":\"Person\",\"@id\":\"https:\/\/veritasinfo.org\/#\/schema\/person\/fe199eede04c3937362892b7444747cc\",\"name\":\"US6\",\"image\":{\"@type\":\"ImageObject\",\"inLanguage\":\"en-US\",\"@id\":\"https:\/\/veritasinfo.org\/#\/schema\/person\/image\/\",\"url\":\"https:\/\/secure.gravatar.com\/avatar\/cb16c3c31c9d23b9b8c705964598220b3014e42ff51eb540ff23cefa3ae8c15f?s=96&d=mm&r=g\",\"contentUrl\":\"https:\/\/secure.gravatar.com\/avatar\/cb16c3c31c9d23b9b8c705964598220b3014e42ff51eb540ff23cefa3ae8c15f?s=96&d=mm&r=g\",\"caption\":\"US6\"},\"url\":\"https:\/\/veritasinfo.org\/?author=7\"}]}<\/script>\n<!-- \/ Yoast SEO plugin. -->","yoast_head_json":{"title":"Operacion policor p\u00ebr fajde n\u00eb Prizren \u2013 700 mij\u00eb euro d\u00ebm, nj\u00eb i arrestuar e kat\u00ebr n\u00eb k\u00ebrkim -","robots":{"index":"index","follow":"follow","max-snippet":"max-snippet:-1","max-image-preview":"max-image-preview:large","max-video-preview":"max-video-preview:-1"},"canonical":"https:\/\/veritasinfo.org\/?p=38058","og_locale":"en_US","og_type":"article","og_title":"Operacion policor p\u00ebr fajde n\u00eb Prizren \u2013 700 mij\u00eb euro d\u00ebm, nj\u00eb i arrestuar e kat\u00ebr n\u00eb k\u00ebrkim -","og_description":"Prizren 16 mars 2026 15:43 Policia e Kosov\u00ebs ka zhvilluar sot nj\u00eb operacion n\u00eb Prizren, n\u00eb kuad\u00ebr t\u00eb hetimeve p\u00ebr vepr\u00ebn penale t\u00eb fajdes\u00eb.Sipas njoftimit","og_url":"https:\/\/veritasinfo.org\/?p=38058","article_published_time":"2026-03-16T14:43:15+00:00","article_modified_time":"2026-03-16T14:43:16+00:00","og_image":[{"width":1085,"height":703,"url":"https:\/\/veritasinfo.org\/wp-content\/uploads\/2026\/03\/policia-3.jpg","type":"image\/jpeg"}],"author":"US6","twitter_card":"summary_large_image","twitter_misc":{"Written by":"US6","Est. reading time":"1 minute"},"schema":{"@context":"https:\/\/schema.org","@graph":[{"@type":"WebPage","@id":"https:\/\/veritasinfo.org\/?p=38058","url":"https:\/\/veritasinfo.org\/?p=38058","name":"Operacion policor p\u00ebr fajde n\u00eb Prizren \u2013 700 mij\u00eb euro d\u00ebm, nj\u00eb i arrestuar e kat\u00ebr n\u00eb k\u00ebrkim -","isPartOf":{"@id":"https:\/\/veritasinfo.org\/#website"},"primaryImageOfPage":{"@id":"https:\/\/veritasinfo.org\/?p=38058#primaryimage"},"image":{"@id":"https:\/\/veritasinfo.org\/?p=38058#primaryimage"},"thumbnailUrl":"https:\/\/veritasinfo.org\/wp-content\/uploads\/2026\/03\/policia-3.jpg","datePublished":"2026-03-16T14:43:15+00:00","dateModified":"2026-03-16T14:43:16+00:00","author":{"@id":"https:\/\/veritasinfo.org\/#\/schema\/person\/fe199eede04c3937362892b7444747cc"},"breadcrumb":{"@id":"https:\/\/veritasinfo.org\/?p=38058#breadcrumb"},"inLanguage":"en-US","potentialAction":[{"@type":"ReadAction","target":["https:\/\/veritasinfo.org\/?p=38058"]}]},{"@type":"ImageObject","inLanguage":"en-US","@id":"https:\/\/veritasinfo.org\/?p=38058#primaryimage","url":"https:\/\/veritasinfo.org\/wp-content\/uploads\/2026\/03\/policia-3.jpg","contentUrl":"https:\/\/veritasinfo.org\/wp-content\/uploads\/2026\/03\/policia-3.jpg","width":1085,"height":703},{"@type":"BreadcrumbList","@id":"https:\/\/veritasinfo.org\/?p=38058#breadcrumb","itemListElement":[{"@type":"ListItem","position":1,"name":"Home","item":"https:\/\/veritasinfo.org\/"},{"@type":"ListItem","position":2,"name":"Operacion policor p\u00ebr fajde n\u00eb Prizren \u2013 700 mij\u00eb euro d\u00ebm, nj\u00eb i arrestuar e kat\u00ebr n\u00eb k\u00ebrkim"}]},{"@type":"WebSite","@id":"https:\/\/veritasinfo.org\/#website","url":"https:\/\/veritasinfo.org\/","name":"","description":"","potentialAction":[{"@type":"SearchAction","target":{"@type":"EntryPoint","urlTemplate":"https:\/\/veritasinfo.org\/?s={search_term_string}"},"query-input":{"@type":"PropertyValueSpecification","valueRequired":true,"valueName":"search_term_string"}}],"inLanguage":"en-US"},{"@type":"Person","@id":"https:\/\/veritasinfo.org\/#\/schema\/person\/fe199eede04c3937362892b7444747cc","name":"US6","image":{"@type":"ImageObject","inLanguage":"en-US","@id":"https:\/\/veritasinfo.org\/#\/schema\/person\/image\/","url":"https:\/\/secure.gravatar.com\/avatar\/cb16c3c31c9d23b9b8c705964598220b3014e42ff51eb540ff23cefa3ae8c15f?s=96&d=mm&r=g","contentUrl":"https:\/\/secure.gravatar.com\/avatar\/cb16c3c31c9d23b9b8c705964598220b3014e42ff51eb540ff23cefa3ae8c15f?s=96&d=mm&r=g","caption":"US6"},"url":"https:\/\/veritasinfo.org\/?author=7"}]}},"featured_image_urls":{"full":["https:\/\/veritasinfo.org\/wp-content\/uploads\/2026\/03\/policia-3.jpg",1085,703,false],"thumbnail":["https:\/\/veritasinfo.org\/wp-content\/uploads\/2026\/03\/policia-3-150x150.jpg",150,150,true],"medium":["https:\/\/veritasinfo.org\/wp-content\/uploads\/2026\/03\/policia-3-300x194.jpg",300,194,true],"medium_large":["https:\/\/veritasinfo.org\/wp-content\/uploads\/2026\/03\/policia-3-768x498.jpg",640,415,true],"large":["https:\/\/veritasinfo.org\/wp-content\/uploads\/2026\/03\/policia-3-1024x663.jpg",640,414,true],"1536x1536":["https:\/\/veritasinfo.org\/wp-content\/uploads\/2026\/03\/policia-3.jpg",1085,703,false],"2048x2048":["https:\/\/veritasinfo.org\/wp-content\/uploads\/2026\/03\/policia-3.jpg",1085,703,false],"kreeti-slider-full":["https:\/\/veritasinfo.org\/wp-content\/uploads\/2026\/03\/policia-3.jpg",1085,703,false],"kreeti-featured":["https:\/\/veritasinfo.org\/wp-content\/uploads\/2026\/03\/policia-3.jpg",1024,663,false],"kreeti-medium":["https:\/\/veritasinfo.org\/wp-content\/uploads\/2026\/03\/policia-3.jpg",720,467,false],"kreeti-medium-square":["https:\/\/veritasinfo.org\/wp-content\/uploads\/2026\/03\/policia-3.jpg",350,227,false]},"author_info":{"info":["US6"]},"category_info":"<a href=\"https:\/\/veritasinfo.org\/?cat=101\" rel=\"category\">Kronika<\/a>","tag_info":"Kronika","comment_count":"0","_links":{"self":[{"href":"https:\/\/veritasinfo.org\/index.php?rest_route=\/wp\/v2\/posts\/38058","targetHints":{"allow":["GET"]}}],"collection":[{"href":"https:\/\/veritasinfo.org\/index.php?rest_route=\/wp\/v2\/posts"}],"about":[{"href":"https:\/\/veritasinfo.org\/index.php?rest_route=\/wp\/v2\/types\/post"}],"author":[{"embeddable":true,"href":"https:\/\/veritasinfo.org\/index.php?rest_route=\/wp\/v2\/users\/7"}],"replies":[{"embeddable":true,"href":"https:\/\/veritasinfo.org\/index.php?rest_route=%2Fwp%2Fv2%2Fcomments&post=38058"}],"version-history":[{"count":1,"href":"https:\/\/veritasinfo.org\/index.php?rest_route=\/wp\/v2\/posts\/38058\/revisions"}],"predecessor-version":[{"id":38060,"href":"https:\/\/veritasinfo.org\/index.php?rest_route=\/wp\/v2\/posts\/38058\/revisions\/38060"}],"wp:featuredmedia":[{"embeddable":true,"href":"https:\/\/veritasinfo.org\/index.php?rest_route=\/wp\/v2\/media\/38059"}],"wp:attachment":[{"href":"https:\/\/veritasinfo.org\/index.php?rest_route=%2Fwp%2Fv2%2Fmedia&parent=38058"}],"wp:term":[{"taxonomy":"category","embeddable":true,"href":"https:\/\/veritasinfo.org\/index.php?rest_route=%2Fwp%2Fv2%2Fcategories&post=38058"},{"taxonomy":"post_tag","embeddable":true,"href":"https:\/\/veritasinfo.org\/index.php?rest_route=%2Fwp%2Fv2%2Ftags&post=38058"}],"curies":[{"name":"wp","href":"https:\/\/api.w.org\/{rel}","templated":true}]}}