{"id":38020,"date":"2026-03-16T11:41:56","date_gmt":"2026-03-16T10:41:56","guid":{"rendered":"https:\/\/veritasinfo.org\/?p=38020"},"modified":"2026-03-16T11:41:56","modified_gmt":"2026-03-16T10:41:56","slug":"prokuroria-pretendon-se-aktgjykimi-i-themelores-ka-shkelje-ligjore-ne-gjykimin-ndaj-gavrillo-millosavleviqit","status":"publish","type":"post","link":"https:\/\/veritasinfo.org\/?p=38020","title":{"rendered":"Prokuroria pretendon se aktgjykimi i Themelores ka shkelje ligjore n\u00eb gjykimin ndaj Gavrillo Millosavleviqit"},"content":{"rendered":"<p><strong>Prokuroria pretendon se aktgjykimi i Themelores ka shkelje ligjore n\u00eb gjykimin ndaj Gavrillo Millosavleviqit<\/strong><br \/>\n<strong>Prishtin\u00eb, 16 mars 2026 11:41<\/strong><br \/>\nN\u00eb Gjykat\u00ebn e Apelit t\u00eb h\u00ebn\u00ebn u elaboruan ankesat e pal\u00ebve ndaj vendimit t\u00eb Gjykat\u00ebs Themelore n\u00eb Prishtin\u00eb, me t\u00eb cilin Gavrilo Milosavleviq u lirua nga akuza p\u00ebr masakr\u00ebn e Dubrav\u00ebs.<br \/>\nAnkes\u00eb ndaj vendimit t\u00eb Themelores ka parashtruar Prokuroria Speciale p\u00ebr shkak t\u00eb shkeljeve esenciale t\u00eb dispozitave ligjore dhe v\u00ebrtetimit t\u00eb gabuar e jo t\u00eb plot\u00eb t\u00eb gjendjes faktike, duke k\u00ebrkuar q\u00eb aktgjykimi i shkall\u00ebs s\u00eb par\u00eb t\u00eb ndryshohet dhe i akuzuarit t\u00eb shpallet fajtor dhe t\u00eb d\u00ebnohet sipas ligjit ose l\u00ebnda t\u00eb kthehet n\u00eb rigjykim, raporton \u201cBetimi p\u00ebr Drejt\u00ebsi\u201c.<br \/>\nNd\u00ebrsa, p\u00ebrgjigje n\u00eb ankes\u00eb ka parashtruar mbrojt\u00ebsi i t\u00eb akuzuarit Milosavleviq, avokati Dejan Vasiq, duke propozuar q\u00eb t\u00eb v\u00ebrtetohet aktgjykimi i shkall\u00ebs s\u00eb par\u00eb dhe t\u00eb refuzohet ankesa e Prokuroris\u00eb.<br \/>\nN\u00eb k\u00ebt\u00eb seanc\u00eb, i d\u00ebmtuari Nait Hasani k\u00ebrkoi d\u00ebnimin e t\u00eb akuzuarit. Tha se kund\u00ebrshton vendimin e Themelores dhe ndjen keqardhje p\u00ebr trupin gjykues q\u00eb mori aktgjykim lirues.<br \/>\nNd\u00ebrsa, i d\u00ebmtuari Visar Balloci tha se asnj\u00ebher\u00eb nuk e kan\u00eb ftuar n\u00eb seancat e shqyrtimit gjyq\u00ebsor n\u00eb shkall\u00eb t\u00eb par\u00eb, dhe sot \u00ebsht\u00eb hera e par\u00eb q\u00eb \u00ebsht\u00eb ftuar n\u00eb Apel.<\/p>\n","protected":false},"excerpt":{"rendered":"<p>Prokuroria pretendon se aktgjykimi i Themelores ka shkelje ligjore n\u00eb gjykimin ndaj Gavrillo Millosavleviqit Prishtin\u00eb, 16 mars 2026 11:41 N\u00eb Gjykat\u00ebn e Apelit t\u00eb h\u00ebn\u00ebn<\/p>\n","protected":false},"author":2,"featured_media":38021,"comment_status":"open","ping_status":"open","sticky":false,"template":"","format":"standard","meta":{"footnotes":""},"categories":[60],"tags":[],"class_list":["post-38020","post","type-post","status-publish","format-standard","has-post-thumbnail","hentry","category-shoqerore-sq"],"yoast_head":"<!-- This site is optimized with the Yoast SEO plugin v25.3.1 - https:\/\/yoast.com\/wordpress\/plugins\/seo\/ -->\n<title>Prokuroria pretendon se aktgjykimi i Themelores ka shkelje ligjore n\u00eb gjykimin ndaj Gavrillo Millosavleviqit -<\/title>\n<meta name=\"robots\" content=\"index, follow, max-snippet:-1, max-image-preview:large, max-video-preview:-1\" \/>\n<link rel=\"canonical\" href=\"https:\/\/veritasinfo.org\/?p=38020\" \/>\n<meta property=\"og:locale\" content=\"en_US\" \/>\n<meta property=\"og:type\" content=\"article\" \/>\n<meta property=\"og:title\" content=\"Prokuroria pretendon se aktgjykimi i Themelores ka shkelje ligjore n\u00eb gjykimin ndaj Gavrillo Millosavleviqit -\" \/>\n<meta property=\"og:description\" content=\"Prokuroria pretendon se aktgjykimi i Themelores ka shkelje ligjore n\u00eb gjykimin ndaj Gavrillo Millosavleviqit Prishtin\u00eb, 16 mars 2026 11:41 N\u00eb Gjykat\u00ebn e Apelit t\u00eb h\u00ebn\u00ebn\" \/>\n<meta property=\"og:url\" content=\"https:\/\/veritasinfo.org\/?p=38020\" \/>\n<meta property=\"article:published_time\" content=\"2026-03-16T10:41:56+00:00\" \/>\n<meta property=\"og:image\" content=\"https:\/\/veritasinfo.org\/wp-content\/uploads\/2026\/03\/Gjykimi.jpeg\" \/>\n\t<meta property=\"og:image:width\" content=\"259\" \/>\n\t<meta property=\"og:image:height\" content=\"194\" \/>\n\t<meta property=\"og:image:type\" content=\"image\/jpeg\" \/>\n<meta name=\"author\" content=\"US1\" \/>\n<meta name=\"twitter:card\" content=\"summary_large_image\" \/>\n<meta name=\"twitter:label1\" content=\"Written by\" \/>\n\t<meta name=\"twitter:data1\" content=\"US1\" \/>\n\t<meta name=\"twitter:label2\" content=\"Est. reading time\" \/>\n\t<meta name=\"twitter:data2\" content=\"1 minute\" \/>\n<script type=\"application\/ld+json\" class=\"yoast-schema-graph\">{\"@context\":\"https:\/\/schema.org\",\"@graph\":[{\"@type\":\"WebPage\",\"@id\":\"https:\/\/veritasinfo.org\/?p=38020\",\"url\":\"https:\/\/veritasinfo.org\/?p=38020\",\"name\":\"Prokuroria pretendon se aktgjykimi i Themelores ka shkelje ligjore n\u00eb gjykimin ndaj Gavrillo Millosavleviqit -\",\"isPartOf\":{\"@id\":\"https:\/\/veritasinfo.org\/#website\"},\"primaryImageOfPage\":{\"@id\":\"https:\/\/veritasinfo.org\/?p=38020#primaryimage\"},\"image\":{\"@id\":\"https:\/\/veritasinfo.org\/?p=38020#primaryimage\"},\"thumbnailUrl\":\"https:\/\/veritasinfo.org\/wp-content\/uploads\/2026\/03\/Gjykimi.jpeg\",\"datePublished\":\"2026-03-16T10:41:56+00:00\",\"author\":{\"@id\":\"https:\/\/veritasinfo.org\/#\/schema\/person\/c2b8be262ea994d0995addca692c5e98\"},\"breadcrumb\":{\"@id\":\"https:\/\/veritasinfo.org\/?p=38020#breadcrumb\"},\"inLanguage\":\"en-US\",\"potentialAction\":[{\"@type\":\"ReadAction\",\"target\":[\"https:\/\/veritasinfo.org\/?p=38020\"]}]},{\"@type\":\"ImageObject\",\"inLanguage\":\"en-US\",\"@id\":\"https:\/\/veritasinfo.org\/?p=38020#primaryimage\",\"url\":\"https:\/\/veritasinfo.org\/wp-content\/uploads\/2026\/03\/Gjykimi.jpeg\",\"contentUrl\":\"https:\/\/veritasinfo.org\/wp-content\/uploads\/2026\/03\/Gjykimi.jpeg\",\"width\":259,\"height\":194},{\"@type\":\"BreadcrumbList\",\"@id\":\"https:\/\/veritasinfo.org\/?p=38020#breadcrumb\",\"itemListElement\":[{\"@type\":\"ListItem\",\"position\":1,\"name\":\"Home\",\"item\":\"https:\/\/veritasinfo.org\/\"},{\"@type\":\"ListItem\",\"position\":2,\"name\":\"Prokuroria pretendon se aktgjykimi i Themelores ka shkelje ligjore n\u00eb gjykimin ndaj Gavrillo Millosavleviqit\"}]},{\"@type\":\"WebSite\",\"@id\":\"https:\/\/veritasinfo.org\/#website\",\"url\":\"https:\/\/veritasinfo.org\/\",\"name\":\"\",\"description\":\"\",\"potentialAction\":[{\"@type\":\"SearchAction\",\"target\":{\"@type\":\"EntryPoint\",\"urlTemplate\":\"https:\/\/veritasinfo.org\/?s={search_term_string}\"},\"query-input\":{\"@type\":\"PropertyValueSpecification\",\"valueRequired\":true,\"valueName\":\"search_term_string\"}}],\"inLanguage\":\"en-US\"},{\"@type\":\"Person\",\"@id\":\"https:\/\/veritasinfo.org\/#\/schema\/person\/c2b8be262ea994d0995addca692c5e98\",\"name\":\"US1\",\"image\":{\"@type\":\"ImageObject\",\"inLanguage\":\"en-US\",\"@id\":\"https:\/\/veritasinfo.org\/#\/schema\/person\/image\/\",\"url\":\"https:\/\/secure.gravatar.com\/avatar\/4e96a59bd256abf9956eb9963ac891a47461ffb364d47b0e9aab113328fdb75b?s=96&d=mm&r=g\",\"contentUrl\":\"https:\/\/secure.gravatar.com\/avatar\/4e96a59bd256abf9956eb9963ac891a47461ffb364d47b0e9aab113328fdb75b?s=96&d=mm&r=g\",\"caption\":\"US1\"},\"url\":\"https:\/\/veritasinfo.org\/?author=2\"}]}<\/script>\n<!-- \/ Yoast SEO plugin. -->","yoast_head_json":{"title":"Prokuroria pretendon se aktgjykimi i Themelores ka shkelje ligjore n\u00eb gjykimin ndaj Gavrillo Millosavleviqit -","robots":{"index":"index","follow":"follow","max-snippet":"max-snippet:-1","max-image-preview":"max-image-preview:large","max-video-preview":"max-video-preview:-1"},"canonical":"https:\/\/veritasinfo.org\/?p=38020","og_locale":"en_US","og_type":"article","og_title":"Prokuroria pretendon se aktgjykimi i Themelores ka shkelje ligjore n\u00eb gjykimin ndaj Gavrillo Millosavleviqit -","og_description":"Prokuroria pretendon se aktgjykimi i Themelores ka shkelje ligjore n\u00eb gjykimin ndaj Gavrillo Millosavleviqit Prishtin\u00eb, 16 mars 2026 11:41 N\u00eb Gjykat\u00ebn e Apelit t\u00eb h\u00ebn\u00ebn","og_url":"https:\/\/veritasinfo.org\/?p=38020","article_published_time":"2026-03-16T10:41:56+00:00","og_image":[{"width":259,"height":194,"url":"https:\/\/veritasinfo.org\/wp-content\/uploads\/2026\/03\/Gjykimi.jpeg","type":"image\/jpeg"}],"author":"US1","twitter_card":"summary_large_image","twitter_misc":{"Written by":"US1","Est. reading time":"1 minute"},"schema":{"@context":"https:\/\/schema.org","@graph":[{"@type":"WebPage","@id":"https:\/\/veritasinfo.org\/?p=38020","url":"https:\/\/veritasinfo.org\/?p=38020","name":"Prokuroria pretendon se aktgjykimi i Themelores ka shkelje ligjore n\u00eb gjykimin ndaj Gavrillo Millosavleviqit -","isPartOf":{"@id":"https:\/\/veritasinfo.org\/#website"},"primaryImageOfPage":{"@id":"https:\/\/veritasinfo.org\/?p=38020#primaryimage"},"image":{"@id":"https:\/\/veritasinfo.org\/?p=38020#primaryimage"},"thumbnailUrl":"https:\/\/veritasinfo.org\/wp-content\/uploads\/2026\/03\/Gjykimi.jpeg","datePublished":"2026-03-16T10:41:56+00:00","author":{"@id":"https:\/\/veritasinfo.org\/#\/schema\/person\/c2b8be262ea994d0995addca692c5e98"},"breadcrumb":{"@id":"https:\/\/veritasinfo.org\/?p=38020#breadcrumb"},"inLanguage":"en-US","potentialAction":[{"@type":"ReadAction","target":["https:\/\/veritasinfo.org\/?p=38020"]}]},{"@type":"ImageObject","inLanguage":"en-US","@id":"https:\/\/veritasinfo.org\/?p=38020#primaryimage","url":"https:\/\/veritasinfo.org\/wp-content\/uploads\/2026\/03\/Gjykimi.jpeg","contentUrl":"https:\/\/veritasinfo.org\/wp-content\/uploads\/2026\/03\/Gjykimi.jpeg","width":259,"height":194},{"@type":"BreadcrumbList","@id":"https:\/\/veritasinfo.org\/?p=38020#breadcrumb","itemListElement":[{"@type":"ListItem","position":1,"name":"Home","item":"https:\/\/veritasinfo.org\/"},{"@type":"ListItem","position":2,"name":"Prokuroria pretendon se aktgjykimi i Themelores ka shkelje ligjore n\u00eb gjykimin ndaj Gavrillo Millosavleviqit"}]},{"@type":"WebSite","@id":"https:\/\/veritasinfo.org\/#website","url":"https:\/\/veritasinfo.org\/","name":"","description":"","potentialAction":[{"@type":"SearchAction","target":{"@type":"EntryPoint","urlTemplate":"https:\/\/veritasinfo.org\/?s={search_term_string}"},"query-input":{"@type":"PropertyValueSpecification","valueRequired":true,"valueName":"search_term_string"}}],"inLanguage":"en-US"},{"@type":"Person","@id":"https:\/\/veritasinfo.org\/#\/schema\/person\/c2b8be262ea994d0995addca692c5e98","name":"US1","image":{"@type":"ImageObject","inLanguage":"en-US","@id":"https:\/\/veritasinfo.org\/#\/schema\/person\/image\/","url":"https:\/\/secure.gravatar.com\/avatar\/4e96a59bd256abf9956eb9963ac891a47461ffb364d47b0e9aab113328fdb75b?s=96&d=mm&r=g","contentUrl":"https:\/\/secure.gravatar.com\/avatar\/4e96a59bd256abf9956eb9963ac891a47461ffb364d47b0e9aab113328fdb75b?s=96&d=mm&r=g","caption":"US1"},"url":"https:\/\/veritasinfo.org\/?author=2"}]}},"featured_image_urls":{"full":["https:\/\/veritasinfo.org\/wp-content\/uploads\/2026\/03\/Gjykimi.jpeg",259,194,false],"thumbnail":["https:\/\/veritasinfo.org\/wp-content\/uploads\/2026\/03\/Gjykimi-150x150.jpeg",150,150,true],"medium":["https:\/\/veritasinfo.org\/wp-content\/uploads\/2026\/03\/Gjykimi.jpeg",259,194,false],"medium_large":["https:\/\/veritasinfo.org\/wp-content\/uploads\/2026\/03\/Gjykimi.jpeg",259,194,false],"large":["https:\/\/veritasinfo.org\/wp-content\/uploads\/2026\/03\/Gjykimi.jpeg",259,194,false],"1536x1536":["https:\/\/veritasinfo.org\/wp-content\/uploads\/2026\/03\/Gjykimi.jpeg",259,194,false],"2048x2048":["https:\/\/veritasinfo.org\/wp-content\/uploads\/2026\/03\/Gjykimi.jpeg",259,194,false],"kreeti-slider-full":["https:\/\/veritasinfo.org\/wp-content\/uploads\/2026\/03\/Gjykimi.jpeg",259,194,false],"kreeti-featured":["https:\/\/veritasinfo.org\/wp-content\/uploads\/2026\/03\/Gjykimi.jpeg",259,194,false],"kreeti-medium":["https:\/\/veritasinfo.org\/wp-content\/uploads\/2026\/03\/Gjykimi.jpeg",259,194,false],"kreeti-medium-square":["https:\/\/veritasinfo.org\/wp-content\/uploads\/2026\/03\/Gjykimi.jpeg",259,194,false]},"author_info":{"info":["US1"]},"category_info":"<a href=\"https:\/\/veritasinfo.org\/?cat=60\" rel=\"category\">Shoq\u00ebrore<\/a>","tag_info":"Shoq\u00ebrore","comment_count":"0","_links":{"self":[{"href":"https:\/\/veritasinfo.org\/index.php?rest_route=\/wp\/v2\/posts\/38020","targetHints":{"allow":["GET"]}}],"collection":[{"href":"https:\/\/veritasinfo.org\/index.php?rest_route=\/wp\/v2\/posts"}],"about":[{"href":"https:\/\/veritasinfo.org\/index.php?rest_route=\/wp\/v2\/types\/post"}],"author":[{"embeddable":true,"href":"https:\/\/veritasinfo.org\/index.php?rest_route=\/wp\/v2\/users\/2"}],"replies":[{"embeddable":true,"href":"https:\/\/veritasinfo.org\/index.php?rest_route=%2Fwp%2Fv2%2Fcomments&post=38020"}],"version-history":[{"count":1,"href":"https:\/\/veritasinfo.org\/index.php?rest_route=\/wp\/v2\/posts\/38020\/revisions"}],"predecessor-version":[{"id":38022,"href":"https:\/\/veritasinfo.org\/index.php?rest_route=\/wp\/v2\/posts\/38020\/revisions\/38022"}],"wp:featuredmedia":[{"embeddable":true,"href":"https:\/\/veritasinfo.org\/index.php?rest_route=\/wp\/v2\/media\/38021"}],"wp:attachment":[{"href":"https:\/\/veritasinfo.org\/index.php?rest_route=%2Fwp%2Fv2%2Fmedia&parent=38020"}],"wp:term":[{"taxonomy":"category","embeddable":true,"href":"https:\/\/veritasinfo.org\/index.php?rest_route=%2Fwp%2Fv2%2Fcategories&post=38020"},{"taxonomy":"post_tag","embeddable":true,"href":"https:\/\/veritasinfo.org\/index.php?rest_route=%2Fwp%2Fv2%2Ftags&post=38020"}],"curies":[{"name":"wp","href":"https:\/\/api.w.org\/{rel}","templated":true}]}}