{"id":37997,"date":"2026-03-16T11:13:15","date_gmt":"2026-03-16T10:13:15","guid":{"rendered":"https:\/\/veritasinfo.org\/?p=37997"},"modified":"2026-03-16T11:13:15","modified_gmt":"2026-03-16T10:13:15","slug":"prokuroria-mbyll-ceshtjen-e-saj-ne-rastin-thaci-dhe-tjeret-kunder-administrimit-te-drejtesise-deklaratat-hyrese-te-mbrojtjes-pritet-te-nisin-ne-prill","status":"publish","type":"post","link":"https:\/\/veritasinfo.org\/?p=37997","title":{"rendered":"Prokuroria mbyll \u00e7\u00ebshtjen e saj n\u00eb rastin Tha\u00e7i dhe tjer\u00ebt kund\u00ebr administrimit t\u00eb drejt\u00ebsis\u00eb, deklaratat hyr\u00ebse t\u00eb mbrojtjes pritet t\u00eb nisin n\u00eb prill"},"content":{"rendered":"<p>Prishtin\u00eb 16 Mars 2026 11:12<\/p>\n<p>Zyra e Prokurorit t\u00eb Specializuar (ZPS) ka mbyllur paraqitjen e provave t\u00eb saj n\u00eb \u00e7\u00ebshtjen gjyq\u00ebsore ndaj Hashim Tha\u00e7it, Bashkim Smakajt, Isni Kilajt, Fadil Fazliut dhe Hajredin Ku\u00e7it, n\u00eb rastin lidhur me administrimin e drejt\u00ebsis\u00eb.<\/p>\n<p>Ndryshe, gjyqtari i vet\u00ebm n\u00eb k\u00ebt\u00eb \u00e7\u00ebshtje gjyq\u00ebsore, Christoph Gosnell ka vendosur 23 marsin 2026 si dat\u00eb q\u00eb mbrojtja mund t\u00eb dor\u00ebzoj\u00eb mocionet p\u00ebr rr\u00ebzimin e akuzave. Nd\u00ebrsa, kund\u00ebrp\u00ebrgjigjet e saj, Prokuroria duhet t\u2019i dor\u00ebzoj\u00eb deri m\u00eb 25 mars 2026, raporton \u201cBetimi p\u00ebr Drejt\u00ebsi\u201c.<\/p>\n<p>Var\u00ebsisht prej vendimeve t\u00eb gjyqtarit n\u00eb mocionet e mbrojtjes p\u00ebr rr\u00ebzimin e akuzave, mbrojtja \u00ebsht\u00eb obliguar q\u00eb t\u00eb tregoj\u00eb n\u00eb rast se do paraqesin prova. Dhe n\u00ebse po, 7 prill \u00ebsht\u00eb caktuar si dat\u00eb p\u00ebr deklaratat hyr\u00ebse t\u00eb mbrojtjes, e q\u00eb m\u00eb pas do t\u00eb d\u00ebgjohen d\u00ebshmitar\u00ebt e tyre, proces ky i planifikuar t\u00eb zgjas\u00eb deri m\u00eb 24 prill 2026.<\/p>\n<p>N\u00eb seanc\u00ebn fillestare m\u00eb 27 shkurt 2026, Hashim Tha\u00e7i, Bashkim Smakaj, Fadil Fazliu, Isni Klilaj dhe Hajredin Ku\u00e7i, u deklaruan t\u00eb pafajsh\u00ebm p\u00ebr veprat penale q\u00eb iu vihen n\u00eb barr\u00eb.<\/p>\n<p>Po at\u00eb dit\u00eb (27 shkurt 2026), nisi d\u00ebshmin\u00eb edhe d\u00ebshmitari i par\u00eb n\u00eb k\u00ebt\u00eb \u00e7\u00ebshtje gjyq\u00ebsore, i cili ishte me masa mbrojt\u00ebse. D\u00ebshmia e tij p\u00ebrfundoi m\u00eb 2 mars 2026.<\/p>\n<p>M\u00eb 3 dhe 4 mars 2026 d\u00ebshmoi d\u00ebshmitari i dyt\u00eb Koen Herlaar- ekspert i kriminalistik\u00ebs n\u00eb Institutin e Kriminalistik\u00ebs s\u00eb Holand\u00ebs. Po m\u00eb 4 mars nisi d\u00ebshmin\u00eb d\u00ebshmitari i tret\u00eb, Chrisopher Kelly- hetues i forenzik\u00ebs digjitale. Ky d\u00ebshmitar e p\u00ebrfundoi d\u00ebshmin\u00eb m\u00eb 5 mars.<\/p>\n<p>Ndryshe, Hashim Tha\u00e7i ndodhet n\u00eb Qendr\u00ebn e Paraburgimit n\u00eb Hag\u00eb q\u00eb nga n\u00ebntori i vitit 2020. Ai \u00ebsht\u00eb duke u gjykuar p\u00ebr krime lufte, si dhe m\u00eb 2024 i \u00ebsht\u00eb ngritur aktakuza kund\u00ebr administrimit t\u00eb drejt\u00ebsis\u00eb.<\/p>\n<p>Lidhur me rastin kund\u00ebr administrimit t\u00eb drejt\u00ebsis\u00eb, Bashkim Smakaj, Fadil Fazliu dhe Isni Kilaj u arrestuan m\u00eb 5 dhjetor 2024 n\u00eb Kosov\u00eb dhe u transferuan n\u00eb objektin e paraburgimit n\u00eb DhSK, m\u00eb 6 dhjetor 2024 n\u00eb baz\u00eb t\u00eb aktakuz\u00ebs s\u00eb konfirmuar dhe fletarrestimeve t\u00eb l\u00ebshuara nga Haga.<\/p>\n<p>Nd\u00ebrsa, Tha\u00e7it i \u00ebsht\u00eb dor\u00ebzuar fletarrestimi n\u00eb objektin e paraburgimit n\u00eb Hag\u00eb m\u00eb 5 dhjetor 2024, gjithnj\u00eb sipas njoftimit t\u00eb DhSK-s\u00eb.<\/p>\n<p>Kurse, Hajredin Ku\u00e7it i \u00ebsht\u00eb dor\u00ebzuar aktakuza e konfirmuar dhe flet\u00ebthirrja p\u00ebr t\u2019u paraqitur para gjykat\u00ebses s\u00eb procedur\u00ebs paraprake p\u00ebr paraqitjen e par\u00eb, e cila u mbajt 9 dhjetor.<\/p>\n<p>Sipas aktakuz\u00ebs, Tha\u00e7i individualisht dhe p\u00ebrmes veprimeve t\u00eb p\u00ebrbashk\u00ebta me grupet; Grupi Fazliu (Fadil Fazliu dhe FahriFazliu), Grupin Smakaj (Bashkim Smakaj, Blerim Shala dhe Artan Behrami) si dhe Grupin Kilaj (Isni Kilaj dhe VllaznimKryeziu), kan\u00eb ndjekur nj\u00eb model t\u00eb sjelljes p\u00ebr t\u00eb penguar personat zyrtar\u00eb n\u00eb kryerjen e detyrave zyrtare.<\/p>\n<p>N\u00eb aktakuz\u00eb thuhet se Tha\u00e7i ka udh\u00ebhequr dhe marr\u00eb pjes\u00eb n\u00eb k\u00ebto p\u00ebrpjekje p\u00ebrmes vizitave t\u00eb tij n\u00eb objektet e paraburgimit gjat\u00eb koh\u00ebs sa ishte i paraburgosur n\u00eb kuad\u00ebr t\u00eb gjykimit t\u00eb tij p\u00ebr krime lufte dhe krime kund\u00ebr njer\u00ebzimit.<\/p>\n<p>Aty thuhet se an\u00ebtar\u00ebt e Grupit Fazliu, Grupit Smakaj dhe Grupit Kilaj u koordinuan p\u00ebr t\u00eb ndikuar n\u00eb d\u00ebshmitar\u00ebt e ZPS-s\u00eb gjat\u00eb vizitave jo t\u00eb priveligjuara t\u00eb datave 2 korrik, 9 shtator dhe 6 tetor 2023.<\/p>\n<p>Si rrjedhoj\u00eb, ndaj Tha\u00e7it r\u00ebndojn\u00eb tri akuza p\u00ebr pengim t\u00eb personit zyrtar n\u00eb kryerjen e detyrave zyrtare, tri p\u00ebr shkelje t\u00eb fsheht\u00ebsis\u00eb s\u00eb procedur\u00ebs dhe kat\u00ebr akuza p\u00ebr mosbindje ndaj gjykat\u00ebs.<\/p>\n<p>Nd\u00ebrsa, Kilaj, Smakaj dhe Fazliu akuzohen p\u00ebr tentativ\u00eb t\u00eb pengimit t\u00eb personave zyrtar\u00eb n\u00eb kryerjen e detyrave zyrtare dhe mosbindje ndaj gjykat\u00ebs. Kurse, Ku\u00e7i i ka dy akuza p\u00ebr mosbindje ndaj gjykat\u00ebs.<\/p>\n","protected":false},"excerpt":{"rendered":"<p>Prishtin\u00eb 16 Mars 2026 11:12 Zyra e Prokurorit t\u00eb Specializuar (ZPS) ka mbyllur paraqitjen e provave t\u00eb saj n\u00eb \u00e7\u00ebshtjen gjyq\u00ebsore ndaj Hashim Tha\u00e7it, Bashkim<\/p>\n","protected":false},"author":6,"featured_media":37999,"comment_status":"open","ping_status":"open","sticky":false,"template":"","format":"standard","meta":{"footnotes":""},"categories":[60],"tags":[],"class_list":["post-37997","post","type-post","status-publish","format-standard","has-post-thumbnail","hentry","category-shoqerore-sq"],"yoast_head":"<!-- This site is optimized with the Yoast SEO plugin v25.3.1 - https:\/\/yoast.com\/wordpress\/plugins\/seo\/ -->\n<title>Prokuroria mbyll \u00e7\u00ebshtjen e saj n\u00eb rastin Tha\u00e7i dhe tjer\u00ebt kund\u00ebr administrimit t\u00eb drejt\u00ebsis\u00eb, deklaratat hyr\u00ebse t\u00eb mbrojtjes pritet t\u00eb nisin n\u00eb prill -<\/title>\n<meta name=\"robots\" content=\"index, follow, max-snippet:-1, max-image-preview:large, max-video-preview:-1\" \/>\n<link rel=\"canonical\" href=\"https:\/\/veritasinfo.org\/?p=37997\" \/>\n<meta property=\"og:locale\" content=\"en_US\" \/>\n<meta property=\"og:type\" content=\"article\" \/>\n<meta property=\"og:title\" content=\"Prokuroria mbyll \u00e7\u00ebshtjen e saj n\u00eb rastin Tha\u00e7i dhe tjer\u00ebt kund\u00ebr administrimit t\u00eb drejt\u00ebsis\u00eb, deklaratat hyr\u00ebse t\u00eb mbrojtjes pritet t\u00eb nisin n\u00eb prill -\" \/>\n<meta property=\"og:description\" content=\"Prishtin\u00eb 16 Mars 2026 11:12 Zyra e Prokurorit t\u00eb Specializuar (ZPS) ka mbyllur paraqitjen e provave t\u00eb saj n\u00eb \u00e7\u00ebshtjen gjyq\u00ebsore ndaj Hashim Tha\u00e7it, Bashkim\" \/>\n<meta property=\"og:url\" content=\"https:\/\/veritasinfo.org\/?p=37997\" \/>\n<meta property=\"article:published_time\" content=\"2026-03-16T10:13:15+00:00\" \/>\n<meta property=\"og:image\" content=\"https:\/\/veritasinfo.org\/wp-content\/uploads\/2026\/03\/gjykata-speciale-UCK-Hashim-thaci-kadri-veseli-rexhep-selimi-jakup-krasniqi-768x431-1-1-600x360-1.jpg\" \/>\n\t<meta property=\"og:image:width\" content=\"600\" \/>\n\t<meta property=\"og:image:height\" content=\"360\" \/>\n\t<meta property=\"og:image:type\" content=\"image\/jpeg\" \/>\n<meta name=\"author\" content=\"US5\" \/>\n<meta name=\"twitter:card\" content=\"summary_large_image\" \/>\n<meta name=\"twitter:label1\" content=\"Written by\" \/>\n\t<meta name=\"twitter:data1\" content=\"US5\" \/>\n\t<meta name=\"twitter:label2\" content=\"Est. reading time\" \/>\n\t<meta name=\"twitter:data2\" content=\"1 minute\" \/>\n<script type=\"application\/ld+json\" class=\"yoast-schema-graph\">{\"@context\":\"https:\/\/schema.org\",\"@graph\":[{\"@type\":\"WebPage\",\"@id\":\"https:\/\/veritasinfo.org\/?p=37997\",\"url\":\"https:\/\/veritasinfo.org\/?p=37997\",\"name\":\"Prokuroria mbyll \u00e7\u00ebshtjen e saj n\u00eb rastin Tha\u00e7i dhe tjer\u00ebt kund\u00ebr administrimit t\u00eb drejt\u00ebsis\u00eb, deklaratat hyr\u00ebse t\u00eb mbrojtjes pritet t\u00eb nisin n\u00eb prill -\",\"isPartOf\":{\"@id\":\"https:\/\/veritasinfo.org\/#website\"},\"primaryImageOfPage\":{\"@id\":\"https:\/\/veritasinfo.org\/?p=37997#primaryimage\"},\"image\":{\"@id\":\"https:\/\/veritasinfo.org\/?p=37997#primaryimage\"},\"thumbnailUrl\":\"https:\/\/veritasinfo.org\/wp-content\/uploads\/2026\/03\/gjykata-speciale-UCK-Hashim-thaci-kadri-veseli-rexhep-selimi-jakup-krasniqi-768x431-1-1-600x360-1.jpg\",\"datePublished\":\"2026-03-16T10:13:15+00:00\",\"author\":{\"@id\":\"https:\/\/veritasinfo.org\/#\/schema\/person\/bc442336e35414d04494ab8fb45db4c6\"},\"breadcrumb\":{\"@id\":\"https:\/\/veritasinfo.org\/?p=37997#breadcrumb\"},\"inLanguage\":\"en-US\",\"potentialAction\":[{\"@type\":\"ReadAction\",\"target\":[\"https:\/\/veritasinfo.org\/?p=37997\"]}]},{\"@type\":\"ImageObject\",\"inLanguage\":\"en-US\",\"@id\":\"https:\/\/veritasinfo.org\/?p=37997#primaryimage\",\"url\":\"https:\/\/veritasinfo.org\/wp-content\/uploads\/2026\/03\/gjykata-speciale-UCK-Hashim-thaci-kadri-veseli-rexhep-selimi-jakup-krasniqi-768x431-1-1-600x360-1.jpg\",\"contentUrl\":\"https:\/\/veritasinfo.org\/wp-content\/uploads\/2026\/03\/gjykata-speciale-UCK-Hashim-thaci-kadri-veseli-rexhep-selimi-jakup-krasniqi-768x431-1-1-600x360-1.jpg\",\"width\":600,\"height\":360},{\"@type\":\"BreadcrumbList\",\"@id\":\"https:\/\/veritasinfo.org\/?p=37997#breadcrumb\",\"itemListElement\":[{\"@type\":\"ListItem\",\"position\":1,\"name\":\"Home\",\"item\":\"https:\/\/veritasinfo.org\/\"},{\"@type\":\"ListItem\",\"position\":2,\"name\":\"Prokuroria mbyll \u00e7\u00ebshtjen e saj n\u00eb rastin Tha\u00e7i dhe tjer\u00ebt kund\u00ebr administrimit t\u00eb drejt\u00ebsis\u00eb, deklaratat hyr\u00ebse t\u00eb mbrojtjes pritet t\u00eb nisin n\u00eb prill\"}]},{\"@type\":\"WebSite\",\"@id\":\"https:\/\/veritasinfo.org\/#website\",\"url\":\"https:\/\/veritasinfo.org\/\",\"name\":\"\",\"description\":\"\",\"potentialAction\":[{\"@type\":\"SearchAction\",\"target\":{\"@type\":\"EntryPoint\",\"urlTemplate\":\"https:\/\/veritasinfo.org\/?s={search_term_string}\"},\"query-input\":{\"@type\":\"PropertyValueSpecification\",\"valueRequired\":true,\"valueName\":\"search_term_string\"}}],\"inLanguage\":\"en-US\"},{\"@type\":\"Person\",\"@id\":\"https:\/\/veritasinfo.org\/#\/schema\/person\/bc442336e35414d04494ab8fb45db4c6\",\"name\":\"US5\",\"image\":{\"@type\":\"ImageObject\",\"inLanguage\":\"en-US\",\"@id\":\"https:\/\/veritasinfo.org\/#\/schema\/person\/image\/\",\"url\":\"https:\/\/secure.gravatar.com\/avatar\/16a61e7272a0c5d001121ebb9e60e925d5816e4ac1e443ed3e640d9a6ae55d0c?s=96&d=mm&r=g\",\"contentUrl\":\"https:\/\/secure.gravatar.com\/avatar\/16a61e7272a0c5d001121ebb9e60e925d5816e4ac1e443ed3e640d9a6ae55d0c?s=96&d=mm&r=g\",\"caption\":\"US5\"},\"url\":\"https:\/\/veritasinfo.org\/?author=6\"}]}<\/script>\n<!-- \/ Yoast SEO plugin. -->","yoast_head_json":{"title":"Prokuroria mbyll \u00e7\u00ebshtjen e saj n\u00eb rastin Tha\u00e7i dhe tjer\u00ebt kund\u00ebr administrimit t\u00eb drejt\u00ebsis\u00eb, deklaratat hyr\u00ebse t\u00eb mbrojtjes pritet t\u00eb nisin n\u00eb prill -","robots":{"index":"index","follow":"follow","max-snippet":"max-snippet:-1","max-image-preview":"max-image-preview:large","max-video-preview":"max-video-preview:-1"},"canonical":"https:\/\/veritasinfo.org\/?p=37997","og_locale":"en_US","og_type":"article","og_title":"Prokuroria mbyll \u00e7\u00ebshtjen e saj n\u00eb rastin Tha\u00e7i dhe tjer\u00ebt kund\u00ebr administrimit t\u00eb drejt\u00ebsis\u00eb, deklaratat hyr\u00ebse t\u00eb mbrojtjes pritet t\u00eb nisin n\u00eb prill -","og_description":"Prishtin\u00eb 16 Mars 2026 11:12 Zyra e Prokurorit t\u00eb Specializuar (ZPS) ka mbyllur paraqitjen e provave t\u00eb saj n\u00eb \u00e7\u00ebshtjen gjyq\u00ebsore ndaj Hashim Tha\u00e7it, Bashkim","og_url":"https:\/\/veritasinfo.org\/?p=37997","article_published_time":"2026-03-16T10:13:15+00:00","og_image":[{"width":600,"height":360,"url":"https:\/\/veritasinfo.org\/wp-content\/uploads\/2026\/03\/gjykata-speciale-UCK-Hashim-thaci-kadri-veseli-rexhep-selimi-jakup-krasniqi-768x431-1-1-600x360-1.jpg","type":"image\/jpeg"}],"author":"US5","twitter_card":"summary_large_image","twitter_misc":{"Written by":"US5","Est. reading time":"1 minute"},"schema":{"@context":"https:\/\/schema.org","@graph":[{"@type":"WebPage","@id":"https:\/\/veritasinfo.org\/?p=37997","url":"https:\/\/veritasinfo.org\/?p=37997","name":"Prokuroria mbyll \u00e7\u00ebshtjen e saj n\u00eb rastin Tha\u00e7i dhe tjer\u00ebt kund\u00ebr administrimit t\u00eb drejt\u00ebsis\u00eb, deklaratat hyr\u00ebse t\u00eb mbrojtjes pritet t\u00eb nisin n\u00eb prill -","isPartOf":{"@id":"https:\/\/veritasinfo.org\/#website"},"primaryImageOfPage":{"@id":"https:\/\/veritasinfo.org\/?p=37997#primaryimage"},"image":{"@id":"https:\/\/veritasinfo.org\/?p=37997#primaryimage"},"thumbnailUrl":"https:\/\/veritasinfo.org\/wp-content\/uploads\/2026\/03\/gjykata-speciale-UCK-Hashim-thaci-kadri-veseli-rexhep-selimi-jakup-krasniqi-768x431-1-1-600x360-1.jpg","datePublished":"2026-03-16T10:13:15+00:00","author":{"@id":"https:\/\/veritasinfo.org\/#\/schema\/person\/bc442336e35414d04494ab8fb45db4c6"},"breadcrumb":{"@id":"https:\/\/veritasinfo.org\/?p=37997#breadcrumb"},"inLanguage":"en-US","potentialAction":[{"@type":"ReadAction","target":["https:\/\/veritasinfo.org\/?p=37997"]}]},{"@type":"ImageObject","inLanguage":"en-US","@id":"https:\/\/veritasinfo.org\/?p=37997#primaryimage","url":"https:\/\/veritasinfo.org\/wp-content\/uploads\/2026\/03\/gjykata-speciale-UCK-Hashim-thaci-kadri-veseli-rexhep-selimi-jakup-krasniqi-768x431-1-1-600x360-1.jpg","contentUrl":"https:\/\/veritasinfo.org\/wp-content\/uploads\/2026\/03\/gjykata-speciale-UCK-Hashim-thaci-kadri-veseli-rexhep-selimi-jakup-krasniqi-768x431-1-1-600x360-1.jpg","width":600,"height":360},{"@type":"BreadcrumbList","@id":"https:\/\/veritasinfo.org\/?p=37997#breadcrumb","itemListElement":[{"@type":"ListItem","position":1,"name":"Home","item":"https:\/\/veritasinfo.org\/"},{"@type":"ListItem","position":2,"name":"Prokuroria mbyll \u00e7\u00ebshtjen e saj n\u00eb rastin Tha\u00e7i dhe tjer\u00ebt kund\u00ebr administrimit t\u00eb drejt\u00ebsis\u00eb, deklaratat hyr\u00ebse t\u00eb mbrojtjes pritet t\u00eb nisin n\u00eb prill"}]},{"@type":"WebSite","@id":"https:\/\/veritasinfo.org\/#website","url":"https:\/\/veritasinfo.org\/","name":"","description":"","potentialAction":[{"@type":"SearchAction","target":{"@type":"EntryPoint","urlTemplate":"https:\/\/veritasinfo.org\/?s={search_term_string}"},"query-input":{"@type":"PropertyValueSpecification","valueRequired":true,"valueName":"search_term_string"}}],"inLanguage":"en-US"},{"@type":"Person","@id":"https:\/\/veritasinfo.org\/#\/schema\/person\/bc442336e35414d04494ab8fb45db4c6","name":"US5","image":{"@type":"ImageObject","inLanguage":"en-US","@id":"https:\/\/veritasinfo.org\/#\/schema\/person\/image\/","url":"https:\/\/secure.gravatar.com\/avatar\/16a61e7272a0c5d001121ebb9e60e925d5816e4ac1e443ed3e640d9a6ae55d0c?s=96&d=mm&r=g","contentUrl":"https:\/\/secure.gravatar.com\/avatar\/16a61e7272a0c5d001121ebb9e60e925d5816e4ac1e443ed3e640d9a6ae55d0c?s=96&d=mm&r=g","caption":"US5"},"url":"https:\/\/veritasinfo.org\/?author=6"}]}},"featured_image_urls":{"full":["https:\/\/veritasinfo.org\/wp-content\/uploads\/2026\/03\/gjykata-speciale-UCK-Hashim-thaci-kadri-veseli-rexhep-selimi-jakup-krasniqi-768x431-1-1-600x360-1.jpg",600,360,false],"thumbnail":["https:\/\/veritasinfo.org\/wp-content\/uploads\/2026\/03\/gjykata-speciale-UCK-Hashim-thaci-kadri-veseli-rexhep-selimi-jakup-krasniqi-768x431-1-1-600x360-1-150x150.jpg",150,150,true],"medium":["https:\/\/veritasinfo.org\/wp-content\/uploads\/2026\/03\/gjykata-speciale-UCK-Hashim-thaci-kadri-veseli-rexhep-selimi-jakup-krasniqi-768x431-1-1-600x360-1-300x180.jpg",300,180,true],"medium_large":["https:\/\/veritasinfo.org\/wp-content\/uploads\/2026\/03\/gjykata-speciale-UCK-Hashim-thaci-kadri-veseli-rexhep-selimi-jakup-krasniqi-768x431-1-1-600x360-1.jpg",600,360,false],"large":["https:\/\/veritasinfo.org\/wp-content\/uploads\/2026\/03\/gjykata-speciale-UCK-Hashim-thaci-kadri-veseli-rexhep-selimi-jakup-krasniqi-768x431-1-1-600x360-1.jpg",600,360,false],"1536x1536":["https:\/\/veritasinfo.org\/wp-content\/uploads\/2026\/03\/gjykata-speciale-UCK-Hashim-thaci-kadri-veseli-rexhep-selimi-jakup-krasniqi-768x431-1-1-600x360-1.jpg",600,360,false],"2048x2048":["https:\/\/veritasinfo.org\/wp-content\/uploads\/2026\/03\/gjykata-speciale-UCK-Hashim-thaci-kadri-veseli-rexhep-selimi-jakup-krasniqi-768x431-1-1-600x360-1.jpg",600,360,false],"kreeti-slider-full":["https:\/\/veritasinfo.org\/wp-content\/uploads\/2026\/03\/gjykata-speciale-UCK-Hashim-thaci-kadri-veseli-rexhep-selimi-jakup-krasniqi-768x431-1-1-600x360-1.jpg",600,360,false],"kreeti-featured":["https:\/\/veritasinfo.org\/wp-content\/uploads\/2026\/03\/gjykata-speciale-UCK-Hashim-thaci-kadri-veseli-rexhep-selimi-jakup-krasniqi-768x431-1-1-600x360-1.jpg",600,360,false],"kreeti-medium":["https:\/\/veritasinfo.org\/wp-content\/uploads\/2026\/03\/gjykata-speciale-UCK-Hashim-thaci-kadri-veseli-rexhep-selimi-jakup-krasniqi-768x431-1-1-600x360-1.jpg",600,360,false],"kreeti-medium-square":["https:\/\/veritasinfo.org\/wp-content\/uploads\/2026\/03\/gjykata-speciale-UCK-Hashim-thaci-kadri-veseli-rexhep-selimi-jakup-krasniqi-768x431-1-1-600x360-1.jpg",350,210,false]},"author_info":{"info":["US5"]},"category_info":"<a href=\"https:\/\/veritasinfo.org\/?cat=60\" rel=\"category\">Shoq\u00ebrore<\/a>","tag_info":"Shoq\u00ebrore","comment_count":"0","_links":{"self":[{"href":"https:\/\/veritasinfo.org\/index.php?rest_route=\/wp\/v2\/posts\/37997","targetHints":{"allow":["GET"]}}],"collection":[{"href":"https:\/\/veritasinfo.org\/index.php?rest_route=\/wp\/v2\/posts"}],"about":[{"href":"https:\/\/veritasinfo.org\/index.php?rest_route=\/wp\/v2\/types\/post"}],"author":[{"embeddable":true,"href":"https:\/\/veritasinfo.org\/index.php?rest_route=\/wp\/v2\/users\/6"}],"replies":[{"embeddable":true,"href":"https:\/\/veritasinfo.org\/index.php?rest_route=%2Fwp%2Fv2%2Fcomments&post=37997"}],"version-history":[{"count":2,"href":"https:\/\/veritasinfo.org\/index.php?rest_route=\/wp\/v2\/posts\/37997\/revisions"}],"predecessor-version":[{"id":38000,"href":"https:\/\/veritasinfo.org\/index.php?rest_route=\/wp\/v2\/posts\/37997\/revisions\/38000"}],"wp:featuredmedia":[{"embeddable":true,"href":"https:\/\/veritasinfo.org\/index.php?rest_route=\/wp\/v2\/media\/37999"}],"wp:attachment":[{"href":"https:\/\/veritasinfo.org\/index.php?rest_route=%2Fwp%2Fv2%2Fmedia&parent=37997"}],"wp:term":[{"taxonomy":"category","embeddable":true,"href":"https:\/\/veritasinfo.org\/index.php?rest_route=%2Fwp%2Fv2%2Fcategories&post=37997"},{"taxonomy":"post_tag","embeddable":true,"href":"https:\/\/veritasinfo.org\/index.php?rest_route=%2Fwp%2Fv2%2Ftags&post=37997"}],"curies":[{"name":"wp","href":"https:\/\/api.w.org\/{rel}","templated":true}]}}