{"id":37960,"date":"2026-03-16T08:14:08","date_gmt":"2026-03-16T07:14:08","guid":{"rendered":"https:\/\/veritasinfo.org\/?p=37960"},"modified":"2026-03-16T08:14:08","modified_gmt":"2026-03-16T07:14:08","slug":"edhe-mjeket-e-profesoret-tani-obligohen-ta-deklarojne-pasurine","status":"publish","type":"post","link":"https:\/\/veritasinfo.org\/?p=37960","title":{"rendered":"Edhe mjek\u00ebt e profesor\u00ebt tani obligohen ta deklarojn\u00eb pasurin\u00eb"},"content":{"rendered":"<p>Prishtin\u00eb 16 Mars 2026 8:13<\/p>\n<p>Pasurin\u00eb q\u00eb e posedojn\u00eb duhet ta deklarojn\u00eb. K\u00ebshtu, mij\u00ebra zyrtar\u00eb t\u00eb funksioneve publike n\u00eb Kosov\u00eb jan\u00eb t\u00eb obliguar t\u00eb deklarojn\u00eb pasurin\u00eb e tyre p\u00ebr vitin 2025.<\/p>\n<p>Nga 1 marsi ka filluar deklarimi i pasuris\u00eb i zyrtar\u00ebve publik. Deri m\u00eb tani k\u00ebt\u00eb obligim ligjor n\u00eb Agjencin\u00eb p\u00ebr Parandalimin e Korrupsionit e kan\u00eb p\u00ebrfunduar mbi 1 mij\u00eb zyrtar\u00eb, apo rreth 10% e tyre.<\/p>\n<p>Nga Agjencia p\u00ebr Parandalimin e Korrupsionit kan\u00eb b\u00ebr\u00eb t\u00eb ditur kategorit\u00eb e zyrtar\u00ebve q\u00eb jan\u00eb t\u00eb obliguar ta deklarojn\u00eb pasurin\u00eb e tyre n\u00eb kuad\u00ebr t\u00eb k\u00ebtij procesi ligjor.<\/p>\n<p>\u201cZyrtar\u00ebt publik duke filluar nga niveli i lart\u00eb, presidenti i vendit, e deri te zyrtar\u00ebt q\u00eb kryejn\u00eb detyra si\u00e7 jan\u00eb certifikimi, licencimi, por edhe procedurat e tenderimi, k\u00ebtu duke p\u00ebrfshir\u00eb edhe zyrtar\u00ebt e ATK-s\u00eb, doganier\u00ebt dhe polic\u00ebt q\u00eb kryejn\u00eb detyra hetimi, jan\u00eb subjekte deklaruese. Pra, jo vet\u00ebm nga niveli i lart\u00eb si presidenti, qeveria, ministrat dhe zv\/ministrat, por edhe nj\u00eb gam\u00eb e gjer\u00eb e subjekteve deklaruese. Nga viti 2024, edhe mjek\u00ebt e sistemit sekondar dhe terciar, si dhe profesor\u00ebt e universiteteve publike, kan\u00eb obligim t\u00eb deklarojn\u00eb pasurin\u00eb\u201d, tha, Yll Buleshkaj, drejtor i APK-s\u00eb.<\/p>\n<p>Sipas Agjencis\u00eb, p\u00ebrmbushja e k\u00ebtij afati \u00ebsht\u00eb thelb\u00ebsore p\u00ebr rritjen e transparenc\u00ebs dhe llogaridh\u00ebnien n\u00eb institucionet publike, nd\u00ebrsa mosrespektimi i tij mund t\u00eb pasohet me masa nd\u00ebshkuese me gjob\u00eb mij\u00ebra euro dhe me burgim deri n\u00eb 5 vjet.<\/p>\n<p>\u201cP\u00ebr dallimet q\u00eb jan\u00eb substanciale, mbi 3 mij\u00eb euro, jemi t\u00eb obliguar t\u2019i d\u00ebrgojm\u00eb n\u00eb prokurori. Vitin e kaluar kemi pasur 75 raste q\u00eb, si rezultat i verifikimit, jan\u00eb d\u00ebrguar n\u00eb prokurori t\u00eb shtetit ku ata p\u00ebrballen me hetime penale dhe p\u00ebr shum\u00eb prej tyre ngrit\u00ebn edhe aktakuza p\u00ebr t\u00eb cilat gjyq\u00ebsori vendos\u00eb\u201d, tha Buleshkaj.<\/p>\n<p>Sipas agjencis\u00eb, gjat\u00eb vitit t\u00eb kaluar jan\u00eb shqiptuar gjithsej 135 gjoba p\u00ebr arsye t\u00eb vones\u00ebs n\u00eb deklarim.<\/p>\n<p>Afati p\u00ebr deklarimin e rregullt vjetor t\u00eb pasuris\u00eb p\u00ebr vitin kalendarik 2025 p\u00ebrfundon m\u00eb 31 mars.<\/p>\n","protected":false},"excerpt":{"rendered":"<p>Prishtin\u00eb 16 Mars 2026 8:13 Pasurin\u00eb q\u00eb e posedojn\u00eb duhet ta deklarojn\u00eb. K\u00ebshtu, mij\u00ebra zyrtar\u00eb t\u00eb funksioneve publike n\u00eb Kosov\u00eb jan\u00eb t\u00eb obliguar t\u00eb deklarojn\u00eb<\/p>\n","protected":false},"author":6,"featured_media":37964,"comment_status":"open","ping_status":"open","sticky":false,"template":"","format":"standard","meta":{"footnotes":""},"categories":[60],"tags":[],"class_list":["post-37960","post","type-post","status-publish","format-standard","has-post-thumbnail","hentry","category-shoqerore-sq"],"yoast_head":"<!-- This site is optimized with the Yoast SEO plugin v25.3.1 - https:\/\/yoast.com\/wordpress\/plugins\/seo\/ -->\n<title>Edhe mjek\u00ebt e profesor\u00ebt tani obligohen ta deklarojn\u00eb pasurin\u00eb -<\/title>\n<meta name=\"robots\" content=\"index, follow, max-snippet:-1, max-image-preview:large, max-video-preview:-1\" \/>\n<link rel=\"canonical\" href=\"https:\/\/veritasinfo.org\/?p=37960\" \/>\n<meta property=\"og:locale\" content=\"en_US\" \/>\n<meta property=\"og:type\" content=\"article\" \/>\n<meta property=\"og:title\" content=\"Edhe mjek\u00ebt e profesor\u00ebt tani obligohen ta deklarojn\u00eb pasurin\u00eb -\" \/>\n<meta property=\"og:description\" content=\"Prishtin\u00eb 16 Mars 2026 8:13 Pasurin\u00eb q\u00eb e posedojn\u00eb duhet ta deklarojn\u00eb. K\u00ebshtu, mij\u00ebra zyrtar\u00eb t\u00eb funksioneve publike n\u00eb Kosov\u00eb jan\u00eb t\u00eb obliguar t\u00eb deklarojn\u00eb\" \/>\n<meta property=\"og:url\" content=\"https:\/\/veritasinfo.org\/?p=37960\" \/>\n<meta property=\"article:published_time\" content=\"2026-03-16T07:14:08+00:00\" \/>\n<meta property=\"og:image\" content=\"https:\/\/veritasinfo.org\/wp-content\/uploads\/2026\/03\/mjeket-780x439-1.jpg\" \/>\n\t<meta property=\"og:image:width\" content=\"780\" \/>\n\t<meta property=\"og:image:height\" content=\"439\" \/>\n\t<meta property=\"og:image:type\" content=\"image\/jpeg\" \/>\n<meta name=\"author\" content=\"US5\" \/>\n<meta name=\"twitter:card\" content=\"summary_large_image\" \/>\n<meta name=\"twitter:label1\" content=\"Written by\" \/>\n\t<meta name=\"twitter:data1\" content=\"US5\" \/>\n<script type=\"application\/ld+json\" class=\"yoast-schema-graph\">{\"@context\":\"https:\/\/schema.org\",\"@graph\":[{\"@type\":\"WebPage\",\"@id\":\"https:\/\/veritasinfo.org\/?p=37960\",\"url\":\"https:\/\/veritasinfo.org\/?p=37960\",\"name\":\"Edhe mjek\u00ebt e profesor\u00ebt tani obligohen ta deklarojn\u00eb pasurin\u00eb -\",\"isPartOf\":{\"@id\":\"https:\/\/veritasinfo.org\/#website\"},\"primaryImageOfPage\":{\"@id\":\"https:\/\/veritasinfo.org\/?p=37960#primaryimage\"},\"image\":{\"@id\":\"https:\/\/veritasinfo.org\/?p=37960#primaryimage\"},\"thumbnailUrl\":\"https:\/\/veritasinfo.org\/wp-content\/uploads\/2026\/03\/mjeket-780x439-1.jpg\",\"datePublished\":\"2026-03-16T07:14:08+00:00\",\"author\":{\"@id\":\"https:\/\/veritasinfo.org\/#\/schema\/person\/bc442336e35414d04494ab8fb45db4c6\"},\"breadcrumb\":{\"@id\":\"https:\/\/veritasinfo.org\/?p=37960#breadcrumb\"},\"inLanguage\":\"en-US\",\"potentialAction\":[{\"@type\":\"ReadAction\",\"target\":[\"https:\/\/veritasinfo.org\/?p=37960\"]}]},{\"@type\":\"ImageObject\",\"inLanguage\":\"en-US\",\"@id\":\"https:\/\/veritasinfo.org\/?p=37960#primaryimage\",\"url\":\"https:\/\/veritasinfo.org\/wp-content\/uploads\/2026\/03\/mjeket-780x439-1.jpg\",\"contentUrl\":\"https:\/\/veritasinfo.org\/wp-content\/uploads\/2026\/03\/mjeket-780x439-1.jpg\",\"width\":780,\"height\":439},{\"@type\":\"BreadcrumbList\",\"@id\":\"https:\/\/veritasinfo.org\/?p=37960#breadcrumb\",\"itemListElement\":[{\"@type\":\"ListItem\",\"position\":1,\"name\":\"Home\",\"item\":\"https:\/\/veritasinfo.org\/\"},{\"@type\":\"ListItem\",\"position\":2,\"name\":\"Edhe mjek\u00ebt e profesor\u00ebt tani obligohen ta deklarojn\u00eb pasurin\u00eb\"}]},{\"@type\":\"WebSite\",\"@id\":\"https:\/\/veritasinfo.org\/#website\",\"url\":\"https:\/\/veritasinfo.org\/\",\"name\":\"\",\"description\":\"\",\"potentialAction\":[{\"@type\":\"SearchAction\",\"target\":{\"@type\":\"EntryPoint\",\"urlTemplate\":\"https:\/\/veritasinfo.org\/?s={search_term_string}\"},\"query-input\":{\"@type\":\"PropertyValueSpecification\",\"valueRequired\":true,\"valueName\":\"search_term_string\"}}],\"inLanguage\":\"en-US\"},{\"@type\":\"Person\",\"@id\":\"https:\/\/veritasinfo.org\/#\/schema\/person\/bc442336e35414d04494ab8fb45db4c6\",\"name\":\"US5\",\"image\":{\"@type\":\"ImageObject\",\"inLanguage\":\"en-US\",\"@id\":\"https:\/\/veritasinfo.org\/#\/schema\/person\/image\/\",\"url\":\"https:\/\/secure.gravatar.com\/avatar\/16a61e7272a0c5d001121ebb9e60e925d5816e4ac1e443ed3e640d9a6ae55d0c?s=96&d=mm&r=g\",\"contentUrl\":\"https:\/\/secure.gravatar.com\/avatar\/16a61e7272a0c5d001121ebb9e60e925d5816e4ac1e443ed3e640d9a6ae55d0c?s=96&d=mm&r=g\",\"caption\":\"US5\"},\"url\":\"https:\/\/veritasinfo.org\/?author=6\"}]}<\/script>\n<!-- \/ Yoast SEO plugin. -->","yoast_head_json":{"title":"Edhe mjek\u00ebt e profesor\u00ebt tani obligohen ta deklarojn\u00eb pasurin\u00eb -","robots":{"index":"index","follow":"follow","max-snippet":"max-snippet:-1","max-image-preview":"max-image-preview:large","max-video-preview":"max-video-preview:-1"},"canonical":"https:\/\/veritasinfo.org\/?p=37960","og_locale":"en_US","og_type":"article","og_title":"Edhe mjek\u00ebt e profesor\u00ebt tani obligohen ta deklarojn\u00eb pasurin\u00eb -","og_description":"Prishtin\u00eb 16 Mars 2026 8:13 Pasurin\u00eb q\u00eb e posedojn\u00eb duhet ta deklarojn\u00eb. K\u00ebshtu, mij\u00ebra zyrtar\u00eb t\u00eb funksioneve publike n\u00eb Kosov\u00eb jan\u00eb t\u00eb obliguar t\u00eb deklarojn\u00eb","og_url":"https:\/\/veritasinfo.org\/?p=37960","article_published_time":"2026-03-16T07:14:08+00:00","og_image":[{"width":780,"height":439,"url":"https:\/\/veritasinfo.org\/wp-content\/uploads\/2026\/03\/mjeket-780x439-1.jpg","type":"image\/jpeg"}],"author":"US5","twitter_card":"summary_large_image","twitter_misc":{"Written by":"US5"},"schema":{"@context":"https:\/\/schema.org","@graph":[{"@type":"WebPage","@id":"https:\/\/veritasinfo.org\/?p=37960","url":"https:\/\/veritasinfo.org\/?p=37960","name":"Edhe mjek\u00ebt e profesor\u00ebt tani obligohen ta deklarojn\u00eb pasurin\u00eb -","isPartOf":{"@id":"https:\/\/veritasinfo.org\/#website"},"primaryImageOfPage":{"@id":"https:\/\/veritasinfo.org\/?p=37960#primaryimage"},"image":{"@id":"https:\/\/veritasinfo.org\/?p=37960#primaryimage"},"thumbnailUrl":"https:\/\/veritasinfo.org\/wp-content\/uploads\/2026\/03\/mjeket-780x439-1.jpg","datePublished":"2026-03-16T07:14:08+00:00","author":{"@id":"https:\/\/veritasinfo.org\/#\/schema\/person\/bc442336e35414d04494ab8fb45db4c6"},"breadcrumb":{"@id":"https:\/\/veritasinfo.org\/?p=37960#breadcrumb"},"inLanguage":"en-US","potentialAction":[{"@type":"ReadAction","target":["https:\/\/veritasinfo.org\/?p=37960"]}]},{"@type":"ImageObject","inLanguage":"en-US","@id":"https:\/\/veritasinfo.org\/?p=37960#primaryimage","url":"https:\/\/veritasinfo.org\/wp-content\/uploads\/2026\/03\/mjeket-780x439-1.jpg","contentUrl":"https:\/\/veritasinfo.org\/wp-content\/uploads\/2026\/03\/mjeket-780x439-1.jpg","width":780,"height":439},{"@type":"BreadcrumbList","@id":"https:\/\/veritasinfo.org\/?p=37960#breadcrumb","itemListElement":[{"@type":"ListItem","position":1,"name":"Home","item":"https:\/\/veritasinfo.org\/"},{"@type":"ListItem","position":2,"name":"Edhe mjek\u00ebt e profesor\u00ebt tani obligohen ta deklarojn\u00eb pasurin\u00eb"}]},{"@type":"WebSite","@id":"https:\/\/veritasinfo.org\/#website","url":"https:\/\/veritasinfo.org\/","name":"","description":"","potentialAction":[{"@type":"SearchAction","target":{"@type":"EntryPoint","urlTemplate":"https:\/\/veritasinfo.org\/?s={search_term_string}"},"query-input":{"@type":"PropertyValueSpecification","valueRequired":true,"valueName":"search_term_string"}}],"inLanguage":"en-US"},{"@type":"Person","@id":"https:\/\/veritasinfo.org\/#\/schema\/person\/bc442336e35414d04494ab8fb45db4c6","name":"US5","image":{"@type":"ImageObject","inLanguage":"en-US","@id":"https:\/\/veritasinfo.org\/#\/schema\/person\/image\/","url":"https:\/\/secure.gravatar.com\/avatar\/16a61e7272a0c5d001121ebb9e60e925d5816e4ac1e443ed3e640d9a6ae55d0c?s=96&d=mm&r=g","contentUrl":"https:\/\/secure.gravatar.com\/avatar\/16a61e7272a0c5d001121ebb9e60e925d5816e4ac1e443ed3e640d9a6ae55d0c?s=96&d=mm&r=g","caption":"US5"},"url":"https:\/\/veritasinfo.org\/?author=6"}]}},"featured_image_urls":{"full":["https:\/\/veritasinfo.org\/wp-content\/uploads\/2026\/03\/mjeket-780x439-1.jpg",780,439,false],"thumbnail":["https:\/\/veritasinfo.org\/wp-content\/uploads\/2026\/03\/mjeket-780x439-1-150x150.jpg",150,150,true],"medium":["https:\/\/veritasinfo.org\/wp-content\/uploads\/2026\/03\/mjeket-780x439-1-300x169.jpg",300,169,true],"medium_large":["https:\/\/veritasinfo.org\/wp-content\/uploads\/2026\/03\/mjeket-780x439-1-768x432.jpg",640,360,true],"large":["https:\/\/veritasinfo.org\/wp-content\/uploads\/2026\/03\/mjeket-780x439-1.jpg",640,360,false],"1536x1536":["https:\/\/veritasinfo.org\/wp-content\/uploads\/2026\/03\/mjeket-780x439-1.jpg",780,439,false],"2048x2048":["https:\/\/veritasinfo.org\/wp-content\/uploads\/2026\/03\/mjeket-780x439-1.jpg",780,439,false],"kreeti-slider-full":["https:\/\/veritasinfo.org\/wp-content\/uploads\/2026\/03\/mjeket-780x439-1.jpg",780,439,false],"kreeti-featured":["https:\/\/veritasinfo.org\/wp-content\/uploads\/2026\/03\/mjeket-780x439-1.jpg",780,439,false],"kreeti-medium":["https:\/\/veritasinfo.org\/wp-content\/uploads\/2026\/03\/mjeket-780x439-1.jpg",720,405,false],"kreeti-medium-square":["https:\/\/veritasinfo.org\/wp-content\/uploads\/2026\/03\/mjeket-780x439-1.jpg",350,197,false]},"author_info":{"info":["US5"]},"category_info":"<a href=\"https:\/\/veritasinfo.org\/?cat=60\" rel=\"category\">Shoq\u00ebrore<\/a>","tag_info":"Shoq\u00ebrore","comment_count":"0","_links":{"self":[{"href":"https:\/\/veritasinfo.org\/index.php?rest_route=\/wp\/v2\/posts\/37960","targetHints":{"allow":["GET"]}}],"collection":[{"href":"https:\/\/veritasinfo.org\/index.php?rest_route=\/wp\/v2\/posts"}],"about":[{"href":"https:\/\/veritasinfo.org\/index.php?rest_route=\/wp\/v2\/types\/post"}],"author":[{"embeddable":true,"href":"https:\/\/veritasinfo.org\/index.php?rest_route=\/wp\/v2\/users\/6"}],"replies":[{"embeddable":true,"href":"https:\/\/veritasinfo.org\/index.php?rest_route=%2Fwp%2Fv2%2Fcomments&post=37960"}],"version-history":[{"count":1,"href":"https:\/\/veritasinfo.org\/index.php?rest_route=\/wp\/v2\/posts\/37960\/revisions"}],"predecessor-version":[{"id":37965,"href":"https:\/\/veritasinfo.org\/index.php?rest_route=\/wp\/v2\/posts\/37960\/revisions\/37965"}],"wp:featuredmedia":[{"embeddable":true,"href":"https:\/\/veritasinfo.org\/index.php?rest_route=\/wp\/v2\/media\/37964"}],"wp:attachment":[{"href":"https:\/\/veritasinfo.org\/index.php?rest_route=%2Fwp%2Fv2%2Fmedia&parent=37960"}],"wp:term":[{"taxonomy":"category","embeddable":true,"href":"https:\/\/veritasinfo.org\/index.php?rest_route=%2Fwp%2Fv2%2Fcategories&post=37960"},{"taxonomy":"post_tag","embeddable":true,"href":"https:\/\/veritasinfo.org\/index.php?rest_route=%2Fwp%2Fv2%2Ftags&post=37960"}],"curies":[{"name":"wp","href":"https:\/\/api.w.org\/{rel}","templated":true}]}}