{"id":37957,"date":"2026-03-16T08:12:25","date_gmt":"2026-03-16T07:12:25","guid":{"rendered":"https:\/\/veritasinfo.org\/?p=37957"},"modified":"2026-03-16T08:13:46","modified_gmt":"2026-03-16T07:13:46","slug":"kercenimet-e-vuciqit-bushati-shqiperia-te-mos-ia-lere-inercise-prioritetet","status":"publish","type":"post","link":"https:\/\/veritasinfo.org\/?p=37957","title":{"rendered":"K\u00ebrc\u00ebnimet e Vu\u00e7iqit, Bushati: Shqip\u00ebria t\u00eb mos ia l\u00ebr\u00eb inercis\u00eb prioritetet"},"content":{"rendered":"<p>Prishtin\u00eb. 16 mars 2026 08:10<\/p>\n<p>Ish-ministri i Jasht\u00ebm Ditmir Bushati ka reaguar pas deklaratave t\u00eb fundit t\u00eb president serb Aleksander Vu\u00e7i\u00e7 i cili konfirmoi blerjen e raketave hipersonike kineze p\u00ebr avion\u00ebt luftarak\u00eb n\u00eb kund\u00ebrp\u00ebrgjigje t\u00eb aleanc\u00ebs ushtarake Shqip\u00ebri-Kosov\u00eb-Kroaci.<\/p>\n<p>N\u00eb nj\u00eb postim n\u00eb rrjetet sociale, Bushati thekson se Vu\u00e7i\u00e7 \u00ebsht\u00eb rikthyer te \u201cloja e vjet\u00ebr me dy partitura\u201d, ku nj\u00eb mesazh u drejtohet vendeve europiane dhe nj\u00eb tjet\u00ebr p\u00ebrdoret p\u00ebr konsum t\u00eb brendsh\u00ebm politik. Sipas tij kjo qasje ka ndihmuar n\u00eb ruajtjen e status quo-s\u00eb n\u00eb Ballkanin Per\u00ebndimor.<\/p>\n<p>\u201cVet\u00ebm pak dit\u00eb pasi Presidenti i Serbis\u00eb dhe Kryeministri i Shqip\u00ebris\u00eb botuan nj\u00eb artikull t\u00eb p\u00ebrbashk\u00ebt n\u00eb gazet\u00ebn gjermane Frankfurter Allgemeine Zeitung rreth pranimit t\u00eb nj\u00eb an\u00ebtar\u00ebsimi \u201ct\u00eb nivelit t\u00eb dyt\u00eb\u201d n\u00eb BE, presidenti serb \u00ebsht\u00eb kthyer p\u00ebrs\u00ebri te loja e preferuar: paralajm\u00ebrimi p\u00ebr narrativat e rreme dhe kinse k\u00ebrc\u00ebnimet p\u00ebr luft\u00eb nga aleanca nd\u00ebrmjet Shqip\u00ebris\u00eb, Kosov\u00ebs dhe Kroacis\u00eb. P\u00ebr fat t\u00eb keq, loja e vjet\u00ebr me dy partitura, nj\u00ebra p\u00ebr vendet europiane dhe tjetra p\u00ebr konsum n\u00eb politik\u00ebn e brendshme, vet\u00ebm sa ka \u00e7imentuar status quo n\u00eb rajon. Ballkani Per\u00ebndimor ka nevoj\u00eb p\u00ebr sundim t\u00eb s\u00eb drejt\u00ebs, prosperitet, bashk\u00ebpunim, dhe jo retorik\u00eb t\u00eb bazuar n\u00eb frik\u00eb\u201d, shprehet Bushati.<\/p>\n<p>Ai i b\u00ebn apel politik\u00ebs shqiptare q\u00eb prioritetet n\u00eb rajon t\u00eb mos i lihen inercis\u00eb s\u00eb zhvillimeve politike.<\/p>\n<p>\u201cNd\u00ebrkoh\u00eb q\u00eb politika shqiptare harxhon energji me rezoluta p\u00ebr shpalljen e Iranit si shtet q\u00eb nxit terrorizmin, edhe pse Shqip\u00ebria ka ligj t\u00eb mir\u00ebfillt\u00eb q\u00eb parashikon instrumentet e nevojsh\u00ebm q\u00eb mund t\u00eb vihen n\u00eb zbatim n\u00eb t\u00eb tilla raste, \u00ebsht\u00eb e domosdoshme q\u00eb prioritetet tona n\u00eb rajon t\u00eb mos i lihen inercis\u00eb\u201d.<\/p>\n","protected":false},"excerpt":{"rendered":"<p>Prishtin\u00eb. 16 mars 2026 08:10 Ish-ministri i Jasht\u00ebm Ditmir Bushati ka reaguar pas deklaratave t\u00eb fundit t\u00eb president serb Aleksander Vu\u00e7i\u00e7 i cili konfirmoi blerjen<\/p>\n","protected":false},"author":7,"featured_media":37958,"comment_status":"open","ping_status":"open","sticky":false,"template":"","format":"standard","meta":{"footnotes":""},"categories":[109],"tags":[],"class_list":["post-37957","post","type-post","status-publish","format-standard","has-post-thumbnail","hentry","category-siguri"],"yoast_head":"<!-- This site is optimized with the Yoast SEO plugin v25.3.1 - https:\/\/yoast.com\/wordpress\/plugins\/seo\/ -->\n<title>K\u00ebrc\u00ebnimet e Vu\u00e7iqit, Bushati: Shqip\u00ebria t\u00eb mos ia l\u00ebr\u00eb inercis\u00eb prioritetet -<\/title>\n<meta name=\"robots\" content=\"index, follow, max-snippet:-1, max-image-preview:large, max-video-preview:-1\" \/>\n<link rel=\"canonical\" href=\"https:\/\/veritasinfo.org\/?p=37957\" \/>\n<meta property=\"og:locale\" content=\"en_US\" \/>\n<meta property=\"og:type\" content=\"article\" \/>\n<meta property=\"og:title\" content=\"K\u00ebrc\u00ebnimet e Vu\u00e7iqit, Bushati: Shqip\u00ebria t\u00eb mos ia l\u00ebr\u00eb inercis\u00eb prioritetet -\" \/>\n<meta property=\"og:description\" content=\"Prishtin\u00eb. 16 mars 2026 08:10 Ish-ministri i Jasht\u00ebm Ditmir Bushati ka reaguar pas deklaratave t\u00eb fundit t\u00eb president serb Aleksander Vu\u00e7i\u00e7 i cili konfirmoi blerjen\" \/>\n<meta property=\"og:url\" content=\"https:\/\/veritasinfo.org\/?p=37957\" \/>\n<meta property=\"article:published_time\" content=\"2026-03-16T07:12:25+00:00\" \/>\n<meta property=\"article:modified_time\" content=\"2026-03-16T07:13:46+00:00\" \/>\n<meta property=\"og:image\" content=\"https:\/\/veritasinfo.org\/wp-content\/uploads\/2026\/03\/images-17.jpeg\" \/>\n\t<meta property=\"og:image:width\" content=\"636\" \/>\n\t<meta property=\"og:image:height\" content=\"482\" \/>\n\t<meta property=\"og:image:type\" content=\"image\/jpeg\" \/>\n<meta name=\"author\" content=\"US6\" \/>\n<meta name=\"twitter:card\" content=\"summary_large_image\" \/>\n<meta name=\"twitter:label1\" content=\"Written by\" \/>\n\t<meta name=\"twitter:data1\" content=\"US6\" \/>\n\t<meta name=\"twitter:label2\" content=\"Est. reading time\" \/>\n\t<meta name=\"twitter:data2\" content=\"2 minutes\" \/>\n<script type=\"application\/ld+json\" class=\"yoast-schema-graph\">{\"@context\":\"https:\/\/schema.org\",\"@graph\":[{\"@type\":\"WebPage\",\"@id\":\"https:\/\/veritasinfo.org\/?p=37957\",\"url\":\"https:\/\/veritasinfo.org\/?p=37957\",\"name\":\"K\u00ebrc\u00ebnimet e Vu\u00e7iqit, Bushati: Shqip\u00ebria t\u00eb mos ia l\u00ebr\u00eb inercis\u00eb prioritetet -\",\"isPartOf\":{\"@id\":\"https:\/\/veritasinfo.org\/#website\"},\"primaryImageOfPage\":{\"@id\":\"https:\/\/veritasinfo.org\/?p=37957#primaryimage\"},\"image\":{\"@id\":\"https:\/\/veritasinfo.org\/?p=37957#primaryimage\"},\"thumbnailUrl\":\"https:\/\/veritasinfo.org\/wp-content\/uploads\/2026\/03\/images-17.jpeg\",\"datePublished\":\"2026-03-16T07:12:25+00:00\",\"dateModified\":\"2026-03-16T07:13:46+00:00\",\"author\":{\"@id\":\"https:\/\/veritasinfo.org\/#\/schema\/person\/fe199eede04c3937362892b7444747cc\"},\"breadcrumb\":{\"@id\":\"https:\/\/veritasinfo.org\/?p=37957#breadcrumb\"},\"inLanguage\":\"en-US\",\"potentialAction\":[{\"@type\":\"ReadAction\",\"target\":[\"https:\/\/veritasinfo.org\/?p=37957\"]}]},{\"@type\":\"ImageObject\",\"inLanguage\":\"en-US\",\"@id\":\"https:\/\/veritasinfo.org\/?p=37957#primaryimage\",\"url\":\"https:\/\/veritasinfo.org\/wp-content\/uploads\/2026\/03\/images-17.jpeg\",\"contentUrl\":\"https:\/\/veritasinfo.org\/wp-content\/uploads\/2026\/03\/images-17.jpeg\",\"width\":636,\"height\":482},{\"@type\":\"BreadcrumbList\",\"@id\":\"https:\/\/veritasinfo.org\/?p=37957#breadcrumb\",\"itemListElement\":[{\"@type\":\"ListItem\",\"position\":1,\"name\":\"Home\",\"item\":\"https:\/\/veritasinfo.org\/\"},{\"@type\":\"ListItem\",\"position\":2,\"name\":\"K\u00ebrc\u00ebnimet e Vu\u00e7iqit, Bushati: Shqip\u00ebria t\u00eb mos ia l\u00ebr\u00eb inercis\u00eb prioritetet\"}]},{\"@type\":\"WebSite\",\"@id\":\"https:\/\/veritasinfo.org\/#website\",\"url\":\"https:\/\/veritasinfo.org\/\",\"name\":\"\",\"description\":\"\",\"potentialAction\":[{\"@type\":\"SearchAction\",\"target\":{\"@type\":\"EntryPoint\",\"urlTemplate\":\"https:\/\/veritasinfo.org\/?s={search_term_string}\"},\"query-input\":{\"@type\":\"PropertyValueSpecification\",\"valueRequired\":true,\"valueName\":\"search_term_string\"}}],\"inLanguage\":\"en-US\"},{\"@type\":\"Person\",\"@id\":\"https:\/\/veritasinfo.org\/#\/schema\/person\/fe199eede04c3937362892b7444747cc\",\"name\":\"US6\",\"image\":{\"@type\":\"ImageObject\",\"inLanguage\":\"en-US\",\"@id\":\"https:\/\/veritasinfo.org\/#\/schema\/person\/image\/\",\"url\":\"https:\/\/secure.gravatar.com\/avatar\/cb16c3c31c9d23b9b8c705964598220b3014e42ff51eb540ff23cefa3ae8c15f?s=96&d=mm&r=g\",\"contentUrl\":\"https:\/\/secure.gravatar.com\/avatar\/cb16c3c31c9d23b9b8c705964598220b3014e42ff51eb540ff23cefa3ae8c15f?s=96&d=mm&r=g\",\"caption\":\"US6\"},\"url\":\"https:\/\/veritasinfo.org\/?author=7\"}]}<\/script>\n<!-- \/ Yoast SEO plugin. -->","yoast_head_json":{"title":"K\u00ebrc\u00ebnimet e Vu\u00e7iqit, Bushati: Shqip\u00ebria t\u00eb mos ia l\u00ebr\u00eb inercis\u00eb prioritetet -","robots":{"index":"index","follow":"follow","max-snippet":"max-snippet:-1","max-image-preview":"max-image-preview:large","max-video-preview":"max-video-preview:-1"},"canonical":"https:\/\/veritasinfo.org\/?p=37957","og_locale":"en_US","og_type":"article","og_title":"K\u00ebrc\u00ebnimet e Vu\u00e7iqit, Bushati: Shqip\u00ebria t\u00eb mos ia l\u00ebr\u00eb inercis\u00eb prioritetet -","og_description":"Prishtin\u00eb. 16 mars 2026 08:10 Ish-ministri i Jasht\u00ebm Ditmir Bushati ka reaguar pas deklaratave t\u00eb fundit t\u00eb president serb Aleksander Vu\u00e7i\u00e7 i cili konfirmoi blerjen","og_url":"https:\/\/veritasinfo.org\/?p=37957","article_published_time":"2026-03-16T07:12:25+00:00","article_modified_time":"2026-03-16T07:13:46+00:00","og_image":[{"width":636,"height":482,"url":"https:\/\/veritasinfo.org\/wp-content\/uploads\/2026\/03\/images-17.jpeg","type":"image\/jpeg"}],"author":"US6","twitter_card":"summary_large_image","twitter_misc":{"Written by":"US6","Est. reading time":"2 minutes"},"schema":{"@context":"https:\/\/schema.org","@graph":[{"@type":"WebPage","@id":"https:\/\/veritasinfo.org\/?p=37957","url":"https:\/\/veritasinfo.org\/?p=37957","name":"K\u00ebrc\u00ebnimet e Vu\u00e7iqit, Bushati: Shqip\u00ebria t\u00eb mos ia l\u00ebr\u00eb inercis\u00eb prioritetet -","isPartOf":{"@id":"https:\/\/veritasinfo.org\/#website"},"primaryImageOfPage":{"@id":"https:\/\/veritasinfo.org\/?p=37957#primaryimage"},"image":{"@id":"https:\/\/veritasinfo.org\/?p=37957#primaryimage"},"thumbnailUrl":"https:\/\/veritasinfo.org\/wp-content\/uploads\/2026\/03\/images-17.jpeg","datePublished":"2026-03-16T07:12:25+00:00","dateModified":"2026-03-16T07:13:46+00:00","author":{"@id":"https:\/\/veritasinfo.org\/#\/schema\/person\/fe199eede04c3937362892b7444747cc"},"breadcrumb":{"@id":"https:\/\/veritasinfo.org\/?p=37957#breadcrumb"},"inLanguage":"en-US","potentialAction":[{"@type":"ReadAction","target":["https:\/\/veritasinfo.org\/?p=37957"]}]},{"@type":"ImageObject","inLanguage":"en-US","@id":"https:\/\/veritasinfo.org\/?p=37957#primaryimage","url":"https:\/\/veritasinfo.org\/wp-content\/uploads\/2026\/03\/images-17.jpeg","contentUrl":"https:\/\/veritasinfo.org\/wp-content\/uploads\/2026\/03\/images-17.jpeg","width":636,"height":482},{"@type":"BreadcrumbList","@id":"https:\/\/veritasinfo.org\/?p=37957#breadcrumb","itemListElement":[{"@type":"ListItem","position":1,"name":"Home","item":"https:\/\/veritasinfo.org\/"},{"@type":"ListItem","position":2,"name":"K\u00ebrc\u00ebnimet e Vu\u00e7iqit, Bushati: Shqip\u00ebria t\u00eb mos ia l\u00ebr\u00eb inercis\u00eb prioritetet"}]},{"@type":"WebSite","@id":"https:\/\/veritasinfo.org\/#website","url":"https:\/\/veritasinfo.org\/","name":"","description":"","potentialAction":[{"@type":"SearchAction","target":{"@type":"EntryPoint","urlTemplate":"https:\/\/veritasinfo.org\/?s={search_term_string}"},"query-input":{"@type":"PropertyValueSpecification","valueRequired":true,"valueName":"search_term_string"}}],"inLanguage":"en-US"},{"@type":"Person","@id":"https:\/\/veritasinfo.org\/#\/schema\/person\/fe199eede04c3937362892b7444747cc","name":"US6","image":{"@type":"ImageObject","inLanguage":"en-US","@id":"https:\/\/veritasinfo.org\/#\/schema\/person\/image\/","url":"https:\/\/secure.gravatar.com\/avatar\/cb16c3c31c9d23b9b8c705964598220b3014e42ff51eb540ff23cefa3ae8c15f?s=96&d=mm&r=g","contentUrl":"https:\/\/secure.gravatar.com\/avatar\/cb16c3c31c9d23b9b8c705964598220b3014e42ff51eb540ff23cefa3ae8c15f?s=96&d=mm&r=g","caption":"US6"},"url":"https:\/\/veritasinfo.org\/?author=7"}]}},"featured_image_urls":{"full":["https:\/\/veritasinfo.org\/wp-content\/uploads\/2026\/03\/images-17.jpeg",636,482,false],"thumbnail":["https:\/\/veritasinfo.org\/wp-content\/uploads\/2026\/03\/images-17-150x150.jpeg",150,150,true],"medium":["https:\/\/veritasinfo.org\/wp-content\/uploads\/2026\/03\/images-17-300x227.jpeg",300,227,true],"medium_large":["https:\/\/veritasinfo.org\/wp-content\/uploads\/2026\/03\/images-17.jpeg",636,482,false],"large":["https:\/\/veritasinfo.org\/wp-content\/uploads\/2026\/03\/images-17.jpeg",636,482,false],"1536x1536":["https:\/\/veritasinfo.org\/wp-content\/uploads\/2026\/03\/images-17.jpeg",636,482,false],"2048x2048":["https:\/\/veritasinfo.org\/wp-content\/uploads\/2026\/03\/images-17.jpeg",636,482,false],"kreeti-slider-full":["https:\/\/veritasinfo.org\/wp-content\/uploads\/2026\/03\/images-17.jpeg",636,482,false],"kreeti-featured":["https:\/\/veritasinfo.org\/wp-content\/uploads\/2026\/03\/images-17.jpeg",636,482,false],"kreeti-medium":["https:\/\/veritasinfo.org\/wp-content\/uploads\/2026\/03\/images-17.jpeg",636,482,false],"kreeti-medium-square":["https:\/\/veritasinfo.org\/wp-content\/uploads\/2026\/03\/images-17.jpeg",350,265,false]},"author_info":{"info":["US6"]},"category_info":"<a href=\"https:\/\/veritasinfo.org\/?cat=109\" rel=\"category\">Siguri<\/a>","tag_info":"Siguri","comment_count":"0","_links":{"self":[{"href":"https:\/\/veritasinfo.org\/index.php?rest_route=\/wp\/v2\/posts\/37957","targetHints":{"allow":["GET"]}}],"collection":[{"href":"https:\/\/veritasinfo.org\/index.php?rest_route=\/wp\/v2\/posts"}],"about":[{"href":"https:\/\/veritasinfo.org\/index.php?rest_route=\/wp\/v2\/types\/post"}],"author":[{"embeddable":true,"href":"https:\/\/veritasinfo.org\/index.php?rest_route=\/wp\/v2\/users\/7"}],"replies":[{"embeddable":true,"href":"https:\/\/veritasinfo.org\/index.php?rest_route=%2Fwp%2Fv2%2Fcomments&post=37957"}],"version-history":[{"count":3,"href":"https:\/\/veritasinfo.org\/index.php?rest_route=\/wp\/v2\/posts\/37957\/revisions"}],"predecessor-version":[{"id":37962,"href":"https:\/\/veritasinfo.org\/index.php?rest_route=\/wp\/v2\/posts\/37957\/revisions\/37962"}],"wp:featuredmedia":[{"embeddable":true,"href":"https:\/\/veritasinfo.org\/index.php?rest_route=\/wp\/v2\/media\/37958"}],"wp:attachment":[{"href":"https:\/\/veritasinfo.org\/index.php?rest_route=%2Fwp%2Fv2%2Fmedia&parent=37957"}],"wp:term":[{"taxonomy":"category","embeddable":true,"href":"https:\/\/veritasinfo.org\/index.php?rest_route=%2Fwp%2Fv2%2Fcategories&post=37957"},{"taxonomy":"post_tag","embeddable":true,"href":"https:\/\/veritasinfo.org\/index.php?rest_route=%2Fwp%2Fv2%2Ftags&post=37957"}],"curies":[{"name":"wp","href":"https:\/\/api.w.org\/{rel}","templated":true}]}}