{"id":37932,"date":"2026-03-15T20:40:28","date_gmt":"2026-03-15T19:40:28","guid":{"rendered":"https:\/\/veritasinfo.org\/?p=37932"},"modified":"2026-03-15T20:40:28","modified_gmt":"2026-03-15T19:40:28","slug":"shala-javier-solana-e-ndali-opsionin-per-ndarjen-e-kosoves-pas-ngjarjeve-te-vitit-2004","status":"publish","type":"post","link":"https:\/\/veritasinfo.org\/?p=37932","title":{"rendered":"Shala: Javier Solana e ndali opsionin p\u00ebr ndarjen e Kosov\u00ebs pas ngjarjeve t\u00eb vitit 2004"},"content":{"rendered":"<p>Prishtin\u00eb, 15 mars 2026 20:37<\/p>\n<p>Gazetari Blerim Shala ka deklaruar se ish-shefi i diplomacis\u00eb evropiane, Javier Solana, ka luajtur rol vendimtar n\u00eb ndaljen e opsionit p\u00ebr ndarjen e Kosov\u00ebs pas zhvillimeve t\u00eb trazirave t\u00eb vitit 2004.<br \/>\nN\u00eb nj\u00eb bashk\u00ebbisedim n\u00eb podcastin PIK\u00cb me publicistin Veton Surroi, Shala ka th\u00ebn\u00eb se Solana kishte ardhur urgjentisht n\u00eb Prishtin\u00eb p\u00ebr t\u2019u takuar me lidershipin kosovar, n\u00eb nj\u00eb koh\u00eb kur ideja p\u00ebr ndarjen e Kosov\u00ebs kishte filluar t\u00eb merrte hov n\u00eb Serbi.<\/p>\n<p>Sipas tij, kjo ide ishte promovuar m\u00eb her\u00ebt nga ish-kryeministri serb Zoran Gjingjiq, i cili n\u00eb vitet 2002-2003 kishte d\u00ebrguar letra te lider\u00eb nd\u00ebrkomb\u00ebtar\u00eb si George W. Bush dhe Tony Blair, duke argumentuar se ndarja e Kosov\u00ebs ishte zgjidhja e vetme.<\/p>\n<p>Megjithat\u00eb, Shala theksoi se ky opsion nuk kishte pasur mb\u00ebshtetje nd\u00ebrkomb\u00ebtare n\u00eb at\u00eb koh\u00eb, por pas zhvillimeve t\u00eb marsit 2004 filloi t\u00eb p\u00ebrmendej m\u00eb seriozisht n\u00eb Beograd.<\/p>\n<p>Madje, sipas tij, edhe Kuvendi i Serbis\u00eb kishte miratuar nj\u00eb deklarat\u00eb politike q\u00eb parashihte alternativa si nj\u00eb model kuvendi dydhom\u00ebsh p\u00ebr Kosov\u00ebn ose ndarjen e saj.<\/p>\n","protected":false},"excerpt":{"rendered":"<p>Prishtin\u00eb, 15 mars 2026 20:37 Gazetari Blerim Shala ka deklaruar se ish-shefi i diplomacis\u00eb evropiane, Javier Solana, ka luajtur rol vendimtar n\u00eb ndaljen e opsionit<\/p>\n","protected":false},"author":7,"featured_media":37933,"comment_status":"open","ping_status":"open","sticky":false,"template":"","format":"standard","meta":{"footnotes":""},"categories":[58],"tags":[],"class_list":["post-37932","post","type-post","status-publish","format-standard","has-post-thumbnail","hentry","category-politike-sq"],"yoast_head":"<!-- This site is optimized with the Yoast SEO plugin v25.3.1 - https:\/\/yoast.com\/wordpress\/plugins\/seo\/ -->\n<title>Shala: Javier Solana e ndali opsionin p\u00ebr ndarjen e Kosov\u00ebs pas ngjarjeve t\u00eb vitit 2004 -<\/title>\n<meta name=\"robots\" content=\"index, follow, max-snippet:-1, max-image-preview:large, max-video-preview:-1\" \/>\n<link rel=\"canonical\" href=\"https:\/\/veritasinfo.org\/?p=37932\" \/>\n<meta property=\"og:locale\" content=\"en_US\" \/>\n<meta property=\"og:type\" content=\"article\" \/>\n<meta property=\"og:title\" content=\"Shala: Javier Solana e ndali opsionin p\u00ebr ndarjen e Kosov\u00ebs pas ngjarjeve t\u00eb vitit 2004 -\" \/>\n<meta property=\"og:description\" content=\"Prishtin\u00eb, 15 mars 2026 20:37 Gazetari Blerim Shala ka deklaruar se ish-shefi i diplomacis\u00eb evropiane, Javier Solana, ka luajtur rol vendimtar n\u00eb ndaljen e opsionit\" \/>\n<meta property=\"og:url\" content=\"https:\/\/veritasinfo.org\/?p=37932\" \/>\n<meta property=\"article:published_time\" content=\"2026-03-15T19:40:28+00:00\" \/>\n<meta property=\"og:image\" content=\"https:\/\/veritasinfo.org\/wp-content\/uploads\/2026\/03\/2-17.jpg\" \/>\n\t<meta property=\"og:image:width\" content=\"780\" \/>\n\t<meta property=\"og:image:height\" content=\"439\" \/>\n\t<meta property=\"og:image:type\" content=\"image\/jpeg\" \/>\n<meta name=\"author\" content=\"US6\" \/>\n<meta name=\"twitter:card\" content=\"summary_large_image\" \/>\n<meta name=\"twitter:label1\" content=\"Written by\" \/>\n\t<meta name=\"twitter:data1\" content=\"US6\" \/>\n\t<meta name=\"twitter:label2\" content=\"Est. reading time\" \/>\n\t<meta name=\"twitter:data2\" content=\"1 minute\" \/>\n<script type=\"application\/ld+json\" class=\"yoast-schema-graph\">{\"@context\":\"https:\/\/schema.org\",\"@graph\":[{\"@type\":\"WebPage\",\"@id\":\"https:\/\/veritasinfo.org\/?p=37932\",\"url\":\"https:\/\/veritasinfo.org\/?p=37932\",\"name\":\"Shala: Javier Solana e ndali opsionin p\u00ebr ndarjen e Kosov\u00ebs pas ngjarjeve t\u00eb vitit 2004 -\",\"isPartOf\":{\"@id\":\"https:\/\/veritasinfo.org\/#website\"},\"primaryImageOfPage\":{\"@id\":\"https:\/\/veritasinfo.org\/?p=37932#primaryimage\"},\"image\":{\"@id\":\"https:\/\/veritasinfo.org\/?p=37932#primaryimage\"},\"thumbnailUrl\":\"https:\/\/veritasinfo.org\/wp-content\/uploads\/2026\/03\/2-17.jpg\",\"datePublished\":\"2026-03-15T19:40:28+00:00\",\"author\":{\"@id\":\"https:\/\/veritasinfo.org\/#\/schema\/person\/fe199eede04c3937362892b7444747cc\"},\"breadcrumb\":{\"@id\":\"https:\/\/veritasinfo.org\/?p=37932#breadcrumb\"},\"inLanguage\":\"en-US\",\"potentialAction\":[{\"@type\":\"ReadAction\",\"target\":[\"https:\/\/veritasinfo.org\/?p=37932\"]}]},{\"@type\":\"ImageObject\",\"inLanguage\":\"en-US\",\"@id\":\"https:\/\/veritasinfo.org\/?p=37932#primaryimage\",\"url\":\"https:\/\/veritasinfo.org\/wp-content\/uploads\/2026\/03\/2-17.jpg\",\"contentUrl\":\"https:\/\/veritasinfo.org\/wp-content\/uploads\/2026\/03\/2-17.jpg\",\"width\":780,\"height\":439},{\"@type\":\"BreadcrumbList\",\"@id\":\"https:\/\/veritasinfo.org\/?p=37932#breadcrumb\",\"itemListElement\":[{\"@type\":\"ListItem\",\"position\":1,\"name\":\"Home\",\"item\":\"https:\/\/veritasinfo.org\/\"},{\"@type\":\"ListItem\",\"position\":2,\"name\":\"Shala: Javier Solana e ndali opsionin p\u00ebr ndarjen e Kosov\u00ebs pas ngjarjeve t\u00eb vitit 2004\"}]},{\"@type\":\"WebSite\",\"@id\":\"https:\/\/veritasinfo.org\/#website\",\"url\":\"https:\/\/veritasinfo.org\/\",\"name\":\"\",\"description\":\"\",\"potentialAction\":[{\"@type\":\"SearchAction\",\"target\":{\"@type\":\"EntryPoint\",\"urlTemplate\":\"https:\/\/veritasinfo.org\/?s={search_term_string}\"},\"query-input\":{\"@type\":\"PropertyValueSpecification\",\"valueRequired\":true,\"valueName\":\"search_term_string\"}}],\"inLanguage\":\"en-US\"},{\"@type\":\"Person\",\"@id\":\"https:\/\/veritasinfo.org\/#\/schema\/person\/fe199eede04c3937362892b7444747cc\",\"name\":\"US6\",\"image\":{\"@type\":\"ImageObject\",\"inLanguage\":\"en-US\",\"@id\":\"https:\/\/veritasinfo.org\/#\/schema\/person\/image\/\",\"url\":\"https:\/\/secure.gravatar.com\/avatar\/cb16c3c31c9d23b9b8c705964598220b3014e42ff51eb540ff23cefa3ae8c15f?s=96&d=mm&r=g\",\"contentUrl\":\"https:\/\/secure.gravatar.com\/avatar\/cb16c3c31c9d23b9b8c705964598220b3014e42ff51eb540ff23cefa3ae8c15f?s=96&d=mm&r=g\",\"caption\":\"US6\"},\"url\":\"https:\/\/veritasinfo.org\/?author=7\"}]}<\/script>\n<!-- \/ Yoast SEO plugin. -->","yoast_head_json":{"title":"Shala: Javier Solana e ndali opsionin p\u00ebr ndarjen e Kosov\u00ebs pas ngjarjeve t\u00eb vitit 2004 -","robots":{"index":"index","follow":"follow","max-snippet":"max-snippet:-1","max-image-preview":"max-image-preview:large","max-video-preview":"max-video-preview:-1"},"canonical":"https:\/\/veritasinfo.org\/?p=37932","og_locale":"en_US","og_type":"article","og_title":"Shala: Javier Solana e ndali opsionin p\u00ebr ndarjen e Kosov\u00ebs pas ngjarjeve t\u00eb vitit 2004 -","og_description":"Prishtin\u00eb, 15 mars 2026 20:37 Gazetari Blerim Shala ka deklaruar se ish-shefi i diplomacis\u00eb evropiane, Javier Solana, ka luajtur rol vendimtar n\u00eb ndaljen e opsionit","og_url":"https:\/\/veritasinfo.org\/?p=37932","article_published_time":"2026-03-15T19:40:28+00:00","og_image":[{"width":780,"height":439,"url":"https:\/\/veritasinfo.org\/wp-content\/uploads\/2026\/03\/2-17.jpg","type":"image\/jpeg"}],"author":"US6","twitter_card":"summary_large_image","twitter_misc":{"Written by":"US6","Est. reading time":"1 minute"},"schema":{"@context":"https:\/\/schema.org","@graph":[{"@type":"WebPage","@id":"https:\/\/veritasinfo.org\/?p=37932","url":"https:\/\/veritasinfo.org\/?p=37932","name":"Shala: Javier Solana e ndali opsionin p\u00ebr ndarjen e Kosov\u00ebs pas ngjarjeve t\u00eb vitit 2004 -","isPartOf":{"@id":"https:\/\/veritasinfo.org\/#website"},"primaryImageOfPage":{"@id":"https:\/\/veritasinfo.org\/?p=37932#primaryimage"},"image":{"@id":"https:\/\/veritasinfo.org\/?p=37932#primaryimage"},"thumbnailUrl":"https:\/\/veritasinfo.org\/wp-content\/uploads\/2026\/03\/2-17.jpg","datePublished":"2026-03-15T19:40:28+00:00","author":{"@id":"https:\/\/veritasinfo.org\/#\/schema\/person\/fe199eede04c3937362892b7444747cc"},"breadcrumb":{"@id":"https:\/\/veritasinfo.org\/?p=37932#breadcrumb"},"inLanguage":"en-US","potentialAction":[{"@type":"ReadAction","target":["https:\/\/veritasinfo.org\/?p=37932"]}]},{"@type":"ImageObject","inLanguage":"en-US","@id":"https:\/\/veritasinfo.org\/?p=37932#primaryimage","url":"https:\/\/veritasinfo.org\/wp-content\/uploads\/2026\/03\/2-17.jpg","contentUrl":"https:\/\/veritasinfo.org\/wp-content\/uploads\/2026\/03\/2-17.jpg","width":780,"height":439},{"@type":"BreadcrumbList","@id":"https:\/\/veritasinfo.org\/?p=37932#breadcrumb","itemListElement":[{"@type":"ListItem","position":1,"name":"Home","item":"https:\/\/veritasinfo.org\/"},{"@type":"ListItem","position":2,"name":"Shala: Javier Solana e ndali opsionin p\u00ebr ndarjen e Kosov\u00ebs pas ngjarjeve t\u00eb vitit 2004"}]},{"@type":"WebSite","@id":"https:\/\/veritasinfo.org\/#website","url":"https:\/\/veritasinfo.org\/","name":"","description":"","potentialAction":[{"@type":"SearchAction","target":{"@type":"EntryPoint","urlTemplate":"https:\/\/veritasinfo.org\/?s={search_term_string}"},"query-input":{"@type":"PropertyValueSpecification","valueRequired":true,"valueName":"search_term_string"}}],"inLanguage":"en-US"},{"@type":"Person","@id":"https:\/\/veritasinfo.org\/#\/schema\/person\/fe199eede04c3937362892b7444747cc","name":"US6","image":{"@type":"ImageObject","inLanguage":"en-US","@id":"https:\/\/veritasinfo.org\/#\/schema\/person\/image\/","url":"https:\/\/secure.gravatar.com\/avatar\/cb16c3c31c9d23b9b8c705964598220b3014e42ff51eb540ff23cefa3ae8c15f?s=96&d=mm&r=g","contentUrl":"https:\/\/secure.gravatar.com\/avatar\/cb16c3c31c9d23b9b8c705964598220b3014e42ff51eb540ff23cefa3ae8c15f?s=96&d=mm&r=g","caption":"US6"},"url":"https:\/\/veritasinfo.org\/?author=7"}]}},"featured_image_urls":{"full":["https:\/\/veritasinfo.org\/wp-content\/uploads\/2026\/03\/2-17.jpg",780,439,false],"thumbnail":["https:\/\/veritasinfo.org\/wp-content\/uploads\/2026\/03\/2-17-150x150.jpg",150,150,true],"medium":["https:\/\/veritasinfo.org\/wp-content\/uploads\/2026\/03\/2-17-300x169.jpg",300,169,true],"medium_large":["https:\/\/veritasinfo.org\/wp-content\/uploads\/2026\/03\/2-17-768x432.jpg",640,360,true],"large":["https:\/\/veritasinfo.org\/wp-content\/uploads\/2026\/03\/2-17.jpg",640,360,false],"1536x1536":["https:\/\/veritasinfo.org\/wp-content\/uploads\/2026\/03\/2-17.jpg",780,439,false],"2048x2048":["https:\/\/veritasinfo.org\/wp-content\/uploads\/2026\/03\/2-17.jpg",780,439,false],"kreeti-slider-full":["https:\/\/veritasinfo.org\/wp-content\/uploads\/2026\/03\/2-17.jpg",780,439,false],"kreeti-featured":["https:\/\/veritasinfo.org\/wp-content\/uploads\/2026\/03\/2-17.jpg",780,439,false],"kreeti-medium":["https:\/\/veritasinfo.org\/wp-content\/uploads\/2026\/03\/2-17.jpg",720,405,false],"kreeti-medium-square":["https:\/\/veritasinfo.org\/wp-content\/uploads\/2026\/03\/2-17.jpg",350,197,false]},"author_info":{"info":["US6"]},"category_info":"<a href=\"https:\/\/veritasinfo.org\/?cat=58\" rel=\"category\">Politik\u00eb<\/a>","tag_info":"Politik\u00eb","comment_count":"0","_links":{"self":[{"href":"https:\/\/veritasinfo.org\/index.php?rest_route=\/wp\/v2\/posts\/37932","targetHints":{"allow":["GET"]}}],"collection":[{"href":"https:\/\/veritasinfo.org\/index.php?rest_route=\/wp\/v2\/posts"}],"about":[{"href":"https:\/\/veritasinfo.org\/index.php?rest_route=\/wp\/v2\/types\/post"}],"author":[{"embeddable":true,"href":"https:\/\/veritasinfo.org\/index.php?rest_route=\/wp\/v2\/users\/7"}],"replies":[{"embeddable":true,"href":"https:\/\/veritasinfo.org\/index.php?rest_route=%2Fwp%2Fv2%2Fcomments&post=37932"}],"version-history":[{"count":1,"href":"https:\/\/veritasinfo.org\/index.php?rest_route=\/wp\/v2\/posts\/37932\/revisions"}],"predecessor-version":[{"id":37934,"href":"https:\/\/veritasinfo.org\/index.php?rest_route=\/wp\/v2\/posts\/37932\/revisions\/37934"}],"wp:featuredmedia":[{"embeddable":true,"href":"https:\/\/veritasinfo.org\/index.php?rest_route=\/wp\/v2\/media\/37933"}],"wp:attachment":[{"href":"https:\/\/veritasinfo.org\/index.php?rest_route=%2Fwp%2Fv2%2Fmedia&parent=37932"}],"wp:term":[{"taxonomy":"category","embeddable":true,"href":"https:\/\/veritasinfo.org\/index.php?rest_route=%2Fwp%2Fv2%2Fcategories&post=37932"},{"taxonomy":"post_tag","embeddable":true,"href":"https:\/\/veritasinfo.org\/index.php?rest_route=%2Fwp%2Fv2%2Ftags&post=37932"}],"curies":[{"name":"wp","href":"https:\/\/api.w.org\/{rel}","templated":true}]}}