{"id":3787,"date":"2025-07-14T18:13:45","date_gmt":"2025-07-14T16:13:45","guid":{"rendered":"https:\/\/veritasinfo.org\/?p=3787"},"modified":"2025-07-14T18:13:45","modified_gmt":"2025-07-14T16:13:45","slug":"nuredin-lushtaku-lirohet-nga-akuza-ne-rastin-veteranet-agim-ceku-dhe-9-te-tjere-denohen-me-nga-nje-vit-burgim","status":"publish","type":"post","link":"https:\/\/veritasinfo.org\/?p=3787","title":{"rendered":"Nuredin Lushtaku lirohet nga akuza n\u00eb rastin \u201cVeteran\u00ebt\u201d, Agim \u00c7eku dhe 9 t\u00eb tjer\u00eb d\u00ebnohen me nga nj\u00eb vit burgim"},"content":{"rendered":"<p style=\"padding-left: 40px;text-align: left\">Prishtin\u00eb, 14 Korrik 2025<\/p>\n<p>Gjykata Themelore n\u00eb Prishtin\u00eb ka shpallur fajtor\u00eb ish-kryeministrin Agim \u00c7eku dhe n\u00ebnt\u00eb t\u00eb akuzuar t\u00eb tjer\u00eb n\u00eb rastin e njohur si \u201cVeteran\u00ebt\u201d, duke i d\u00ebnuar me nga nj\u00eb vit burgim p\u00ebr vepr\u00ebn penale t\u00eb keqp\u00ebrdorimit t\u00eb pozit\u00ebs zyrtare.<\/p>\n<p>Nga ana tjet\u00ebr, Nuredin Lushtaku dhe Smajl Elezaj jan\u00eb shpallur t\u00eb pafajsh\u00ebm, pasi, sipas gjykat\u00ebs, nuk e kishin cil\u00ebsin\u00eb e personit zyrtar.<\/p>\n<p>Aktgjykimi u shpall nga kryetari i trupit gjykues, Gazmend Bahtiri, nd\u00ebrsa an\u00ebtar\u00eb t\u00eb trupit ishin gjyqtar\u00ebt Kushtrim Shyti dhe Ngadhnjim Arrni. Gjykata konstatoi se \u00ebsht\u00eb provuar p\u00ebrtej dyshimit t\u00eb bazuar se t\u00eb akuzuarit kan\u00eb kryer vepr\u00ebn penale sipas nenit 422 t\u00eb Kodit Penal.<\/p>\n<p>N\u00eb vitin 2021, t\u00eb gjith\u00eb t\u00eb akuzuarit ishin shpallur t\u00eb pafajsh\u00ebm, por Gjykata e Apelit kishte kthyer \u00e7\u00ebshtjen n\u00eb rigjykim n\u00eb vitin 2022.<\/p>\n<p>Sipas Prokuroris\u00eb Speciale t\u00eb Republik\u00ebs s\u00eb Kosov\u00ebs, t\u00eb akuzuarit, si an\u00ebtar\u00eb t\u00eb Komisionit Qeveritar p\u00ebr Njohjen dhe Verifikimin e statusit t\u00eb pjes\u00ebtar\u00ebve t\u00eb U\u00c7K-s\u00eb, i kan\u00eb mund\u00ebsuar n\u00eb m\u00ebnyr\u00eb t\u00eb kund\u00ebrligjshme statusin e veteranit dhjet\u00ebra mij\u00ebra personave, duke shkaktuar d\u00ebme mbi 88 milion\u00eb euro n\u00eb buxhetin e shtetit.<\/p>\n<p>T\u00eb akuzuar n\u00eb k\u00ebt\u00eb rast ishin: Agim \u00c7eku, Rrustem Berisha, Shkumbin Demaliaj, Sadik Halitjaha, Qel\u00eb Gashi, Shukri Buja, Ahmet Daku, Faik Fazliu, Fadil Shurdhaj, Xhavit Jashari, Nuredin Lushtaku dhe Smajl Elezaj.<\/p>\n<p>Sipas aktakuz\u00ebs, nga viti 2011 deri m\u00eb 2017, ata kishin tejkaluar kompetencat me q\u00ebllim t\u00eb p\u00ebrfitimit t\u00eb padrejt\u00eb p\u00ebr persona t\u00eb tjer\u00eb, duke u njohur n\u00eb m\u00ebnyr\u00eb t\u00eb kund\u00ebrligjshme statusi i veteranit. Prokuroria kishte propozuar edhe pezullimin e pagesave p\u00ebr 19.500 p\u00ebrfitues potencialisht t\u00eb rrem\u00eb, k\u00ebrkes\u00eb q\u00eb ishte refuzuar nga gjykata.<\/p>\n<p>&nbsp;<\/p>\n<p>&nbsp;<\/p>\n<p>&nbsp;<\/p>\n","protected":false},"excerpt":{"rendered":"<p>Prishtin\u00eb, 14 Korrik 2025 Gjykata Themelore n\u00eb Prishtin\u00eb ka shpallur fajtor\u00eb ish-kryeministrin Agim \u00c7eku dhe n\u00ebnt\u00eb t\u00eb akuzuar t\u00eb tjer\u00eb n\u00eb rastin e njohur si<\/p>\n","protected":false},"author":1,"featured_media":3785,"comment_status":"open","ping_status":"open","sticky":false,"template":"","format":"standard","meta":{"footnotes":""},"categories":[60],"tags":[],"class_list":["post-3787","post","type-post","status-publish","format-standard","has-post-thumbnail","hentry","category-shoqerore-sq"],"yoast_head":"<!-- This site is optimized with the Yoast SEO plugin v25.3.1 - https:\/\/yoast.com\/wordpress\/plugins\/seo\/ -->\n<title>Nuredin Lushtaku lirohet nga akuza n\u00eb rastin \u201cVeteran\u00ebt\u201d, Agim \u00c7eku dhe 9 t\u00eb tjer\u00eb d\u00ebnohen me nga nj\u00eb vit burgim -<\/title>\n<meta name=\"robots\" content=\"index, follow, max-snippet:-1, max-image-preview:large, max-video-preview:-1\" \/>\n<link rel=\"canonical\" href=\"https:\/\/veritasinfo.org\/?p=3787\" \/>\n<meta property=\"og:locale\" content=\"en_US\" \/>\n<meta property=\"og:type\" content=\"article\" \/>\n<meta property=\"og:title\" content=\"Nuredin Lushtaku lirohet nga akuza n\u00eb rastin \u201cVeteran\u00ebt\u201d, Agim \u00c7eku dhe 9 t\u00eb tjer\u00eb d\u00ebnohen me nga nj\u00eb vit burgim -\" \/>\n<meta property=\"og:description\" content=\"Prishtin\u00eb, 14 Korrik 2025 Gjykata Themelore n\u00eb Prishtin\u00eb ka shpallur fajtor\u00eb ish-kryeministrin Agim \u00c7eku dhe n\u00ebnt\u00eb t\u00eb akuzuar t\u00eb tjer\u00eb n\u00eb rastin e njohur si\" \/>\n<meta property=\"og:url\" content=\"https:\/\/veritasinfo.org\/?p=3787\" \/>\n<meta property=\"article:published_time\" content=\"2025-07-14T16:13:45+00:00\" \/>\n<meta property=\"og:image\" content=\"https:\/\/veritasinfo.org\/wp-content\/uploads\/2025\/07\/IMG_5071.jpeg\" \/>\n\t<meta property=\"og:image:width\" content=\"586\" \/>\n\t<meta property=\"og:image:height\" content=\"328\" \/>\n\t<meta property=\"og:image:type\" content=\"image\/jpeg\" \/>\n<meta name=\"author\" content=\"admin\" \/>\n<meta name=\"twitter:card\" content=\"summary_large_image\" \/>\n<meta name=\"twitter:label1\" content=\"Written by\" \/>\n\t<meta name=\"twitter:data1\" content=\"admin\" \/>\n\t<meta name=\"twitter:label2\" content=\"Est. reading time\" \/>\n\t<meta name=\"twitter:data2\" content=\"2 minutes\" \/>\n<script type=\"application\/ld+json\" class=\"yoast-schema-graph\">{\"@context\":\"https:\/\/schema.org\",\"@graph\":[{\"@type\":\"WebPage\",\"@id\":\"https:\/\/veritasinfo.org\/?p=3787\",\"url\":\"https:\/\/veritasinfo.org\/?p=3787\",\"name\":\"Nuredin Lushtaku lirohet nga akuza n\u00eb rastin \u201cVeteran\u00ebt\u201d, Agim \u00c7eku dhe 9 t\u00eb tjer\u00eb d\u00ebnohen me nga nj\u00eb vit burgim -\",\"isPartOf\":{\"@id\":\"https:\/\/veritasinfo.org\/#website\"},\"primaryImageOfPage\":{\"@id\":\"https:\/\/veritasinfo.org\/?p=3787#primaryimage\"},\"image\":{\"@id\":\"https:\/\/veritasinfo.org\/?p=3787#primaryimage\"},\"thumbnailUrl\":\"https:\/\/veritasinfo.org\/wp-content\/uploads\/2025\/07\/IMG_5071.jpeg\",\"datePublished\":\"2025-07-14T16:13:45+00:00\",\"author\":{\"@id\":\"https:\/\/veritasinfo.org\/#\/schema\/person\/7701f8c088bece422266b100a712374f\"},\"breadcrumb\":{\"@id\":\"https:\/\/veritasinfo.org\/?p=3787#breadcrumb\"},\"inLanguage\":\"en-US\",\"potentialAction\":[{\"@type\":\"ReadAction\",\"target\":[\"https:\/\/veritasinfo.org\/?p=3787\"]}]},{\"@type\":\"ImageObject\",\"inLanguage\":\"en-US\",\"@id\":\"https:\/\/veritasinfo.org\/?p=3787#primaryimage\",\"url\":\"https:\/\/veritasinfo.org\/wp-content\/uploads\/2025\/07\/IMG_5071.jpeg\",\"contentUrl\":\"https:\/\/veritasinfo.org\/wp-content\/uploads\/2025\/07\/IMG_5071.jpeg\",\"width\":586,\"height\":328},{\"@type\":\"BreadcrumbList\",\"@id\":\"https:\/\/veritasinfo.org\/?p=3787#breadcrumb\",\"itemListElement\":[{\"@type\":\"ListItem\",\"position\":1,\"name\":\"Home\",\"item\":\"https:\/\/veritasinfo.org\/\"},{\"@type\":\"ListItem\",\"position\":2,\"name\":\"Nuredin Lushtaku lirohet nga akuza n\u00eb rastin \u201cVeteran\u00ebt\u201d, Agim \u00c7eku dhe 9 t\u00eb tjer\u00eb d\u00ebnohen me nga nj\u00eb vit burgim\"}]},{\"@type\":\"WebSite\",\"@id\":\"https:\/\/veritasinfo.org\/#website\",\"url\":\"https:\/\/veritasinfo.org\/\",\"name\":\"\",\"description\":\"\",\"potentialAction\":[{\"@type\":\"SearchAction\",\"target\":{\"@type\":\"EntryPoint\",\"urlTemplate\":\"https:\/\/veritasinfo.org\/?s={search_term_string}\"},\"query-input\":{\"@type\":\"PropertyValueSpecification\",\"valueRequired\":true,\"valueName\":\"search_term_string\"}}],\"inLanguage\":\"en-US\"},{\"@type\":\"Person\",\"@id\":\"https:\/\/veritasinfo.org\/#\/schema\/person\/7701f8c088bece422266b100a712374f\",\"name\":\"admin\",\"image\":{\"@type\":\"ImageObject\",\"inLanguage\":\"en-US\",\"@id\":\"https:\/\/veritasinfo.org\/#\/schema\/person\/image\/\",\"url\":\"https:\/\/secure.gravatar.com\/avatar\/ea53aa3bf6c9a12d5fde8ce4deff43fef3885ae33cf60184161a50d6987cfd2f?s=96&d=mm&r=g\",\"contentUrl\":\"https:\/\/secure.gravatar.com\/avatar\/ea53aa3bf6c9a12d5fde8ce4deff43fef3885ae33cf60184161a50d6987cfd2f?s=96&d=mm&r=g\",\"caption\":\"admin\"},\"sameAs\":[\"https:\/\/veritasinfo.org\"],\"url\":\"https:\/\/veritasinfo.org\/?author=1\"}]}<\/script>\n<!-- \/ Yoast SEO plugin. -->","yoast_head_json":{"title":"Nuredin Lushtaku lirohet nga akuza n\u00eb rastin \u201cVeteran\u00ebt\u201d, Agim \u00c7eku dhe 9 t\u00eb tjer\u00eb d\u00ebnohen me nga nj\u00eb vit burgim -","robots":{"index":"index","follow":"follow","max-snippet":"max-snippet:-1","max-image-preview":"max-image-preview:large","max-video-preview":"max-video-preview:-1"},"canonical":"https:\/\/veritasinfo.org\/?p=3787","og_locale":"en_US","og_type":"article","og_title":"Nuredin Lushtaku lirohet nga akuza n\u00eb rastin \u201cVeteran\u00ebt\u201d, Agim \u00c7eku dhe 9 t\u00eb tjer\u00eb d\u00ebnohen me nga nj\u00eb vit burgim -","og_description":"Prishtin\u00eb, 14 Korrik 2025 Gjykata Themelore n\u00eb Prishtin\u00eb ka shpallur fajtor\u00eb ish-kryeministrin Agim \u00c7eku dhe n\u00ebnt\u00eb t\u00eb akuzuar t\u00eb tjer\u00eb n\u00eb rastin e njohur si","og_url":"https:\/\/veritasinfo.org\/?p=3787","article_published_time":"2025-07-14T16:13:45+00:00","og_image":[{"width":586,"height":328,"url":"https:\/\/veritasinfo.org\/wp-content\/uploads\/2025\/07\/IMG_5071.jpeg","type":"image\/jpeg"}],"author":"admin","twitter_card":"summary_large_image","twitter_misc":{"Written by":"admin","Est. reading time":"2 minutes"},"schema":{"@context":"https:\/\/schema.org","@graph":[{"@type":"WebPage","@id":"https:\/\/veritasinfo.org\/?p=3787","url":"https:\/\/veritasinfo.org\/?p=3787","name":"Nuredin Lushtaku lirohet nga akuza n\u00eb rastin \u201cVeteran\u00ebt\u201d, Agim \u00c7eku dhe 9 t\u00eb tjer\u00eb d\u00ebnohen me nga nj\u00eb vit burgim -","isPartOf":{"@id":"https:\/\/veritasinfo.org\/#website"},"primaryImageOfPage":{"@id":"https:\/\/veritasinfo.org\/?p=3787#primaryimage"},"image":{"@id":"https:\/\/veritasinfo.org\/?p=3787#primaryimage"},"thumbnailUrl":"https:\/\/veritasinfo.org\/wp-content\/uploads\/2025\/07\/IMG_5071.jpeg","datePublished":"2025-07-14T16:13:45+00:00","author":{"@id":"https:\/\/veritasinfo.org\/#\/schema\/person\/7701f8c088bece422266b100a712374f"},"breadcrumb":{"@id":"https:\/\/veritasinfo.org\/?p=3787#breadcrumb"},"inLanguage":"en-US","potentialAction":[{"@type":"ReadAction","target":["https:\/\/veritasinfo.org\/?p=3787"]}]},{"@type":"ImageObject","inLanguage":"en-US","@id":"https:\/\/veritasinfo.org\/?p=3787#primaryimage","url":"https:\/\/veritasinfo.org\/wp-content\/uploads\/2025\/07\/IMG_5071.jpeg","contentUrl":"https:\/\/veritasinfo.org\/wp-content\/uploads\/2025\/07\/IMG_5071.jpeg","width":586,"height":328},{"@type":"BreadcrumbList","@id":"https:\/\/veritasinfo.org\/?p=3787#breadcrumb","itemListElement":[{"@type":"ListItem","position":1,"name":"Home","item":"https:\/\/veritasinfo.org\/"},{"@type":"ListItem","position":2,"name":"Nuredin Lushtaku lirohet nga akuza n\u00eb rastin \u201cVeteran\u00ebt\u201d, Agim \u00c7eku dhe 9 t\u00eb tjer\u00eb d\u00ebnohen me nga nj\u00eb vit burgim"}]},{"@type":"WebSite","@id":"https:\/\/veritasinfo.org\/#website","url":"https:\/\/veritasinfo.org\/","name":"","description":"","potentialAction":[{"@type":"SearchAction","target":{"@type":"EntryPoint","urlTemplate":"https:\/\/veritasinfo.org\/?s={search_term_string}"},"query-input":{"@type":"PropertyValueSpecification","valueRequired":true,"valueName":"search_term_string"}}],"inLanguage":"en-US"},{"@type":"Person","@id":"https:\/\/veritasinfo.org\/#\/schema\/person\/7701f8c088bece422266b100a712374f","name":"admin","image":{"@type":"ImageObject","inLanguage":"en-US","@id":"https:\/\/veritasinfo.org\/#\/schema\/person\/image\/","url":"https:\/\/secure.gravatar.com\/avatar\/ea53aa3bf6c9a12d5fde8ce4deff43fef3885ae33cf60184161a50d6987cfd2f?s=96&d=mm&r=g","contentUrl":"https:\/\/secure.gravatar.com\/avatar\/ea53aa3bf6c9a12d5fde8ce4deff43fef3885ae33cf60184161a50d6987cfd2f?s=96&d=mm&r=g","caption":"admin"},"sameAs":["https:\/\/veritasinfo.org"],"url":"https:\/\/veritasinfo.org\/?author=1"}]}},"featured_image_urls":{"full":["https:\/\/veritasinfo.org\/wp-content\/uploads\/2025\/07\/IMG_5071.jpeg",586,328,false],"thumbnail":["https:\/\/veritasinfo.org\/wp-content\/uploads\/2025\/07\/IMG_5071-150x150.jpeg",150,150,true],"medium":["https:\/\/veritasinfo.org\/wp-content\/uploads\/2025\/07\/IMG_5071-300x168.jpeg",300,168,true],"medium_large":["https:\/\/veritasinfo.org\/wp-content\/uploads\/2025\/07\/IMG_5071.jpeg",586,328,false],"large":["https:\/\/veritasinfo.org\/wp-content\/uploads\/2025\/07\/IMG_5071.jpeg",586,328,false],"1536x1536":["https:\/\/veritasinfo.org\/wp-content\/uploads\/2025\/07\/IMG_5071.jpeg",586,328,false],"2048x2048":["https:\/\/veritasinfo.org\/wp-content\/uploads\/2025\/07\/IMG_5071.jpeg",586,328,false],"kreeti-slider-full":["https:\/\/veritasinfo.org\/wp-content\/uploads\/2025\/07\/IMG_5071.jpeg",586,328,false],"kreeti-featured":["https:\/\/veritasinfo.org\/wp-content\/uploads\/2025\/07\/IMG_5071.jpeg",586,328,false],"kreeti-medium":["https:\/\/veritasinfo.org\/wp-content\/uploads\/2025\/07\/IMG_5071.jpeg",586,328,false],"kreeti-medium-square":["https:\/\/veritasinfo.org\/wp-content\/uploads\/2025\/07\/IMG_5071.jpeg",350,196,false]},"author_info":{"info":["admin"]},"category_info":"<a href=\"https:\/\/veritasinfo.org\/?cat=60\" rel=\"category\">Shoq\u00ebrore<\/a>","tag_info":"Shoq\u00ebrore","comment_count":"0","_links":{"self":[{"href":"https:\/\/veritasinfo.org\/index.php?rest_route=\/wp\/v2\/posts\/3787","targetHints":{"allow":["GET"]}}],"collection":[{"href":"https:\/\/veritasinfo.org\/index.php?rest_route=\/wp\/v2\/posts"}],"about":[{"href":"https:\/\/veritasinfo.org\/index.php?rest_route=\/wp\/v2\/types\/post"}],"author":[{"embeddable":true,"href":"https:\/\/veritasinfo.org\/index.php?rest_route=\/wp\/v2\/users\/1"}],"replies":[{"embeddable":true,"href":"https:\/\/veritasinfo.org\/index.php?rest_route=%2Fwp%2Fv2%2Fcomments&post=3787"}],"version-history":[{"count":1,"href":"https:\/\/veritasinfo.org\/index.php?rest_route=\/wp\/v2\/posts\/3787\/revisions"}],"predecessor-version":[{"id":3788,"href":"https:\/\/veritasinfo.org\/index.php?rest_route=\/wp\/v2\/posts\/3787\/revisions\/3788"}],"wp:featuredmedia":[{"embeddable":true,"href":"https:\/\/veritasinfo.org\/index.php?rest_route=\/wp\/v2\/media\/3785"}],"wp:attachment":[{"href":"https:\/\/veritasinfo.org\/index.php?rest_route=%2Fwp%2Fv2%2Fmedia&parent=3787"}],"wp:term":[{"taxonomy":"category","embeddable":true,"href":"https:\/\/veritasinfo.org\/index.php?rest_route=%2Fwp%2Fv2%2Fcategories&post=3787"},{"taxonomy":"post_tag","embeddable":true,"href":"https:\/\/veritasinfo.org\/index.php?rest_route=%2Fwp%2Fv2%2Ftags&post=3787"}],"curies":[{"name":"wp","href":"https:\/\/api.w.org\/{rel}","templated":true}]}}