{"id":3784,"date":"2025-07-14T18:11:28","date_gmt":"2025-07-14T16:11:28","guid":{"rendered":"https:\/\/veritasinfo.org\/?p=3784"},"modified":"2025-07-14T18:11:28","modified_gmt":"2025-07-14T16:11:28","slug":"nuredin-lustaku-oslobodjen-optuzbi-u-slucaju-veterani-agim-ceku-i-jos-devet-optuzenih-osudjeni-na-po-godinu-dana-zatvora","status":"publish","type":"post","link":"https:\/\/veritasinfo.org\/?p=3784&lang=sr","title":{"rendered":"Nuredin Lu\u0161taku oslobo\u0111en optu\u017ebi u slu\u010daju \u201eVeterani\u201c, Agim \u010ceku i jo\u0161 devet optu\u017eenih osu\u0111eni na po godinu dana zatvora"},"content":{"rendered":"<p>Pri\u0161tina, 14. jul 2025<\/p>\n<p>&nbsp;<\/p>\n<p>Osnovni sud u Pri\u0161tini proglasio je krivima biv\u0161eg premijera Agima \u010cekua i jo\u0161 devet optu\u017eenih u slu\u010daju poznatom kao \u201eVeterani\u201c, izrekav\u0161i im kazne od po jedne godine zatvora zbog zloupotrebe slu\u017ebenog polo\u017eaja.<\/p>\n<p>Od optu\u017ebi su oslobo\u0111eni Nuredin Lu\u0161taku i Smajl Elezaj, jer, kako je navedeno u presudi, nisu imali status slu\u017ebenih lica.<\/p>\n<p>Presudu je izrekao predsednik sudskog ve\u0107a Gazmend Bahtiri, a \u010dlanovi ve\u0107a bili su sudije Kushtrim \u0160yti i Ngadhnjim Arni. Sud je zaklju\u010dio da je van razumne sumnje dokazano da su optu\u017eeni izvr\u0161ili krivi\u010dno delo iz \u010dlana 422. Krivi\u010dnog zakona.<\/p>\n<p>Prethodnom presudom iz 2021. godine svi optu\u017eeni bili su oslobo\u0111eni, ali je Apelacioni sud 2022. godine ukinuo tu presudu i nalo\u017eio novo su\u0111enje.<\/p>\n<p>Prema Specijalnom tu\u017eila\u0161tvu Republike Kosovo, optu\u017eeni su, dok su bili \u010dlanovi Vladine komisije za priznavanje i verifikaciju statusa boraca OVK, nezakonito omogu\u0107ili dobijanje statusa ratnih veterana, \u0161to je bud\u017eetu nanelo \u0161tetu od preko 88 miliona evra.<\/p>\n<p>U predmetu su bili optu\u017eeni: Agim \u010ceku, Rrustem Beri\u0161a, Shkumbin Demaliaj, Sadik Halitjaha, Qel\u00eb Ga\u0161i, Shukri Buja, Ahmet Daku, Faik Fazliu, Fadil Shurdhaj, Xhavit Jashari, Nuredin Lu\u0161taku i Smajl Elezaj.<\/p>\n<p>Prema optu\u017enici, od 2011. do 2017. godine, optu\u017eeni su namerno prekora\u010dili svoja ovla\u0161\u0107enja i nisu ispunili slu\u017ebene obaveze, s ciljem da tre\u0107im licima nezakonito obezbede status veterana, \u0161to je omogu\u0107ilo isplatu penzija iz bud\u017eeta. Tu\u017eila\u0161tvo je tako\u0111e tra\u017eilo da se obustavi isplata penzija za 19.500 spornih korisnika do okon\u010danja sudskog postupka, \u0161to je sud odbacio.<\/p>\n<p>&nbsp;<\/p>\n<p>&nbsp;<\/p>\n<p>&nbsp;<\/p>\n","protected":false},"excerpt":{"rendered":"<p>Pri\u0161tina, 14. jul 2025 &nbsp; Osnovni sud u Pri\u0161tini proglasio je krivima biv\u0161eg premijera Agima \u010cekua i jo\u0161 devet optu\u017eenih u slu\u010daju poznatom kao \u201eVeterani\u201c,<\/p>\n","protected":false},"author":1,"featured_media":3785,"comment_status":"open","ping_status":"open","sticky":false,"template":"","format":"standard","meta":{"footnotes":""},"categories":[30],"tags":[],"class_list":["post-3784","post","type-post","status-publish","format-standard","has-post-thumbnail","hentry","category-drustvo"],"yoast_head":"<!-- This site is optimized with the Yoast SEO plugin v25.3.1 - https:\/\/yoast.com\/wordpress\/plugins\/seo\/ -->\n<title>Nuredin Lu\u0161taku oslobo\u0111en optu\u017ebi u slu\u010daju \u201eVeterani\u201c, Agim \u010ceku i jo\u0161 devet optu\u017eenih osu\u0111eni na po godinu dana zatvora -<\/title>\n<meta name=\"robots\" content=\"index, follow, max-snippet:-1, max-image-preview:large, max-video-preview:-1\" \/>\n<link rel=\"canonical\" href=\"https:\/\/veritasinfo.org\/?p=3784&lang=sr\" \/>\n<meta property=\"og:locale\" content=\"en_US\" \/>\n<meta property=\"og:type\" content=\"article\" \/>\n<meta property=\"og:title\" content=\"Nuredin Lu\u0161taku oslobo\u0111en optu\u017ebi u slu\u010daju \u201eVeterani\u201c, Agim \u010ceku i jo\u0161 devet optu\u017eenih osu\u0111eni na po godinu dana zatvora -\" \/>\n<meta property=\"og:description\" content=\"Pri\u0161tina, 14. jul 2025 &nbsp; Osnovni sud u Pri\u0161tini proglasio je krivima biv\u0161eg premijera Agima \u010cekua i jo\u0161 devet optu\u017eenih u slu\u010daju poznatom kao \u201eVeterani\u201c,\" \/>\n<meta property=\"og:url\" content=\"https:\/\/veritasinfo.org\/?p=3784&amp;lang=sr\" \/>\n<meta property=\"article:published_time\" content=\"2025-07-14T16:11:28+00:00\" \/>\n<meta property=\"og:image\" content=\"https:\/\/veritasinfo.org\/wp-content\/uploads\/2025\/07\/IMG_5071.jpeg\" \/>\n\t<meta property=\"og:image:width\" content=\"586\" \/>\n\t<meta property=\"og:image:height\" content=\"328\" \/>\n\t<meta property=\"og:image:type\" content=\"image\/jpeg\" \/>\n<meta name=\"author\" content=\"admin\" \/>\n<meta name=\"twitter:card\" content=\"summary_large_image\" \/>\n<meta name=\"twitter:label1\" content=\"Written by\" \/>\n\t<meta name=\"twitter:data1\" content=\"admin\" \/>\n\t<meta name=\"twitter:label2\" content=\"Est. reading time\" \/>\n\t<meta name=\"twitter:data2\" content=\"2 minutes\" \/>\n<script type=\"application\/ld+json\" class=\"yoast-schema-graph\">{\"@context\":\"https:\/\/schema.org\",\"@graph\":[{\"@type\":\"WebPage\",\"@id\":\"https:\/\/veritasinfo.org\/?p=3784&lang=sr\",\"url\":\"https:\/\/veritasinfo.org\/?p=3784&lang=sr\",\"name\":\"Nuredin Lu\u0161taku oslobo\u0111en optu\u017ebi u slu\u010daju \u201eVeterani\u201c, Agim \u010ceku i jo\u0161 devet optu\u017eenih osu\u0111eni na po godinu dana zatvora -\",\"isPartOf\":{\"@id\":\"https:\/\/veritasinfo.org\/#website\"},\"primaryImageOfPage\":{\"@id\":\"https:\/\/veritasinfo.org\/?p=3784&lang=sr#primaryimage\"},\"image\":{\"@id\":\"https:\/\/veritasinfo.org\/?p=3784&lang=sr#primaryimage\"},\"thumbnailUrl\":\"https:\/\/veritasinfo.org\/wp-content\/uploads\/2025\/07\/IMG_5071.jpeg\",\"datePublished\":\"2025-07-14T16:11:28+00:00\",\"author\":{\"@id\":\"https:\/\/veritasinfo.org\/#\/schema\/person\/7701f8c088bece422266b100a712374f\"},\"breadcrumb\":{\"@id\":\"https:\/\/veritasinfo.org\/?p=3784&lang=sr#breadcrumb\"},\"inLanguage\":\"en-US\",\"potentialAction\":[{\"@type\":\"ReadAction\",\"target\":[\"https:\/\/veritasinfo.org\/?p=3784&lang=sr\"]}]},{\"@type\":\"ImageObject\",\"inLanguage\":\"en-US\",\"@id\":\"https:\/\/veritasinfo.org\/?p=3784&lang=sr#primaryimage\",\"url\":\"https:\/\/veritasinfo.org\/wp-content\/uploads\/2025\/07\/IMG_5071.jpeg\",\"contentUrl\":\"https:\/\/veritasinfo.org\/wp-content\/uploads\/2025\/07\/IMG_5071.jpeg\",\"width\":586,\"height\":328},{\"@type\":\"BreadcrumbList\",\"@id\":\"https:\/\/veritasinfo.org\/?p=3784&lang=sr#breadcrumb\",\"itemListElement\":[{\"@type\":\"ListItem\",\"position\":1,\"name\":\"Home\",\"item\":\"https:\/\/veritasinfo.org\/\"},{\"@type\":\"ListItem\",\"position\":2,\"name\":\"Nuredin Lu\u0161taku oslobo\u0111en optu\u017ebi u slu\u010daju \u201eVeterani\u201c, Agim \u010ceku i jo\u0161 devet optu\u017eenih osu\u0111eni na po godinu dana zatvora\"}]},{\"@type\":\"WebSite\",\"@id\":\"https:\/\/veritasinfo.org\/#website\",\"url\":\"https:\/\/veritasinfo.org\/\",\"name\":\"\",\"description\":\"\",\"potentialAction\":[{\"@type\":\"SearchAction\",\"target\":{\"@type\":\"EntryPoint\",\"urlTemplate\":\"https:\/\/veritasinfo.org\/?s={search_term_string}\"},\"query-input\":{\"@type\":\"PropertyValueSpecification\",\"valueRequired\":true,\"valueName\":\"search_term_string\"}}],\"inLanguage\":\"en-US\"},{\"@type\":\"Person\",\"@id\":\"https:\/\/veritasinfo.org\/#\/schema\/person\/7701f8c088bece422266b100a712374f\",\"name\":\"admin\",\"image\":{\"@type\":\"ImageObject\",\"inLanguage\":\"en-US\",\"@id\":\"https:\/\/veritasinfo.org\/#\/schema\/person\/image\/\",\"url\":\"https:\/\/secure.gravatar.com\/avatar\/ea53aa3bf6c9a12d5fde8ce4deff43fef3885ae33cf60184161a50d6987cfd2f?s=96&d=mm&r=g\",\"contentUrl\":\"https:\/\/secure.gravatar.com\/avatar\/ea53aa3bf6c9a12d5fde8ce4deff43fef3885ae33cf60184161a50d6987cfd2f?s=96&d=mm&r=g\",\"caption\":\"admin\"},\"sameAs\":[\"https:\/\/veritasinfo.org\"],\"url\":\"https:\/\/veritasinfo.org\/?author=1\"}]}<\/script>\n<!-- \/ Yoast SEO plugin. -->","yoast_head_json":{"title":"Nuredin Lu\u0161taku oslobo\u0111en optu\u017ebi u slu\u010daju \u201eVeterani\u201c, Agim \u010ceku i jo\u0161 devet optu\u017eenih osu\u0111eni na po godinu dana zatvora -","robots":{"index":"index","follow":"follow","max-snippet":"max-snippet:-1","max-image-preview":"max-image-preview:large","max-video-preview":"max-video-preview:-1"},"canonical":"https:\/\/veritasinfo.org\/?p=3784&lang=sr","og_locale":"en_US","og_type":"article","og_title":"Nuredin Lu\u0161taku oslobo\u0111en optu\u017ebi u slu\u010daju \u201eVeterani\u201c, Agim \u010ceku i jo\u0161 devet optu\u017eenih osu\u0111eni na po godinu dana zatvora -","og_description":"Pri\u0161tina, 14. jul 2025 &nbsp; Osnovni sud u Pri\u0161tini proglasio je krivima biv\u0161eg premijera Agima \u010cekua i jo\u0161 devet optu\u017eenih u slu\u010daju poznatom kao \u201eVeterani\u201c,","og_url":"https:\/\/veritasinfo.org\/?p=3784&lang=sr","article_published_time":"2025-07-14T16:11:28+00:00","og_image":[{"width":586,"height":328,"url":"https:\/\/veritasinfo.org\/wp-content\/uploads\/2025\/07\/IMG_5071.jpeg","type":"image\/jpeg"}],"author":"admin","twitter_card":"summary_large_image","twitter_misc":{"Written by":"admin","Est. reading time":"2 minutes"},"schema":{"@context":"https:\/\/schema.org","@graph":[{"@type":"WebPage","@id":"https:\/\/veritasinfo.org\/?p=3784&lang=sr","url":"https:\/\/veritasinfo.org\/?p=3784&lang=sr","name":"Nuredin Lu\u0161taku oslobo\u0111en optu\u017ebi u slu\u010daju \u201eVeterani\u201c, Agim \u010ceku i jo\u0161 devet optu\u017eenih osu\u0111eni na po godinu dana zatvora -","isPartOf":{"@id":"https:\/\/veritasinfo.org\/#website"},"primaryImageOfPage":{"@id":"https:\/\/veritasinfo.org\/?p=3784&lang=sr#primaryimage"},"image":{"@id":"https:\/\/veritasinfo.org\/?p=3784&lang=sr#primaryimage"},"thumbnailUrl":"https:\/\/veritasinfo.org\/wp-content\/uploads\/2025\/07\/IMG_5071.jpeg","datePublished":"2025-07-14T16:11:28+00:00","author":{"@id":"https:\/\/veritasinfo.org\/#\/schema\/person\/7701f8c088bece422266b100a712374f"},"breadcrumb":{"@id":"https:\/\/veritasinfo.org\/?p=3784&lang=sr#breadcrumb"},"inLanguage":"en-US","potentialAction":[{"@type":"ReadAction","target":["https:\/\/veritasinfo.org\/?p=3784&lang=sr"]}]},{"@type":"ImageObject","inLanguage":"en-US","@id":"https:\/\/veritasinfo.org\/?p=3784&lang=sr#primaryimage","url":"https:\/\/veritasinfo.org\/wp-content\/uploads\/2025\/07\/IMG_5071.jpeg","contentUrl":"https:\/\/veritasinfo.org\/wp-content\/uploads\/2025\/07\/IMG_5071.jpeg","width":586,"height":328},{"@type":"BreadcrumbList","@id":"https:\/\/veritasinfo.org\/?p=3784&lang=sr#breadcrumb","itemListElement":[{"@type":"ListItem","position":1,"name":"Home","item":"https:\/\/veritasinfo.org\/"},{"@type":"ListItem","position":2,"name":"Nuredin Lu\u0161taku oslobo\u0111en optu\u017ebi u slu\u010daju \u201eVeterani\u201c, Agim \u010ceku i jo\u0161 devet optu\u017eenih osu\u0111eni na po godinu dana zatvora"}]},{"@type":"WebSite","@id":"https:\/\/veritasinfo.org\/#website","url":"https:\/\/veritasinfo.org\/","name":"","description":"","potentialAction":[{"@type":"SearchAction","target":{"@type":"EntryPoint","urlTemplate":"https:\/\/veritasinfo.org\/?s={search_term_string}"},"query-input":{"@type":"PropertyValueSpecification","valueRequired":true,"valueName":"search_term_string"}}],"inLanguage":"en-US"},{"@type":"Person","@id":"https:\/\/veritasinfo.org\/#\/schema\/person\/7701f8c088bece422266b100a712374f","name":"admin","image":{"@type":"ImageObject","inLanguage":"en-US","@id":"https:\/\/veritasinfo.org\/#\/schema\/person\/image\/","url":"https:\/\/secure.gravatar.com\/avatar\/ea53aa3bf6c9a12d5fde8ce4deff43fef3885ae33cf60184161a50d6987cfd2f?s=96&d=mm&r=g","contentUrl":"https:\/\/secure.gravatar.com\/avatar\/ea53aa3bf6c9a12d5fde8ce4deff43fef3885ae33cf60184161a50d6987cfd2f?s=96&d=mm&r=g","caption":"admin"},"sameAs":["https:\/\/veritasinfo.org"],"url":"https:\/\/veritasinfo.org\/?author=1"}]}},"featured_image_urls":{"full":["https:\/\/veritasinfo.org\/wp-content\/uploads\/2025\/07\/IMG_5071.jpeg",586,328,false],"thumbnail":["https:\/\/veritasinfo.org\/wp-content\/uploads\/2025\/07\/IMG_5071-150x150.jpeg",150,150,true],"medium":["https:\/\/veritasinfo.org\/wp-content\/uploads\/2025\/07\/IMG_5071-300x168.jpeg",300,168,true],"medium_large":["https:\/\/veritasinfo.org\/wp-content\/uploads\/2025\/07\/IMG_5071.jpeg",586,328,false],"large":["https:\/\/veritasinfo.org\/wp-content\/uploads\/2025\/07\/IMG_5071.jpeg",586,328,false],"1536x1536":["https:\/\/veritasinfo.org\/wp-content\/uploads\/2025\/07\/IMG_5071.jpeg",586,328,false],"2048x2048":["https:\/\/veritasinfo.org\/wp-content\/uploads\/2025\/07\/IMG_5071.jpeg",586,328,false],"kreeti-slider-full":["https:\/\/veritasinfo.org\/wp-content\/uploads\/2025\/07\/IMG_5071.jpeg",586,328,false],"kreeti-featured":["https:\/\/veritasinfo.org\/wp-content\/uploads\/2025\/07\/IMG_5071.jpeg",586,328,false],"kreeti-medium":["https:\/\/veritasinfo.org\/wp-content\/uploads\/2025\/07\/IMG_5071.jpeg",586,328,false],"kreeti-medium-square":["https:\/\/veritasinfo.org\/wp-content\/uploads\/2025\/07\/IMG_5071.jpeg",350,196,false]},"author_info":{"info":["admin"]},"category_info":"<a href=\"https:\/\/veritasinfo.org\/?cat=30&#038;lang=sr\" rel=\"category\">Dru\u0161tvo<\/a>","tag_info":"Dru\u0161tvo","comment_count":"0","_links":{"self":[{"href":"https:\/\/veritasinfo.org\/index.php?rest_route=\/wp\/v2\/posts\/3784","targetHints":{"allow":["GET"]}}],"collection":[{"href":"https:\/\/veritasinfo.org\/index.php?rest_route=\/wp\/v2\/posts"}],"about":[{"href":"https:\/\/veritasinfo.org\/index.php?rest_route=\/wp\/v2\/types\/post"}],"author":[{"embeddable":true,"href":"https:\/\/veritasinfo.org\/index.php?rest_route=\/wp\/v2\/users\/1"}],"replies":[{"embeddable":true,"href":"https:\/\/veritasinfo.org\/index.php?rest_route=%2Fwp%2Fv2%2Fcomments&post=3784"}],"version-history":[{"count":1,"href":"https:\/\/veritasinfo.org\/index.php?rest_route=\/wp\/v2\/posts\/3784\/revisions"}],"predecessor-version":[{"id":3786,"href":"https:\/\/veritasinfo.org\/index.php?rest_route=\/wp\/v2\/posts\/3784\/revisions\/3786"}],"wp:featuredmedia":[{"embeddable":true,"href":"https:\/\/veritasinfo.org\/index.php?rest_route=\/wp\/v2\/media\/3785"}],"wp:attachment":[{"href":"https:\/\/veritasinfo.org\/index.php?rest_route=%2Fwp%2Fv2%2Fmedia&parent=3784"}],"wp:term":[{"taxonomy":"category","embeddable":true,"href":"https:\/\/veritasinfo.org\/index.php?rest_route=%2Fwp%2Fv2%2Fcategories&post=3784"},{"taxonomy":"post_tag","embeddable":true,"href":"https:\/\/veritasinfo.org\/index.php?rest_route=%2Fwp%2Fv2%2Ftags&post=3784"}],"curies":[{"name":"wp","href":"https:\/\/api.w.org\/{rel}","templated":true}]}}