{"id":37823,"date":"2026-03-14T19:17:30","date_gmt":"2026-03-14T18:17:30","guid":{"rendered":"https:\/\/veritasinfo.org\/?p=37823"},"modified":"2026-03-14T19:17:30","modified_gmt":"2026-03-14T18:17:30","slug":"qytetaret-dialogu-kosove-serbi-duhet-te-perfundoje-nje-here-e-pergjithmone","status":"publish","type":"post","link":"https:\/\/veritasinfo.org\/?p=37823","title":{"rendered":"Qytetar\u00ebt: Dialogu Kosov\u00eb-Serbi duhet t\u00eb p\u00ebrfundoj\u00eb nj\u00eb her\u00eb e p\u00ebrgjithmon\u00eb"},"content":{"rendered":"<p>Prishtin\u00eb, 14 mars 2026 19:14<\/p>\n<p>Tani kur u riaktualizua mund\u00ebsia p\u00ebr nj\u00eb takim mes kryeministrit t\u00eb Kosov\u00ebs, Albin Kurti dhe presidentit t\u00eb Serbis\u00eb, Aleksandar Vu\u00e7iq n\u00eb Bruksel, qytetar\u00ebt p\u00ebr dialogun Kosov\u00eb-Serbi dhan\u00eb p\u00ebr KosovaPress mendime t\u00eb ndryshme.<\/p>\n<p>Shefja e politik\u00ebs s\u00eb jashtme t\u00eb Bashkimit Evropian, Kaja Kallas, tha t\u00eb shtun\u00ebn se \u00ebsht\u00eb e gatshme ta nd\u00ebrmjet\u00ebsoj\u00eb \u201cs\u00eb shpejti\u201d nj\u00eb takim t\u00eb nivelit t\u00eb lart\u00eb mes Kosov\u00ebs dhe Serbis\u00eb, pasi autoritetet kosovare mund\u00ebsuan leht\u00ebsira t\u00eb p\u00ebrkohshme p\u00ebr komunitetin serb n\u00eb Ligjin p\u00ebr t\u00eb huajt.<\/p>\n<p>Mustaf\u00eb Morina, qytetar, tha se Albin Kurti duhet t\u00eb marr\u00eb pjes\u00eb n\u00eb takimin me Aleksandar Vu\u00e7iqin n\u00eb Bruksel p\u00ebr t\u00eb zgjidhur k\u00ebt\u00eb problem. Ai theksoi se dialogu duhet t\u00eb zhvillohet n\u00eb nivel t\u00eb shteteve, duke qen\u00eb se Kosova \u00ebsht\u00eb nj\u00eb shtet i pavarur. Sipas Morin\u00ebs, p\u00ebrfundimi i dialogut duhet t\u00eb b\u00ebhet sa m\u00eb shpejt p\u00ebr t\u00eb siguruar stabilitet dhe investime t\u00eb huaja n\u00eb vend.<\/p>\n<p>\u201dAlbin Kurti n\u00eb k\u00ebt\u00eb dialog duhet t\u00eb k\u00ebrkoj\u00eb q\u00eb me e dit\u00eb Vu\u00e7iq se kjo \u00ebsht\u00eb pun\u00eb e kryer m\u00eb 17 Shkurt, kur \u00ebsht\u00eb shpallur pavar\u00ebsia e Kosov\u00ebs. Kjo \u00ebsht\u00eb pun\u00eb e kryer\u201d, tha Morina.<\/p>\n<p>janarNexhip Shulemaja shpreh skepticiz\u00ebm ndaj partive t\u00eb tjera politike dhe ndikimit t\u00eb tyre n\u00eb k\u00ebt\u00eb dialog. Nga k\u00ebndv\u00ebshtrimi i tij flet p\u00ebr p\u00ebrpjekjet e Kurtit dhe sfidat q\u00eb po has.<\/p>\n<p>&#8220;Dialogun vet\u00eb jan\u00eb tu e ba k\u00ebta: LDK-ja, PDK-ja. K\u00ebta vet\u00eb jan\u00eb tu e ba k\u00ebt\u00eb rr\u00ebmuj\u00eb. Kjo asht marre e Zotit \u00e7ka jan\u00eb tu ba k\u00ebta\u2026 Nuk e dojn\u00eb se nuk jan\u00eb msu ata me udh\u00ebheq\u00eb shtet njer\u00ebzit e past\u00ebr. Q\u00eb jan\u00eb t&#8217;past\u00ebr si loti\u2026. \u201c- tha Shulemaja.<\/p>\n<p>Kemajl Tafashiku shpreh besimin e tij te roli i kryeministrit Albin Kurtit n\u00eb p\u00ebrfundimin e dialogut me Serbin\u00eb.<\/p>\n<p>&#8220;Nuk ma merr mendja q\u00eb Kurti l\u00ebshon pe. Pasi s\u2019ia ka dhan\u00eb dor\u00ebn kurr\u00eb Vu\u00e7iqit, prap\u00eb s\u2019ka me ia dhan\u00eb dor\u00ebn. Se ai \u00ebsht\u00eb njeri i p\u00ebrpik\u00ebt. K\u00ebsi njeri p\u00ebr 100 vjet nuk ka me ardh\u00eb m\u00eb. Edhe trim, edhe atdhetar, edhe i men\u00e7ur\u201d, tha Tafashiku.<\/p>\n<p>Qytetari nga Prishtina, Muhamet Tasheci, tha se kryeministri Albin Kurti duhet t\u00eb marr\u00eb pjes\u00eb n\u00eb takimin e mundsh\u00ebm me presidentin serb Aleksandar Vu\u00e7iq, duke theksuar se dialogu duhet t\u00eb vazhdoj\u00eb dhe se Kosova duhet t\u00eb p\u00ebrfaq\u00ebsohet nga nj\u00eb ekip i p\u00ebrgatitur.<\/p>\n<p>&#8220;Po, \u00ebsht\u00eb st\u00ebrzgjatur p\u00ebr shum\u00eb shkaqe. Jan\u00eb shum\u00eb faktor\u00eb. Mbi t\u00eb gjitha bashk\u00ebsia nd\u00ebrkomb\u00ebtare ka qen\u00eb gjithmon\u00eb e pasinqert\u00eb me ne sa i p\u00ebrket dialogut. Nuk po hyj n\u00eb histori, pot dialogu u nis mbrapsht. U nis me shantazhe, u nis me njer\u00ebz jo t\u00eb duhur, njer\u00ebz jo t\u00eb p\u00ebrgatitur. Edhe na kan\u00eb prur\u00eb ku na kan\u00eb pru. Kjo na ka kushtuar edhe na kushton edhe do t\u00eb na kushtoj\u00eb t\u00eb ardhmen se ka shkuar gjith\u00e7ka jo n\u00eb favorin ton\u00eb\u201d, tha Tasheci.<\/p>\n<p>Shefja e politik\u00ebs s\u00eb jashtme t\u00eb Bashkimit Evropian, Kaja Kallas, t\u00eb shtun\u00ebn pasi Kosova mund\u00ebsoi leht\u00ebsira p\u00ebr serb\u00ebt n\u00eb Ligjin p\u00ebr t\u00eb huajt, n\u00eb nj\u00eb shkrim n\u00eb X, u shpreh se \u201c\u00ebsht\u00eb krijuar nj\u00eb momentum i ri p\u00ebr t\u2019i \u00e7uar p\u00ebrpara marr\u00ebdh\u00ebniet mes BE-s\u00eb dhe Kosov\u00ebs dhe dialogun mes Prishtin\u00ebs dhe Beogradit\u201d.<\/p>\n<p>&nbsp;<\/p>\n","protected":false},"excerpt":{"rendered":"<p>Prishtin\u00eb, 14 mars 2026 19:14 Tani kur u riaktualizua mund\u00ebsia p\u00ebr nj\u00eb takim mes kryeministrit t\u00eb Kosov\u00ebs, Albin Kurti dhe presidentit t\u00eb Serbis\u00eb, Aleksandar Vu\u00e7iq<\/p>\n","protected":false},"author":7,"featured_media":37824,"comment_status":"open","ping_status":"open","sticky":false,"template":"","format":"standard","meta":{"footnotes":""},"categories":[58],"tags":[],"class_list":["post-37823","post","type-post","status-publish","format-standard","has-post-thumbnail","hentry","category-politike-sq"],"yoast_head":"<!-- This site is optimized with the Yoast SEO plugin v25.3.1 - https:\/\/yoast.com\/wordpress\/plugins\/seo\/ -->\n<title>Qytetar\u00ebt: Dialogu Kosov\u00eb-Serbi duhet t\u00eb p\u00ebrfundoj\u00eb nj\u00eb her\u00eb e p\u00ebrgjithmon\u00eb -<\/title>\n<meta name=\"robots\" content=\"index, follow, max-snippet:-1, max-image-preview:large, max-video-preview:-1\" \/>\n<link rel=\"canonical\" href=\"https:\/\/veritasinfo.org\/?p=37823\" \/>\n<meta property=\"og:locale\" content=\"en_US\" \/>\n<meta property=\"og:type\" content=\"article\" \/>\n<meta property=\"og:title\" content=\"Qytetar\u00ebt: Dialogu Kosov\u00eb-Serbi duhet t\u00eb p\u00ebrfundoj\u00eb nj\u00eb her\u00eb e p\u00ebrgjithmon\u00eb -\" \/>\n<meta property=\"og:description\" content=\"Prishtin\u00eb, 14 mars 2026 19:14 Tani kur u riaktualizua mund\u00ebsia p\u00ebr nj\u00eb takim mes kryeministrit t\u00eb Kosov\u00ebs, Albin Kurti dhe presidentit t\u00eb Serbis\u00eb, Aleksandar Vu\u00e7iq\" \/>\n<meta property=\"og:url\" content=\"https:\/\/veritasinfo.org\/?p=37823\" \/>\n<meta property=\"article:published_time\" content=\"2026-03-14T18:17:30+00:00\" \/>\n<meta property=\"og:image\" content=\"https:\/\/veritasinfo.org\/wp-content\/uploads\/2026\/03\/710452_Pamje-qytetaret-shesh-foto1234.webp\" \/>\n\t<meta property=\"og:image:width\" content=\"900\" \/>\n\t<meta property=\"og:image:height\" content=\"600\" \/>\n\t<meta property=\"og:image:type\" content=\"image\/webp\" \/>\n<meta name=\"author\" content=\"US6\" \/>\n<meta name=\"twitter:card\" content=\"summary_large_image\" \/>\n<meta name=\"twitter:label1\" content=\"Written by\" \/>\n\t<meta name=\"twitter:data1\" content=\"US6\" \/>\n\t<meta name=\"twitter:label2\" content=\"Est. reading time\" \/>\n\t<meta name=\"twitter:data2\" content=\"3 minutes\" \/>\n<script type=\"application\/ld+json\" class=\"yoast-schema-graph\">{\"@context\":\"https:\/\/schema.org\",\"@graph\":[{\"@type\":\"WebPage\",\"@id\":\"https:\/\/veritasinfo.org\/?p=37823\",\"url\":\"https:\/\/veritasinfo.org\/?p=37823\",\"name\":\"Qytetar\u00ebt: Dialogu Kosov\u00eb-Serbi duhet t\u00eb p\u00ebrfundoj\u00eb nj\u00eb her\u00eb e p\u00ebrgjithmon\u00eb -\",\"isPartOf\":{\"@id\":\"https:\/\/veritasinfo.org\/#website\"},\"primaryImageOfPage\":{\"@id\":\"https:\/\/veritasinfo.org\/?p=37823#primaryimage\"},\"image\":{\"@id\":\"https:\/\/veritasinfo.org\/?p=37823#primaryimage\"},\"thumbnailUrl\":\"https:\/\/veritasinfo.org\/wp-content\/uploads\/2026\/03\/710452_Pamje-qytetaret-shesh-foto1234.webp\",\"datePublished\":\"2026-03-14T18:17:30+00:00\",\"author\":{\"@id\":\"https:\/\/veritasinfo.org\/#\/schema\/person\/fe199eede04c3937362892b7444747cc\"},\"breadcrumb\":{\"@id\":\"https:\/\/veritasinfo.org\/?p=37823#breadcrumb\"},\"inLanguage\":\"en-US\",\"potentialAction\":[{\"@type\":\"ReadAction\",\"target\":[\"https:\/\/veritasinfo.org\/?p=37823\"]}]},{\"@type\":\"ImageObject\",\"inLanguage\":\"en-US\",\"@id\":\"https:\/\/veritasinfo.org\/?p=37823#primaryimage\",\"url\":\"https:\/\/veritasinfo.org\/wp-content\/uploads\/2026\/03\/710452_Pamje-qytetaret-shesh-foto1234.webp\",\"contentUrl\":\"https:\/\/veritasinfo.org\/wp-content\/uploads\/2026\/03\/710452_Pamje-qytetaret-shesh-foto1234.webp\",\"width\":900,\"height\":600},{\"@type\":\"BreadcrumbList\",\"@id\":\"https:\/\/veritasinfo.org\/?p=37823#breadcrumb\",\"itemListElement\":[{\"@type\":\"ListItem\",\"position\":1,\"name\":\"Home\",\"item\":\"https:\/\/veritasinfo.org\/\"},{\"@type\":\"ListItem\",\"position\":2,\"name\":\"Qytetar\u00ebt: Dialogu Kosov\u00eb-Serbi duhet t\u00eb p\u00ebrfundoj\u00eb nj\u00eb her\u00eb e p\u00ebrgjithmon\u00eb\"}]},{\"@type\":\"WebSite\",\"@id\":\"https:\/\/veritasinfo.org\/#website\",\"url\":\"https:\/\/veritasinfo.org\/\",\"name\":\"\",\"description\":\"\",\"potentialAction\":[{\"@type\":\"SearchAction\",\"target\":{\"@type\":\"EntryPoint\",\"urlTemplate\":\"https:\/\/veritasinfo.org\/?s={search_term_string}\"},\"query-input\":{\"@type\":\"PropertyValueSpecification\",\"valueRequired\":true,\"valueName\":\"search_term_string\"}}],\"inLanguage\":\"en-US\"},{\"@type\":\"Person\",\"@id\":\"https:\/\/veritasinfo.org\/#\/schema\/person\/fe199eede04c3937362892b7444747cc\",\"name\":\"US6\",\"image\":{\"@type\":\"ImageObject\",\"inLanguage\":\"en-US\",\"@id\":\"https:\/\/veritasinfo.org\/#\/schema\/person\/image\/\",\"url\":\"https:\/\/secure.gravatar.com\/avatar\/cb16c3c31c9d23b9b8c705964598220b3014e42ff51eb540ff23cefa3ae8c15f?s=96&d=mm&r=g\",\"contentUrl\":\"https:\/\/secure.gravatar.com\/avatar\/cb16c3c31c9d23b9b8c705964598220b3014e42ff51eb540ff23cefa3ae8c15f?s=96&d=mm&r=g\",\"caption\":\"US6\"},\"url\":\"https:\/\/veritasinfo.org\/?author=7\"}]}<\/script>\n<!-- \/ Yoast SEO plugin. -->","yoast_head_json":{"title":"Qytetar\u00ebt: Dialogu Kosov\u00eb-Serbi duhet t\u00eb p\u00ebrfundoj\u00eb nj\u00eb her\u00eb e p\u00ebrgjithmon\u00eb -","robots":{"index":"index","follow":"follow","max-snippet":"max-snippet:-1","max-image-preview":"max-image-preview:large","max-video-preview":"max-video-preview:-1"},"canonical":"https:\/\/veritasinfo.org\/?p=37823","og_locale":"en_US","og_type":"article","og_title":"Qytetar\u00ebt: Dialogu Kosov\u00eb-Serbi duhet t\u00eb p\u00ebrfundoj\u00eb nj\u00eb her\u00eb e p\u00ebrgjithmon\u00eb -","og_description":"Prishtin\u00eb, 14 mars 2026 19:14 Tani kur u riaktualizua mund\u00ebsia p\u00ebr nj\u00eb takim mes kryeministrit t\u00eb Kosov\u00ebs, Albin Kurti dhe presidentit t\u00eb Serbis\u00eb, Aleksandar Vu\u00e7iq","og_url":"https:\/\/veritasinfo.org\/?p=37823","article_published_time":"2026-03-14T18:17:30+00:00","og_image":[{"width":900,"height":600,"url":"https:\/\/veritasinfo.org\/wp-content\/uploads\/2026\/03\/710452_Pamje-qytetaret-shesh-foto1234.webp","type":"image\/webp"}],"author":"US6","twitter_card":"summary_large_image","twitter_misc":{"Written by":"US6","Est. reading time":"3 minutes"},"schema":{"@context":"https:\/\/schema.org","@graph":[{"@type":"WebPage","@id":"https:\/\/veritasinfo.org\/?p=37823","url":"https:\/\/veritasinfo.org\/?p=37823","name":"Qytetar\u00ebt: Dialogu Kosov\u00eb-Serbi duhet t\u00eb p\u00ebrfundoj\u00eb nj\u00eb her\u00eb e p\u00ebrgjithmon\u00eb -","isPartOf":{"@id":"https:\/\/veritasinfo.org\/#website"},"primaryImageOfPage":{"@id":"https:\/\/veritasinfo.org\/?p=37823#primaryimage"},"image":{"@id":"https:\/\/veritasinfo.org\/?p=37823#primaryimage"},"thumbnailUrl":"https:\/\/veritasinfo.org\/wp-content\/uploads\/2026\/03\/710452_Pamje-qytetaret-shesh-foto1234.webp","datePublished":"2026-03-14T18:17:30+00:00","author":{"@id":"https:\/\/veritasinfo.org\/#\/schema\/person\/fe199eede04c3937362892b7444747cc"},"breadcrumb":{"@id":"https:\/\/veritasinfo.org\/?p=37823#breadcrumb"},"inLanguage":"en-US","potentialAction":[{"@type":"ReadAction","target":["https:\/\/veritasinfo.org\/?p=37823"]}]},{"@type":"ImageObject","inLanguage":"en-US","@id":"https:\/\/veritasinfo.org\/?p=37823#primaryimage","url":"https:\/\/veritasinfo.org\/wp-content\/uploads\/2026\/03\/710452_Pamje-qytetaret-shesh-foto1234.webp","contentUrl":"https:\/\/veritasinfo.org\/wp-content\/uploads\/2026\/03\/710452_Pamje-qytetaret-shesh-foto1234.webp","width":900,"height":600},{"@type":"BreadcrumbList","@id":"https:\/\/veritasinfo.org\/?p=37823#breadcrumb","itemListElement":[{"@type":"ListItem","position":1,"name":"Home","item":"https:\/\/veritasinfo.org\/"},{"@type":"ListItem","position":2,"name":"Qytetar\u00ebt: Dialogu Kosov\u00eb-Serbi duhet t\u00eb p\u00ebrfundoj\u00eb nj\u00eb her\u00eb e p\u00ebrgjithmon\u00eb"}]},{"@type":"WebSite","@id":"https:\/\/veritasinfo.org\/#website","url":"https:\/\/veritasinfo.org\/","name":"","description":"","potentialAction":[{"@type":"SearchAction","target":{"@type":"EntryPoint","urlTemplate":"https:\/\/veritasinfo.org\/?s={search_term_string}"},"query-input":{"@type":"PropertyValueSpecification","valueRequired":true,"valueName":"search_term_string"}}],"inLanguage":"en-US"},{"@type":"Person","@id":"https:\/\/veritasinfo.org\/#\/schema\/person\/fe199eede04c3937362892b7444747cc","name":"US6","image":{"@type":"ImageObject","inLanguage":"en-US","@id":"https:\/\/veritasinfo.org\/#\/schema\/person\/image\/","url":"https:\/\/secure.gravatar.com\/avatar\/cb16c3c31c9d23b9b8c705964598220b3014e42ff51eb540ff23cefa3ae8c15f?s=96&d=mm&r=g","contentUrl":"https:\/\/secure.gravatar.com\/avatar\/cb16c3c31c9d23b9b8c705964598220b3014e42ff51eb540ff23cefa3ae8c15f?s=96&d=mm&r=g","caption":"US6"},"url":"https:\/\/veritasinfo.org\/?author=7"}]}},"featured_image_urls":{"full":["https:\/\/veritasinfo.org\/wp-content\/uploads\/2026\/03\/710452_Pamje-qytetaret-shesh-foto1234.webp",900,600,false],"thumbnail":["https:\/\/veritasinfo.org\/wp-content\/uploads\/2026\/03\/710452_Pamje-qytetaret-shesh-foto1234-150x150.webp",150,150,true],"medium":["https:\/\/veritasinfo.org\/wp-content\/uploads\/2026\/03\/710452_Pamje-qytetaret-shesh-foto1234-300x200.webp",300,200,true],"medium_large":["https:\/\/veritasinfo.org\/wp-content\/uploads\/2026\/03\/710452_Pamje-qytetaret-shesh-foto1234-768x512.webp",640,427,true],"large":["https:\/\/veritasinfo.org\/wp-content\/uploads\/2026\/03\/710452_Pamje-qytetaret-shesh-foto1234.webp",640,427,false],"1536x1536":["https:\/\/veritasinfo.org\/wp-content\/uploads\/2026\/03\/710452_Pamje-qytetaret-shesh-foto1234.webp",900,600,false],"2048x2048":["https:\/\/veritasinfo.org\/wp-content\/uploads\/2026\/03\/710452_Pamje-qytetaret-shesh-foto1234.webp",900,600,false],"kreeti-slider-full":["https:\/\/veritasinfo.org\/wp-content\/uploads\/2026\/03\/710452_Pamje-qytetaret-shesh-foto1234.webp",900,600,false],"kreeti-featured":["https:\/\/veritasinfo.org\/wp-content\/uploads\/2026\/03\/710452_Pamje-qytetaret-shesh-foto1234.webp",900,600,false],"kreeti-medium":["https:\/\/veritasinfo.org\/wp-content\/uploads\/2026\/03\/710452_Pamje-qytetaret-shesh-foto1234.webp",720,480,false],"kreeti-medium-square":["https:\/\/veritasinfo.org\/wp-content\/uploads\/2026\/03\/710452_Pamje-qytetaret-shesh-foto1234.webp",350,233,false]},"author_info":{"info":["US6"]},"category_info":"<a href=\"https:\/\/veritasinfo.org\/?cat=58\" rel=\"category\">Politik\u00eb<\/a>","tag_info":"Politik\u00eb","comment_count":"0","_links":{"self":[{"href":"https:\/\/veritasinfo.org\/index.php?rest_route=\/wp\/v2\/posts\/37823","targetHints":{"allow":["GET"]}}],"collection":[{"href":"https:\/\/veritasinfo.org\/index.php?rest_route=\/wp\/v2\/posts"}],"about":[{"href":"https:\/\/veritasinfo.org\/index.php?rest_route=\/wp\/v2\/types\/post"}],"author":[{"embeddable":true,"href":"https:\/\/veritasinfo.org\/index.php?rest_route=\/wp\/v2\/users\/7"}],"replies":[{"embeddable":true,"href":"https:\/\/veritasinfo.org\/index.php?rest_route=%2Fwp%2Fv2%2Fcomments&post=37823"}],"version-history":[{"count":1,"href":"https:\/\/veritasinfo.org\/index.php?rest_route=\/wp\/v2\/posts\/37823\/revisions"}],"predecessor-version":[{"id":37825,"href":"https:\/\/veritasinfo.org\/index.php?rest_route=\/wp\/v2\/posts\/37823\/revisions\/37825"}],"wp:featuredmedia":[{"embeddable":true,"href":"https:\/\/veritasinfo.org\/index.php?rest_route=\/wp\/v2\/media\/37824"}],"wp:attachment":[{"href":"https:\/\/veritasinfo.org\/index.php?rest_route=%2Fwp%2Fv2%2Fmedia&parent=37823"}],"wp:term":[{"taxonomy":"category","embeddable":true,"href":"https:\/\/veritasinfo.org\/index.php?rest_route=%2Fwp%2Fv2%2Fcategories&post=37823"},{"taxonomy":"post_tag","embeddable":true,"href":"https:\/\/veritasinfo.org\/index.php?rest_route=%2Fwp%2Fv2%2Ftags&post=37823"}],"curies":[{"name":"wp","href":"https:\/\/api.w.org\/{rel}","templated":true}]}}