{"id":37817,"date":"2026-03-14T18:11:16","date_gmt":"2026-03-14T17:11:16","guid":{"rendered":"https:\/\/veritasinfo.org\/?p=37817"},"modified":"2026-03-14T18:11:16","modified_gmt":"2026-03-14T17:11:16","slug":"vdiq-filozofi-gjerman-habermas-mbrojtesi-i-bombardimeve-te-nato-s-ne-kosove","status":"publish","type":"post","link":"https:\/\/veritasinfo.org\/?p=37817","title":{"rendered":"Vdiq filozofi gjerman Habermas, mbrojt\u00ebsi i bombardimeve t\u00eb NATO-s n\u00eb Kosov\u00eb"},"content":{"rendered":"<p>Prishtin\u00eb, 14 mars 2026 18:08<\/p>\n<p>Jurgen Habermas, q\u00eb ishte nj\u00eb prej filozof\u00ebve m\u00eb me ndikim n\u00eb bot\u00eb dhe figur\u00eb ky\u00e7e n\u00eb Gjermani, ka vdekur n\u00eb mosh\u00ebn 96-vje\u00e7are.<\/p>\n<p>Sht\u00ebpia e tij botuese \u201cSurhkamp\u201d njoftoi se ai ka vdekur t\u00eb shtun\u00ebn n\u00eb Starnberg, af\u00ebr Munihut.<\/p>\n<p>Habermas prononcohej vazhdimisht p\u00ebr \u00e7\u00ebshtjet politike t\u00eb koh\u00ebs. N\u00eb rastin e Kosov\u00ebs, i pati mbrojtur bombardimet m\u00eb 1999 duke th\u00ebn\u00eb se askush nuk ka t\u00eb drejt\u00eb t\u2019i braktis\u00eb viktimat e t\u2019i l\u00ebr\u00eb n\u00eb dor\u00eb t\u00eb xhelat\u00ebve.<\/p>\n<p>\u201cKur nuk ka rrug\u00eb tjet\u00ebr fqinj\u00ebt demokratik\u00eb duhet t\u00eb nd\u00ebrhyjn\u00eb p\u00ebr ndihm\u00eb emergjence e legjitimizuar nga e drejta nd\u00ebrkomb\u00ebtare\u201d, kishte th\u00ebn\u00eb Habermas p\u00ebr &#8220;Die Zeit&#8221;, prill 1999.<\/p>\n<p>Shkrimet e tij kan\u00eb ofruar vizion p\u00ebr shoq\u00ebrin\u00eb moderne dhe nd\u00ebrveprimin shoq\u00ebror.<\/p>\n<p>Puna e tij mbi komunikimin, racionalitetin e sociologjin\u00eb e b\u00ebri nd\u00ebr filozof\u00ebt m\u00eb me ndikim n\u00eb bot\u00eb. Veprat e tij m\u00eb t\u00eb njohura p\u00ebrfshinin \u201cTeorin\u00eb e veprimit komunikues\u201d, me dy v\u00ebllime.<\/p>\n<p>Habermasi ishte angazhuar edhe n\u00eb l\u00ebvizjet studentore t\u00eb krahut t\u00eb majt\u00eb.<\/p>\n<p>&nbsp;<\/p>\n<p>N\u00eb t\u00eb \u201980-tat, ai ishte figur\u00eb ky\u00e7e n\u00eb debatin e historian\u00ebve. Ai thoshte se konservator\u00ebt po p\u00ebrpiqeshin t\u00eb zvog\u00eblonin madh\u00ebsin\u00eb e krimeve naziste.<\/p>\n<p>&nbsp;<\/p>\n<p>Habermasi ka qen\u00eb mb\u00ebshtet\u00ebs i ardhjes n\u00eb pushtet t\u00eb kancelarit Gerhard Schroder m\u00eb 1998. Ishte kritik ndaj qasjes \u201cteknokratike\u201d dhe m\u00eb 2016 ishte ankuar p\u00ebr munges\u00eb vizioni politik t\u00eb Angela Merkelit.<\/p>\n<p>&nbsp;<\/p>\n<p>M\u00eb 2017 e pati vler\u00ebsuar presidentin e sapozgjedhur francez, Emmanuel Macron, p\u00ebr hartimin e planeve p\u00ebr reform\u00ebn evropiane.<\/p>\n<p>&nbsp;<\/p>\n<p>Habermas u lind m\u00eb 18 qershor 1929 n\u00eb Dusseldorf.Habermas u lind m\u00eb 18 qershor 1929 n\u00eb Dusseldorf.<\/p>\n<p>&nbsp;<\/p>\n<p>Kishte lindur me qiellz\u00eb t\u00eb \u00e7ar\u00eb q\u00eb k\u00ebrkonte operime t\u00eb p\u00ebrs\u00ebritura si f\u00ebmij\u00eb. Kjo p\u00ebrvoj\u00eb e ndihmoi n\u00eb formimin e mendimit t\u00eb tij t\u00eb m\u00ebvonsh\u00ebm p\u00ebr gjuh\u00ebn. Po ashtu kjo e nxiti t\u00eb dilte me mendimin p\u00ebr superioritetin e fjal\u00ebs s\u00eb shkruar e se \u201cforma e shkruar fsheh t\u00eb metat e t\u00eb folurit me goj\u00eb\u201d.<\/p>\n<p>&nbsp;<\/p>\n<p>Gruaja e tij, Ute, vdiq vitin e kaluar. \u00c7ifti kishte tre f\u00ebmij\u00eb: Tilmann, Rebekka q\u00eb vdiq m\u00eb 2023 dhe Judith.<\/p>\n<p>&nbsp;<\/p>\n","protected":false},"excerpt":{"rendered":"<p>Prishtin\u00eb, 14 mars 2026 18:08 Jurgen Habermas, q\u00eb ishte nj\u00eb prej filozof\u00ebve m\u00eb me ndikim n\u00eb bot\u00eb dhe figur\u00eb ky\u00e7e n\u00eb Gjermani, ka vdekur n\u00eb<\/p>\n","protected":false},"author":7,"featured_media":37818,"comment_status":"open","ping_status":"open","sticky":false,"template":"","format":"standard","meta":{"footnotes":""},"categories":[72],"tags":[],"class_list":["post-37817","post","type-post","status-publish","format-standard","has-post-thumbnail","hentry","category-bota"],"yoast_head":"<!-- This site is optimized with the Yoast SEO plugin v25.3.1 - https:\/\/yoast.com\/wordpress\/plugins\/seo\/ -->\n<title>Vdiq filozofi gjerman Habermas, mbrojt\u00ebsi i bombardimeve t\u00eb NATO-s n\u00eb Kosov\u00eb -<\/title>\n<meta name=\"robots\" content=\"index, follow, max-snippet:-1, max-image-preview:large, max-video-preview:-1\" \/>\n<link rel=\"canonical\" href=\"https:\/\/veritasinfo.org\/?p=37817\" \/>\n<meta property=\"og:locale\" content=\"en_US\" \/>\n<meta property=\"og:type\" content=\"article\" \/>\n<meta property=\"og:title\" content=\"Vdiq filozofi gjerman Habermas, mbrojt\u00ebsi i bombardimeve t\u00eb NATO-s n\u00eb Kosov\u00eb -\" \/>\n<meta property=\"og:description\" content=\"Prishtin\u00eb, 14 mars 2026 18:08 Jurgen Habermas, q\u00eb ishte nj\u00eb prej filozof\u00ebve m\u00eb me ndikim n\u00eb bot\u00eb dhe figur\u00eb ky\u00e7e n\u00eb Gjermani, ka vdekur n\u00eb\" \/>\n<meta property=\"og:url\" content=\"https:\/\/veritasinfo.org\/?p=37817\" \/>\n<meta property=\"article:published_time\" content=\"2026-03-14T17:11:16+00:00\" \/>\n<meta property=\"og:image\" content=\"https:\/\/veritasinfo.org\/wp-content\/uploads\/2026\/03\/14798571-08f9-4b23-b185-2602e9704824.webp\" \/>\n\t<meta property=\"og:image:width\" content=\"1360\" \/>\n\t<meta property=\"og:image:height\" content=\"870\" \/>\n\t<meta property=\"og:image:type\" content=\"image\/webp\" \/>\n<meta name=\"author\" content=\"US6\" \/>\n<meta name=\"twitter:card\" content=\"summary_large_image\" \/>\n<meta name=\"twitter:label1\" content=\"Written by\" \/>\n\t<meta name=\"twitter:data1\" content=\"US6\" \/>\n\t<meta name=\"twitter:label2\" content=\"Est. reading time\" \/>\n\t<meta name=\"twitter:data2\" content=\"2 minutes\" \/>\n<script type=\"application\/ld+json\" class=\"yoast-schema-graph\">{\"@context\":\"https:\/\/schema.org\",\"@graph\":[{\"@type\":\"WebPage\",\"@id\":\"https:\/\/veritasinfo.org\/?p=37817\",\"url\":\"https:\/\/veritasinfo.org\/?p=37817\",\"name\":\"Vdiq filozofi gjerman Habermas, mbrojt\u00ebsi i bombardimeve t\u00eb NATO-s n\u00eb Kosov\u00eb -\",\"isPartOf\":{\"@id\":\"https:\/\/veritasinfo.org\/#website\"},\"primaryImageOfPage\":{\"@id\":\"https:\/\/veritasinfo.org\/?p=37817#primaryimage\"},\"image\":{\"@id\":\"https:\/\/veritasinfo.org\/?p=37817#primaryimage\"},\"thumbnailUrl\":\"https:\/\/veritasinfo.org\/wp-content\/uploads\/2026\/03\/14798571-08f9-4b23-b185-2602e9704824.webp\",\"datePublished\":\"2026-03-14T17:11:16+00:00\",\"author\":{\"@id\":\"https:\/\/veritasinfo.org\/#\/schema\/person\/fe199eede04c3937362892b7444747cc\"},\"breadcrumb\":{\"@id\":\"https:\/\/veritasinfo.org\/?p=37817#breadcrumb\"},\"inLanguage\":\"en-US\",\"potentialAction\":[{\"@type\":\"ReadAction\",\"target\":[\"https:\/\/veritasinfo.org\/?p=37817\"]}]},{\"@type\":\"ImageObject\",\"inLanguage\":\"en-US\",\"@id\":\"https:\/\/veritasinfo.org\/?p=37817#primaryimage\",\"url\":\"https:\/\/veritasinfo.org\/wp-content\/uploads\/2026\/03\/14798571-08f9-4b23-b185-2602e9704824.webp\",\"contentUrl\":\"https:\/\/veritasinfo.org\/wp-content\/uploads\/2026\/03\/14798571-08f9-4b23-b185-2602e9704824.webp\",\"width\":1360,\"height\":870},{\"@type\":\"BreadcrumbList\",\"@id\":\"https:\/\/veritasinfo.org\/?p=37817#breadcrumb\",\"itemListElement\":[{\"@type\":\"ListItem\",\"position\":1,\"name\":\"Home\",\"item\":\"https:\/\/veritasinfo.org\/\"},{\"@type\":\"ListItem\",\"position\":2,\"name\":\"Vdiq filozofi gjerman Habermas, mbrojt\u00ebsi i bombardimeve t\u00eb NATO-s n\u00eb Kosov\u00eb\"}]},{\"@type\":\"WebSite\",\"@id\":\"https:\/\/veritasinfo.org\/#website\",\"url\":\"https:\/\/veritasinfo.org\/\",\"name\":\"\",\"description\":\"\",\"potentialAction\":[{\"@type\":\"SearchAction\",\"target\":{\"@type\":\"EntryPoint\",\"urlTemplate\":\"https:\/\/veritasinfo.org\/?s={search_term_string}\"},\"query-input\":{\"@type\":\"PropertyValueSpecification\",\"valueRequired\":true,\"valueName\":\"search_term_string\"}}],\"inLanguage\":\"en-US\"},{\"@type\":\"Person\",\"@id\":\"https:\/\/veritasinfo.org\/#\/schema\/person\/fe199eede04c3937362892b7444747cc\",\"name\":\"US6\",\"image\":{\"@type\":\"ImageObject\",\"inLanguage\":\"en-US\",\"@id\":\"https:\/\/veritasinfo.org\/#\/schema\/person\/image\/\",\"url\":\"https:\/\/secure.gravatar.com\/avatar\/cb16c3c31c9d23b9b8c705964598220b3014e42ff51eb540ff23cefa3ae8c15f?s=96&d=mm&r=g\",\"contentUrl\":\"https:\/\/secure.gravatar.com\/avatar\/cb16c3c31c9d23b9b8c705964598220b3014e42ff51eb540ff23cefa3ae8c15f?s=96&d=mm&r=g\",\"caption\":\"US6\"},\"url\":\"https:\/\/veritasinfo.org\/?author=7\"}]}<\/script>\n<!-- \/ Yoast SEO plugin. -->","yoast_head_json":{"title":"Vdiq filozofi gjerman Habermas, mbrojt\u00ebsi i bombardimeve t\u00eb NATO-s n\u00eb Kosov\u00eb -","robots":{"index":"index","follow":"follow","max-snippet":"max-snippet:-1","max-image-preview":"max-image-preview:large","max-video-preview":"max-video-preview:-1"},"canonical":"https:\/\/veritasinfo.org\/?p=37817","og_locale":"en_US","og_type":"article","og_title":"Vdiq filozofi gjerman Habermas, mbrojt\u00ebsi i bombardimeve t\u00eb NATO-s n\u00eb Kosov\u00eb -","og_description":"Prishtin\u00eb, 14 mars 2026 18:08 Jurgen Habermas, q\u00eb ishte nj\u00eb prej filozof\u00ebve m\u00eb me ndikim n\u00eb bot\u00eb dhe figur\u00eb ky\u00e7e n\u00eb Gjermani, ka vdekur n\u00eb","og_url":"https:\/\/veritasinfo.org\/?p=37817","article_published_time":"2026-03-14T17:11:16+00:00","og_image":[{"width":1360,"height":870,"url":"https:\/\/veritasinfo.org\/wp-content\/uploads\/2026\/03\/14798571-08f9-4b23-b185-2602e9704824.webp","type":"image\/webp"}],"author":"US6","twitter_card":"summary_large_image","twitter_misc":{"Written by":"US6","Est. reading time":"2 minutes"},"schema":{"@context":"https:\/\/schema.org","@graph":[{"@type":"WebPage","@id":"https:\/\/veritasinfo.org\/?p=37817","url":"https:\/\/veritasinfo.org\/?p=37817","name":"Vdiq filozofi gjerman Habermas, mbrojt\u00ebsi i bombardimeve t\u00eb NATO-s n\u00eb Kosov\u00eb -","isPartOf":{"@id":"https:\/\/veritasinfo.org\/#website"},"primaryImageOfPage":{"@id":"https:\/\/veritasinfo.org\/?p=37817#primaryimage"},"image":{"@id":"https:\/\/veritasinfo.org\/?p=37817#primaryimage"},"thumbnailUrl":"https:\/\/veritasinfo.org\/wp-content\/uploads\/2026\/03\/14798571-08f9-4b23-b185-2602e9704824.webp","datePublished":"2026-03-14T17:11:16+00:00","author":{"@id":"https:\/\/veritasinfo.org\/#\/schema\/person\/fe199eede04c3937362892b7444747cc"},"breadcrumb":{"@id":"https:\/\/veritasinfo.org\/?p=37817#breadcrumb"},"inLanguage":"en-US","potentialAction":[{"@type":"ReadAction","target":["https:\/\/veritasinfo.org\/?p=37817"]}]},{"@type":"ImageObject","inLanguage":"en-US","@id":"https:\/\/veritasinfo.org\/?p=37817#primaryimage","url":"https:\/\/veritasinfo.org\/wp-content\/uploads\/2026\/03\/14798571-08f9-4b23-b185-2602e9704824.webp","contentUrl":"https:\/\/veritasinfo.org\/wp-content\/uploads\/2026\/03\/14798571-08f9-4b23-b185-2602e9704824.webp","width":1360,"height":870},{"@type":"BreadcrumbList","@id":"https:\/\/veritasinfo.org\/?p=37817#breadcrumb","itemListElement":[{"@type":"ListItem","position":1,"name":"Home","item":"https:\/\/veritasinfo.org\/"},{"@type":"ListItem","position":2,"name":"Vdiq filozofi gjerman Habermas, mbrojt\u00ebsi i bombardimeve t\u00eb NATO-s n\u00eb Kosov\u00eb"}]},{"@type":"WebSite","@id":"https:\/\/veritasinfo.org\/#website","url":"https:\/\/veritasinfo.org\/","name":"","description":"","potentialAction":[{"@type":"SearchAction","target":{"@type":"EntryPoint","urlTemplate":"https:\/\/veritasinfo.org\/?s={search_term_string}"},"query-input":{"@type":"PropertyValueSpecification","valueRequired":true,"valueName":"search_term_string"}}],"inLanguage":"en-US"},{"@type":"Person","@id":"https:\/\/veritasinfo.org\/#\/schema\/person\/fe199eede04c3937362892b7444747cc","name":"US6","image":{"@type":"ImageObject","inLanguage":"en-US","@id":"https:\/\/veritasinfo.org\/#\/schema\/person\/image\/","url":"https:\/\/secure.gravatar.com\/avatar\/cb16c3c31c9d23b9b8c705964598220b3014e42ff51eb540ff23cefa3ae8c15f?s=96&d=mm&r=g","contentUrl":"https:\/\/secure.gravatar.com\/avatar\/cb16c3c31c9d23b9b8c705964598220b3014e42ff51eb540ff23cefa3ae8c15f?s=96&d=mm&r=g","caption":"US6"},"url":"https:\/\/veritasinfo.org\/?author=7"}]}},"featured_image_urls":{"full":["https:\/\/veritasinfo.org\/wp-content\/uploads\/2026\/03\/14798571-08f9-4b23-b185-2602e9704824.webp",1360,870,false],"thumbnail":["https:\/\/veritasinfo.org\/wp-content\/uploads\/2026\/03\/14798571-08f9-4b23-b185-2602e9704824-150x150.webp",150,150,true],"medium":["https:\/\/veritasinfo.org\/wp-content\/uploads\/2026\/03\/14798571-08f9-4b23-b185-2602e9704824-300x192.webp",300,192,true],"medium_large":["https:\/\/veritasinfo.org\/wp-content\/uploads\/2026\/03\/14798571-08f9-4b23-b185-2602e9704824-768x491.webp",640,409,true],"large":["https:\/\/veritasinfo.org\/wp-content\/uploads\/2026\/03\/14798571-08f9-4b23-b185-2602e9704824-1024x655.webp",640,409,true],"1536x1536":["https:\/\/veritasinfo.org\/wp-content\/uploads\/2026\/03\/14798571-08f9-4b23-b185-2602e9704824.webp",1360,870,false],"2048x2048":["https:\/\/veritasinfo.org\/wp-content\/uploads\/2026\/03\/14798571-08f9-4b23-b185-2602e9704824.webp",1360,870,false],"kreeti-slider-full":["https:\/\/veritasinfo.org\/wp-content\/uploads\/2026\/03\/14798571-08f9-4b23-b185-2602e9704824.webp",1126,720,false],"kreeti-featured":["https:\/\/veritasinfo.org\/wp-content\/uploads\/2026\/03\/14798571-08f9-4b23-b185-2602e9704824.webp",1024,655,false],"kreeti-medium":["https:\/\/veritasinfo.org\/wp-content\/uploads\/2026\/03\/14798571-08f9-4b23-b185-2602e9704824.webp",720,461,false],"kreeti-medium-square":["https:\/\/veritasinfo.org\/wp-content\/uploads\/2026\/03\/14798571-08f9-4b23-b185-2602e9704824.webp",350,224,false]},"author_info":{"info":["US6"]},"category_info":"<a href=\"https:\/\/veritasinfo.org\/?cat=72\" rel=\"category\">Bota<\/a>","tag_info":"Bota","comment_count":"0","_links":{"self":[{"href":"https:\/\/veritasinfo.org\/index.php?rest_route=\/wp\/v2\/posts\/37817","targetHints":{"allow":["GET"]}}],"collection":[{"href":"https:\/\/veritasinfo.org\/index.php?rest_route=\/wp\/v2\/posts"}],"about":[{"href":"https:\/\/veritasinfo.org\/index.php?rest_route=\/wp\/v2\/types\/post"}],"author":[{"embeddable":true,"href":"https:\/\/veritasinfo.org\/index.php?rest_route=\/wp\/v2\/users\/7"}],"replies":[{"embeddable":true,"href":"https:\/\/veritasinfo.org\/index.php?rest_route=%2Fwp%2Fv2%2Fcomments&post=37817"}],"version-history":[{"count":1,"href":"https:\/\/veritasinfo.org\/index.php?rest_route=\/wp\/v2\/posts\/37817\/revisions"}],"predecessor-version":[{"id":37819,"href":"https:\/\/veritasinfo.org\/index.php?rest_route=\/wp\/v2\/posts\/37817\/revisions\/37819"}],"wp:featuredmedia":[{"embeddable":true,"href":"https:\/\/veritasinfo.org\/index.php?rest_route=\/wp\/v2\/media\/37818"}],"wp:attachment":[{"href":"https:\/\/veritasinfo.org\/index.php?rest_route=%2Fwp%2Fv2%2Fmedia&parent=37817"}],"wp:term":[{"taxonomy":"category","embeddable":true,"href":"https:\/\/veritasinfo.org\/index.php?rest_route=%2Fwp%2Fv2%2Fcategories&post=37817"},{"taxonomy":"post_tag","embeddable":true,"href":"https:\/\/veritasinfo.org\/index.php?rest_route=%2Fwp%2Fv2%2Ftags&post=37817"}],"curies":[{"name":"wp","href":"https:\/\/api.w.org\/{rel}","templated":true}]}}