{"id":3781,"date":"2025-07-14T17:54:55","date_gmt":"2025-07-14T15:54:55","guid":{"rendered":"https:\/\/veritasinfo.org\/?p=3781"},"modified":"2025-07-14T17:56:44","modified_gmt":"2025-07-14T15:56:44","slug":"3781","status":"publish","type":"post","link":"https:\/\/veritasinfo.org\/?p=3781&lang=sr","title":{"rendered":"STRK tvrdi da je potvr\u0111eno da je Fili\u0107 bio aktivni u\u010desnik u nestanku doktora Hafira \u0160ale, dok odbrana tvrdi suprotno"},"content":{"rendered":"<p>Pri\u0161tina, 14.07.2025<\/p>\n<p>U zavr\u0161noj re\u010di u ponedeljak u Osnovnom sudu u Pri\u0161tini, tu\u017eilac Kastriot Memaj izjavio je da su dokazi potvrdili da je optu\u017eeni za ratne zlo\u010dine Slavisha Fili\u0107 bio aktivni u\u010desnik u nestanku doktora Hafira \u0160ale. Odbrana optu\u017eenog, advokatica Milka Milosavljevi\u0107, tvrdila je da krivica Fili\u0107a nije dokazana.<\/p>\n<p>Na ovom ro\u010di\u0161tu, tu\u017eilac Memaj je rekao da se pred ovim sudom razmatra predmet od izuzetne va\u017enosti, koji ne samo da zadire u temelje pravnog poretka, ve\u0107 ide u sr\u017e univerzalnih vrednosti ljudskih prava i ljudskog dostojanstva, prenosi \u201eBetimi p\u00ebr Drejt\u00ebsi\u201c (Zavet za pravdu).<\/p>\n<p>On je rekao da je tokom ovog sudskog postupka, Specijalno tu\u017eila\u0161tvo Republike Kosovo (STRK) iznelo dokaze koji koherentno potvr\u0111uju da je optu\u017eeni, kao sau\u010desnik, aktivno u\u010destvovao u proizvoljnom pritvaranju, zlostavljanju i nestanku doktora Hafira \u0160ale, 10. aprila 1998. godine.<\/p>\n<p>Tu\u017eilac je naglasio da su iskazi o\u010devidaca jasni, verodostojni i u potpunoj saglasnosti sa drugim materijalnim dokazima, te da, u okviru odmjeravanja kazne, tu\u017eila\u0161tvo smatra da postoji visok stepen namere i predumi\u0161ljaja.<\/p>\n<p>\u201eRadnje optu\u017eenog su izvr\u0161ene u saradnji i u okviru represivne dr\u017eavne strukture. Posledice krivi\u010dnog dela su te\u0161ke i nepovratne, i ne postoji nijedna olak\u0161avaju\u0107a okolnost za optu\u017eenog, tim pre \u0161to se optu\u017eeni i dalje nalazi u bekstvu\u201c, rekao je tu\u017eilac Memaj.<\/p>\n<p>Tu\u017eilac Memaj je predlo\u017eio sudu da proglasi optu\u017eenog Fili\u0107a krivim za krivi\u010dno delo \u201eRatni zlo\u010din protiv civilnog stanovni\u0161tva\u201c i da mu izrekne kaznu u skladu sa prirodom i visokom opasno\u0161\u0107u dela, kao i u skladu sa svrhom ka\u017enjavanja, kako sa individualnog, tako i sa op\u0161teg aspekta.<\/p>\n<p>S druge strane, punomo\u0107nik o\u0161te\u0107ene strane, advokat Kujtim K\u00ebrveshi, rekao je da je iz iskaza svih svedoka koji su svedo\u010dili potvr\u0111eno van svake razumne sumnje da je optu\u017eeni Slavisha Fili\u0107 na kriti\u010dni dan kidnapovao \u017ertvu Hafira \u0160alu, bez ikakvog naloga.<\/p>\n<p>K\u00ebrveshi je istakao da je posebno upe\u010datljiva \u010dinjenica uloga i okolnosti pod kojima Crveni krst nije dozvolio jednom svedoku \u2013 Sebastianu Gricourtu \u2013 da bude oslobo\u0111en funkcionalnog imuniteta i da svedo\u010di, ali da se to pitanje mora razmatrati od strane drugih nadle\u017enih organa.<\/p>\n<p>Podr\u017eavaju\u0107i optu\u017enicu STRK K\u00ebrveshi je predlo\u017eio sudu da optu\u017eenog Fili\u0107a proglasi krivim i kazni ga u skladu sa zakonom.<\/p>\n<p>Odbrana optu\u017eenog, advokatica Milka Milosavljevi\u0107, tvrdila je da nije iznet nijedan verodostojan dokaz koji bi van svake razumne sumnje potvrdio da je optu\u017eeni Fili\u0107 po\u010dinio krivi\u010dno delo za koje se tereti.<\/p>\n<p>Rekla je da ne postoje direktni dokazi da je optu\u017eeni konkretno u\u010destvovao u ovom doga\u0111aju \u2013 nema fotografija, zapisnika komunikacije niti verodostojnih identifikacija, ve\u0107 samo osnovana sumnja, a sumnja nije dokaz.<\/p>\n<p>\u201e\u2026 Osnovana sumnja jeste osnova za istragu, ali ne i za su\u0111enje\u201c, rekla je advokatica Milosavljevi\u0107.<\/p>\n<p>Milosavljevi\u0107 je pozvala sud da, u skladu sa KPRK-om i me\u0111unarodnim standardima, na pravi\u010dan i korektan na\u010din donese osloba\u0111aju\u0107u presudu, jer krivica njenog branjenika pred ovim sudom nije dokazana.<\/p>\n<p>Ina\u010de, 15. septembra 2023. godine, Specijalno tu\u017eila\u0161tvo Republike Kosovo je podiglo optu\u017enicu u odsustvu protiv Slavi\u0161e Fili\u0107a, koji se tereti da je, kao pripadnik Dr\u017eavne bezbednosti Srbije, zajedno sa jo\u0161 dva za sada neidentifikovana slu\u017ebenika, 10. aprila 1998. godine zaustavio vozilo u Drenasu u kojem su se nalazili Hetem Sinani, \u0160aban Haziraj i Hafir \u0160ala, te su ih legitimisali.<\/p>\n<p>Optu\u017enica navodi da su optu\u017eeni Fili\u0107 i dva druga slu\u017ebenika (sva trojica u civilnoj ode\u0107i) uzeli doktora \u0160alu i odveli ga u objekat Dr\u017eavne bezbednosti u Pri\u0161tini, gde je bio pretu\u010den i mu\u010den, a od tog dana mu se gubi svaki trag.<\/p>\n<p>Zbog ovih radnji, Fili\u0107 se tereti za krivi\u010dno delo \u201eRatni zlo\u010dini protiv civilnog stanovni\u0161tva\u201c po \u010dlanu 142 u vezi sa \u010dlanom 22 Krivi\u010dnog zakona Socijalisti\u010dke Federativne Republike Jugoslavije.<\/p>\n<p>\/Betimi p\u00ebr Drejt\u00ebsi<\/p>\n","protected":false},"excerpt":{"rendered":"<p>Pri\u0161tina, 14.07.2025 U zavr\u0161noj re\u010di u ponedeljak u Osnovnom sudu u Pri\u0161tini, tu\u017eilac Kastriot Memaj izjavio je da su dokazi potvrdili da je optu\u017eeni za<\/p>\n","protected":false},"author":1,"featured_media":3779,"comment_status":"open","ping_status":"open","sticky":false,"template":"","format":"standard","meta":{"footnotes":""},"categories":[30],"tags":[],"class_list":["post-3781","post","type-post","status-publish","format-standard","has-post-thumbnail","hentry","category-drustvo"],"yoast_head":"<!-- This site is optimized with the Yoast SEO plugin v25.3.1 - https:\/\/yoast.com\/wordpress\/plugins\/seo\/ -->\n<title>STRK tvrdi da je potvr\u0111eno da je Fili\u0107 bio aktivni u\u010desnik u nestanku doktora Hafira \u0160ale, dok odbrana tvrdi suprotno -<\/title>\n<meta name=\"robots\" content=\"index, follow, max-snippet:-1, max-image-preview:large, max-video-preview:-1\" \/>\n<link rel=\"canonical\" href=\"https:\/\/veritasinfo.org\/?p=3781&lang=sr\" \/>\n<meta property=\"og:locale\" content=\"en_US\" \/>\n<meta property=\"og:type\" content=\"article\" \/>\n<meta property=\"og:title\" content=\"STRK tvrdi da je potvr\u0111eno da je Fili\u0107 bio aktivni u\u010desnik u nestanku doktora Hafira \u0160ale, dok odbrana tvrdi suprotno -\" \/>\n<meta property=\"og:description\" content=\"Pri\u0161tina, 14.07.2025 U zavr\u0161noj re\u010di u ponedeljak u Osnovnom sudu u Pri\u0161tini, tu\u017eilac Kastriot Memaj izjavio je da su dokazi potvrdili da je optu\u017eeni za\" \/>\n<meta property=\"og:url\" content=\"https:\/\/veritasinfo.org\/?p=3781&amp;lang=sr\" \/>\n<meta property=\"article:published_time\" content=\"2025-07-14T15:54:55+00:00\" \/>\n<meta property=\"article:modified_time\" content=\"2025-07-14T15:56:44+00:00\" \/>\n<meta property=\"og:image\" content=\"https:\/\/veritasinfo.org\/wp-content\/uploads\/2025\/07\/IMG_2061.jpeg\" \/>\n\t<meta property=\"og:image:width\" content=\"2048\" \/>\n\t<meta property=\"og:image:height\" content=\"1213\" \/>\n\t<meta property=\"og:image:type\" content=\"image\/jpeg\" \/>\n<meta name=\"author\" content=\"admin\" \/>\n<meta name=\"twitter:card\" content=\"summary_large_image\" \/>\n<meta name=\"twitter:label1\" content=\"Written by\" \/>\n\t<meta name=\"twitter:data1\" content=\"admin\" \/>\n\t<meta name=\"twitter:label2\" content=\"Est. reading time\" \/>\n\t<meta name=\"twitter:data2\" content=\"3 minutes\" \/>\n<script type=\"application\/ld+json\" class=\"yoast-schema-graph\">{\"@context\":\"https:\/\/schema.org\",\"@graph\":[{\"@type\":\"WebPage\",\"@id\":\"https:\/\/veritasinfo.org\/?p=3781&lang=sr\",\"url\":\"https:\/\/veritasinfo.org\/?p=3781&lang=sr\",\"name\":\"STRK tvrdi da je potvr\u0111eno da je Fili\u0107 bio aktivni u\u010desnik u nestanku doktora Hafira \u0160ale, dok odbrana tvrdi suprotno -\",\"isPartOf\":{\"@id\":\"https:\/\/veritasinfo.org\/#website\"},\"primaryImageOfPage\":{\"@id\":\"https:\/\/veritasinfo.org\/?p=3781&lang=sr#primaryimage\"},\"image\":{\"@id\":\"https:\/\/veritasinfo.org\/?p=3781&lang=sr#primaryimage\"},\"thumbnailUrl\":\"https:\/\/veritasinfo.org\/wp-content\/uploads\/2025\/07\/IMG_2061.jpeg\",\"datePublished\":\"2025-07-14T15:54:55+00:00\",\"dateModified\":\"2025-07-14T15:56:44+00:00\",\"author\":{\"@id\":\"https:\/\/veritasinfo.org\/#\/schema\/person\/7701f8c088bece422266b100a712374f\"},\"breadcrumb\":{\"@id\":\"https:\/\/veritasinfo.org\/?p=3781&lang=sr#breadcrumb\"},\"inLanguage\":\"en-US\",\"potentialAction\":[{\"@type\":\"ReadAction\",\"target\":[\"https:\/\/veritasinfo.org\/?p=3781&lang=sr\"]}]},{\"@type\":\"ImageObject\",\"inLanguage\":\"en-US\",\"@id\":\"https:\/\/veritasinfo.org\/?p=3781&lang=sr#primaryimage\",\"url\":\"https:\/\/veritasinfo.org\/wp-content\/uploads\/2025\/07\/IMG_2061.jpeg\",\"contentUrl\":\"https:\/\/veritasinfo.org\/wp-content\/uploads\/2025\/07\/IMG_2061.jpeg\",\"width\":2048,\"height\":1213},{\"@type\":\"BreadcrumbList\",\"@id\":\"https:\/\/veritasinfo.org\/?p=3781&lang=sr#breadcrumb\",\"itemListElement\":[{\"@type\":\"ListItem\",\"position\":1,\"name\":\"Home\",\"item\":\"https:\/\/veritasinfo.org\/\"},{\"@type\":\"ListItem\",\"position\":2,\"name\":\"STRK tvrdi da je potvr\u0111eno da je Fili\u0107 bio aktivni u\u010desnik u nestanku doktora Hafira \u0160ale, dok odbrana tvrdi suprotno\"}]},{\"@type\":\"WebSite\",\"@id\":\"https:\/\/veritasinfo.org\/#website\",\"url\":\"https:\/\/veritasinfo.org\/\",\"name\":\"\",\"description\":\"\",\"potentialAction\":[{\"@type\":\"SearchAction\",\"target\":{\"@type\":\"EntryPoint\",\"urlTemplate\":\"https:\/\/veritasinfo.org\/?s={search_term_string}\"},\"query-input\":{\"@type\":\"PropertyValueSpecification\",\"valueRequired\":true,\"valueName\":\"search_term_string\"}}],\"inLanguage\":\"en-US\"},{\"@type\":\"Person\",\"@id\":\"https:\/\/veritasinfo.org\/#\/schema\/person\/7701f8c088bece422266b100a712374f\",\"name\":\"admin\",\"image\":{\"@type\":\"ImageObject\",\"inLanguage\":\"en-US\",\"@id\":\"https:\/\/veritasinfo.org\/#\/schema\/person\/image\/\",\"url\":\"https:\/\/secure.gravatar.com\/avatar\/ea53aa3bf6c9a12d5fde8ce4deff43fef3885ae33cf60184161a50d6987cfd2f?s=96&d=mm&r=g\",\"contentUrl\":\"https:\/\/secure.gravatar.com\/avatar\/ea53aa3bf6c9a12d5fde8ce4deff43fef3885ae33cf60184161a50d6987cfd2f?s=96&d=mm&r=g\",\"caption\":\"admin\"},\"sameAs\":[\"https:\/\/veritasinfo.org\"],\"url\":\"https:\/\/veritasinfo.org\/?author=1\"}]}<\/script>\n<!-- \/ Yoast SEO plugin. -->","yoast_head_json":{"title":"STRK tvrdi da je potvr\u0111eno da je Fili\u0107 bio aktivni u\u010desnik u nestanku doktora Hafira \u0160ale, dok odbrana tvrdi suprotno -","robots":{"index":"index","follow":"follow","max-snippet":"max-snippet:-1","max-image-preview":"max-image-preview:large","max-video-preview":"max-video-preview:-1"},"canonical":"https:\/\/veritasinfo.org\/?p=3781&lang=sr","og_locale":"en_US","og_type":"article","og_title":"STRK tvrdi da je potvr\u0111eno da je Fili\u0107 bio aktivni u\u010desnik u nestanku doktora Hafira \u0160ale, dok odbrana tvrdi suprotno -","og_description":"Pri\u0161tina, 14.07.2025 U zavr\u0161noj re\u010di u ponedeljak u Osnovnom sudu u Pri\u0161tini, tu\u017eilac Kastriot Memaj izjavio je da su dokazi potvrdili da je optu\u017eeni za","og_url":"https:\/\/veritasinfo.org\/?p=3781&lang=sr","article_published_time":"2025-07-14T15:54:55+00:00","article_modified_time":"2025-07-14T15:56:44+00:00","og_image":[{"width":2048,"height":1213,"url":"https:\/\/veritasinfo.org\/wp-content\/uploads\/2025\/07\/IMG_2061.jpeg","type":"image\/jpeg"}],"author":"admin","twitter_card":"summary_large_image","twitter_misc":{"Written by":"admin","Est. reading time":"3 minutes"},"schema":{"@context":"https:\/\/schema.org","@graph":[{"@type":"WebPage","@id":"https:\/\/veritasinfo.org\/?p=3781&lang=sr","url":"https:\/\/veritasinfo.org\/?p=3781&lang=sr","name":"STRK tvrdi da je potvr\u0111eno da je Fili\u0107 bio aktivni u\u010desnik u nestanku doktora Hafira \u0160ale, dok odbrana tvrdi suprotno -","isPartOf":{"@id":"https:\/\/veritasinfo.org\/#website"},"primaryImageOfPage":{"@id":"https:\/\/veritasinfo.org\/?p=3781&lang=sr#primaryimage"},"image":{"@id":"https:\/\/veritasinfo.org\/?p=3781&lang=sr#primaryimage"},"thumbnailUrl":"https:\/\/veritasinfo.org\/wp-content\/uploads\/2025\/07\/IMG_2061.jpeg","datePublished":"2025-07-14T15:54:55+00:00","dateModified":"2025-07-14T15:56:44+00:00","author":{"@id":"https:\/\/veritasinfo.org\/#\/schema\/person\/7701f8c088bece422266b100a712374f"},"breadcrumb":{"@id":"https:\/\/veritasinfo.org\/?p=3781&lang=sr#breadcrumb"},"inLanguage":"en-US","potentialAction":[{"@type":"ReadAction","target":["https:\/\/veritasinfo.org\/?p=3781&lang=sr"]}]},{"@type":"ImageObject","inLanguage":"en-US","@id":"https:\/\/veritasinfo.org\/?p=3781&lang=sr#primaryimage","url":"https:\/\/veritasinfo.org\/wp-content\/uploads\/2025\/07\/IMG_2061.jpeg","contentUrl":"https:\/\/veritasinfo.org\/wp-content\/uploads\/2025\/07\/IMG_2061.jpeg","width":2048,"height":1213},{"@type":"BreadcrumbList","@id":"https:\/\/veritasinfo.org\/?p=3781&lang=sr#breadcrumb","itemListElement":[{"@type":"ListItem","position":1,"name":"Home","item":"https:\/\/veritasinfo.org\/"},{"@type":"ListItem","position":2,"name":"STRK tvrdi da je potvr\u0111eno da je Fili\u0107 bio aktivni u\u010desnik u nestanku doktora Hafira \u0160ale, dok odbrana tvrdi suprotno"}]},{"@type":"WebSite","@id":"https:\/\/veritasinfo.org\/#website","url":"https:\/\/veritasinfo.org\/","name":"","description":"","potentialAction":[{"@type":"SearchAction","target":{"@type":"EntryPoint","urlTemplate":"https:\/\/veritasinfo.org\/?s={search_term_string}"},"query-input":{"@type":"PropertyValueSpecification","valueRequired":true,"valueName":"search_term_string"}}],"inLanguage":"en-US"},{"@type":"Person","@id":"https:\/\/veritasinfo.org\/#\/schema\/person\/7701f8c088bece422266b100a712374f","name":"admin","image":{"@type":"ImageObject","inLanguage":"en-US","@id":"https:\/\/veritasinfo.org\/#\/schema\/person\/image\/","url":"https:\/\/secure.gravatar.com\/avatar\/ea53aa3bf6c9a12d5fde8ce4deff43fef3885ae33cf60184161a50d6987cfd2f?s=96&d=mm&r=g","contentUrl":"https:\/\/secure.gravatar.com\/avatar\/ea53aa3bf6c9a12d5fde8ce4deff43fef3885ae33cf60184161a50d6987cfd2f?s=96&d=mm&r=g","caption":"admin"},"sameAs":["https:\/\/veritasinfo.org"],"url":"https:\/\/veritasinfo.org\/?author=1"}]}},"featured_image_urls":{"full":["https:\/\/veritasinfo.org\/wp-content\/uploads\/2025\/07\/IMG_2061.jpeg",2048,1213,false],"thumbnail":["https:\/\/veritasinfo.org\/wp-content\/uploads\/2025\/07\/IMG_2061-150x150.jpeg",150,150,true],"medium":["https:\/\/veritasinfo.org\/wp-content\/uploads\/2025\/07\/IMG_2061-300x178.jpeg",300,178,true],"medium_large":["https:\/\/veritasinfo.org\/wp-content\/uploads\/2025\/07\/IMG_2061-768x455.jpeg",640,379,true],"large":["https:\/\/veritasinfo.org\/wp-content\/uploads\/2025\/07\/IMG_2061-1024x607.jpeg",640,379,true],"1536x1536":["https:\/\/veritasinfo.org\/wp-content\/uploads\/2025\/07\/IMG_2061-1536x910.jpeg",1536,910,true],"2048x2048":["https:\/\/veritasinfo.org\/wp-content\/uploads\/2025\/07\/IMG_2061.jpeg",2048,1213,false],"kreeti-slider-full":["https:\/\/veritasinfo.org\/wp-content\/uploads\/2025\/07\/IMG_2061.jpeg",1216,720,false],"kreeti-featured":["https:\/\/veritasinfo.org\/wp-content\/uploads\/2025\/07\/IMG_2061.jpeg",1024,607,false],"kreeti-medium":["https:\/\/veritasinfo.org\/wp-content\/uploads\/2025\/07\/IMG_2061.jpeg",720,426,false],"kreeti-medium-square":["https:\/\/veritasinfo.org\/wp-content\/uploads\/2025\/07\/IMG_2061.jpeg",350,207,false]},"author_info":{"info":["admin"]},"category_info":"<a href=\"https:\/\/veritasinfo.org\/?cat=30&#038;lang=sr\" rel=\"category\">Dru\u0161tvo<\/a>","tag_info":"Dru\u0161tvo","comment_count":"0","_links":{"self":[{"href":"https:\/\/veritasinfo.org\/index.php?rest_route=\/wp\/v2\/posts\/3781","targetHints":{"allow":["GET"]}}],"collection":[{"href":"https:\/\/veritasinfo.org\/index.php?rest_route=\/wp\/v2\/posts"}],"about":[{"href":"https:\/\/veritasinfo.org\/index.php?rest_route=\/wp\/v2\/types\/post"}],"author":[{"embeddable":true,"href":"https:\/\/veritasinfo.org\/index.php?rest_route=\/wp\/v2\/users\/1"}],"replies":[{"embeddable":true,"href":"https:\/\/veritasinfo.org\/index.php?rest_route=%2Fwp%2Fv2%2Fcomments&post=3781"}],"version-history":[{"count":2,"href":"https:\/\/veritasinfo.org\/index.php?rest_route=\/wp\/v2\/posts\/3781\/revisions"}],"predecessor-version":[{"id":3783,"href":"https:\/\/veritasinfo.org\/index.php?rest_route=\/wp\/v2\/posts\/3781\/revisions\/3783"}],"wp:featuredmedia":[{"embeddable":true,"href":"https:\/\/veritasinfo.org\/index.php?rest_route=\/wp\/v2\/media\/3779"}],"wp:attachment":[{"href":"https:\/\/veritasinfo.org\/index.php?rest_route=%2Fwp%2Fv2%2Fmedia&parent=3781"}],"wp:term":[{"taxonomy":"category","embeddable":true,"href":"https:\/\/veritasinfo.org\/index.php?rest_route=%2Fwp%2Fv2%2Fcategories&post=3781"},{"taxonomy":"post_tag","embeddable":true,"href":"https:\/\/veritasinfo.org\/index.php?rest_route=%2Fwp%2Fv2%2Ftags&post=3781"}],"curies":[{"name":"wp","href":"https:\/\/api.w.org\/{rel}","templated":true}]}}