{"id":37803,"date":"2026-03-14T15:42:33","date_gmt":"2026-03-14T14:42:33","guid":{"rendered":"https:\/\/veritasinfo.org\/?p=37803"},"modified":"2026-03-14T15:42:33","modified_gmt":"2026-03-14T14:42:33","slug":"komandanti-i-kfor-it-perserit-thirrjen-serbia-te-luaje-rolin-e-vet-ne-pergjegjesine-per-banjsken","status":"publish","type":"post","link":"https:\/\/veritasinfo.org\/?p=37803","title":{"rendered":"Komandanti i KFOR-it p\u00ebrs\u00ebrit thirrjen: Serbia t\u00eb luaj\u00eb rolin e vet n\u00eb p\u00ebrgjegj\u00ebsin\u00eb p\u00ebr Banjsk\u00ebn"},"content":{"rendered":"<p>Prishtin\u00eb 14 Mars 2026 15:41<\/p>\n<p>Komandanti i KFOR-it, gjeneralmajori Ozkan Ulutash, ka th\u00ebn\u00eb se shtetet an\u00ebtare t\u00eb NATO-s jan\u00eb ende t\u00eb shqet\u00ebsuara p\u00ebr dhun\u00ebn q\u00eb ndodhi n\u00eb vitin 2023 n\u00eb Banjsk\u00eb dhe Zve\u00e7an, teksa p\u00ebrs\u00ebriti thirrjen e Sekretarit t\u00eb NATO-s se ato presin q\u00eb autoritetet serbe \u201ct\u00eb luajn\u00eb rolin e tyre\u201d n\u00eb k\u00ebt\u00eb \u00e7\u00ebshtje. <\/p>\n<p>P\u00ebr mediat serbe ai ka th\u00ebn\u00eb se situata e siguris\u00eb n\u00eb Kosov\u00eb \u00ebsht\u00eb paq\u00ebsore dhe nuk theksoi ndryshime nga viti 2023, prej rastit n\u00eb Banjsk\u00eb dhe protestave t\u00eb dhunshme t\u00eb serb\u00ebve n\u00eb veri. <\/p>\n<p>Mb\u00ebshtete KOH\u00cbN. Ruaje t\u00eb v\u00ebrtet\u00ebn.<br \/>\nGazetaria profesionale \u00ebsht\u00eb interes publik. Mb\u00ebshtetja juaj ndihmon q\u00eb ajo t\u00eb mbetet e pavarur dhe e besueshme. Kontribuoni edhe ju. 1 euro e b\u00ebn dallimin.<\/p>\n<p>\u201cNuk kam v\u00ebrejtur ndryshim t\u00eb theksuar, por situata \u00ebsht\u00eb ende e ndjeshme, q\u00eb \u00ebsht\u00eb rezultat i problemeve t\u00eb pazgjidhura\u201d, ka th\u00ebn\u00eb ai, transmeton Danas. <\/p>\n<p>Sipas tij, kur thuhet se situata \u00ebsht\u00eb e ndjeshme n\u00ebnkupton se \u00ebsht\u00eb mjedis i sigurt, por se tensionet politike nuk jan\u00eb zhdukur. <\/p>\n<p>Sa i p\u00ebrket bashk\u00ebpunimit ushtarak mes Kosov\u00ebs, Kroacis\u00eb dhe Shqip\u00ebris\u00eb, Ulutash ka th\u00ebn\u00eb se transformimi i Forc\u00ebs s\u00eb Siguris\u00eb s\u00eb Kosov\u00ebs filloi m\u00eb 2014 dhe e ka mb\u00ebshtetjen e shum\u00eb shteteve. <\/p>\n<p>\u201cAn\u00ebtar\u00ebsimi n\u00eb NATO nuk i parandalon an\u00ebtar\u00ebt e aleanc\u00ebs t\u00eb implementojn\u00eb marr\u00ebveshje shtes\u00eb n\u00eb bashk\u00ebpunim, p\u00ebrfshir\u00eb st\u00ebrvitjet ushtarake\u201d, theksoi ai. <\/p>\n","protected":false},"excerpt":{"rendered":"<p>Prishtin\u00eb 14 Mars 2026 15:41 Komandanti i KFOR-it, gjeneralmajori Ozkan Ulutash, ka th\u00ebn\u00eb se shtetet an\u00ebtare t\u00eb NATO-s jan\u00eb ende t\u00eb shqet\u00ebsuara p\u00ebr dhun\u00ebn q\u00eb<\/p>\n","protected":false},"author":6,"featured_media":37804,"comment_status":"open","ping_status":"open","sticky":false,"template":"","format":"standard","meta":{"footnotes":""},"categories":[109],"tags":[],"class_list":["post-37803","post","type-post","status-publish","format-standard","has-post-thumbnail","hentry","category-siguri"],"yoast_head":"<!-- This site is optimized with the Yoast SEO plugin v25.3.1 - https:\/\/yoast.com\/wordpress\/plugins\/seo\/ -->\n<title>Komandanti i KFOR-it p\u00ebrs\u00ebrit thirrjen: Serbia t\u00eb luaj\u00eb rolin e vet n\u00eb p\u00ebrgjegj\u00ebsin\u00eb p\u00ebr Banjsk\u00ebn -<\/title>\n<meta name=\"robots\" content=\"index, follow, max-snippet:-1, max-image-preview:large, max-video-preview:-1\" \/>\n<link rel=\"canonical\" href=\"https:\/\/veritasinfo.org\/?p=37803\" \/>\n<meta property=\"og:locale\" content=\"en_US\" \/>\n<meta property=\"og:type\" content=\"article\" \/>\n<meta property=\"og:title\" content=\"Komandanti i KFOR-it p\u00ebrs\u00ebrit thirrjen: Serbia t\u00eb luaj\u00eb rolin e vet n\u00eb p\u00ebrgjegj\u00ebsin\u00eb p\u00ebr Banjsk\u00ebn -\" \/>\n<meta property=\"og:description\" content=\"Prishtin\u00eb 14 Mars 2026 15:41 Komandanti i KFOR-it, gjeneralmajori Ozkan Ulutash, ka th\u00ebn\u00eb se shtetet an\u00ebtare t\u00eb NATO-s jan\u00eb ende t\u00eb shqet\u00ebsuara p\u00ebr dhun\u00ebn q\u00eb\" \/>\n<meta property=\"og:url\" content=\"https:\/\/veritasinfo.org\/?p=37803\" \/>\n<meta property=\"article:published_time\" content=\"2026-03-14T14:42:33+00:00\" \/>\n<meta property=\"og:image\" content=\"https:\/\/veritasinfo.org\/wp-content\/uploads\/2026\/03\/07453735-6371-44da-b876-f90191da9136.webp\" \/>\n\t<meta property=\"og:image:width\" content=\"1066\" \/>\n\t<meta property=\"og:image:height\" content=\"678\" \/>\n\t<meta property=\"og:image:type\" content=\"image\/webp\" \/>\n<meta name=\"author\" content=\"US5\" \/>\n<meta name=\"twitter:card\" content=\"summary_large_image\" \/>\n<meta name=\"twitter:label1\" content=\"Written by\" \/>\n\t<meta name=\"twitter:data1\" content=\"US5\" \/>\n\t<meta name=\"twitter:label2\" content=\"Est. reading time\" \/>\n\t<meta name=\"twitter:data2\" content=\"2 minutes\" \/>\n<script type=\"application\/ld+json\" class=\"yoast-schema-graph\">{\"@context\":\"https:\/\/schema.org\",\"@graph\":[{\"@type\":\"WebPage\",\"@id\":\"https:\/\/veritasinfo.org\/?p=37803\",\"url\":\"https:\/\/veritasinfo.org\/?p=37803\",\"name\":\"Komandanti i KFOR-it p\u00ebrs\u00ebrit thirrjen: Serbia t\u00eb luaj\u00eb rolin e vet n\u00eb p\u00ebrgjegj\u00ebsin\u00eb p\u00ebr Banjsk\u00ebn -\",\"isPartOf\":{\"@id\":\"https:\/\/veritasinfo.org\/#website\"},\"primaryImageOfPage\":{\"@id\":\"https:\/\/veritasinfo.org\/?p=37803#primaryimage\"},\"image\":{\"@id\":\"https:\/\/veritasinfo.org\/?p=37803#primaryimage\"},\"thumbnailUrl\":\"https:\/\/veritasinfo.org\/wp-content\/uploads\/2026\/03\/07453735-6371-44da-b876-f90191da9136.webp\",\"datePublished\":\"2026-03-14T14:42:33+00:00\",\"author\":{\"@id\":\"https:\/\/veritasinfo.org\/#\/schema\/person\/bc442336e35414d04494ab8fb45db4c6\"},\"breadcrumb\":{\"@id\":\"https:\/\/veritasinfo.org\/?p=37803#breadcrumb\"},\"inLanguage\":\"en-US\",\"potentialAction\":[{\"@type\":\"ReadAction\",\"target\":[\"https:\/\/veritasinfo.org\/?p=37803\"]}]},{\"@type\":\"ImageObject\",\"inLanguage\":\"en-US\",\"@id\":\"https:\/\/veritasinfo.org\/?p=37803#primaryimage\",\"url\":\"https:\/\/veritasinfo.org\/wp-content\/uploads\/2026\/03\/07453735-6371-44da-b876-f90191da9136.webp\",\"contentUrl\":\"https:\/\/veritasinfo.org\/wp-content\/uploads\/2026\/03\/07453735-6371-44da-b876-f90191da9136.webp\",\"width\":1066,\"height\":678},{\"@type\":\"BreadcrumbList\",\"@id\":\"https:\/\/veritasinfo.org\/?p=37803#breadcrumb\",\"itemListElement\":[{\"@type\":\"ListItem\",\"position\":1,\"name\":\"Home\",\"item\":\"https:\/\/veritasinfo.org\/\"},{\"@type\":\"ListItem\",\"position\":2,\"name\":\"Komandanti i KFOR-it p\u00ebrs\u00ebrit thirrjen: Serbia t\u00eb luaj\u00eb rolin e vet n\u00eb p\u00ebrgjegj\u00ebsin\u00eb p\u00ebr Banjsk\u00ebn\"}]},{\"@type\":\"WebSite\",\"@id\":\"https:\/\/veritasinfo.org\/#website\",\"url\":\"https:\/\/veritasinfo.org\/\",\"name\":\"\",\"description\":\"\",\"potentialAction\":[{\"@type\":\"SearchAction\",\"target\":{\"@type\":\"EntryPoint\",\"urlTemplate\":\"https:\/\/veritasinfo.org\/?s={search_term_string}\"},\"query-input\":{\"@type\":\"PropertyValueSpecification\",\"valueRequired\":true,\"valueName\":\"search_term_string\"}}],\"inLanguage\":\"en-US\"},{\"@type\":\"Person\",\"@id\":\"https:\/\/veritasinfo.org\/#\/schema\/person\/bc442336e35414d04494ab8fb45db4c6\",\"name\":\"US5\",\"image\":{\"@type\":\"ImageObject\",\"inLanguage\":\"en-US\",\"@id\":\"https:\/\/veritasinfo.org\/#\/schema\/person\/image\/\",\"url\":\"https:\/\/secure.gravatar.com\/avatar\/16a61e7272a0c5d001121ebb9e60e925d5816e4ac1e443ed3e640d9a6ae55d0c?s=96&d=mm&r=g\",\"contentUrl\":\"https:\/\/secure.gravatar.com\/avatar\/16a61e7272a0c5d001121ebb9e60e925d5816e4ac1e443ed3e640d9a6ae55d0c?s=96&d=mm&r=g\",\"caption\":\"US5\"},\"url\":\"https:\/\/veritasinfo.org\/?author=6\"}]}<\/script>\n<!-- \/ Yoast SEO plugin. -->","yoast_head_json":{"title":"Komandanti i KFOR-it p\u00ebrs\u00ebrit thirrjen: Serbia t\u00eb luaj\u00eb rolin e vet n\u00eb p\u00ebrgjegj\u00ebsin\u00eb p\u00ebr Banjsk\u00ebn -","robots":{"index":"index","follow":"follow","max-snippet":"max-snippet:-1","max-image-preview":"max-image-preview:large","max-video-preview":"max-video-preview:-1"},"canonical":"https:\/\/veritasinfo.org\/?p=37803","og_locale":"en_US","og_type":"article","og_title":"Komandanti i KFOR-it p\u00ebrs\u00ebrit thirrjen: Serbia t\u00eb luaj\u00eb rolin e vet n\u00eb p\u00ebrgjegj\u00ebsin\u00eb p\u00ebr Banjsk\u00ebn -","og_description":"Prishtin\u00eb 14 Mars 2026 15:41 Komandanti i KFOR-it, gjeneralmajori Ozkan Ulutash, ka th\u00ebn\u00eb se shtetet an\u00ebtare t\u00eb NATO-s jan\u00eb ende t\u00eb shqet\u00ebsuara p\u00ebr dhun\u00ebn q\u00eb","og_url":"https:\/\/veritasinfo.org\/?p=37803","article_published_time":"2026-03-14T14:42:33+00:00","og_image":[{"width":1066,"height":678,"url":"https:\/\/veritasinfo.org\/wp-content\/uploads\/2026\/03\/07453735-6371-44da-b876-f90191da9136.webp","type":"image\/webp"}],"author":"US5","twitter_card":"summary_large_image","twitter_misc":{"Written by":"US5","Est. reading time":"2 minutes"},"schema":{"@context":"https:\/\/schema.org","@graph":[{"@type":"WebPage","@id":"https:\/\/veritasinfo.org\/?p=37803","url":"https:\/\/veritasinfo.org\/?p=37803","name":"Komandanti i KFOR-it p\u00ebrs\u00ebrit thirrjen: Serbia t\u00eb luaj\u00eb rolin e vet n\u00eb p\u00ebrgjegj\u00ebsin\u00eb p\u00ebr Banjsk\u00ebn -","isPartOf":{"@id":"https:\/\/veritasinfo.org\/#website"},"primaryImageOfPage":{"@id":"https:\/\/veritasinfo.org\/?p=37803#primaryimage"},"image":{"@id":"https:\/\/veritasinfo.org\/?p=37803#primaryimage"},"thumbnailUrl":"https:\/\/veritasinfo.org\/wp-content\/uploads\/2026\/03\/07453735-6371-44da-b876-f90191da9136.webp","datePublished":"2026-03-14T14:42:33+00:00","author":{"@id":"https:\/\/veritasinfo.org\/#\/schema\/person\/bc442336e35414d04494ab8fb45db4c6"},"breadcrumb":{"@id":"https:\/\/veritasinfo.org\/?p=37803#breadcrumb"},"inLanguage":"en-US","potentialAction":[{"@type":"ReadAction","target":["https:\/\/veritasinfo.org\/?p=37803"]}]},{"@type":"ImageObject","inLanguage":"en-US","@id":"https:\/\/veritasinfo.org\/?p=37803#primaryimage","url":"https:\/\/veritasinfo.org\/wp-content\/uploads\/2026\/03\/07453735-6371-44da-b876-f90191da9136.webp","contentUrl":"https:\/\/veritasinfo.org\/wp-content\/uploads\/2026\/03\/07453735-6371-44da-b876-f90191da9136.webp","width":1066,"height":678},{"@type":"BreadcrumbList","@id":"https:\/\/veritasinfo.org\/?p=37803#breadcrumb","itemListElement":[{"@type":"ListItem","position":1,"name":"Home","item":"https:\/\/veritasinfo.org\/"},{"@type":"ListItem","position":2,"name":"Komandanti i KFOR-it p\u00ebrs\u00ebrit thirrjen: Serbia t\u00eb luaj\u00eb rolin e vet n\u00eb p\u00ebrgjegj\u00ebsin\u00eb p\u00ebr Banjsk\u00ebn"}]},{"@type":"WebSite","@id":"https:\/\/veritasinfo.org\/#website","url":"https:\/\/veritasinfo.org\/","name":"","description":"","potentialAction":[{"@type":"SearchAction","target":{"@type":"EntryPoint","urlTemplate":"https:\/\/veritasinfo.org\/?s={search_term_string}"},"query-input":{"@type":"PropertyValueSpecification","valueRequired":true,"valueName":"search_term_string"}}],"inLanguage":"en-US"},{"@type":"Person","@id":"https:\/\/veritasinfo.org\/#\/schema\/person\/bc442336e35414d04494ab8fb45db4c6","name":"US5","image":{"@type":"ImageObject","inLanguage":"en-US","@id":"https:\/\/veritasinfo.org\/#\/schema\/person\/image\/","url":"https:\/\/secure.gravatar.com\/avatar\/16a61e7272a0c5d001121ebb9e60e925d5816e4ac1e443ed3e640d9a6ae55d0c?s=96&d=mm&r=g","contentUrl":"https:\/\/secure.gravatar.com\/avatar\/16a61e7272a0c5d001121ebb9e60e925d5816e4ac1e443ed3e640d9a6ae55d0c?s=96&d=mm&r=g","caption":"US5"},"url":"https:\/\/veritasinfo.org\/?author=6"}]}},"featured_image_urls":{"full":["https:\/\/veritasinfo.org\/wp-content\/uploads\/2026\/03\/07453735-6371-44da-b876-f90191da9136.webp",1066,678,false],"thumbnail":["https:\/\/veritasinfo.org\/wp-content\/uploads\/2026\/03\/07453735-6371-44da-b876-f90191da9136-150x150.webp",150,150,true],"medium":["https:\/\/veritasinfo.org\/wp-content\/uploads\/2026\/03\/07453735-6371-44da-b876-f90191da9136-300x191.webp",300,191,true],"medium_large":["https:\/\/veritasinfo.org\/wp-content\/uploads\/2026\/03\/07453735-6371-44da-b876-f90191da9136-768x488.webp",640,407,true],"large":["https:\/\/veritasinfo.org\/wp-content\/uploads\/2026\/03\/07453735-6371-44da-b876-f90191da9136-1024x651.webp",640,407,true],"1536x1536":["https:\/\/veritasinfo.org\/wp-content\/uploads\/2026\/03\/07453735-6371-44da-b876-f90191da9136.webp",1066,678,false],"2048x2048":["https:\/\/veritasinfo.org\/wp-content\/uploads\/2026\/03\/07453735-6371-44da-b876-f90191da9136.webp",1066,678,false],"kreeti-slider-full":["https:\/\/veritasinfo.org\/wp-content\/uploads\/2026\/03\/07453735-6371-44da-b876-f90191da9136.webp",1066,678,false],"kreeti-featured":["https:\/\/veritasinfo.org\/wp-content\/uploads\/2026\/03\/07453735-6371-44da-b876-f90191da9136.webp",1024,651,false],"kreeti-medium":["https:\/\/veritasinfo.org\/wp-content\/uploads\/2026\/03\/07453735-6371-44da-b876-f90191da9136.webp",720,458,false],"kreeti-medium-square":["https:\/\/veritasinfo.org\/wp-content\/uploads\/2026\/03\/07453735-6371-44da-b876-f90191da9136.webp",350,223,false]},"author_info":{"info":["US5"]},"category_info":"<a href=\"https:\/\/veritasinfo.org\/?cat=109\" rel=\"category\">Siguri<\/a>","tag_info":"Siguri","comment_count":"0","_links":{"self":[{"href":"https:\/\/veritasinfo.org\/index.php?rest_route=\/wp\/v2\/posts\/37803","targetHints":{"allow":["GET"]}}],"collection":[{"href":"https:\/\/veritasinfo.org\/index.php?rest_route=\/wp\/v2\/posts"}],"about":[{"href":"https:\/\/veritasinfo.org\/index.php?rest_route=\/wp\/v2\/types\/post"}],"author":[{"embeddable":true,"href":"https:\/\/veritasinfo.org\/index.php?rest_route=\/wp\/v2\/users\/6"}],"replies":[{"embeddable":true,"href":"https:\/\/veritasinfo.org\/index.php?rest_route=%2Fwp%2Fv2%2Fcomments&post=37803"}],"version-history":[{"count":2,"href":"https:\/\/veritasinfo.org\/index.php?rest_route=\/wp\/v2\/posts\/37803\/revisions"}],"predecessor-version":[{"id":37806,"href":"https:\/\/veritasinfo.org\/index.php?rest_route=\/wp\/v2\/posts\/37803\/revisions\/37806"}],"wp:featuredmedia":[{"embeddable":true,"href":"https:\/\/veritasinfo.org\/index.php?rest_route=\/wp\/v2\/media\/37804"}],"wp:attachment":[{"href":"https:\/\/veritasinfo.org\/index.php?rest_route=%2Fwp%2Fv2%2Fmedia&parent=37803"}],"wp:term":[{"taxonomy":"category","embeddable":true,"href":"https:\/\/veritasinfo.org\/index.php?rest_route=%2Fwp%2Fv2%2Fcategories&post=37803"},{"taxonomy":"post_tag","embeddable":true,"href":"https:\/\/veritasinfo.org\/index.php?rest_route=%2Fwp%2Fv2%2Ftags&post=37803"}],"curies":[{"name":"wp","href":"https:\/\/api.w.org\/{rel}","templated":true}]}}