{"id":3778,"date":"2025-07-14T17:50:51","date_gmt":"2025-07-14T15:50:51","guid":{"rendered":"https:\/\/veritasinfo.org\/?p=3778"},"modified":"2025-07-14T17:50:51","modified_gmt":"2025-07-14T15:50:51","slug":"psrk-ja-thote-se-u-vertetua-se-filiq-ka-qene-pjese-aktive-ne-zhdukjen-e-doktorit-hafir-shala-mbrojtja-pretendon-te-kunderten","status":"publish","type":"post","link":"https:\/\/veritasinfo.org\/?p=3778","title":{"rendered":"PSRK-ja thot\u00eb se u v\u00ebrtetua se Filiq ka qen\u00eb pjes\u00eb aktive n\u00eb zhdukjen e doktorit Hafir Shala, mbrojtja pretendon t\u00eb kund\u00ebrt\u00ebn"},"content":{"rendered":"<p>Prishtin\u00eb, 14 Korrik 2025<\/p>\n<p>N\u00eb<strong> fjal\u00ebn p\u00ebrfundimtare t\u00eb h\u00ebn\u00ebn n\u00eb Gjykat\u00ebn Themelore n\u00eb Prishtin\u00eb, prokurori Kastriot Memaj tha se provat kan\u00eb v\u00ebrtetuar se i akuzuari p\u00ebr krime lufte Sllavisha Filiq ka qen\u00eb pjes\u00eb aktive n\u00eb zhdukjen e doktorit Hafir Shala. Mbrojtja e k\u00ebtij t\u00eb fundit, avokatja Milka Milosavleviq tha se nuk \u00ebsht\u00eb v\u00ebrtetuar faj\u00ebsia e Filiqit.<\/strong><\/p>\n<p>N\u00eb k\u00ebt\u00eb seanc\u00eb, prokurori Memaj tha se para k\u00ebsaj Gjykate \u00ebsht\u00eb trajtuar nj\u00eb \u00e7\u00ebshtje me r\u00ebnd\u00ebsi t\u00eb jasht\u00ebzakonshme, e cila jo vet\u00ebm q\u00eb prek themelet e rendit juridik por shkon n\u00eb thelb t\u00eb vlerave universale t\u00eb t\u00eb drejtave t\u00eb njeriut dhe dijnitetit njer\u00ebzor, raporton \u201c<strong>Betimi p\u00ebr Drejt\u00ebsi<\/strong>\u201c.<\/p>\n<p>Ai tha se gjat\u00eb k\u00ebtij shqyrtimi gjyq\u00ebsor, PSRK-ja ka paraqitur prova t\u00eb cilat n\u00eb m\u00ebnyr\u00eb koherente v\u00ebrtetojn\u00eb se i akuzuari n\u00eb bashk\u00ebkryerje ka marr\u00eb pjes\u00eb aktive n\u00eb ndalimin arbitrar, keqtrajtimin dhe zhdukjen e doktorit Hafir Shala m\u00eb 10 prill 1998.<\/p>\n<p>Gjithashtu, prokurori theksoi se d\u00ebshmit\u00eb e d\u00ebshmitar\u00ebve okular\u00eb jan\u00eb t\u00eb qarta, t\u00eb besueshme dhe n\u00eb harmoni t\u00eb plot\u00eb me provat tjera materiale, dhe se n\u00eb kuad\u00ebr t\u00eb matjes s\u00eb d\u00ebnimit, Prokuroria vler\u00ebson se ekziston nj\u00eb shkall\u00eb e lart\u00eb e dashjes dhe paramendimit.<\/p>\n<p>\u201cVeprimet e t\u00eb akuzuarit jan\u00eb kryer n\u00eb bashk\u00ebpunim dhe n\u00eb kuad\u00ebr t\u00eb nj\u00eb strukture shtet\u00ebrore represive, pasojat e vepr\u00ebs penale jan\u00eb t\u00eb r\u00ebnda dhe t\u00eb pakthyeshme dhe nuk ekziston asnj\u00eb rrethan\u00eb leht\u00ebsuese p\u00ebr t\u00eb akuzuarin, aq m\u00eb tep\u00ebr kur i akuzuari edhe m\u00eb tej mbetet n\u00eb arrati\u201d, tha prokurori Memaj.<\/p>\n<p>Prokurori Memaj i propozoi Gjykat\u00ebs q\u00eb t\u00eb akuzuarin Filiq ta shpall fajtor p\u00ebr vepr\u00ebn penale \u201cKrime lufte kund\u00ebr popullat\u00ebs civile\u201d dhe t\u2019i shqiptoj\u00eb d\u00ebnim n\u00eb p\u00ebrputhje me natyr\u00ebn dhe rrezikshm\u00ebrin\u00eb e lart\u00eb t\u00eb vepr\u00ebs penale, si dhe me q\u00ebllimin e d\u00ebnimit si n\u00eb aspketin individual, ashtu edhe n\u00eb at\u00eb gjeneral.<\/p>\n<p>Nd\u00ebrsa, mbrojt\u00ebsi i pal\u00ebs s\u00eb d\u00ebmtuar, avokati Kujtim K\u00ebrveshi tha se nga t\u00eb gjith\u00eb d\u00ebshmitar\u00ebt q\u00eb kan\u00eb d\u00ebshmuar, \u00ebsht\u00eb v\u00ebrtetuar p\u00ebrtej dyshimit t\u00eb bazuar mir\u00eb se i akuzuari Sllavisha Filiq n\u00eb dit\u00ebn kritike, viktim\u00ebn Hafir Shala e kishte rr\u00ebmbyer, duke e marr\u00eb pa asnj\u00eb urdh\u00ebr.<\/p>\n<p>K\u00ebrveshi tha se nj\u00eb gj\u00eb e cila u ka l\u00ebn\u00eb p\u00ebrshtypje, jan\u00eb rrethanat dhe roli se si Kryqi i Kuq nuk kishte pranuar q\u00eb nj\u00eb d\u00ebshmitar\u2013 Sebastian Gricourt ta lironte nga imuniteti funksional- pra ta lejonte t\u00eb d\u00ebshmoj\u00eb, por se kjo \u00e7\u00ebshtje duhet t\u00eb trajtohet nga organe t\u00eb tjera.<\/p>\n<p>Duke mb\u00ebshtetur aktakuz\u00ebn e PSRK-s\u00eb, K\u00ebrveshi i propozoi Gjykat\u00ebs q\u00eb t\u00eb akuzuarin Filiq ta shpall fajtor dhe ta d\u00ebnoj\u00eb sipas ligjit.<\/p>\n<p>Nd\u00ebrsa, mbrojt\u00ebsja e t\u00eb akuzuarit Sllavisha Filiq, avokatja Milka Milosavleviq tha se nuk \u00ebsht\u00eb nxjerr\u00eb asnj\u00eb prov\u00eb e besueshme e cila p\u00ebrtej dyshimit t\u00eb bazuar mir\u00eb do t\u00eb mund t\u00eb v\u00ebrtetonte se i akuzuari Filiq ka kryer vepr\u00ebn penale p\u00ebr t\u00eb cil\u00ebn akuzohet.<\/p>\n<p>Ajo tha se nuk ka prova direkte se konkretisht i akuzuari Filiq ka marr\u00eb pjes\u00eb n\u00eb k\u00ebt\u00eb ngjarje dhe se nuk ka fotografi, procesverbal t\u00eb komunikimit e as identifikime t\u00eb besueshme, por vet\u00ebm dyshimin e bazuar, e q\u00eb dyshimi nuk \u00ebsht\u00eb prov\u00eb.<\/p>\n<p>\u201c\u2026 Dyshimi i bazuar \u00ebsht\u00eb baz\u00eb p\u00ebr hetim, por jo p\u00ebr gjykim\u201d, tha avokatja Milosavleviq.<\/p>\n<p>Milosavleviq tha se b\u00ebn thirrje p\u00ebr gjykat\u00ebn q\u00eb n\u00eb p\u00ebrputhje me KPRK-n\u00eb dhe standardet nd\u00ebrkomb\u00ebtare, n\u00eb m\u00ebnyr\u00eb t\u00eb drejt\u00eb e korrekte t\u00eb sjell\u00eb aktgjykim lirues pasi q\u00eb faj\u00ebsia e t\u00eb mbrojturit t\u00eb saj, pran\u00eb k\u00ebsaj Gjykate nuk \u00ebsht\u00eb provuar.<\/p>\n<p>Ndryshe, m\u00eb 15 shtator 2023 Prokuroria Speciale e Republik\u00ebs s\u00eb Kosov\u00ebs ka ngritur aktakuz\u00eb n\u00eb munges\u00eb ndaj Sllavisha Filiq, i cili ngarkohet se si pjes\u00ebtar i Sigurimit Shtet\u00ebror t\u00eb Serbis\u00eb, s\u00eb bashku me dy zyrtar\u00eb tjer\u00eb t\u00eb paidentifikuar deri m\u00eb tani nga organet tona, m\u00eb 10 prill 1998 kishin ndaluar nj\u00eb vetur\u00eb n\u00eb Drenas, ku gjendeshin Hetem Sinani, Shaban Haziraj dhe Hafir Shala, ku t\u00eb nj\u00ebjtit sipas aktakuz\u00ebs nga k\u00ebta pjestar\u00eb ishin legjitimuar.<\/p>\n<p>Aktakuza thot\u00eb se i akuzuari Filiq me dy zyrtar\u00eb tjer\u00eb (t\u00eb tre t\u00eb veshur me rroba civile) kishin marr\u00eb doktorin Shala dhe e kishin d\u00ebrguar n\u00eb objektin e Sigurimit Shtet\u00ebror n\u00eb Prishtin\u00eb, ku mjeku Shala iu kishte n\u00ebnshtruar rrahjeve dhe torturave dhe se nga ajo dit\u00eb m\u00eb nuk dihet p\u00ebr fatin e tij.<\/p>\n<p>Andaj, p\u00ebr k\u00ebto veprime Filiq po ngarkohet me vepr\u00ebn penale \u201cKrime lufte kund\u00ebr popullat\u00ebs civile\u201d nga neni 142 lidhur me nenin 22 t\u00eb Ligjit Penal t\u00eb Republik\u00ebs Socialiste Federative t\u00eb ish-Jugosllavis\u00eb.<strong>\u00a0\/Betimp\u00ebrDrejt\u00ebsi<\/strong><\/p>\n<p><strong><em>She\u0308nim: Personat e pe\u0308rmendur ne\u0308 ke\u0308te\u0308 artikull konsiderohen t\u00eb pafajshe\u0308m, pe\u0308rvec\u0327 ne\u0308se nga gjykata ve\u0308rtetohet se jan\u00eb fajtore\u0308 me vendim te\u0308 forme\u0308s se\u0308 prere\u0308.<\/em><\/strong><\/p>\n<p>&nbsp;<\/p>\n","protected":false},"excerpt":{"rendered":"<p>Prishtin\u00eb, 14 Korrik 2025 N\u00eb fjal\u00ebn p\u00ebrfundimtare t\u00eb h\u00ebn\u00ebn n\u00eb Gjykat\u00ebn Themelore n\u00eb Prishtin\u00eb, prokurori Kastriot Memaj tha se provat kan\u00eb v\u00ebrtetuar se i akuzuari<\/p>\n","protected":false},"author":1,"featured_media":3779,"comment_status":"open","ping_status":"open","sticky":false,"template":"","format":"standard","meta":{"footnotes":""},"categories":[60],"tags":[],"class_list":["post-3778","post","type-post","status-publish","format-standard","has-post-thumbnail","hentry","category-shoqerore-sq"],"yoast_head":"<!-- This site is optimized with the Yoast SEO plugin v25.3.1 - https:\/\/yoast.com\/wordpress\/plugins\/seo\/ -->\n<title>PSRK-ja thot\u00eb se u v\u00ebrtetua se Filiq ka qen\u00eb pjes\u00eb aktive n\u00eb zhdukjen e doktorit Hafir Shala, mbrojtja pretendon t\u00eb kund\u00ebrt\u00ebn -<\/title>\n<meta name=\"robots\" content=\"index, follow, max-snippet:-1, max-image-preview:large, max-video-preview:-1\" \/>\n<link rel=\"canonical\" href=\"https:\/\/veritasinfo.org\/?p=3778\" \/>\n<meta property=\"og:locale\" content=\"en_US\" \/>\n<meta property=\"og:type\" content=\"article\" \/>\n<meta property=\"og:title\" content=\"PSRK-ja thot\u00eb se u v\u00ebrtetua se Filiq ka qen\u00eb pjes\u00eb aktive n\u00eb zhdukjen e doktorit Hafir Shala, mbrojtja pretendon t\u00eb kund\u00ebrt\u00ebn -\" \/>\n<meta property=\"og:description\" content=\"Prishtin\u00eb, 14 Korrik 2025 N\u00eb fjal\u00ebn p\u00ebrfundimtare t\u00eb h\u00ebn\u00ebn n\u00eb Gjykat\u00ebn Themelore n\u00eb Prishtin\u00eb, prokurori Kastriot Memaj tha se provat kan\u00eb v\u00ebrtetuar se i akuzuari\" \/>\n<meta property=\"og:url\" content=\"https:\/\/veritasinfo.org\/?p=3778\" \/>\n<meta property=\"article:published_time\" content=\"2025-07-14T15:50:51+00:00\" \/>\n<meta property=\"og:image\" content=\"https:\/\/veritasinfo.org\/wp-content\/uploads\/2025\/07\/IMG_2061.jpeg\" \/>\n\t<meta property=\"og:image:width\" content=\"2048\" \/>\n\t<meta property=\"og:image:height\" content=\"1213\" \/>\n\t<meta property=\"og:image:type\" content=\"image\/jpeg\" \/>\n<meta name=\"author\" content=\"admin\" \/>\n<meta name=\"twitter:card\" content=\"summary_large_image\" \/>\n<meta name=\"twitter:label1\" content=\"Written by\" \/>\n\t<meta name=\"twitter:data1\" content=\"admin\" \/>\n\t<meta name=\"twitter:label2\" content=\"Est. reading time\" \/>\n\t<meta name=\"twitter:data2\" content=\"4 minutes\" \/>\n<script type=\"application\/ld+json\" class=\"yoast-schema-graph\">{\"@context\":\"https:\/\/schema.org\",\"@graph\":[{\"@type\":\"WebPage\",\"@id\":\"https:\/\/veritasinfo.org\/?p=3778\",\"url\":\"https:\/\/veritasinfo.org\/?p=3778\",\"name\":\"PSRK-ja thot\u00eb se u v\u00ebrtetua se Filiq ka qen\u00eb pjes\u00eb aktive n\u00eb zhdukjen e doktorit Hafir Shala, mbrojtja pretendon t\u00eb kund\u00ebrt\u00ebn -\",\"isPartOf\":{\"@id\":\"https:\/\/veritasinfo.org\/#website\"},\"primaryImageOfPage\":{\"@id\":\"https:\/\/veritasinfo.org\/?p=3778#primaryimage\"},\"image\":{\"@id\":\"https:\/\/veritasinfo.org\/?p=3778#primaryimage\"},\"thumbnailUrl\":\"https:\/\/veritasinfo.org\/wp-content\/uploads\/2025\/07\/IMG_2061.jpeg\",\"datePublished\":\"2025-07-14T15:50:51+00:00\",\"author\":{\"@id\":\"https:\/\/veritasinfo.org\/#\/schema\/person\/7701f8c088bece422266b100a712374f\"},\"breadcrumb\":{\"@id\":\"https:\/\/veritasinfo.org\/?p=3778#breadcrumb\"},\"inLanguage\":\"en-US\",\"potentialAction\":[{\"@type\":\"ReadAction\",\"target\":[\"https:\/\/veritasinfo.org\/?p=3778\"]}]},{\"@type\":\"ImageObject\",\"inLanguage\":\"en-US\",\"@id\":\"https:\/\/veritasinfo.org\/?p=3778#primaryimage\",\"url\":\"https:\/\/veritasinfo.org\/wp-content\/uploads\/2025\/07\/IMG_2061.jpeg\",\"contentUrl\":\"https:\/\/veritasinfo.org\/wp-content\/uploads\/2025\/07\/IMG_2061.jpeg\",\"width\":2048,\"height\":1213},{\"@type\":\"BreadcrumbList\",\"@id\":\"https:\/\/veritasinfo.org\/?p=3778#breadcrumb\",\"itemListElement\":[{\"@type\":\"ListItem\",\"position\":1,\"name\":\"Home\",\"item\":\"https:\/\/veritasinfo.org\/\"},{\"@type\":\"ListItem\",\"position\":2,\"name\":\"PSRK-ja thot\u00eb se u v\u00ebrtetua se Filiq ka qen\u00eb pjes\u00eb aktive n\u00eb zhdukjen e doktorit Hafir Shala, mbrojtja pretendon t\u00eb kund\u00ebrt\u00ebn\"}]},{\"@type\":\"WebSite\",\"@id\":\"https:\/\/veritasinfo.org\/#website\",\"url\":\"https:\/\/veritasinfo.org\/\",\"name\":\"\",\"description\":\"\",\"potentialAction\":[{\"@type\":\"SearchAction\",\"target\":{\"@type\":\"EntryPoint\",\"urlTemplate\":\"https:\/\/veritasinfo.org\/?s={search_term_string}\"},\"query-input\":{\"@type\":\"PropertyValueSpecification\",\"valueRequired\":true,\"valueName\":\"search_term_string\"}}],\"inLanguage\":\"en-US\"},{\"@type\":\"Person\",\"@id\":\"https:\/\/veritasinfo.org\/#\/schema\/person\/7701f8c088bece422266b100a712374f\",\"name\":\"admin\",\"image\":{\"@type\":\"ImageObject\",\"inLanguage\":\"en-US\",\"@id\":\"https:\/\/veritasinfo.org\/#\/schema\/person\/image\/\",\"url\":\"https:\/\/secure.gravatar.com\/avatar\/ea53aa3bf6c9a12d5fde8ce4deff43fef3885ae33cf60184161a50d6987cfd2f?s=96&d=mm&r=g\",\"contentUrl\":\"https:\/\/secure.gravatar.com\/avatar\/ea53aa3bf6c9a12d5fde8ce4deff43fef3885ae33cf60184161a50d6987cfd2f?s=96&d=mm&r=g\",\"caption\":\"admin\"},\"sameAs\":[\"https:\/\/veritasinfo.org\"],\"url\":\"https:\/\/veritasinfo.org\/?author=1\"}]}<\/script>\n<!-- \/ Yoast SEO plugin. -->","yoast_head_json":{"title":"PSRK-ja thot\u00eb se u v\u00ebrtetua se Filiq ka qen\u00eb pjes\u00eb aktive n\u00eb zhdukjen e doktorit Hafir Shala, mbrojtja pretendon t\u00eb kund\u00ebrt\u00ebn -","robots":{"index":"index","follow":"follow","max-snippet":"max-snippet:-1","max-image-preview":"max-image-preview:large","max-video-preview":"max-video-preview:-1"},"canonical":"https:\/\/veritasinfo.org\/?p=3778","og_locale":"en_US","og_type":"article","og_title":"PSRK-ja thot\u00eb se u v\u00ebrtetua se Filiq ka qen\u00eb pjes\u00eb aktive n\u00eb zhdukjen e doktorit Hafir Shala, mbrojtja pretendon t\u00eb kund\u00ebrt\u00ebn -","og_description":"Prishtin\u00eb, 14 Korrik 2025 N\u00eb fjal\u00ebn p\u00ebrfundimtare t\u00eb h\u00ebn\u00ebn n\u00eb Gjykat\u00ebn Themelore n\u00eb Prishtin\u00eb, prokurori Kastriot Memaj tha se provat kan\u00eb v\u00ebrtetuar se i akuzuari","og_url":"https:\/\/veritasinfo.org\/?p=3778","article_published_time":"2025-07-14T15:50:51+00:00","og_image":[{"width":2048,"height":1213,"url":"https:\/\/veritasinfo.org\/wp-content\/uploads\/2025\/07\/IMG_2061.jpeg","type":"image\/jpeg"}],"author":"admin","twitter_card":"summary_large_image","twitter_misc":{"Written by":"admin","Est. reading time":"4 minutes"},"schema":{"@context":"https:\/\/schema.org","@graph":[{"@type":"WebPage","@id":"https:\/\/veritasinfo.org\/?p=3778","url":"https:\/\/veritasinfo.org\/?p=3778","name":"PSRK-ja thot\u00eb se u v\u00ebrtetua se Filiq ka qen\u00eb pjes\u00eb aktive n\u00eb zhdukjen e doktorit Hafir Shala, mbrojtja pretendon t\u00eb kund\u00ebrt\u00ebn -","isPartOf":{"@id":"https:\/\/veritasinfo.org\/#website"},"primaryImageOfPage":{"@id":"https:\/\/veritasinfo.org\/?p=3778#primaryimage"},"image":{"@id":"https:\/\/veritasinfo.org\/?p=3778#primaryimage"},"thumbnailUrl":"https:\/\/veritasinfo.org\/wp-content\/uploads\/2025\/07\/IMG_2061.jpeg","datePublished":"2025-07-14T15:50:51+00:00","author":{"@id":"https:\/\/veritasinfo.org\/#\/schema\/person\/7701f8c088bece422266b100a712374f"},"breadcrumb":{"@id":"https:\/\/veritasinfo.org\/?p=3778#breadcrumb"},"inLanguage":"en-US","potentialAction":[{"@type":"ReadAction","target":["https:\/\/veritasinfo.org\/?p=3778"]}]},{"@type":"ImageObject","inLanguage":"en-US","@id":"https:\/\/veritasinfo.org\/?p=3778#primaryimage","url":"https:\/\/veritasinfo.org\/wp-content\/uploads\/2025\/07\/IMG_2061.jpeg","contentUrl":"https:\/\/veritasinfo.org\/wp-content\/uploads\/2025\/07\/IMG_2061.jpeg","width":2048,"height":1213},{"@type":"BreadcrumbList","@id":"https:\/\/veritasinfo.org\/?p=3778#breadcrumb","itemListElement":[{"@type":"ListItem","position":1,"name":"Home","item":"https:\/\/veritasinfo.org\/"},{"@type":"ListItem","position":2,"name":"PSRK-ja thot\u00eb se u v\u00ebrtetua se Filiq ka qen\u00eb pjes\u00eb aktive n\u00eb zhdukjen e doktorit Hafir Shala, mbrojtja pretendon t\u00eb kund\u00ebrt\u00ebn"}]},{"@type":"WebSite","@id":"https:\/\/veritasinfo.org\/#website","url":"https:\/\/veritasinfo.org\/","name":"","description":"","potentialAction":[{"@type":"SearchAction","target":{"@type":"EntryPoint","urlTemplate":"https:\/\/veritasinfo.org\/?s={search_term_string}"},"query-input":{"@type":"PropertyValueSpecification","valueRequired":true,"valueName":"search_term_string"}}],"inLanguage":"en-US"},{"@type":"Person","@id":"https:\/\/veritasinfo.org\/#\/schema\/person\/7701f8c088bece422266b100a712374f","name":"admin","image":{"@type":"ImageObject","inLanguage":"en-US","@id":"https:\/\/veritasinfo.org\/#\/schema\/person\/image\/","url":"https:\/\/secure.gravatar.com\/avatar\/ea53aa3bf6c9a12d5fde8ce4deff43fef3885ae33cf60184161a50d6987cfd2f?s=96&d=mm&r=g","contentUrl":"https:\/\/secure.gravatar.com\/avatar\/ea53aa3bf6c9a12d5fde8ce4deff43fef3885ae33cf60184161a50d6987cfd2f?s=96&d=mm&r=g","caption":"admin"},"sameAs":["https:\/\/veritasinfo.org"],"url":"https:\/\/veritasinfo.org\/?author=1"}]}},"featured_image_urls":{"full":["https:\/\/veritasinfo.org\/wp-content\/uploads\/2025\/07\/IMG_2061.jpeg",2048,1213,false],"thumbnail":["https:\/\/veritasinfo.org\/wp-content\/uploads\/2025\/07\/IMG_2061-150x150.jpeg",150,150,true],"medium":["https:\/\/veritasinfo.org\/wp-content\/uploads\/2025\/07\/IMG_2061-300x178.jpeg",300,178,true],"medium_large":["https:\/\/veritasinfo.org\/wp-content\/uploads\/2025\/07\/IMG_2061-768x455.jpeg",640,379,true],"large":["https:\/\/veritasinfo.org\/wp-content\/uploads\/2025\/07\/IMG_2061-1024x607.jpeg",640,379,true],"1536x1536":["https:\/\/veritasinfo.org\/wp-content\/uploads\/2025\/07\/IMG_2061-1536x910.jpeg",1536,910,true],"2048x2048":["https:\/\/veritasinfo.org\/wp-content\/uploads\/2025\/07\/IMG_2061.jpeg",2048,1213,false],"kreeti-slider-full":["https:\/\/veritasinfo.org\/wp-content\/uploads\/2025\/07\/IMG_2061.jpeg",1216,720,false],"kreeti-featured":["https:\/\/veritasinfo.org\/wp-content\/uploads\/2025\/07\/IMG_2061.jpeg",1024,607,false],"kreeti-medium":["https:\/\/veritasinfo.org\/wp-content\/uploads\/2025\/07\/IMG_2061.jpeg",720,426,false],"kreeti-medium-square":["https:\/\/veritasinfo.org\/wp-content\/uploads\/2025\/07\/IMG_2061.jpeg",350,207,false]},"author_info":{"info":["admin"]},"category_info":"<a href=\"https:\/\/veritasinfo.org\/?cat=60\" rel=\"category\">Shoq\u00ebrore<\/a>","tag_info":"Shoq\u00ebrore","comment_count":"0","_links":{"self":[{"href":"https:\/\/veritasinfo.org\/index.php?rest_route=\/wp\/v2\/posts\/3778","targetHints":{"allow":["GET"]}}],"collection":[{"href":"https:\/\/veritasinfo.org\/index.php?rest_route=\/wp\/v2\/posts"}],"about":[{"href":"https:\/\/veritasinfo.org\/index.php?rest_route=\/wp\/v2\/types\/post"}],"author":[{"embeddable":true,"href":"https:\/\/veritasinfo.org\/index.php?rest_route=\/wp\/v2\/users\/1"}],"replies":[{"embeddable":true,"href":"https:\/\/veritasinfo.org\/index.php?rest_route=%2Fwp%2Fv2%2Fcomments&post=3778"}],"version-history":[{"count":1,"href":"https:\/\/veritasinfo.org\/index.php?rest_route=\/wp\/v2\/posts\/3778\/revisions"}],"predecessor-version":[{"id":3780,"href":"https:\/\/veritasinfo.org\/index.php?rest_route=\/wp\/v2\/posts\/3778\/revisions\/3780"}],"wp:featuredmedia":[{"embeddable":true,"href":"https:\/\/veritasinfo.org\/index.php?rest_route=\/wp\/v2\/media\/3779"}],"wp:attachment":[{"href":"https:\/\/veritasinfo.org\/index.php?rest_route=%2Fwp%2Fv2%2Fmedia&parent=3778"}],"wp:term":[{"taxonomy":"category","embeddable":true,"href":"https:\/\/veritasinfo.org\/index.php?rest_route=%2Fwp%2Fv2%2Fcategories&post=3778"},{"taxonomy":"post_tag","embeddable":true,"href":"https:\/\/veritasinfo.org\/index.php?rest_route=%2Fwp%2Fv2%2Ftags&post=3778"}],"curies":[{"name":"wp","href":"https:\/\/api.w.org\/{rel}","templated":true}]}}