{"id":3773,"date":"2025-07-14T14:10:49","date_gmt":"2025-07-14T12:10:49","guid":{"rendered":"https:\/\/veritasinfo.org\/?p=3773"},"modified":"2025-07-14T14:10:49","modified_gmt":"2025-07-14T12:10:49","slug":"apeli-ia-ul-denimin-pjeter-shales-nga-18-ne-13-vjet-burgim","status":"publish","type":"post","link":"https:\/\/veritasinfo.org\/?p=3773","title":{"rendered":"Apeli ia ul d\u00ebnimin Pjet\u00ebr Shal\u00ebs nga 18 n\u00eb 13 vjet burgim"},"content":{"rendered":"<p>Prishtin\u00eb, 14 Korrik 2025<\/p>\n<p><strong>Gjykata e Apelit e Dhomave t\u00eb Specializuara t\u00eb Kosov\u00ebs n\u00eb Hag\u00eb, ka shpallur aktgjykim d\u00ebnues ndaj Pjet\u00ebr Shal\u00ebs, duke e d\u00ebnuar me 13 vjet burgim. Kjo Gjykat\u00eb, ia uli d\u00ebnimin Shal\u00ebs, i cili <a href=\"https:\/\/betimiperdrejtesi.com\/pjeter-shala-denohet-me-18-vjet-burgim\/\">nga shkalla e par\u00eb e Speciales ishte d\u00ebnuar me 18 vjet burgim.<\/a><\/strong><\/p>\n<p>Aktgjykimi u shpall t\u00eb h\u00ebn\u00ebn nga trupi gjykues i p\u00ebrb\u00ebr\u00eb nga Michele Picard- kryetare, e cila ishte e pranishme n\u00eb seanc\u00eb p\u00ebrmes video-lidhjes, dhe gjyqtar\u00ebt Kai Ambos dhe Nina Jorgensen.<\/p>\n<p>Gjykat\u00ebsi Ambos i cili lexoi aktgjykimin, tha se Apeli miratoi pjes\u00ebrisht pik\u00ebn 7, 12 dhe 14 t\u00eb ankes\u00ebs s\u00eb Shal\u00ebs, kurse rr\u00ebzoi apelin p\u00ebr aspektet e tjera, raporton \u201c<strong>Betimi p\u00ebr Drejt\u00ebsi<\/strong>\u201c.<\/p>\n<p>\u201cMiraton pjes\u00ebrisht pik\u00ebn 7, pjes\u00ebrisht pik\u00ebn 12 dhe pjes\u00ebrisht pik\u00ebn 14 t\u00eb apelit t\u00eb zotit Shala. Rr\u00ebzon pjes\u00ebrisht verdiktin e faj\u00ebsis\u00eb p\u00ebr pik\u00ebn 1 dhe 3 t\u00eb aktakuz\u00ebs n\u00eb lidhje me pjes\u00ebt e tyre q\u00eb bazohen n\u00eb ndalimin arbitrar t\u00eb dy personave dhe n\u00eb torturimin e pes\u00eb personave. Rr\u00ebzon apelin e zotit Shala p\u00ebr t\u00eb gjitha aspektet tjera. L\u00eb n\u00eb fuqi pjes\u00ebn tjet\u00ebr t\u00eb verdiktit t\u00eb faj\u00ebsis\u00eb t\u00eb zotit Shal\u00ebn p\u00ebr krimin e luft\u00ebs s\u00eb ndalimit arbitrar n\u00eb baz\u00eb t\u00eb nenit 14 (1c) dhhe neni 16 (1a) t\u00eb Ligjit, sipas pik\u00ebs 1 t\u00eb aktakuz\u00ebs- krimin e luft\u00ebs t\u00eb tortur\u00ebs dhe krimin e luft\u00ebs s\u00eb vrasjes s\u00eb paligjshme\u201d, tha Ambos.<\/p>\n<p>Gjykat\u00ebsi tha se Apeli l\u00eb n\u00eb fuqi d\u00ebnimin me 6 vjet burgim p\u00ebr pik\u00ebn 1 t\u00eb aktakuz\u00ebs, kurse anulon vendimi me 16 vjet burgim p\u00ebr pik\u00ebn 3 t\u00eb aktakuz\u00ebs.<\/p>\n<p>Kjo Gjykat\u00eb, d\u00ebnoi Shal\u00ebn me 13 vjet burgim n\u00eb lidhje me pik\u00ebn 4 t\u00eb aktakuz\u00ebs. Kurse, anuloi d\u00ebnimin me 18 vjet burgim p\u00ebr po at\u00eb pik\u00eb\u00a0akuz\u00ebs dhe caktoi d\u00ebnim me 13 vjet burgim.<\/p>\n<p>Apeli anuloi d\u00ebnimin unik me 18 vjet burgim t\u00eb shpallur nga shkalla e par\u00eb dhe e d\u00ebnoi Shal\u00ebn me 13 vjet burgim, duke ia llogaritur edhe koh\u00ebn e kaluar n\u00eb paraburgim.<\/p>\n<p>Shala ishte arrestuar m\u00eb 16 mars 2021 dhe m\u00eb pas u transferua n\u00eb Hag\u00eb m\u00eb 15 prill 2021. Nga ajo koh\u00eb, ai gjendet n\u00eb paraburgim.<\/p>\n<p>Shala n\u00eb k\u00ebt\u00eb seanc\u00eb ishte i pranish\u00ebm p\u00ebrmes video-lidhjes.<\/p>\n<p>Paraprakisht, gjykat\u00ebsi Ambos tha se n\u00eb shkall\u00eb t\u00eb par\u00eb, Shala u shpall fajtor\u00eb p\u00ebr tri akuza p\u00ebr krime lufte.<\/p>\n<p>\u201cAi u shpall fajtor p\u00ebr krime t\u00eb luft\u00ebs: Ndalim arbitrar, tortur\u00eb dhe vrasje t\u00eb paligjshme dhe i pafajsh\u00ebm p\u00ebr krimin e luft\u00ebs t\u00eb trajtimit mizor. Trupi gjykues e d\u00ebnoi zotin Shala me d\u00ebnim t\u00eb njeh\u00ebsuar prej 18 vitesh burgim\u201d, tha Ambos.<\/p>\n<p>Ai shtoi se trupi gjykues konstatoi se af\u00ebrsisht midis 17 majit 1999 dhe 5 qershorit 1999 n\u00eb Fabrik\u00ebn e Metalit n\u00eb Kuk\u00ebs s\u00eb paku 18 personave iu hoq liria nga Shala dhe an\u00ebtar\u00eb t\u00eb tjer\u00eb t\u00eb U\u00c7K-s\u00eb.<\/p>\n<p>\u201cU konstatua se gjat\u00eb t\u00eb nj\u00ebjt\u00ebs periudh\u00eb kohore, zoti Shala dhe an\u00ebtar\u00ebt e tjer\u00eb t\u00eb U\u00c7K-s\u00eb, i mbajt\u00ebn t\u00eb ndaluarit n\u00eb FMK n\u00eb kushte \u00e7njer\u00ebzore dhe posht\u00ebruese, si dhe i keqtrajtuan rregullisht si fizikisht si dhe psiqikisht me q\u00ebllim marrjen e informacionit ose deklaratave pranuese dhe ose p\u00ebr t\u2019i nd\u00ebshkuar, frik\u00ebsuar, detyruar ose diskriminuar p\u00ebr arsye politike\u201d, tha ai.<\/p>\n<p>Gjykat\u00ebsi shtoi se nj\u00eb person i cili supozohet q\u00eb ka vdekur si pasoj\u00eb e vrasjes s\u00eb paligjshme, vdiq gjat\u00eb koh\u00ebs sa ishte i ndaluar n\u00eb Uzin\u00ebn e Metalit n\u00eb Kuk\u00ebs. Tha se u konstatua se viktima ka vdekur nga nj\u00eb plag\u00eb me arm\u00eb zjarri nga nj\u00eb person tjet\u00ebr n\u00eb prani t\u00eb Shal\u00ebs dhe nuk iu ofrua ndihma mjek\u00ebsore.<\/p>\n<p>P\u00ebr Shal\u00ebn, tha se shkalla e par\u00eb ka konstatuar se ai kishte marr\u00eb pjes\u00eb n\u00eb keqtrajtimin e k\u00ebtij personi.<\/p>\n<p>Sipas gjyqtarit, Shala kishte k\u00ebrkuar n\u00eb ankes\u00ebn e tij anulimin e vendimit t\u00eb faj\u00ebsis\u00eb ndaj tij ose si alternativ\u00eb rasti t\u00eb kthehet n\u00eb rigjykim ose t\u2019i ulet d\u00ebnimi. Tha se edhe urdhri p\u00ebr zhd\u00ebmtim \u00ebsht\u00eb apeluar nga Shala, e q\u00eb vendimi p\u00ebr k\u00ebt\u00eb pjes\u00eb do t\u00eb jepet m\u00eb von\u00eb.<\/p>\n<p>Ambos tregoi se n\u00eb pik\u00ebn 9 t\u00eb apelit, Shala pretendoi p\u00ebr shkelje t\u00eb t\u00eb drejtave t\u00eb mbrojtjes- p\u00ebrkat\u00ebsisht me nxjerrjen e materialeve nga ZPS-ja. Tha se Shala kishte pretenduar se nxjerrja e materialeve me vones\u00eb p\u00ebr nj\u00ebrin nga d\u00ebshmitar\u00ebt e d\u00ebmtoi at\u00eb.<\/p>\n<p>Por, gjyqtari tha se pretendimet e tilla t\u00eb Shal\u00ebs duhet t\u00eb rr\u00ebzohen sipas konstatimeve t\u00eb Apelit, me arsyetiimin se mungon baza p\u00ebr shkak se nuk \u00ebsht\u00eb arritur t\u00eb provohet pretendimi p\u00ebr d\u00ebnim n\u00eb k\u00ebt\u00eb pik\u00eb t\u00eb ankes\u00ebs.<\/p>\n<p>Lidhur me ankes\u00ebn e Shal\u00ebs se trupi gjykues ka v\u00ebn\u00eb kufizime t\u00eb tepruara p\u00ebr d\u00ebshmitar\u00ebt q\u00eb ka thirrur mbrojtja, Apeli ka konstatuar se Shala ka hequr dor\u00eb nga e drejta e tij p\u00ebr t\u00eb kund\u00ebrshtuar n\u00eb faz\u00ebn e Apelit- vendimin e trupit gjykues q\u00eb urdh\u00ebroi heqjen e pes\u00eb d\u00ebshmitar\u00ebve nga lista e d\u00ebshmitar\u00ebve t\u00eb mbrojtjes, si rrjedhoj\u00eb edhe kjo pik\u00eb u rr\u00ebzua.<\/p>\n<p>Shala kishte th\u00ebn\u00eb se gjykimi filloi p\u00ebrpara se mbrojtja t\u00eb ishte gati dhe para se ata t\u00eb p\u00ebrfundojn\u00eb hetimet. Por, edhe kjo pik\u00eb u rr\u00ebzua.<\/p>\n<p>Aty u tha se u trajtuan edhe pretendimet p\u00ebr gabime n\u00eb pranimin dhe vler\u00ebsimin e deklaratave t\u00eb m\u00ebparshme t\u00eb Shal\u00ebs.<\/p>\n<p>Shala kishte kund\u00ebrshtuar pranimin dhe mb\u00ebshtetjen n\u00eb deklarata t\u00eb m\u00ebparshme t\u00eb tij, me pretendimin se ato ishin marr\u00eb n\u00eb shkeljen e t\u00eb drejtave t\u00eb tij p\u00ebr gjykim t\u00eb drejt\u00eb.<\/p>\n<p>Paneli rikujoi se nj\u00eb vendim i m\u00ebhersh\u00ebm gjat\u00eb faz\u00ebs s\u00eb gjykimit, Apeli kishte trajtuar aspekte t\u00eb ngjashme dhe la n\u00eb fuqi vendimin p\u00ebr t\u00eb pranuar n\u00eb prova deklaratat e Shal\u00ebs t\u00eb dh\u00ebna m\u00eb 2005 dhe 2007 n\u00eb TPNJ.<\/p>\n<p>Nd\u00ebrsa, n\u00eb nj\u00eb vendim tjet\u00ebr, gjykat\u00ebsi tha se Apeli kishte konstatuar se n\u00eb intervist\u00ebn p\u00ebr autoritetet belge, Shala nuk ishte lejuar q\u00eb t\u00eb kontaktonte avokat m\u00eb 2016 dhe se trupi gjykues kishte gabuar kur kishte konstatuar ndryshe.<\/p>\n<p>Por, sipas Ambos, u konstatua se kuadri i shkeljes n\u00eb k\u00ebt\u00eb rast ishte i kufizuar dhe Apeli e kishte l\u00ebn\u00eb n\u00eb fuqi vendimin e tupit gjykues- i cili kishte th\u00ebn\u00eb se deklarata p\u00ebr autoritetet belge nuk ishte e papranueshme.<\/p>\n<p>Sipas gjyqtarit, shkalla e par\u00eb nuk ishte mb\u00ebshtetur n\u00eb deklarat\u00ebn e autoriteteve belge t\u00eb 2016-\u00ebs n\u00eb aktgjykim.<\/p>\n<p>\u201cPaneli rr\u00ebzon gjithashtu argumentin e zotit Shala se trupi gjykues shkeli t\u00eb drejtat e tij p\u00ebr gjykim t\u00eb drejt\u00eb se n\u00eb aktgjykim u mb\u00ebshtet kryesisht n\u00eb deklarat\u00ebn e dh\u00ebn\u00eb autoriteteve belge m\u00eb 2019-\u00ebn, u trajtua me kujdesin e duhur dhe trupi gjykues u mb\u00ebshtet n\u00eb t\u00eb vetmen kur i konfirmoi provat tjera. Paneli rr\u00ebzon argumentet e zotit Shala n\u00eb lidhje me k\u00ebt\u00eb deklarat\u00eb\u201d, u tha nga gjykata.<\/p>\n<p>Andaj, u rr\u00ebzua dhe pika 1 e apelit t\u00eb Shal\u00ebs.<\/p>\n<p>Nd\u00ebrsa, p\u00ebr pretendimin se trupi gjykues shkeli parimin e ligjshm\u00ebris\u00eb, foli gjyqtarja Jorgensen, e cila tha se n\u00eb k\u00ebt\u00eb pik\u00eb, Shala kishte th\u00ebn\u00eb se me shpalljen e tij fajtor si pjes\u00eb e Nd\u00ebrmarrjes s\u00eb P\u00ebrbashk\u00ebt Kriminale (NPK) p\u00ebr krime lufte, trupi gjykues kishte shkelur parimin e ligjshm\u00ebris\u00eb- konkretisht nenin 33 t\u00eb Kushtetut\u00ebs, si dhe nenin 6 dhe 7 t\u00eb Konvent\u00ebs Evropiane p\u00ebr t\u00eb Drejtat e Njeriut. Si dhe nenin 15 t\u00eb Konvent\u00ebs Nd\u00ebrkomb\u00ebtare p\u00ebr t\u00eb Drejtat Civile dhe Politike.<\/p>\n<p>Shala kishte pretenduar se NPK-ja si form\u00eb e p\u00ebrgjegj\u00ebsis\u00eb penale- krimi i luft\u00ebs i ndalimit arbitrat n\u00eb nj\u00eb konflikt t\u00eb armatosur jond\u00ebrkomb\u00ebtar nuk ishin pjes\u00eb e legjislacionit t\u00eb Kosov\u00ebs dhe as nuk ishin t\u00eb p\u00ebrcaktuara sipas t\u00eb drejt\u00ebs zakonore nd\u00ebrkomb\u00ebtare.<\/p>\n<p>Ai kishte pretenduar se ato nuk ishin t\u00eb disponueshme p\u00ebr t\u00eb akuzuarin n\u00eb kuptim t\u00eb nuk e dinte n\u00eb at\u00eb koh\u00eb se cilat forma t\u00eb p\u00ebrgjegj\u00ebsis\u00eb penale p\u00ebrb\u00ebnin krime. Kishte pretenduar se trupi gjykues do t\u00eb duhej t\u00eb kishte marr\u00eb parasysh mosshkollimin e mjaftuesh\u00ebm t\u00eb tij dhe mospasjen e nj\u00eb pozite n\u00eb U\u00c7K.<\/p>\n<p>Paneli i Apelit, lidhur me k\u00ebt\u00eb pjes\u00eb konstatoio se argumentet e Shal\u00ebs jan\u00eb t\u00eb p\u00ebrs\u00ebritura- t\u00eb cilat tashm\u00eb jan\u00eb rr\u00ebzuar nga vendime t\u00eb ndryshme gjat\u00eb procesit dhe se tani Shala nuk ka arritur ta bind Apelin q\u00eb t\u00eb vler\u00ebsoj\u00eb ndryshe.<\/p>\n<p>Shala po ashtu kishte pretenduar se trupi gjykues gaboi kur e shpalli fajtor p\u00ebr ndalim arbitrar dhe tortur\u00eb n\u00eb lidhje me s\u00eb paku 18 viktima- kur n\u00eb aktakuz\u00eb ai ngarkohej p\u00ebr 9 viktima. Apeli ka konstatuar se trupi gjykus nuk e kishte analizuar n\u00ebse aktakuza kishte mang\u00ebsi n\u00eb k\u00ebt\u00eb aspekt.<\/p>\n<p>\u201cPaneli gjykon se trupi gjykues duhej t\u2019i kishte dh\u00ebn\u00eb arsyet e vendimit p\u00ebr verdiktin e faj\u00ebsis\u00eb kund\u00ebr zotit Shala n\u00eb lidhje me nj\u00eb num\u00ebr m\u00eb t\u00eb madh personash sesa u paraqit fillimisht n\u00eb aktakuz\u00eb. Paneli konstaton se mosdh\u00ebnia e k\u00ebtyre arsyeve prej trupit gjykues p\u00ebrb\u00ebn gabim ligjor\u201d, tha Jorgensen.<\/p>\n<p>Andaj, Paneli konstatoi se aktakuza kishte mang\u00ebsi lidhur me 9 persona e t\u00eb tjer\u00eb q\u00eb u pretendua se u mbajt\u00ebn n\u00eb FMK.<\/p>\n<p>Jorgensen tha se kjo mang\u00ebsi n\u00eb aktakuz\u00eb ishte e korrigjueshme pasi nuk p\u00ebrb\u00ebnte nj\u00eb akuz\u00eb t\u00eb re dhe nuk \u00e7oi n\u00eb transformim rr\u00ebnj\u00ebsor t\u00eb dosjes kund\u00ebr Shal\u00ebs. P\u00ebrve\u00e7 k\u00ebsaj, u konstatua se mang\u00ebsia n\u00eb aktakuz\u00eb u korrigjua p\u00ebrmes informacionit t\u00eb p\u00ebrfshir\u00eb n\u00eb dosjen paraprake t\u00eb ZPS-s\u00eb, ku p\u00ebrmenden k\u00ebta 18 persona.<\/p>\n<p>Si rrjedhoj\u00eb, paneli vler\u00ebsoi se gabime t\u00eb tilla nuk e zhvler\u00ebsojn\u00eb vendimin e trupit gjykues p\u00ebr shpalljen e Shal\u00ebs fajtor mbi k\u00ebt\u00eb baz\u00eb, k\u00ebshtu q\u00eb u rr\u00ebzua edhe kjo pik\u00eb e apelit.<\/p>\n<p>Gjithashtu, Shala kishte pretenduar se u shpall fajtor pa u ditur identiteti i tre an\u00ebtar\u00ebve n\u00eb pretenduar t\u00eb NPK-s\u00eb, dhe pa u ditur identiteti i viktimave.<\/p>\n<p>Gjyqtarja tha s trupi gjykues identifikoi Osman Kryeziun dhe Fatmir Limajn si an\u00ebtar\u00eb t\u00eb NPK-s\u00eb, ndon\u00ebse k\u00ebta nuk ishin p\u00ebrmendur n\u00eb aktakuz\u00eb. Nd\u00ebrsa, p\u00ebr pretendimin e Pjet\u00ebr Shal\u00ebs p\u00ebr Sokol Dobrun\u00ebn, gjyqtarja tha se trupi gjykues nuk e p\u00ebrmendi me em\u00ebr si pjes\u00ebtar t\u00eb k\u00ebsaj nd\u00ebrmarrjeje.<\/p>\n<p>P\u00ebrmendja e Kryeziut dhe Limajt, sipas gjyqtares nuk p\u00ebrb\u00ebn fakt material- por ka t\u00eb b\u00ebj\u00eb m\u00eb shum\u00eb me povat.<\/p>\n<p>N\u00eb lidhje me viktimat, Paneli ka konstatuar se aktakuza nuk ishte shum\u00eb konkrete n\u00eb lidhje me identitetin e 9 viktimave. Konstatoi se trupi gjykues ka gabuar q\u00eb nuk e trajtoi aspektin ndonj\u00ebse aktakuza kishte mang\u00ebsi dhe q\u00eb rrjedhimisht nuk konstatoi se aktakuza ishte e mang\u00ebt n\u00eb k\u00ebt\u00eb aspekt.<\/p>\n<p>\u201cPaneli konstaton se mang\u00ebsia n\u00eb aktakuz\u00eb u korrigjua nga informacionet q\u00eb p\u00ebrmbante dosja paraprake e ZPS-s\u00eb\u201d, tha Jorgensen.<\/p>\n<div class=\"bs-irp left bs-irp-thumbnail-1\"><\/div>\n","protected":false},"excerpt":{"rendered":"<p>Prishtin\u00eb, 14 Korrik 2025 Gjykata e Apelit e Dhomave t\u00eb Specializuara t\u00eb Kosov\u00ebs n\u00eb Hag\u00eb, ka shpallur aktgjykim d\u00ebnues ndaj Pjet\u00ebr Shal\u00ebs, duke e d\u00ebnuar<\/p>\n","protected":false},"author":1,"featured_media":3774,"comment_status":"open","ping_status":"open","sticky":false,"template":"","format":"standard","meta":{"footnotes":""},"categories":[60],"tags":[],"class_list":["post-3773","post","type-post","status-publish","format-standard","has-post-thumbnail","hentry","category-shoqerore-sq"],"yoast_head":"<!-- This site is optimized with the Yoast SEO plugin v25.3.1 - https:\/\/yoast.com\/wordpress\/plugins\/seo\/ -->\n<title>Apeli ia ul d\u00ebnimin Pjet\u00ebr Shal\u00ebs nga 18 n\u00eb 13 vjet burgim -<\/title>\n<meta name=\"robots\" content=\"index, follow, max-snippet:-1, max-image-preview:large, max-video-preview:-1\" \/>\n<link rel=\"canonical\" href=\"https:\/\/veritasinfo.org\/?p=3773\" \/>\n<meta property=\"og:locale\" content=\"en_US\" \/>\n<meta property=\"og:type\" content=\"article\" \/>\n<meta property=\"og:title\" content=\"Apeli ia ul d\u00ebnimin Pjet\u00ebr Shal\u00ebs nga 18 n\u00eb 13 vjet burgim -\" \/>\n<meta property=\"og:description\" content=\"Prishtin\u00eb, 14 Korrik 2025 Gjykata e Apelit e Dhomave t\u00eb Specializuara t\u00eb Kosov\u00ebs n\u00eb Hag\u00eb, ka shpallur aktgjykim d\u00ebnues ndaj Pjet\u00ebr Shal\u00ebs, duke e d\u00ebnuar\" \/>\n<meta property=\"og:url\" content=\"https:\/\/veritasinfo.org\/?p=3773\" \/>\n<meta property=\"article:published_time\" content=\"2025-07-14T12:10:49+00:00\" \/>\n<meta property=\"og:image\" content=\"https:\/\/veritasinfo.org\/wp-content\/uploads\/2025\/07\/IMG_2056.jpeg\" \/>\n\t<meta property=\"og:image:width\" content=\"1935\" \/>\n\t<meta property=\"og:image:height\" content=\"1001\" \/>\n\t<meta property=\"og:image:type\" content=\"image\/jpeg\" \/>\n<meta name=\"author\" content=\"admin\" \/>\n<meta name=\"twitter:card\" content=\"summary_large_image\" \/>\n<meta name=\"twitter:label1\" content=\"Written by\" \/>\n\t<meta name=\"twitter:data1\" content=\"admin\" \/>\n\t<meta name=\"twitter:label2\" content=\"Est. reading time\" \/>\n\t<meta name=\"twitter:data2\" content=\"8 minutes\" \/>\n<script type=\"application\/ld+json\" class=\"yoast-schema-graph\">{\"@context\":\"https:\/\/schema.org\",\"@graph\":[{\"@type\":\"WebPage\",\"@id\":\"https:\/\/veritasinfo.org\/?p=3773\",\"url\":\"https:\/\/veritasinfo.org\/?p=3773\",\"name\":\"Apeli ia ul d\u00ebnimin Pjet\u00ebr Shal\u00ebs nga 18 n\u00eb 13 vjet burgim -\",\"isPartOf\":{\"@id\":\"https:\/\/veritasinfo.org\/#website\"},\"primaryImageOfPage\":{\"@id\":\"https:\/\/veritasinfo.org\/?p=3773#primaryimage\"},\"image\":{\"@id\":\"https:\/\/veritasinfo.org\/?p=3773#primaryimage\"},\"thumbnailUrl\":\"https:\/\/veritasinfo.org\/wp-content\/uploads\/2025\/07\/IMG_2056.jpeg\",\"datePublished\":\"2025-07-14T12:10:49+00:00\",\"author\":{\"@id\":\"https:\/\/veritasinfo.org\/#\/schema\/person\/7701f8c088bece422266b100a712374f\"},\"breadcrumb\":{\"@id\":\"https:\/\/veritasinfo.org\/?p=3773#breadcrumb\"},\"inLanguage\":\"en-US\",\"potentialAction\":[{\"@type\":\"ReadAction\",\"target\":[\"https:\/\/veritasinfo.org\/?p=3773\"]}]},{\"@type\":\"ImageObject\",\"inLanguage\":\"en-US\",\"@id\":\"https:\/\/veritasinfo.org\/?p=3773#primaryimage\",\"url\":\"https:\/\/veritasinfo.org\/wp-content\/uploads\/2025\/07\/IMG_2056.jpeg\",\"contentUrl\":\"https:\/\/veritasinfo.org\/wp-content\/uploads\/2025\/07\/IMG_2056.jpeg\",\"width\":1935,\"height\":1001},{\"@type\":\"BreadcrumbList\",\"@id\":\"https:\/\/veritasinfo.org\/?p=3773#breadcrumb\",\"itemListElement\":[{\"@type\":\"ListItem\",\"position\":1,\"name\":\"Home\",\"item\":\"https:\/\/veritasinfo.org\/\"},{\"@type\":\"ListItem\",\"position\":2,\"name\":\"Apeli ia ul d\u00ebnimin Pjet\u00ebr Shal\u00ebs nga 18 n\u00eb 13 vjet burgim\"}]},{\"@type\":\"WebSite\",\"@id\":\"https:\/\/veritasinfo.org\/#website\",\"url\":\"https:\/\/veritasinfo.org\/\",\"name\":\"\",\"description\":\"\",\"potentialAction\":[{\"@type\":\"SearchAction\",\"target\":{\"@type\":\"EntryPoint\",\"urlTemplate\":\"https:\/\/veritasinfo.org\/?s={search_term_string}\"},\"query-input\":{\"@type\":\"PropertyValueSpecification\",\"valueRequired\":true,\"valueName\":\"search_term_string\"}}],\"inLanguage\":\"en-US\"},{\"@type\":\"Person\",\"@id\":\"https:\/\/veritasinfo.org\/#\/schema\/person\/7701f8c088bece422266b100a712374f\",\"name\":\"admin\",\"image\":{\"@type\":\"ImageObject\",\"inLanguage\":\"en-US\",\"@id\":\"https:\/\/veritasinfo.org\/#\/schema\/person\/image\/\",\"url\":\"https:\/\/secure.gravatar.com\/avatar\/ea53aa3bf6c9a12d5fde8ce4deff43fef3885ae33cf60184161a50d6987cfd2f?s=96&d=mm&r=g\",\"contentUrl\":\"https:\/\/secure.gravatar.com\/avatar\/ea53aa3bf6c9a12d5fde8ce4deff43fef3885ae33cf60184161a50d6987cfd2f?s=96&d=mm&r=g\",\"caption\":\"admin\"},\"sameAs\":[\"https:\/\/veritasinfo.org\"],\"url\":\"https:\/\/veritasinfo.org\/?author=1\"}]}<\/script>\n<!-- \/ Yoast SEO plugin. -->","yoast_head_json":{"title":"Apeli ia ul d\u00ebnimin Pjet\u00ebr Shal\u00ebs nga 18 n\u00eb 13 vjet burgim -","robots":{"index":"index","follow":"follow","max-snippet":"max-snippet:-1","max-image-preview":"max-image-preview:large","max-video-preview":"max-video-preview:-1"},"canonical":"https:\/\/veritasinfo.org\/?p=3773","og_locale":"en_US","og_type":"article","og_title":"Apeli ia ul d\u00ebnimin Pjet\u00ebr Shal\u00ebs nga 18 n\u00eb 13 vjet burgim -","og_description":"Prishtin\u00eb, 14 Korrik 2025 Gjykata e Apelit e Dhomave t\u00eb Specializuara t\u00eb Kosov\u00ebs n\u00eb Hag\u00eb, ka shpallur aktgjykim d\u00ebnues ndaj Pjet\u00ebr Shal\u00ebs, duke e d\u00ebnuar","og_url":"https:\/\/veritasinfo.org\/?p=3773","article_published_time":"2025-07-14T12:10:49+00:00","og_image":[{"width":1935,"height":1001,"url":"https:\/\/veritasinfo.org\/wp-content\/uploads\/2025\/07\/IMG_2056.jpeg","type":"image\/jpeg"}],"author":"admin","twitter_card":"summary_large_image","twitter_misc":{"Written by":"admin","Est. reading time":"8 minutes"},"schema":{"@context":"https:\/\/schema.org","@graph":[{"@type":"WebPage","@id":"https:\/\/veritasinfo.org\/?p=3773","url":"https:\/\/veritasinfo.org\/?p=3773","name":"Apeli ia ul d\u00ebnimin Pjet\u00ebr Shal\u00ebs nga 18 n\u00eb 13 vjet burgim -","isPartOf":{"@id":"https:\/\/veritasinfo.org\/#website"},"primaryImageOfPage":{"@id":"https:\/\/veritasinfo.org\/?p=3773#primaryimage"},"image":{"@id":"https:\/\/veritasinfo.org\/?p=3773#primaryimage"},"thumbnailUrl":"https:\/\/veritasinfo.org\/wp-content\/uploads\/2025\/07\/IMG_2056.jpeg","datePublished":"2025-07-14T12:10:49+00:00","author":{"@id":"https:\/\/veritasinfo.org\/#\/schema\/person\/7701f8c088bece422266b100a712374f"},"breadcrumb":{"@id":"https:\/\/veritasinfo.org\/?p=3773#breadcrumb"},"inLanguage":"en-US","potentialAction":[{"@type":"ReadAction","target":["https:\/\/veritasinfo.org\/?p=3773"]}]},{"@type":"ImageObject","inLanguage":"en-US","@id":"https:\/\/veritasinfo.org\/?p=3773#primaryimage","url":"https:\/\/veritasinfo.org\/wp-content\/uploads\/2025\/07\/IMG_2056.jpeg","contentUrl":"https:\/\/veritasinfo.org\/wp-content\/uploads\/2025\/07\/IMG_2056.jpeg","width":1935,"height":1001},{"@type":"BreadcrumbList","@id":"https:\/\/veritasinfo.org\/?p=3773#breadcrumb","itemListElement":[{"@type":"ListItem","position":1,"name":"Home","item":"https:\/\/veritasinfo.org\/"},{"@type":"ListItem","position":2,"name":"Apeli ia ul d\u00ebnimin Pjet\u00ebr Shal\u00ebs nga 18 n\u00eb 13 vjet burgim"}]},{"@type":"WebSite","@id":"https:\/\/veritasinfo.org\/#website","url":"https:\/\/veritasinfo.org\/","name":"","description":"","potentialAction":[{"@type":"SearchAction","target":{"@type":"EntryPoint","urlTemplate":"https:\/\/veritasinfo.org\/?s={search_term_string}"},"query-input":{"@type":"PropertyValueSpecification","valueRequired":true,"valueName":"search_term_string"}}],"inLanguage":"en-US"},{"@type":"Person","@id":"https:\/\/veritasinfo.org\/#\/schema\/person\/7701f8c088bece422266b100a712374f","name":"admin","image":{"@type":"ImageObject","inLanguage":"en-US","@id":"https:\/\/veritasinfo.org\/#\/schema\/person\/image\/","url":"https:\/\/secure.gravatar.com\/avatar\/ea53aa3bf6c9a12d5fde8ce4deff43fef3885ae33cf60184161a50d6987cfd2f?s=96&d=mm&r=g","contentUrl":"https:\/\/secure.gravatar.com\/avatar\/ea53aa3bf6c9a12d5fde8ce4deff43fef3885ae33cf60184161a50d6987cfd2f?s=96&d=mm&r=g","caption":"admin"},"sameAs":["https:\/\/veritasinfo.org"],"url":"https:\/\/veritasinfo.org\/?author=1"}]}},"featured_image_urls":{"full":["https:\/\/veritasinfo.org\/wp-content\/uploads\/2025\/07\/IMG_2056.jpeg",1935,1001,false],"thumbnail":["https:\/\/veritasinfo.org\/wp-content\/uploads\/2025\/07\/IMG_2056-150x150.jpeg",150,150,true],"medium":["https:\/\/veritasinfo.org\/wp-content\/uploads\/2025\/07\/IMG_2056-300x155.jpeg",300,155,true],"medium_large":["https:\/\/veritasinfo.org\/wp-content\/uploads\/2025\/07\/IMG_2056-768x397.jpeg",640,331,true],"large":["https:\/\/veritasinfo.org\/wp-content\/uploads\/2025\/07\/IMG_2056-1024x530.jpeg",640,331,true],"1536x1536":["https:\/\/veritasinfo.org\/wp-content\/uploads\/2025\/07\/IMG_2056-1536x795.jpeg",1536,795,true],"2048x2048":["https:\/\/veritasinfo.org\/wp-content\/uploads\/2025\/07\/IMG_2056.jpeg",1935,1001,false],"kreeti-slider-full":["https:\/\/veritasinfo.org\/wp-content\/uploads\/2025\/07\/IMG_2056.jpeg",1280,662,false],"kreeti-featured":["https:\/\/veritasinfo.org\/wp-content\/uploads\/2025\/07\/IMG_2056.jpeg",1024,530,false],"kreeti-medium":["https:\/\/veritasinfo.org\/wp-content\/uploads\/2025\/07\/IMG_2056.jpeg",720,372,false],"kreeti-medium-square":["https:\/\/veritasinfo.org\/wp-content\/uploads\/2025\/07\/IMG_2056.jpeg",350,181,false]},"author_info":{"info":["admin"]},"category_info":"<a href=\"https:\/\/veritasinfo.org\/?cat=60\" rel=\"category\">Shoq\u00ebrore<\/a>","tag_info":"Shoq\u00ebrore","comment_count":"0","_links":{"self":[{"href":"https:\/\/veritasinfo.org\/index.php?rest_route=\/wp\/v2\/posts\/3773","targetHints":{"allow":["GET"]}}],"collection":[{"href":"https:\/\/veritasinfo.org\/index.php?rest_route=\/wp\/v2\/posts"}],"about":[{"href":"https:\/\/veritasinfo.org\/index.php?rest_route=\/wp\/v2\/types\/post"}],"author":[{"embeddable":true,"href":"https:\/\/veritasinfo.org\/index.php?rest_route=\/wp\/v2\/users\/1"}],"replies":[{"embeddable":true,"href":"https:\/\/veritasinfo.org\/index.php?rest_route=%2Fwp%2Fv2%2Fcomments&post=3773"}],"version-history":[{"count":1,"href":"https:\/\/veritasinfo.org\/index.php?rest_route=\/wp\/v2\/posts\/3773\/revisions"}],"predecessor-version":[{"id":3775,"href":"https:\/\/veritasinfo.org\/index.php?rest_route=\/wp\/v2\/posts\/3773\/revisions\/3775"}],"wp:featuredmedia":[{"embeddable":true,"href":"https:\/\/veritasinfo.org\/index.php?rest_route=\/wp\/v2\/media\/3774"}],"wp:attachment":[{"href":"https:\/\/veritasinfo.org\/index.php?rest_route=%2Fwp%2Fv2%2Fmedia&parent=3773"}],"wp:term":[{"taxonomy":"category","embeddable":true,"href":"https:\/\/veritasinfo.org\/index.php?rest_route=%2Fwp%2Fv2%2Fcategories&post=3773"},{"taxonomy":"post_tag","embeddable":true,"href":"https:\/\/veritasinfo.org\/index.php?rest_route=%2Fwp%2Fv2%2Ftags&post=3773"}],"curies":[{"name":"wp","href":"https:\/\/api.w.org\/{rel}","templated":true}]}}